{"id":50190,"date":"2020-06-03T20:03:29","date_gmt":"2020-06-04T01:03:29","guid":{"rendered":"http:\/\/www.grieta.org.mx\/?p=50190"},"modified":"2020-06-03T20:03:29","modified_gmt":"2020-06-04T01:03:29","slug":"maquiladoras-de-yucatan-despiden-a-unos-mil-empleados","status":"publish","type":"post","link":"http:\/\/www.grieta.org.mx\/index.php\/2020\/06\/03\/maquiladoras-de-yucatan-despiden-a-unos-mil-empleados\/","title":{"rendered":"Maquiladoras de Yucat\u00e1n despiden a unos mil empleados"},"content":{"rendered":"<p><img loading=\"lazy\" decoding=\"async\" data-attachment-id=\"50191\" data-permalink=\"http:\/\/www.grieta.org.mx\/index.php\/2020\/06\/03\/maquiladoras-de-yucatan-despiden-a-unos-mil-empleados\/despidosmaquiladoras\/\" data-orig-file=\"http:\/\/www.grieta.org.mx\/wp-content\/uploads\/2020\/06\/DespidosMaquiladoras-e1591232233120.png\" data-orig-size=\"800,471\" data-comments-opened=\"0\" data-image-meta=\"{&quot;aperture&quot;:&quot;0&quot;,&quot;credit&quot;:&quot;&quot;,&quot;camera&quot;:&quot;&quot;,&quot;caption&quot;:&quot;&quot;,&quot;created_timestamp&quot;:&quot;0&quot;,&quot;copyright&quot;:&quot;&quot;,&quot;focal_length&quot;:&quot;0&quot;,&quot;iso&quot;:&quot;0&quot;,&quot;shutter_speed&quot;:&quot;0&quot;,&quot;title&quot;:&quot;&quot;,&quot;orientation&quot;:&quot;0&quot;}\" data-image-title=\"DespidosMaquiladoras\" data-image-description=\"\" data-image-caption=\"\" data-medium-file=\"http:\/\/www.grieta.org.mx\/wp-content\/uploads\/2020\/06\/DespidosMaquiladoras-300x177.png\" data-large-file=\"http:\/\/www.grieta.org.mx\/wp-content\/uploads\/2020\/06\/DespidosMaquiladoras-e1591232233120.png\" src=\"http:\/\/www.grieta.org.mx\/wp-content\/uploads\/2020\/06\/DespidosMaquiladoras-e1591232233120.png\" alt=\"\" width=\"800\" height=\"471\" class=\"aligncenter size-full wp-image-50191\" \/><\/p>\n<p>La Verdad<\/p>\n<blockquote><p>Dos maquiladoras de Tizim\u00edn, Yucat\u00e1n, despidieron a unos mil empleados apenas un d\u00eda despu\u00e9s de retornar a la actividad.<\/p><\/blockquote>\n<p>Una p\u00e9sima noticia esperaba a unos mil empleados de las maquiladoras de Tizim\u00edn que decidieron tomar esta decisi\u00f3n apenas un d\u00eda despu\u00e9s de haber retornada a la actividad en la denominada \u201cnueva normalidad\u201d.<\/p>\n<p>Esgrimiendo la crisis econ\u00f3mica generada por el Covid-19, las maquiladoras \u201cCielo Manufacturing\u201d y \u201cVertical Knits\u201d decidieron recortar su n\u00f3mina despidiendo a unos  mil empleados que con sorpresa recibieron la terrible notificaci\u00f3n a estos obreros de Yucat\u00e1n.<\/p>\n<p>Varias de las empleadas manifestaron estar en shock porque apenas un d\u00eda despu\u00e9s de que reanudaron sus actividades laborales, s\u00fabitamente las empresas decidieron comenzar con los despidos.<\/p>\n<p>Trascendi\u00f3 que desde las 10 de la ma\u00f1ana se convoc\u00f3 por grupos a los trabajadores para entregarles su finiquito, ya que sus patrones afirmaron que les ser\u00e1 imposible mantener sus sueldos en los siguientes meses.<\/p>\n<p>Inconformidades de los despedidos<br \/>\nDurante el proceso surgieron muestras de inconformidad, porque por ejemplo, en la maquiladora \u201cCielo\u201d no se les incluy\u00f3 el pago de las utilidades, algo que aseguran est\u00e1 penado de ley.<\/p>\n<p>Se supo que entre ambas empresas empleaban a cerca de un millar de tizimile\u00f1os, que con el recorte de personal se incorporan a la indeseable banca del desempleo en Yucat\u00e1n.<\/p>\n<p>Algunos recibieron la promesa de que podr\u00e1n regresar a trabajar, cuando todo vuelva a la normalidad, pero depender\u00e1 del comportamiento que hayan tenido durante el tiempo que laboraron en la f\u00e1brica de Tizim\u00edn.<\/p>\n<p><img loading=\"lazy\" decoding=\"async\" data-attachment-id=\"50192\" data-permalink=\"http:\/\/www.grieta.org.mx\/index.php\/2020\/06\/03\/maquiladoras-de-yucatan-despiden-a-unos-mil-empleados\/despidosmaquiladoras2\/\" data-orig-file=\"http:\/\/www.grieta.org.mx\/wp-content\/uploads\/2020\/06\/DespidosMaquiladoras2.png\" data-orig-size=\"582,347\" data-comments-opened=\"0\" data-image-meta=\"{&quot;aperture&quot;:&quot;0&quot;,&quot;credit&quot;:&quot;&quot;,&quot;camera&quot;:&quot;&quot;,&quot;caption&quot;:&quot;&quot;,&quot;created_timestamp&quot;:&quot;0&quot;,&quot;copyright&quot;:&quot;&quot;,&quot;focal_length&quot;:&quot;0&quot;,&quot;iso&quot;:&quot;0&quot;,&quot;shutter_speed&quot;:&quot;0&quot;,&quot;title&quot;:&quot;&quot;,&quot;orientation&quot;:&quot;0&quot;}\" data-image-title=\"DespidosMaquiladoras2\" data-image-description=\"\" data-image-caption=\"\" data-medium-file=\"http:\/\/www.grieta.org.mx\/wp-content\/uploads\/2020\/06\/DespidosMaquiladoras2-300x179.png\" data-large-file=\"http:\/\/www.grieta.org.mx\/wp-content\/uploads\/2020\/06\/DespidosMaquiladoras2.png\" src=\"http:\/\/www.grieta.org.mx\/wp-content\/uploads\/2020\/06\/DespidosMaquiladoras2.png\" alt=\"\" width=\"582\" height=\"347\" class=\"aligncenter size-full wp-image-50192\" srcset=\"http:\/\/www.grieta.org.mx\/wp-content\/uploads\/2020\/06\/DespidosMaquiladoras2.png 582w, http:\/\/www.grieta.org.mx\/wp-content\/uploads\/2020\/06\/DespidosMaquiladoras2-300x179.png 300w\" sizes=\"auto, (max-width: 582px) 100vw, 582px\" \/><\/p>\n<p>Apenas el 15 de mayo la maquiladora \u201cCielo Manufacturing\u201d hab\u00eda enviado un mensaje a todos los integrantes de la empresa informando que de acuerdo a las medidas publicadas por las autoridades el retorno a labores que ser\u00eda de manera escalonada y por sectores. <\/p>\n<p>En esa ocasi\u00f3n se\u00f1alaron que en el caso de la maquiladora era muy probable que retornaran a sus labores a principios del mes de Junio pidiendo estar atentos a la fecha exacta que quedaron en informar.<\/p>\n<p><a href=\"https:\/\/laverdadnoticias.com\/yucatan\/Maquiladoras-de-Yucatan-despiden-a-unos-mil-empleados-20200603-0135.html\" rel=\"noopener noreferrer\" target=\"_blank\">https:\/\/laverdadnoticias.com\/yucatan\/Maquiladoras-de-Yucatan-despiden-a-unos-mil-empleados-20200603-0135.html<\/a><\/p>\n","protected":false},"excerpt":{"rendered":"<p>La Verdad Dos maquiladoras de Tizim\u00edn, Yucat\u00e1n, despidieron a unos mil empleados apenas un d\u00eda despu\u00e9s de retornar a la actividad. Una p\u00e9sima noticia esperaba a unos mil empleados de &hellip; <a href=\"http:\/\/www.grieta.org.mx\/index.php\/2020\/06\/03\/maquiladoras-de-yucatan-despiden-a-unos-mil-empleados\/\" class=\"more-link\">Leer m\u00e1s<\/a><\/p>\n","protected":false},"author":2,"featured_media":50191,"comment_status":"closed","ping_status":"closed","sticky":false,"template":"","format":"standard","meta":{"ngg_post_thumbnail":0,"_jetpack_newsletter_access":"","_jetpack_dont_email_post_to_subs":false,"_jetpack_newsletter_tier_id":0,"_jetpack_memberships_contains_paywalled_content":false,"_jetpack_memberships_contains_paid_content":false,"footnotes":""},"categories":[80,910,2,3211,83,36],"tags":[3241,2105,2003],"class_list":["post-50190","post","type-post","status-publish","format-standard","has-post-thumbnail","hentry","category-cintillo","category-explotacion-y-precariedad-laboral","category-noticias-nacionales","category-precariedad-laboral-en-yucatan","category-temas-nacionales","category-yucatan","tag-covid-19","tag-despidos-masivos","tag-maquiladoras","entry"],"jetpack_featured_media_url":"http:\/\/www.grieta.org.mx\/wp-content\/uploads\/2020\/06\/DespidosMaquiladoras-e1591232233120.png","jetpack_sharing_enabled":true,"jetpack_shortlink":"https:\/\/wp.me\/p7ZJR4-d3w","jetpack_likes_enabled":false,"jetpack-related-posts":[{"id":48792,"url":"http:\/\/www.grieta.org.mx\/index.php\/2020\/05\/03\/maquiladoras-fabrican-cubrebocas-con-empleados-en-grupo-de-riesgo-yucatan\/","url_meta":{"origin":50190,"position":0},"title":"Maquiladoras fabrican cubrebocas con empleados en grupo de riesgo (Yucat\u00e1n)","author":"grieta","date":"3 mayo, 2020","format":false,"excerpt":"Pobladores del sur de Yucat\u00e1n denuncian que Coprotex mantiene trabajando en sus plantas a personas con enfermedades cr\u00f3nico-degenerativas y adultos mayores, a pesar de que son los m\u00e1s vulnerables en la contingencia sanitaria. Herbeth Escalante \/ Haz Ruido M\u00e9rida, Yucat\u00e1n, 3 de mayo de 2020.- Pobladores del sur de Yucat\u00e1n\u2026","rel":"","context":"En &quot;CINTILLO&quot;","block_context":{"text":"CINTILLO","link":"http:\/\/www.grieta.org.mx\/index.php\/category\/cintillo\/"},"img":{"alt_text":"","src":"https:\/\/i0.wp.com\/www.grieta.org.mx\/wp-content\/uploads\/2020\/05\/galery8-560x416.jpg?resize=350%2C200","width":350,"height":200,"srcset":"https:\/\/i0.wp.com\/www.grieta.org.mx\/wp-content\/uploads\/2020\/05\/galery8-560x416.jpg?resize=350%2C200 1x, https:\/\/i0.wp.com\/www.grieta.org.mx\/wp-content\/uploads\/2020\/05\/galery8-560x416.jpg?resize=525%2C300 1.5x"},"classes":[]},{"id":49598,"url":"http:\/\/www.grieta.org.mx\/index.php\/2020\/05\/07\/denuncian-a-maquiladora-por-exponer-a-empleados-al-c-19-tamaulipas\/","url_meta":{"origin":50190,"position":1},"title":"DENUNCIAN A MAQUILADORA POR EXPONER A EMPLEADOS AL C-19 (Tamaulipas)","author":"grieta","date":"7 mayo, 2020","format":false,"excerpt":"Salvador Valadez\/Expreso.press 7 mayo 2020 Oblig\u00f3 a sus m\u00e1s de 500 empleados a regresar el lunes de esta semana CIUDAD VICTORIA, TAMAULIPAS.- Hasta este jueves, tres maquiladoras de Ciudad Victoria ya hab\u00edan reanudado sus operaciones en esta capital, bajo el argumento de que son empresas esenciales. Se trata de Kemet\u2026","rel":"","context":"En &quot;CINTILLO&quot;","block_context":{"text":"CINTILLO","link":"http:\/\/www.grieta.org.mx\/index.php\/category\/cintillo\/"},"img":{"alt_text":"","src":"https:\/\/i0.wp.com\/www.grieta.org.mx\/wp-content\/uploads\/2020\/05\/maquiladora.jpg?resize=350%2C200","width":350,"height":200,"srcset":"https:\/\/i0.wp.com\/www.grieta.org.mx\/wp-content\/uploads\/2020\/05\/maquiladora.jpg?resize=350%2C200 1x, https:\/\/i0.wp.com\/www.grieta.org.mx\/wp-content\/uploads\/2020\/05\/maquiladora.jpg?resize=525%2C300 1.5x, https:\/\/i0.wp.com\/www.grieta.org.mx\/wp-content\/uploads\/2020\/05\/maquiladora.jpg?resize=700%2C400 2x"},"classes":[]},{"id":29209,"url":"http:\/\/www.grieta.org.mx\/index.php\/2019\/02\/18\/al-menos-700-trabajadores-de-coca-cola-en-matamoros-tamaulipas-tambien-se-van-a-huelga\/","url_meta":{"origin":50190,"position":2},"title":"Al menos 700 trabajadores de Coca Cola en Matamoros, Tamaulipas, tambi\u00e9n se van a huelga","author":"grieta","date":"18 febrero, 2019","format":false,"excerpt":"Redacci\u00f3n \/ Sin Embargo El pasado 14 de febrero, el Gobernador de Tamaulipas asegur\u00f3 que la estabilidad laboral en esa entidad, y en especial en la ciudad de Matamoros, \u201cse puede poner en riesgo\u201d por la huelga de maquiladoras registradas durante las \u00faltimas semanas. Ahora a este movimiento de protestas\u2026","rel":"","context":"En &quot;CINTILLO&quot;","block_context":{"text":"CINTILLO","link":"http:\/\/www.grieta.org.mx\/index.php\/category\/cintillo\/"},"img":{"alt_text":"","src":"https:\/\/i0.wp.com\/www.grieta.org.mx\/wp-content\/uploads\/2019\/02\/l-menos-700-trabajadores-de-Coca-Cola-en-Matamoros-Tamaulipas-tambi%C3%A9n-se-van-a-huelga-tama-feb.jpg?resize=350%2C200","width":350,"height":200,"srcset":"https:\/\/i0.wp.com\/www.grieta.org.mx\/wp-content\/uploads\/2019\/02\/l-menos-700-trabajadores-de-Coca-Cola-en-Matamoros-Tamaulipas-tambi%C3%A9n-se-van-a-huelga-tama-feb.jpg?resize=350%2C200 1x, https:\/\/i0.wp.com\/www.grieta.org.mx\/wp-content\/uploads\/2019\/02\/l-menos-700-trabajadores-de-Coca-Cola-en-Matamoros-Tamaulipas-tambi%C3%A9n-se-van-a-huelga-tama-feb.jpg?resize=525%2C300 1.5x, https:\/\/i0.wp.com\/www.grieta.org.mx\/wp-content\/uploads\/2019\/02\/l-menos-700-trabajadores-de-Coca-Cola-en-Matamoros-Tamaulipas-tambi%C3%A9n-se-van-a-huelga-tama-feb.jpg?resize=700%2C400 2x, https:\/\/i0.wp.com\/www.grieta.org.mx\/wp-content\/uploads\/2019\/02\/l-menos-700-trabajadores-de-Coca-Cola-en-Matamoros-Tamaulipas-tambi%C3%A9n-se-van-a-huelga-tama-feb.jpg?resize=1050%2C600 3x"},"classes":[]},{"id":51361,"url":"http:\/\/www.grieta.org.mx\/index.php\/2020\/06\/21\/maquiladoras-registran-258-obreros-con-covid-tamaulipas\/","url_meta":{"origin":50190,"position":3},"title":"Maquiladoras registran 258 obreros con Covid (Tamaulipas)","author":"grieta","date":"21 junio, 2020","format":false,"excerpt":"Lupita \u00c1lvarez\/En L\u00ednea Directa 21 junio 2020 -El 7% de los enfermos han fallecido. Foto: Tomada de En L\u00ednea Directa Cd. Victoria, Tamaulipas._ Al menos 258 personas que laboran en diferentes industrias maquiladoras de la entidad han sido detectados con coronavirus. De acuerdo a la Secretar\u00eda de Salud no s\u00f3lo\u2026","rel":"","context":"En &quot;CINTILLO&quot;","block_context":{"text":"CINTILLO","link":"http:\/\/www.grieta.org.mx\/index.php\/category\/cintillo\/"},"img":{"alt_text":"","src":"https:\/\/i0.wp.com\/www.grieta.org.mx\/wp-content\/uploads\/2020\/06\/Covid_maquiladora21062020.jpg?resize=350%2C200","width":350,"height":200,"srcset":"https:\/\/i0.wp.com\/www.grieta.org.mx\/wp-content\/uploads\/2020\/06\/Covid_maquiladora21062020.jpg?resize=350%2C200 1x, https:\/\/i0.wp.com\/www.grieta.org.mx\/wp-content\/uploads\/2020\/06\/Covid_maquiladora21062020.jpg?resize=525%2C300 1.5x, https:\/\/i0.wp.com\/www.grieta.org.mx\/wp-content\/uploads\/2020\/06\/Covid_maquiladora21062020.jpg?resize=700%2C400 2x"},"classes":[]},{"id":52279,"url":"http:\/\/www.grieta.org.mx\/index.php\/2020\/07\/22\/denuncian-a-maquiladoras-por-incumplir-medidas-sanitarias\/","url_meta":{"origin":50190,"position":4},"title":"Denuncian a maquiladoras por incumplir medidas sanitarias (Tamaulipas)","author":"grieta","date":"22 julio, 2020","format":false,"excerpt":"Carolina Garza\/Milenio 22 julio 2020 En Reynosa m\u00e1s de 400 empresas enfrentan procesos legales. Maquiladoras de Reynosa en tiempos de covid-19 | Cortes\u00eda Los despachos jur\u00eddicos de Reynosa se saturan de demandas por trabajadores del sector industrial en donde se\u00f1alan, incumplen con las medidas de sanidad. El abogado Javier Gerardo\u2026","rel":"","context":"En &quot;CINTILLO&quot;","block_context":{"text":"CINTILLO","link":"http:\/\/www.grieta.org.mx\/index.php\/category\/cintillo\/"},"img":{"alt_text":"","src":"https:\/\/i0.wp.com\/www.grieta.org.mx\/wp-content\/uploads\/2020\/08\/maquiladoras-de-reynosa-en-tiempos.jpg?resize=350%2C200","width":350,"height":200,"srcset":"https:\/\/i0.wp.com\/www.grieta.org.mx\/wp-content\/uploads\/2020\/08\/maquiladoras-de-reynosa-en-tiempos.jpg?resize=350%2C200 1x, https:\/\/i0.wp.com\/www.grieta.org.mx\/wp-content\/uploads\/2020\/08\/maquiladoras-de-reynosa-en-tiempos.jpg?resize=525%2C300 1.5x, https:\/\/i0.wp.com\/www.grieta.org.mx\/wp-content\/uploads\/2020\/08\/maquiladoras-de-reynosa-en-tiempos.jpg?resize=700%2C400 2x"},"classes":[]},{"id":49705,"url":"http:\/\/www.grieta.org.mx\/index.php\/2020\/05\/19\/trabajadores-de-maquiladoras-en-la-frontera-norte-protestan-ante-reinicio-de-actividades-baja-california-chihuahua-tamaulipas\/","url_meta":{"origin":50190,"position":5},"title":"TRABAJADORES DE MAQUILADORAS EN LA FRONTERA NORTE PROTESTAN ANTE REINICIO DE ACTIVIDADES (Baja California, Chihuahua, Tamaulipas)","author":"grieta","date":"19 mayo, 2020","format":false,"excerpt":"Lucy Sanabria\/Sopitas.com 19 mayo 2020 Foto: Cuatoscuro El gobierno se alista para la \u201cnueva normalidad\u201d, el regreso a las actividades econ\u00f3micas. Sin embargo, \u00bfc\u00f3mo se har\u00e1 la reapertura si en algunas zonas hay un mont\u00f3n de problemas en cuanto a los protocolos de la Emergencia Sanitaria y se han registrado\u2026","rel":"","context":"En &quot;Baja California&quot;","block_context":{"text":"Baja California","link":"http:\/\/www.grieta.org.mx\/index.php\/category\/noticias-nacionales\/baja-california\/"},"img":{"alt_text":"","src":"https:\/\/i0.wp.com\/www.grieta.org.mx\/wp-content\/uploads\/2020\/05\/protestas-maquiladoras-tijuana-baja-california-coronavirus-1110x581.jpeg?resize=350%2C200","width":350,"height":200,"srcset":"https:\/\/i0.wp.com\/www.grieta.org.mx\/wp-content\/uploads\/2020\/05\/protestas-maquiladoras-tijuana-baja-california-coronavirus-1110x581.jpeg?resize=350%2C200 1x, https:\/\/i0.wp.com\/www.grieta.org.mx\/wp-content\/uploads\/2020\/05\/protestas-maquiladoras-tijuana-baja-california-coronavirus-1110x581.jpeg?resize=525%2C300 1.5x, https:\/\/i0.wp.com\/www.grieta.org.mx\/wp-content\/uploads\/2020\/05\/protestas-maquiladoras-tijuana-baja-california-coronavirus-1110x581.jpeg?resize=700%2C400 2x, https:\/\/i0.wp.com\/www.grieta.org.mx\/wp-content\/uploads\/2020\/05\/protestas-maquiladoras-tijuana-baja-california-coronavirus-1110x581.jpeg?resize=1050%2C600 3x"},"classes":[]}],"_links":{"self":[{"href":"http:\/\/www.grieta.org.mx\/index.php\/wp-json\/wp\/v2\/posts\/50190","targetHints":{"allow":["GET"]}}],"collection":[{"href":"http:\/\/www.grieta.org.mx\/index.php\/wp-json\/wp\/v2\/posts"}],"about":[{"href":"http:\/\/www.grieta.org.mx\/index.php\/wp-json\/wp\/v2\/types\/post"}],"author":[{"embeddable":true,"href":"http:\/\/www.grieta.org.mx\/index.php\/wp-json\/wp\/v2\/users\/2"}],"replies":[{"embeddable":true,"href":"http:\/\/www.grieta.org.mx\/index.php\/wp-json\/wp\/v2\/comments?post=50190"}],"version-history":[{"count":1,"href":"http:\/\/www.grieta.org.mx\/index.php\/wp-json\/wp\/v2\/posts\/50190\/revisions"}],"predecessor-version":[{"id":50193,"href":"http:\/\/www.grieta.org.mx\/index.php\/wp-json\/wp\/v2\/posts\/50190\/revisions\/50193"}],"wp:featuredmedia":[{"embeddable":true,"href":"http:\/\/www.grieta.org.mx\/index.php\/wp-json\/wp\/v2\/media\/50191"}],"wp:attachment":[{"href":"http:\/\/www.grieta.org.mx\/index.php\/wp-json\/wp\/v2\/media?parent=50190"}],"wp:term":[{"taxonomy":"category","embeddable":true,"href":"http:\/\/www.grieta.org.mx\/index.php\/wp-json\/wp\/v2\/categories?post=50190"},{"taxonomy":"post_tag","embeddable":true,"href":"http:\/\/www.grieta.org.mx\/index.php\/wp-json\/wp\/v2\/tags?post=50190"}],"curies":[{"name":"wp","href":"https:\/\/api.w.org\/{rel}","templated":true}]}}