{"id":50107,"date":"2020-05-31T09:27:42","date_gmt":"2020-05-31T14:27:42","guid":{"rendered":"http:\/\/www.grieta.org.mx\/?p=50107"},"modified":"2020-06-02T09:36:16","modified_gmt":"2020-06-02T14:36:16","slug":"cerro-de-san-pedro-la-declaratoria-tardia-san-luis-potosi","status":"publish","type":"post","link":"http:\/\/www.grieta.org.mx\/index.php\/2020\/05\/31\/cerro-de-san-pedro-la-declaratoria-tardia-san-luis-potosi\/","title":{"rendered":"Cerro de San Pedro: la declaratoria tard\u00eda (San Luis Potos\u00ed)"},"content":{"rendered":"<p>Judith Amador Tello\/Proceso<br \/>\n31 mayo 2020<\/p>\n<p><img loading=\"lazy\" decoding=\"async\" data-attachment-id=\"50108\" data-permalink=\"http:\/\/www.grieta.org.mx\/index.php\/2020\/05\/31\/cerro-de-san-pedro-la-declaratoria-tardia-san-luis-potosi\/minera-2\/\" data-orig-file=\"http:\/\/www.grieta.org.mx\/wp-content\/uploads\/2020\/06\/Minera.jpg\" data-orig-size=\"1200,900\" data-comments-opened=\"0\" data-image-meta=\"{&quot;aperture&quot;:&quot;0&quot;,&quot;credit&quot;:&quot;&quot;,&quot;camera&quot;:&quot;&quot;,&quot;caption&quot;:&quot;&quot;,&quot;created_timestamp&quot;:&quot;0&quot;,&quot;copyright&quot;:&quot;&quot;,&quot;focal_length&quot;:&quot;0&quot;,&quot;iso&quot;:&quot;0&quot;,&quot;shutter_speed&quot;:&quot;0&quot;,&quot;title&quot;:&quot;&quot;,&quot;orientation&quot;:&quot;0&quot;}\" data-image-title=\"Minera\" data-image-description=\"\" data-image-caption=\"\" data-medium-file=\"http:\/\/www.grieta.org.mx\/wp-content\/uploads\/2020\/06\/Minera-300x225.jpg\" data-large-file=\"http:\/\/www.grieta.org.mx\/wp-content\/uploads\/2020\/06\/Minera-1024x768.jpg\" class=\"aligncenter wp-image-50108\" src=\"http:\/\/www.grieta.org.mx\/wp-content\/uploads\/2020\/06\/Minera.jpg\" alt=\"\" width=\"800\" height=\"600\" srcset=\"http:\/\/www.grieta.org.mx\/wp-content\/uploads\/2020\/06\/Minera.jpg 1200w, http:\/\/www.grieta.org.mx\/wp-content\/uploads\/2020\/06\/Minera-300x225.jpg 300w, http:\/\/www.grieta.org.mx\/wp-content\/uploads\/2020\/06\/Minera-768x576.jpg 768w, http:\/\/www.grieta.org.mx\/wp-content\/uploads\/2020\/06\/Minera-1024x768.jpg 1024w, http:\/\/www.grieta.org.mx\/wp-content\/uploads\/2020\/06\/Minera-667x500.jpg 667w\" sizes=\"auto, (max-width: 800px) 100vw, 800px\" \/><br \/>\nEl Cerro de San Pedro devastado por la actividad minera. Foto: Tomada de Twitter @claucampero<br \/>\nCIUDAD DE M\u00c9XICO (proceso.com.mx).- Seg\u00fan el Instituto Nacional de Antropolog\u00eda e Historia (INAH), el expediente para declarar Zona de Monumentos Hist\u00f3ricos al Cerro de San Pedro, en San Luis Potos\u00ed, con el fin de proteger 103 edificios construidos entre los siglos XVI al XIX en un \u00e1rea de alrededor de 500 metros cuadrados, est\u00e1 \u201ccasi listo\u201d.<\/p>\n<p>S\u00f3lo que llega veinte a\u00f1os tarde, cuando la devastaci\u00f3n es irreparable.<\/p>\n<p>Desde el a\u00f1o 2000 diversas organizaciones, activistas e intelectuales \u2013como los fallecidos escritores Carlos Montemayor y Carlos Monsiv\u00e1is y Conchita Calvillo de Nava, viuda del doctor Salvador Nava, adem\u00e1s de Elisa Vargas Lugo, Mario Mart\u00ednez y el historiador Juan Carlos Ruiz Guadalajara (los \u00faltimos dos pr\u00e1cticamente han estado involucrados en el asunto durante esas d\u00e9cadas)\u2013, asumieron la defensa del emblem\u00e1tico poblado.<\/p>\n<p>Ello frente al riesgo de destrucci\u00f3n ecol\u00f3gica y cultural que enfrentar\u00eda al autorizarse la explotaci\u00f3n de las empresas mineras canadienses Metalica Resources Incorporation y Glamis Gold Limited, a trav\u00e9s de la Minera San Xavier.<\/p>\n<p>Se pidi\u00f3 desde entonces la declaratoria de zona. Originalmente se hablaba de la existencia de 400 monumentos en riesgo \u2013entre ellos dos iglesias de los siglos XVII y XVIII, San Nicolas Tolentino y San Pedro Ap\u00f3stol\u2013, todos catalogados por el INAH y vinculados a la historia minera de la regi\u00f3n. Las peticiones fueron deso\u00eddas.<\/p>\n<p>El proyecto de explotaci\u00f3n tambi\u00e9n fue cuestionado por devastador, ya que emplear\u00eda el m\u00e9todo de tajo a cielo abierto, en el cual se utilizan explosivos para volar las minas y no entrar por t\u00faneles. Asimismo, grandes cantidades de cianuro para lavar el oro y la plata extra\u00eddos. Se advirti\u00f3 que representaba riesgos para la salud de la poblaci\u00f3n de Cerro de San Pedro y la propia ciudad de San Luis Potos\u00ed, pues contaminar\u00eda los mantos fre\u00e1ticos que la dotan de agua y afectar\u00eda la flora y fauna end\u00e9micas de la regi\u00f3n.<\/p>\n<p>El 11 de septiembre de ese a\u00f1o la revista Proceso public\u00f3 un reportaje en el cual se describi\u00f3 que el siti\u00f3 contaba apenas con un centenar de familias como habitantes, y estaba \u201csumido en el abandono hist\u00f3rico, arruinado en su patrimonio monumental y con un entorno ecol\u00f3gico ya de por s\u00ed erosionado<\/p>\n<p>Se iniciaba con el nuevo siglo una historia a la cual no se le ha puesto punto final. La minera anunci\u00f3 en 2015 que se iba del poblado, pero hasta diciembre de 2019 continuaba con su plan de cierre, que ella misma ha calificado de \u201cbuenas pr\u00e1cticas\u201d, aunque el deterioro del ambiente puede verse a simple vista.<\/p>\n<p>El proyecto obtuvo desde su origen totas las autorizaciones de las instituciones federales y estatales, incluido el visto bueno del INAH, dirigido entonces por Luciano Cedillo.<\/p>\n<p>Cuando lleg\u00f3 al cargo Alfonso de Maria y Campos, especialistas del propio instituto le pidieron revocar la decisi\u00f3n y le recordaron su deber de colocar sellos de clausura a la minera, porque afectaba a los monumentos hist\u00f3ricos. El INAH no ha informado cu\u00e1ntos realmente pudieron resultar afectados por la exploraci\u00f3n de dicha minera, hab\u00eda restos de casas habitaci\u00f3n de distintos siglos, as\u00ed como de haciendas de beneficio, entre otros.<\/p>\n<p>Seg\u00fan el director del Centro INAH-SLP, Juan Carlos Machinena Morales, los yacimientos minerales de Cerro de San Pedo fueron explotados durante siglos, pero ya agotadas las vetas las empresas est\u00e1n en \u201cfranca retirada\u201d. Y asegura a trav\u00e9s de un comunicado que se han mantenido buenas conversaciones con las compa\u00f1\u00edas para mantener los inmuebles en buen estado de conservaci\u00f3n, y podr\u00edan pasar a ser gestionados por el estado y el municipio. Ya hasta avizora un proyecto tur\u00edstico para el lugar.<\/p>\n<p>Lo cierto es que el entorno ha sido totalmente devastado, literalmente hecho polvo. El cerro que daba nombre al poblado y que representaba simb\u00f3licamente lo que el Potos\u00ed en Bolivia, ha sido demolido con cargas de explosivos a lo largo dos d\u00e9cadas.<\/p>\n<p>Lo peor es que el Cerro de San Pedro forma parte del escudo de armas de San Luis Potos\u00ed. \u00bfAcaso no era este parte fundamental de su patrimonio hist\u00f3rico y cultural? La imagen del escudo tiene en el centro el cerro y sobre \u00e9ste se encuentra San Luis Rey de Francia sosteniendo una cruz, y a los costados dos barras de plata y dos de oro.<\/p>\n<p>Hace un a\u00f1o, el 31 de mayo de 2019, el diputado Pedro C\u00e9sar Carrizales Becerra, alias El Mijis, pidi\u00f3 al Ayuntamiento de SLP modificar su escudo de armas para que de ah\u00ed desaparezca tambi\u00e9n el Cerro de San Pedro, pues la imagen ya no se corresponde con la realidad.<\/p>\n<p>Pidi\u00f3, asimismo, acompa\u00f1ado por la Asociaci\u00f3n Civil Art\u00edculo 27, que el Poder Ejecutivo del estado no autorice al INAH seguir con la declaratoria de zona de monumentos del lugar \u201chasta que no haya una reparaci\u00f3n del da\u00f1o causado por las operaciones de la empresa minera San Xavier\u201d.<\/p>\n<p>\u00bfPero c\u00f3mo podr\u00eda restituirse un cerro hecho polvo y que como testimonio de su devastaci\u00f3n qued\u00f3 convertido en un enorme cr\u00e1ter? El da\u00f1o es irremediable, aunque el INAH siga adelante con su proyecto de declaratoria para proteger la zona.<\/p>\n<p><a href=\"https:\/\/www.proceso.com.mx\/632380\/cerro-de-san-pedro-la-declaratoria-tardia\" rel=\"noopener noreferrer\" target=\"_blank\">https:\/\/www.proceso.com.mx\/632380\/cerro-de-san-pedro-la-declaratoria-tardia<\/a><\/p>\n","protected":false},"excerpt":{"rendered":"<p>Judith Amador Tello\/Proceso 31 mayo 2020 El Cerro de San Pedro devastado por la actividad minera. Foto: Tomada de Twitter @claucampero CIUDAD DE M\u00c9XICO (proceso.com.mx).- Seg\u00fan el Instituto Nacional de &hellip; <a href=\"http:\/\/www.grieta.org.mx\/index.php\/2020\/05\/31\/cerro-de-san-pedro-la-declaratoria-tardia-san-luis-potosi\/\" class=\"more-link\">Leer m\u00e1s<\/a><\/p>\n","protected":false},"author":2,"featured_media":50108,"comment_status":"closed","ping_status":"closed","sticky":false,"template":"","format":"standard","meta":{"ngg_post_thumbnail":0,"_jetpack_newsletter_access":"","_jetpack_dont_email_post_to_subs":false,"_jetpack_newsletter_tier_id":0,"_jetpack_memberships_contains_paywalled_content":false,"_jetpack_memberships_contains_paid_content":false,"footnotes":""},"categories":[80,1619,3,922,6,945,2,29],"tags":[2967,2633,2632,109],"class_list":["post-50107","post","type-post","status-publish","format-standard","has-post-thumbnail","hentry","category-cintillo","category-conflictos-mineros-en-san-luis-potosi","category-megaproyectos","category-megaproyectos-estados","category-mineria","category-mp-san-luis-potosi","category-noticias-nacionales","category-san-luis-potosi","tag-afectaciones-por-mineria","tag-destruccion-del-patrimonio-historico","tag-minera-san-xavier","tag-mineria","entry"],"jetpack_featured_media_url":"http:\/\/www.grieta.org.mx\/wp-content\/uploads\/2020\/06\/Minera.jpg","jetpack_sharing_enabled":true,"jetpack_shortlink":"https:\/\/wp.me\/p7ZJR4-d2b","jetpack_likes_enabled":false,"jetpack-related-posts":[{"id":8702,"url":"http:\/\/www.grieta.org.mx\/index.php\/2016\/02\/29\/minera-san-xavier-y-la-devastacion-ambiental-por-la-mineria-a-cielo-abierto-en-cerro-de-san-pedro\/","url_meta":{"origin":50107,"position":0},"title":"Conflictos mineros en SLP","author":"grieta","date":"29 febrero, 2016","format":false,"excerpt":"29\/02\/16. \u201cMinera San Xavier no piensa irse a\u00fan de Cerro de San Pedro\u201d La Jornada San Luis 20\/07\/15. Lucha mundial contra la megaminer\u00eda t\u00f3xica Proceso 04\/06\/15. Confirman casos de ni\u00f1os con plomo y dificultad para generar gl\u00f3bulos rojos en \u00e1rea de Minera San XavierPulso SLP","rel":"","context":"En &quot;Miner\u00eda&quot;","block_context":{"text":"Miner\u00eda","link":"http:\/\/www.grieta.org.mx\/index.php\/category\/megaproyectos\/mineria\/"},"img":{"alt_text":"","src":"https:\/\/i0.wp.com\/www.grieta.org.mx\/wp-content\/uploads\/2018\/03\/14524434_1106112876131411_958039263622046936_o.jpg?resize=350%2C200","width":350,"height":200,"srcset":"https:\/\/i0.wp.com\/www.grieta.org.mx\/wp-content\/uploads\/2018\/03\/14524434_1106112876131411_958039263622046936_o.jpg?resize=350%2C200 1x, https:\/\/i0.wp.com\/www.grieta.org.mx\/wp-content\/uploads\/2018\/03\/14524434_1106112876131411_958039263622046936_o.jpg?resize=525%2C300 1.5x, https:\/\/i0.wp.com\/www.grieta.org.mx\/wp-content\/uploads\/2018\/03\/14524434_1106112876131411_958039263622046936_o.jpg?resize=700%2C400 2x"},"classes":[]},{"id":35773,"url":"http:\/\/www.grieta.org.mx\/index.php\/2019\/06\/29\/miles-de-desechos-dejo-minera-san-xavier-en-tiradero-clandestino-san-luis-potosi\/","url_meta":{"origin":50107,"position":1},"title":"Miles de desechos dej\u00f3 Minera San Xavier en tiradero clandestino (San Luis Potos\u00ed)","author":"grieta","date":"29 junio, 2019","format":false,"excerpt":"Fotograf\u00eda: El Heraldo SLP El Heraldo SLP Utiliz\u00f3 cien hect\u00e1reas del Ejido Palma de la Cruz No ten\u00eda autorizaciones ambientales: Covarrubias R. El asesor jur\u00eddico Carlos Covarrubias Rend\u00f3n, inform\u00f3 que en cerca de cien hect\u00e1reas ubicadas en el Ejido Palma de la Cruz la Minera San Xavier (MSX) dej\u00f3 un\u2026","rel":"","context":"En &quot;CINTILLO&quot;","block_context":{"text":"CINTILLO","link":"http:\/\/www.grieta.org.mx\/index.php\/category\/cintillo\/"},"img":{"alt_text":"","src":"https:\/\/i0.wp.com\/www.grieta.org.mx\/wp-content\/uploads\/2019\/07\/Miles-de-desechos-dej%C3%B3-Minera-San-Xavier-en-tiradero-clandestino-slp-jul-268x300.jpg?resize=350%2C200","width":350,"height":200,"srcset":"https:\/\/i0.wp.com\/www.grieta.org.mx\/wp-content\/uploads\/2019\/07\/Miles-de-desechos-dej%C3%B3-Minera-San-Xavier-en-tiradero-clandestino-slp-jul-268x300.jpg?resize=350%2C200 1x, https:\/\/i0.wp.com\/www.grieta.org.mx\/wp-content\/uploads\/2019\/07\/Miles-de-desechos-dej%C3%B3-Minera-San-Xavier-en-tiradero-clandestino-slp-jul-268x300.jpg?resize=525%2C300 1.5x, https:\/\/i0.wp.com\/www.grieta.org.mx\/wp-content\/uploads\/2019\/07\/Miles-de-desechos-dej%C3%B3-Minera-San-Xavier-en-tiradero-clandestino-slp-jul-268x300.jpg?resize=700%2C400 2x"},"classes":[]},{"id":8705,"url":"http:\/\/www.grieta.org.mx\/index.php\/2016\/02\/29\/minera-san-xavier-no-piensa-irse-aun-de-cerro-de-san-pedro\/","url_meta":{"origin":50107,"position":2},"title":"\u201cMinera San Xavier no piensa irse a\u00fan de Cerro de San Pedro\u201d (San Luis Potos\u00ed)","author":"grieta","date":"29 febrero, 2016","format":false,"excerpt":"Jorge Torres \/ La Jornada San Luis El dirigente de la organizaci\u00f3n civil Pro San Luis Ecol\u00f3gico, Sergio Serrano Soriano, consider\u00f3 \u201caberrante\u201d que aunque el director del Consejo Nacional de Ciencia y Tecnolog\u00eda (Conacyt), Enrique Cabrero Mendoza, es potosino y conozca la situaci\u00f3n que existe en Cerro de San Pedro\u2026","rel":"","context":"En &quot;CINTILLO&quot;","block_context":{"text":"CINTILLO","link":"http:\/\/www.grieta.org.mx\/index.php\/category\/cintillo\/"},"img":{"alt_text":"","src":"https:\/\/i0.wp.com\/www.grieta.org.mx\/wp-content\/uploads\/2016\/02\/MSX-no-piensa-irse-a%C3%BAn-de-Cerro-de-San-Pedro-advierte-Sergio-Serrano.jpg?resize=350%2C200","width":350,"height":200,"srcset":"https:\/\/i0.wp.com\/www.grieta.org.mx\/wp-content\/uploads\/2016\/02\/MSX-no-piensa-irse-a%C3%BAn-de-Cerro-de-San-Pedro-advierte-Sergio-Serrano.jpg?resize=350%2C200 1x, https:\/\/i0.wp.com\/www.grieta.org.mx\/wp-content\/uploads\/2016\/02\/MSX-no-piensa-irse-a%C3%BAn-de-Cerro-de-San-Pedro-advierte-Sergio-Serrano.jpg?resize=525%2C300 1.5x"},"classes":[]},{"id":35761,"url":"http:\/\/www.grieta.org.mx\/index.php\/2019\/07\/02\/la-minera-san-xavier-se-deshace-de-cerca-de-200-millones-de-toneladas-de-material-sulfuroso-dejando-toda-la-responsabilidad-a-los-ejidatarios-san-luis-potosi\/","url_meta":{"origin":50107,"position":3},"title":"La Minera San Xavier se deshace de cerca de 200 millones de toneladas de material sulfuroso dejando toda la responsabilidad a los ejidatarios (San Luis Potos\u00ed)","author":"grieta","date":"2 julio, 2019","format":false,"excerpt":"Fotograf\u00eda: El Heraldo SLP El Heraldo SLP Su estrategia fue utilizar un contrato de arrendamiento, el cual adem\u00e1s de ser fraudulento es vergonzoso y perverso De acuerdo con el asesor jur\u00eddico del FAO, Carlos Covarrubias Rend\u00f3n, la empresa canadiense Minera San Xavier (MSX), nunca obtuvo las licencias de uso de\u2026","rel":"","context":"En &quot;CINTILLO&quot;","block_context":{"text":"CINTILLO","link":"http:\/\/www.grieta.org.mx\/index.php\/category\/cintillo\/"},"img":{"alt_text":"","src":"https:\/\/i0.wp.com\/www.grieta.org.mx\/wp-content\/uploads\/2019\/07\/La-Minera-San-Xavier-se-deshace-de-cerca-de-200-millones-de-toneladas-de-material-sulfuroso-dejando-toda-la-responsabilidad-a-los-ejidatarios-slp-jul-268x300.jpg?resize=350%2C200","width":350,"height":200,"srcset":"https:\/\/i0.wp.com\/www.grieta.org.mx\/wp-content\/uploads\/2019\/07\/La-Minera-San-Xavier-se-deshace-de-cerca-de-200-millones-de-toneladas-de-material-sulfuroso-dejando-toda-la-responsabilidad-a-los-ejidatarios-slp-jul-268x300.jpg?resize=350%2C200 1x, https:\/\/i0.wp.com\/www.grieta.org.mx\/wp-content\/uploads\/2019\/07\/La-Minera-San-Xavier-se-deshace-de-cerca-de-200-millones-de-toneladas-de-material-sulfuroso-dejando-toda-la-responsabilidad-a-los-ejidatarios-slp-jul-268x300.jpg?resize=525%2C300 1.5x, https:\/\/i0.wp.com\/www.grieta.org.mx\/wp-content\/uploads\/2019\/07\/La-Minera-San-Xavier-se-deshace-de-cerca-de-200-millones-de-toneladas-de-material-sulfuroso-dejando-toda-la-responsabilidad-a-los-ejidatarios-slp-jul-268x300.jpg?resize=700%2C400 2x"},"classes":[]},{"id":37216,"url":"http:\/\/www.grieta.org.mx\/index.php\/2019\/07\/27\/no-desistiran-de-amparo-contra-minera-advierten-wixarikas-san-luis-potosi\/","url_meta":{"origin":50107,"position":4},"title":"No desistir\u00e1n de amparo contra minera, advierten Wix\u00e1rikas (San Luis Potos\u00ed)","author":"grieta","date":"27 julio, 2019","format":false,"excerpt":"Mayra Trist\u00e1n \/ El Sol de San Luis Autoridades civiles, tradicionales y agrarias del pueblo Wix\u00e1rika se desistieron de asistir a una reuni\u00f3n convocada por ejidatarios para este s\u00e1bado, en la cual se pretende generar acuerdos para \u201cintervenir en el amparo 819\/2011-VI\u201d que el pueblo Wix\u00e1rika interpuso contra la empresa\u2026","rel":"","context":"En &quot;3. Wix\u00e1rikas&quot;","block_context":{"text":"3. Wix\u00e1rikas","link":"http:\/\/www.grieta.org.mx\/index.php\/category\/espejos-de-la-resistencia\/3-wixarikas\/"},"img":{"alt_text":"","src":"https:\/\/i0.wp.com\/www.grieta.org.mx\/wp-content\/uploads\/2019\/08\/Ritual-Wix%C3%A1rika.jpg?resize=350%2C200","width":350,"height":200,"srcset":"https:\/\/i0.wp.com\/www.grieta.org.mx\/wp-content\/uploads\/2019\/08\/Ritual-Wix%C3%A1rika.jpg?resize=350%2C200 1x, https:\/\/i0.wp.com\/www.grieta.org.mx\/wp-content\/uploads\/2019\/08\/Ritual-Wix%C3%A1rika.jpg?resize=525%2C300 1.5x, https:\/\/i0.wp.com\/www.grieta.org.mx\/wp-content\/uploads\/2019\/08\/Ritual-Wix%C3%A1rika.jpg?resize=700%2C400 2x"},"classes":[]},{"id":34742,"url":"http:\/\/www.grieta.org.mx\/index.php\/2019\/06\/07\/la-minera-san-xavier-y-el-saqueo-al-patrimonio-en-slp\/","url_meta":{"origin":50107,"position":5},"title":"La Minera San Xavier y el saqueo al patrimonio en SLP","author":"grieta","date":"7 junio, 2019","format":false,"excerpt":"Judith Amador Tello\/ PROCESO CIUDAD DE M\u00c9XICO (apro).- La reci\u00e9n creada Sociedad Civil Art\u00edculo 27, encabezada por los especialistas en derechos culturales Jos\u00e9 Manuel Hermosillo y Carlos Lara Gonz\u00e1lez, solicita que el Instituto Nacional de Antropolog\u00eda e Historia (INAH) no siga adelante en su pretensi\u00f3n de declarar Zona de Monumentos\u2026","rel":"","context":"En &quot;CINTILLO&quot;","block_context":{"text":"CINTILLO","link":"http:\/\/www.grieta.org.mx\/index.php\/category\/cintillo\/"},"img":{"alt_text":"","src":"https:\/\/i0.wp.com\/www.grieta.org.mx\/wp-content\/uploads\/2018\/03\/14524434_1106112876131411_958039263622046936_o.jpg?resize=350%2C200","width":350,"height":200,"srcset":"https:\/\/i0.wp.com\/www.grieta.org.mx\/wp-content\/uploads\/2018\/03\/14524434_1106112876131411_958039263622046936_o.jpg?resize=350%2C200 1x, https:\/\/i0.wp.com\/www.grieta.org.mx\/wp-content\/uploads\/2018\/03\/14524434_1106112876131411_958039263622046936_o.jpg?resize=525%2C300 1.5x, https:\/\/i0.wp.com\/www.grieta.org.mx\/wp-content\/uploads\/2018\/03\/14524434_1106112876131411_958039263622046936_o.jpg?resize=700%2C400 2x"},"classes":[]}],"_links":{"self":[{"href":"http:\/\/www.grieta.org.mx\/index.php\/wp-json\/wp\/v2\/posts\/50107","targetHints":{"allow":["GET"]}}],"collection":[{"href":"http:\/\/www.grieta.org.mx\/index.php\/wp-json\/wp\/v2\/posts"}],"about":[{"href":"http:\/\/www.grieta.org.mx\/index.php\/wp-json\/wp\/v2\/types\/post"}],"author":[{"embeddable":true,"href":"http:\/\/www.grieta.org.mx\/index.php\/wp-json\/wp\/v2\/users\/2"}],"replies":[{"embeddable":true,"href":"http:\/\/www.grieta.org.mx\/index.php\/wp-json\/wp\/v2\/comments?post=50107"}],"version-history":[{"count":1,"href":"http:\/\/www.grieta.org.mx\/index.php\/wp-json\/wp\/v2\/posts\/50107\/revisions"}],"predecessor-version":[{"id":50109,"href":"http:\/\/www.grieta.org.mx\/index.php\/wp-json\/wp\/v2\/posts\/50107\/revisions\/50109"}],"wp:featuredmedia":[{"embeddable":true,"href":"http:\/\/www.grieta.org.mx\/index.php\/wp-json\/wp\/v2\/media\/50108"}],"wp:attachment":[{"href":"http:\/\/www.grieta.org.mx\/index.php\/wp-json\/wp\/v2\/media?parent=50107"}],"wp:term":[{"taxonomy":"category","embeddable":true,"href":"http:\/\/www.grieta.org.mx\/index.php\/wp-json\/wp\/v2\/categories?post=50107"},{"taxonomy":"post_tag","embeddable":true,"href":"http:\/\/www.grieta.org.mx\/index.php\/wp-json\/wp\/v2\/tags?post=50107"}],"curies":[{"name":"wp","href":"https:\/\/api.w.org\/{rel}","templated":true}]}}