{"id":50104,"date":"2020-06-01T09:18:29","date_gmt":"2020-06-01T14:18:29","guid":{"rendered":"http:\/\/www.grieta.org.mx\/?p=50104"},"modified":"2020-06-02T09:24:39","modified_gmt":"2020-06-02T14:24:39","slug":"despiden-a-enfermera-y-suspenden-a-otra-tras-muerte-de-paciente-sospechoso-de-covid-19-slp","status":"publish","type":"post","link":"http:\/\/www.grieta.org.mx\/index.php\/2020\/06\/01\/despiden-a-enfermera-y-suspenden-a-otra-tras-muerte-de-paciente-sospechoso-de-covid-19-slp\/","title":{"rendered":"Despiden a enfermera y suspenden a otra tras muerte de paciente sospechoso de covid-19 (SLP)"},"content":{"rendered":"<p>Ver\u00f3nica Espinosa\/Proceso<br \/>\n1 junio 2020<\/p>\n<p><img loading=\"lazy\" decoding=\"async\" data-attachment-id=\"50105\" data-permalink=\"http:\/\/www.grieta.org.mx\/index.php\/2020\/06\/01\/despiden-a-enfermera-y-suspenden-a-otra-tras-muerte-de-paciente-sospechoso-de-covid-19-slp\/hospital-slp-870x522\/\" data-orig-file=\"http:\/\/www.grieta.org.mx\/wp-content\/uploads\/2020\/06\/hospital-slp-870x522.jpg\" data-orig-size=\"870,522\" data-comments-opened=\"0\" data-image-meta=\"{&quot;aperture&quot;:&quot;0&quot;,&quot;credit&quot;:&quot;&quot;,&quot;camera&quot;:&quot;&quot;,&quot;caption&quot;:&quot;&quot;,&quot;created_timestamp&quot;:&quot;0&quot;,&quot;copyright&quot;:&quot;&quot;,&quot;focal_length&quot;:&quot;0&quot;,&quot;iso&quot;:&quot;0&quot;,&quot;shutter_speed&quot;:&quot;0&quot;,&quot;title&quot;:&quot;&quot;,&quot;orientation&quot;:&quot;0&quot;}\" data-image-title=\"hospital-slp-870&amp;#215;522\" data-image-description=\"\" data-image-caption=\"\" data-medium-file=\"http:\/\/www.grieta.org.mx\/wp-content\/uploads\/2020\/06\/hospital-slp-870x522-300x180.jpg\" data-large-file=\"http:\/\/www.grieta.org.mx\/wp-content\/uploads\/2020\/06\/hospital-slp-870x522.jpg\" class=\"aligncenter wp-image-50105\" src=\"http:\/\/www.grieta.org.mx\/wp-content\/uploads\/2020\/06\/hospital-slp-870x522.jpg\" alt=\"\" width=\"800\" height=\"480\" srcset=\"http:\/\/www.grieta.org.mx\/wp-content\/uploads\/2020\/06\/hospital-slp-870x522.jpg 870w, http:\/\/www.grieta.org.mx\/wp-content\/uploads\/2020\/06\/hospital-slp-870x522-300x180.jpg 300w, http:\/\/www.grieta.org.mx\/wp-content\/uploads\/2020\/06\/hospital-slp-870x522-768x461.jpg 768w, http:\/\/www.grieta.org.mx\/wp-content\/uploads\/2020\/06\/hospital-slp-870x522-833x500.jpg 833w\" sizes=\"auto, (max-width: 800px) 100vw, 800px\" \/><br \/>\nEl ISSSTE rescindi\u00f3 el contrato de una enfermera del Hospital General de SLP y sancion\u00f3 a otra al responsabilizarlas de abandonar a un paciente con covid-19. Foto: Google Maps<\/p>\n<p>SAN LUIS POTOS\u00cd, S.L.P., (apro).- El ISSSTE rescindi\u00f3 el contrato de una enfermera del Hospital General en esta ciudad y sancion\u00f3 a otra con una suspensi\u00f3n, al responsabilizarlas de abandonar a un paciente que fue internado como sospechoso de padecer covid-19 y falleci\u00f3 en la madrugada del 7 de mayo.<\/p>\n<p>En realidad se trat\u00f3 de una cadena de omisiones desde la supervisi\u00f3n y el personal m\u00e9dico que se encontraba de guardia y a cargo del turno esa noche.<\/p>\n<p>Las versiones de ambas fueron respaldadas por algunos de sus compa\u00f1eros, mientras que la supervisora de turno y otra encargada asentaron en un acta administrativa que \u201cabandonaron al paciente\u201d y que no requer\u00edan la mascarilla N95 porque \u00e9ste era negativo para covid-19, a pesar de que todav\u00eda no se contaba con el resultado de la \u00faltima prueba y de que se le hab\u00eda reconocido en las notas m\u00e9dicas como sospechoso por sus s\u00edntomas.<\/p>\n<p>Blanca y su compa\u00f1era carecieron de la mascarilla N95 para completar el equipo de protecci\u00f3n a fin de ingresar a la habitaci\u00f3n que el paciente compart\u00eda con otro enfermo con pie diab\u00e9tico, para el que tambi\u00e9n pidieron la mascarilla y no les fue proporcionada.<\/p>\n<p>El temor de ambas y del paciente era salir contagiados. Ahora las dos enfermeras son se\u00f1aladas por el abandono del paciente, que se agrav\u00f3 en la madrugada del 7 de mayo sin que pudieran ingresar a revisarlo, pero sin que tuvieran respuestas inmediatas de sus superiores y m\u00e9dico de guardia para acudir a proporcionar la mascarilla necesaria ni intervenir en la revisi\u00f3n o atenci\u00f3n del enfermo.<\/p>\n<p>\u201cMe dejaron la indicaci\u00f3n de no incubarlo (intubarlo) ni hacerle maniobras\u201d, fue el mensaje que una de ellas recibi\u00f3 de un m\u00e9dico del turno nocturno al que pidieron apoyo, al observar que el enfermo se hab\u00eda agravado.<\/p>\n<p>El paciente de la cama uno comenz\u00f3 a tener complicaciones a las cuatro de la ma\u00f1ana del 7 de mayo. Ingres\u00f3 al Hospital General del ISSSTE, en la capital de San Luis Potos\u00ed, tres d\u00edas antes.<\/p>\n<p>Para poder ser atendido ah\u00ed, viaj\u00f3 poco m\u00e1s de dos horas y media desde Cedral, municipio al norte del estado. El diagn\u00f3stico era una neumon\u00eda at\u00edpica y sospecha de covid-19. Ten\u00eda 59 a\u00f1os y era pensionado.<\/p>\n<p>Aquel jueves 7, Blanca, enfermera del turno nocturno en el hospital, ten\u00eda guardia en los cuartos asignados para pacientes con coronavirus, en el \u00e1rea de Medicina Interna.<\/p>\n<p>Para esa fecha, la unidad hospitalaria todav\u00eda no contaba con un \u00e1rea espec\u00edfica para tratamiento de estos pacientes, y las habitaciones eran separadas por una l\u00ednea amarilla en el piso.<\/p>\n<p>La enfermera solicit\u00f3 el material necesario para asistir al paciente: uniforme quir\u00fargico desechable, bata desechable, dos gorros quir\u00fargicos, dos pares de botas, un cubrebocas y una mascarilla N95, misma que no le entregaron y en su lugar le dieron una mascarilla filtrante, FFP1, que no es recomendable para uso de personal de salud en esta pandemia.<\/p>\n<p>Temor a contagiarse<br \/>\nEl paciente compart\u00eda habitaci\u00f3n con un hombre, cuyo diagn\u00f3stico de ingreso era Artropat\u00eda de Charcot \u2013 una enfermedad progresiva de los pies, mejor conocida como pie diab\u00e9tico-, mismo que comenz\u00f3 a alterarse.<\/p>\n<p>\u201cPaciente en unidad m\u00f3vil inquieto, refiere molestar (molestia) por estar con paciente con Dx (diagn\u00f3stico) de Neumon\u00eda at\u00edpica con abundante secreci\u00f3n, no cuenta con cubrebocas N-95\u2026\u201d, qued\u00f3 anotado por Blanca en la bit\u00e1cora.<\/p>\n<p>Al final de esta observaci\u00f3n, anot\u00f3 tambi\u00e9n que solicit\u00f3 una mascarilla para el paciente, pero la supervisora Nora y la jefa de secci\u00f3n Adriana le dijeron que \u201cno contaban con el material\u201d.<\/p>\n<p>Desde las tres de la ma\u00f1ana se reportaba, en dicha bit\u00e1cora: \u201csin respuesta por parte de supervisi\u00f3n\u201d.<\/p>\n<p>Conforme pasaban los minutos, el paciente iba agrav\u00e1ndose, pero ni Blanca ni su compa\u00f1era ten\u00edan el equipo completo, por lo que lo monitorearon a distancia. A las 5:20 de la ma\u00f1ana, Blanca marc\u00f3 a Jefatura de Enfermer\u00eda para pedir ayuda en la b\u00fasqueda de un doctor para el paciente de la cama uno, mientras su compa\u00f1era de turno acudi\u00f3 a los dormitorios de los m\u00e9dicos. La supervisora Nora le dijo que no ten\u00eda m\u00e1s equipo y que buscar\u00eda un doctor, pero no encontr\u00f3 uno.<\/p>\n<p>El paciente falleci\u00f3, solo en su cama, alrededor de las 5:40 de la ma\u00f1ana.<\/p>\n<p>A las seis de la ma\u00f1ana, la enfermera envi\u00f3 un mensaje al m\u00e9dico residente que cubr\u00eda el turno: \u201cMe urge baje a checar al paciente de la cama 1. Creo ya se nos fue\u201d. El m\u00e9dico se\u00f1al\u00f3 que ten\u00eda indicaciones de no intubar, ni hacer maniobras (de resucitaci\u00f3n) y no se present\u00f3.<\/p>\n<p>Tras la muerte del paciente, se indic\u00f3 a ambas enfermeras que deb\u00edan amortajarlo. La Gu\u00eda para la Atenci\u00f3n del Paciente Cr\u00edtico con Infecci\u00f3n por covid-19 del Colegio Mexicano de Medicina Cr\u00edtica indica: \u201cLos prestadores de servicios de salud deben colocar el cada?ver en doble bolsa especi?fica para cada?veres de 150 micras o ma?s de espesor, resistentes a la filtracio?n de li?quidos\u201d.<\/p>\n<p>En su testimonio, Blanca refiri\u00f3 que en el hospital no se contaba con esas bolsas, as\u00ed que se les instruy\u00f3 amortajar al paciente en una bolsa de basura.<\/p>\n<p>Cuando lleg\u00f3 el personal de \u00e1rea de abasto, pasadas las seis de la ma\u00f1ana, Blanca se enter\u00f3 que s\u00ed se contaba con las mascarillas N95. El camillero se present\u00f3 para retirar el cuerpo -\u00e9l s\u00ed portaba una mascarilla N95- y Blanca se retir\u00f3 m\u00e1s tarde del hospital.<\/p>\n<p>A las diez treinta de la ma\u00f1ana del mismo d\u00eda, la enfermera supervisora del turno nocturno del Hospital General present\u00f3 una queja contra Blanca y su compa\u00f1era de guardia, donde las reportaba por negarse a atender al paciente de la cama uno y su compa\u00f1ero de cuarto. En el reporte, la supervisora Nora asent\u00f3 que \u201cninguno de los enfermos resultaban positivos al covid-19\u201d.<\/p>\n<p>Responsabilidades evadidas.<br \/>\nEl 14 de mayo, una semana despu\u00e9s de la muerte del paciente de la cama uno, la enfermera fue notificada sobre una sanci\u00f3n administrativa en su contra, derivada de la queja del d\u00eda 7. El 19 de mayo se realiz\u00f3 una audiencia en la que Blanca testific\u00f3, ofreci\u00f3 pruebas y present\u00f3 a testigos que respaldaron su declaraci\u00f3n sobre lo ocurrido.<\/p>\n<p>Solo dos testimonios de seis que se presentan en el acta de hechos que contiene el acta administrativa involucran a Blanca, a quien se\u00f1alan por su negativa a ingresar a la habitaci\u00f3n del enfermo por la falta de la mascarilla N95.<\/p>\n<p>Otro de los testimonios confirm\u00f3 el faltante de la mascarilla en el kit de cuidados hospitalarios. Dos m\u00e1s, correspondientes a la Jefa de Departamento de Enfermer\u00eda Pilar y la Coordinadora de Calidad, refieren haberse enterado por segundas versiones de los hechos, pues ninguna estuvo presente.<\/p>\n<p>La supervisora del turno nocturno, y la jefa de secci\u00f3n contradicen lo referido por Blanca y sus testigos y la responsabilizan totalmente a ella y a su compa\u00f1era del \u201cabandono del paciente\u201d.<\/p>\n<p>La secretaria de conflictos del Sindicato Nacional Aut\u00e9ntico y Democr\u00e1tico de los Trabajadores del ISSSTE en San Luis Potos\u00ed, Blanca Estela Herrera, dijo a la reportera Marcela del Muro que uno de los argumentos de la Supervisora del turno nocturno para levantar la queja fue el supuesto resultado negativo de los dos pacientes de cuarto.<\/p>\n<p>Sin embargo, a\u00f1adi\u00f3, el 7 de mayo a\u00fan no exist\u00eda un resultado por escrito que corroborara este diagn\u00f3stico, mientras que por lo menos uno de los pacientes de esa habitaci\u00f3n presentaba cuadros sintomatol\u00f3gicos del covid-19, por lo que la actuaci\u00f3n de las enfermeras deb\u00eda de llevarse en el m\u00e1s estricto seguimiento de los protocolos, tanto para el cuidado del paciente como para su propia salud, hasta que existiera una prueba que confirmara o descartara un contagio del paciente.<\/p>\n<p>Por lo tanto, \u201cla respuesta de las dos enfermeras era l\u00f3gica para protecci\u00f3n de sus pacientes y de ellas y sus familias\u201d, afirm\u00f3 Blanca Estela Herrera.<\/p>\n<p>Con todo y el c\u00famulo de inconsistencias y omisiones en esa cadena de la que Blanca y su compa\u00f1era fueron s\u00f3lo una parte, a las seis de la ma\u00f1ana del 30 de mayo, Recursos Humanos notific\u00f3 a Blanca de la rescisi\u00f3n de su relaci\u00f3n laboral a partir del 1 de junio. (Con informaci\u00f3n de Marcela del Muro).<\/p>\n<p><a href=\"https:\/\/www.proceso.com.mx\/632439\/coronavirus-en-mexico-despiden-a-enfermera-y-suspenden-a-otra-tras-muerte-de-paciente-sospechoso-de-covid-19\" rel=\"noopener noreferrer\" target=\"_blank\">https:\/\/www.proceso.com.mx\/632439\/coronavirus-en-mexico-despiden-a-enfermera-y-suspenden-a-otra-tras-muerte-de-paciente-sospechoso-de-covid-19<\/a><\/p>\n","protected":false},"excerpt":{"rendered":"<p>Ver\u00f3nica Espinosa\/Proceso 1 junio 2020 El ISSSTE rescindi\u00f3 el contrato de una enfermera del Hospital General de SLP y sancion\u00f3 a otra al responsabilizarlas de abandonar a un paciente con &hellip; <a href=\"http:\/\/www.grieta.org.mx\/index.php\/2020\/06\/01\/despiden-a-enfermera-y-suspenden-a-otra-tras-muerte-de-paciente-sospechoso-de-covid-19-slp\/\" class=\"more-link\">Leer m\u00e1s<\/a><\/p>\n","protected":false},"author":2,"featured_media":50105,"comment_status":"closed","ping_status":"closed","sticky":false,"template":"","format":"standard","meta":{"ngg_post_thumbnail":0,"_jetpack_newsletter_access":"","_jetpack_dont_email_post_to_subs":false,"_jetpack_newsletter_tier_id":0,"_jetpack_memberships_contains_paywalled_content":false,"_jetpack_memberships_contains_paid_content":false,"footnotes":""},"categories":[80,3305,918,1457,2,29,83],"tags":[3241,3133,3284,3247],"class_list":["post-50104","post","type-post","status-publish","format-standard","has-post-thumbnail","hentry","category-cintillo","category-covid-19-en-san-luis-potosi","category-privatizacion-del-sector-salud","category-crisis-del-sector-salud-en-san-luis-potosi","category-noticias-nacionales","category-san-luis-potosi","category-temas-nacionales","tag-covid-19","tag-crisis-del-sector-salud","tag-falta-de-insumos-en-hospitales","tag-falta-de-insumos-medicos","entry"],"jetpack_featured_media_url":"http:\/\/www.grieta.org.mx\/wp-content\/uploads\/2020\/06\/hospital-slp-870x522.jpg","jetpack_sharing_enabled":true,"jetpack_shortlink":"https:\/\/wp.me\/p7ZJR4-d28","jetpack_likes_enabled":false,"jetpack-related-posts":[{"id":51163,"url":"http:\/\/www.grieta.org.mx\/index.php\/2020\/06\/12\/personal-medico-realiza-paro-de-labores-en-el-issste-san-luis-potosi\/","url_meta":{"origin":50104,"position":0},"title":"Personal m\u00e9dico realiza paro de labores en el ISSSTE  (San Luis Potos\u00ed)","author":"grieta","date":"12 junio, 2020","format":false,"excerpt":"Fernando L\u00f3ipez\/Quadrat\u00edn SLP 12 junio 2020 SAN LUIS POTOSI, SLP, 12 junio 2020.- El d\u00eda de ayer se despidi\u00f3 a la enfermera Olivia Soto que falleci\u00f3 con s\u00edntomas de Covid 19 en el Hospital General del Instituto de Seguridad y Servicios Sociales de los Trabajadores del Estado (ISSSTE), ubicado en\u2026","rel":"","context":"En &quot;CINTILLO&quot;","block_context":{"text":"CINTILLO","link":"http:\/\/www.grieta.org.mx\/index.php\/category\/cintillo\/"},"img":{"alt_text":"","src":"https:\/\/i0.wp.com\/www.grieta.org.mx\/wp-content\/uploads\/2020\/06\/WhatsApp-Image-2020-06-12-at-12.59.45-PM.jpeg?resize=350%2C200","width":350,"height":200,"srcset":"https:\/\/i0.wp.com\/www.grieta.org.mx\/wp-content\/uploads\/2020\/06\/WhatsApp-Image-2020-06-12-at-12.59.45-PM.jpeg?resize=350%2C200 1x, https:\/\/i0.wp.com\/www.grieta.org.mx\/wp-content\/uploads\/2020\/06\/WhatsApp-Image-2020-06-12-at-12.59.45-PM.jpeg?resize=525%2C300 1.5x, https:\/\/i0.wp.com\/www.grieta.org.mx\/wp-content\/uploads\/2020\/06\/WhatsApp-Image-2020-06-12-at-12.59.45-PM.jpeg?resize=700%2C400 2x"},"classes":[]},{"id":47773,"url":"http:\/\/www.grieta.org.mx\/index.php\/2020\/04\/10\/maldita-infectada-el-insulto-a-otra-enfermera-de-san-luis-potosi\/","url_meta":{"origin":50104,"position":1},"title":"Maldita infectada, el insulto a otra enfermera de San Luis Potos\u00ed","author":"grieta","date":"10 abril, 2020","format":false,"excerpt":"Redacci\u00f3n\/Quadrat\u00edn SLP 10 abril 2020 RIOVERDE, SLP., 10 de abril de 2020.- En medio de la contingencia por Covid 19, se registra una agresi\u00f3n m\u00e1s a trabajadores de la salud, esta vez en un Centro de Salud de la comunidad El Jabal\u00ed de este municipio donde un grupo de j\u00f3venes\u2026","rel":"","context":"En &quot;CINTILLO&quot;","block_context":{"text":"CINTILLO","link":"http:\/\/www.grieta.org.mx\/index.php\/category\/cintillo\/"},"img":{"alt_text":"","src":"https:\/\/i0.wp.com\/www.grieta.org.mx\/wp-content\/uploads\/2020\/04\/Enfermera-Atenci%C3%B3n-M%C3%A9dica-doctora-IMSS-atenci%C3%B3n-doctoras-mujeres-en-la-medicina-5.jpg?resize=350%2C200","width":350,"height":200,"srcset":"https:\/\/i0.wp.com\/www.grieta.org.mx\/wp-content\/uploads\/2020\/04\/Enfermera-Atenci%C3%B3n-M%C3%A9dica-doctora-IMSS-atenci%C3%B3n-doctoras-mujeres-en-la-medicina-5.jpg?resize=350%2C200 1x, https:\/\/i0.wp.com\/www.grieta.org.mx\/wp-content\/uploads\/2020\/04\/Enfermera-Atenci%C3%B3n-M%C3%A9dica-doctora-IMSS-atenci%C3%B3n-doctoras-mujeres-en-la-medicina-5.jpg?resize=525%2C300 1.5x, https:\/\/i0.wp.com\/www.grieta.org.mx\/wp-content\/uploads\/2020\/04\/Enfermera-Atenci%C3%B3n-M%C3%A9dica-doctora-IMSS-atenci%C3%B3n-doctoras-mujeres-en-la-medicina-5.jpg?resize=700%2C400 2x, https:\/\/i0.wp.com\/www.grieta.org.mx\/wp-content\/uploads\/2020\/04\/Enfermera-Atenci%C3%B3n-M%C3%A9dica-doctora-IMSS-atenci%C3%B3n-doctoras-mujeres-en-la-medicina-5.jpg?resize=1050%2C600 3x"},"classes":[]},{"id":49346,"url":"http:\/\/www.grieta.org.mx\/index.php\/2020\/05\/14\/issste-colima-sigue-sin-insumos-para-atender-pacientes-con-covid-19\/","url_meta":{"origin":50104,"position":2},"title":"ISSSTE Colima sigue sin insumos para atender pacientes con Covid-19","author":"grieta","date":"14 mayo, 2020","format":false,"excerpt":"Foto: Ecos de la Costa Infoecos \/ Ecos de la Costa En la Cl\u00ednica hospital del ISSSTE Dr. Miguel Trejo Ochoa en Colima, no se cuenta con c\u00e1psulas para tratar a posibles pacientes con Covid-19. De acuerdo al secretario general de la secci\u00f3n XII del Sindicato del ISSSTE, Carlos Alberto\u2026","rel":"","context":"En &quot;CINTILLO&quot;","block_context":{"text":"CINTILLO","link":"http:\/\/www.grieta.org.mx\/index.php\/category\/cintillo\/"},"img":{"alt_text":"","src":"https:\/\/i0.wp.com\/www.grieta.org.mx\/wp-content\/uploads\/2020\/05\/p1f2.jpg?resize=350%2C200","width":350,"height":200,"srcset":"https:\/\/i0.wp.com\/www.grieta.org.mx\/wp-content\/uploads\/2020\/05\/p1f2.jpg?resize=350%2C200 1x, https:\/\/i0.wp.com\/www.grieta.org.mx\/wp-content\/uploads\/2020\/05\/p1f2.jpg?resize=525%2C300 1.5x, https:\/\/i0.wp.com\/www.grieta.org.mx\/wp-content\/uploads\/2020\/05\/p1f2.jpg?resize=700%2C400 2x, https:\/\/i0.wp.com\/www.grieta.org.mx\/wp-content\/uploads\/2020\/05\/p1f2.jpg?resize=1050%2C600 3x"},"classes":[]},{"id":32865,"url":"http:\/\/www.grieta.org.mx\/index.php\/2019\/04\/25\/hospital-del-issste-horno-sin-agua-y-sucio-san-luis-potosi\/","url_meta":{"origin":50104,"position":3},"title":"Hospital del ISSSTE, \u201chorno\u201d, sin agua y sucio (San Luis Potos\u00ed)","author":"grieta","date":"25 abril, 2019","format":false,"excerpt":"Rub\u00e9n Pacheco \/ Pulso Pacientes enfrentan serias carencias que generan focos de infecci\u00f3n, sobre todo con el calor El Hospital General del ISSSTE, localizado en la calle Carlos Diez Guti\u00e9rrez de la capital potosina, sufre desde falta de suministro de agua potable hasta insuficiencia en el aire acondicionado, denunciaron derechohabientes\u2026","rel":"","context":"En &quot;CINTILLO&quot;","block_context":{"text":"CINTILLO","link":"http:\/\/www.grieta.org.mx\/index.php\/category\/cintillo\/"},"img":{"alt_text":"","src":"https:\/\/i0.wp.com\/www.grieta.org.mx\/wp-content\/uploads\/2019\/05\/Hospital-del-ISSSTE-%E2%80%9Chorno%E2%80%9D-sin-agua-y-sucio-slp-may.jpg?resize=350%2C200","width":350,"height":200,"srcset":"https:\/\/i0.wp.com\/www.grieta.org.mx\/wp-content\/uploads\/2019\/05\/Hospital-del-ISSSTE-%E2%80%9Chorno%E2%80%9D-sin-agua-y-sucio-slp-may.jpg?resize=350%2C200 1x, https:\/\/i0.wp.com\/www.grieta.org.mx\/wp-content\/uploads\/2019\/05\/Hospital-del-ISSSTE-%E2%80%9Chorno%E2%80%9D-sin-agua-y-sucio-slp-may.jpg?resize=525%2C300 1.5x"},"classes":[]},{"id":47252,"url":"http:\/\/www.grieta.org.mx\/index.php\/2020\/04\/05\/golpearon-a-una-enfermera-en-san-luis-potosi-por-su-labor-contra-el-covid-19\/","url_meta":{"origin":50104,"position":4},"title":"Golpearon a una enfermera en San Luis Potos\u00ed por su labor contra el COVID-19","author":"grieta","date":"5 abril, 2020","format":false,"excerpt":"Infobae\/Radacci\u00f3n 5 abril 2020 Dos supuestos menores de edad iniciaron los insultos, mientras que su madre se lanz\u00f3 a los golpes contra la trabajadora del sector salud La lucha de los trabajadores en el sector salud va m\u00e1s all\u00e1 del coronavirus y sus largas jornadas dentro de los hospitales, ahora\u2026","rel":"","context":"En &quot;CINTILLO&quot;","block_context":{"text":"CINTILLO","link":"http:\/\/www.grieta.org.mx\/index.php\/category\/cintillo\/"},"img":{"alt_text":"","src":"https:\/\/i0.wp.com\/www.grieta.org.mx\/wp-content\/uploads\/2020\/04\/enfermera.png?resize=350%2C200","width":350,"height":200,"srcset":"https:\/\/i0.wp.com\/www.grieta.org.mx\/wp-content\/uploads\/2020\/04\/enfermera.png?resize=350%2C200 1x, https:\/\/i0.wp.com\/www.grieta.org.mx\/wp-content\/uploads\/2020\/04\/enfermera.png?resize=525%2C300 1.5x"},"classes":[]},{"id":49410,"url":"http:\/\/www.grieta.org.mx\/index.php\/2020\/04\/29\/golpean-y-roban-a-dos-enfermeras-en-san-luis-potosi\/","url_meta":{"origin":50104,"position":5},"title":"Golpean y roban a dos enfermeras en San Luis Potos\u00ed","author":"grieta","date":"29 abril, 2020","format":false,"excerpt":"Ver\u00f3nica Espinosa\/Proceso 29 abril 2020 SAN LUIS POTOS\u00cd, S.L.P., (apro).- La Fiscal\u00eda General de Justicia del estado investiga dos agresiones cometidas en contra de enfermeras en la capital del estado y en Soledad de Graciano S\u00e1nchez, en las que ambas fueron golpeadas y amenazadas \u201cporque ten\u00edan covid\u201d, pero adem\u00e1s, durante\u2026","rel":"","context":"En &quot;CINTILLO&quot;","block_context":{"text":"CINTILLO","link":"http:\/\/www.grieta.org.mx\/index.php\/category\/cintillo\/"},"img":{"alt_text":"","src":"https:\/\/i0.wp.com\/www.grieta.org.mx\/wp-content\/uploads\/2020\/05\/slp-870x515.jpg?resize=350%2C200","width":350,"height":200,"srcset":"https:\/\/i0.wp.com\/www.grieta.org.mx\/wp-content\/uploads\/2020\/05\/slp-870x515.jpg?resize=350%2C200 1x, https:\/\/i0.wp.com\/www.grieta.org.mx\/wp-content\/uploads\/2020\/05\/slp-870x515.jpg?resize=525%2C300 1.5x, https:\/\/i0.wp.com\/www.grieta.org.mx\/wp-content\/uploads\/2020\/05\/slp-870x515.jpg?resize=700%2C400 2x"},"classes":[]}],"_links":{"self":[{"href":"http:\/\/www.grieta.org.mx\/index.php\/wp-json\/wp\/v2\/posts\/50104","targetHints":{"allow":["GET"]}}],"collection":[{"href":"http:\/\/www.grieta.org.mx\/index.php\/wp-json\/wp\/v2\/posts"}],"about":[{"href":"http:\/\/www.grieta.org.mx\/index.php\/wp-json\/wp\/v2\/types\/post"}],"author":[{"embeddable":true,"href":"http:\/\/www.grieta.org.mx\/index.php\/wp-json\/wp\/v2\/users\/2"}],"replies":[{"embeddable":true,"href":"http:\/\/www.grieta.org.mx\/index.php\/wp-json\/wp\/v2\/comments?post=50104"}],"version-history":[{"count":1,"href":"http:\/\/www.grieta.org.mx\/index.php\/wp-json\/wp\/v2\/posts\/50104\/revisions"}],"predecessor-version":[{"id":50106,"href":"http:\/\/www.grieta.org.mx\/index.php\/wp-json\/wp\/v2\/posts\/50104\/revisions\/50106"}],"wp:featuredmedia":[{"embeddable":true,"href":"http:\/\/www.grieta.org.mx\/index.php\/wp-json\/wp\/v2\/media\/50105"}],"wp:attachment":[{"href":"http:\/\/www.grieta.org.mx\/index.php\/wp-json\/wp\/v2\/media?parent=50104"}],"wp:term":[{"taxonomy":"category","embeddable":true,"href":"http:\/\/www.grieta.org.mx\/index.php\/wp-json\/wp\/v2\/categories?post=50104"},{"taxonomy":"post_tag","embeddable":true,"href":"http:\/\/www.grieta.org.mx\/index.php\/wp-json\/wp\/v2\/tags?post=50104"}],"curies":[{"name":"wp","href":"https:\/\/api.w.org\/{rel}","templated":true}]}}