{"id":50101,"date":"2020-05-31T09:07:45","date_gmt":"2020-05-31T14:07:45","guid":{"rendered":"http:\/\/www.grieta.org.mx\/?p=50101"},"modified":"2020-06-02T09:15:05","modified_gmt":"2020-06-02T14:15:05","slug":"se-pierden-por-pandemia-22-mil-empleos-en-tamaulipas","status":"publish","type":"post","link":"http:\/\/www.grieta.org.mx\/index.php\/2020\/05\/31\/se-pierden-por-pandemia-22-mil-empleos-en-tamaulipas\/","title":{"rendered":"Se pierden por pandemia 22 mil empleos en Tamaulipas"},"content":{"rendered":"<p>Armando Castillo \/Hoy T.am<br \/>\n31 mayo 2020<\/p>\n<p>Carlos Garc\u00eda Gonz\u00e1lez, secretario de Desarrollo Econ\u00f3mico en Tamaulipas, asegur\u00f3 que durante abril y mayo, existe una p\u00e9rdida de unos 22 mil empleos, producto de la situaci\u00f3n de emergencia sanitaria.<\/p>\n<p><img loading=\"lazy\" decoding=\"async\" data-attachment-id=\"50102\" data-permalink=\"http:\/\/www.grieta.org.mx\/index.php\/2020\/05\/31\/se-pierden-por-pandemia-22-mil-empleos-en-tamaulipas\/se-pierden-por-pandemia-22-mil-empleos-en-tamaulipas\/\" data-orig-file=\"http:\/\/www.grieta.org.mx\/wp-content\/uploads\/2020\/06\/Se-pierden-por-pandemia-22-mil-empleos-en-Tamaulipas.jpg\" data-orig-size=\"960,502\" data-comments-opened=\"0\" data-image-meta=\"{&quot;aperture&quot;:&quot;0&quot;,&quot;credit&quot;:&quot;&quot;,&quot;camera&quot;:&quot;&quot;,&quot;caption&quot;:&quot;&quot;,&quot;created_timestamp&quot;:&quot;0&quot;,&quot;copyright&quot;:&quot;&quot;,&quot;focal_length&quot;:&quot;0&quot;,&quot;iso&quot;:&quot;0&quot;,&quot;shutter_speed&quot;:&quot;0&quot;,&quot;title&quot;:&quot;&quot;,&quot;orientation&quot;:&quot;0&quot;}\" data-image-title=\"Se-pierden-por-pandemia-22-mil-empleos-en-Tamaulipas\" data-image-description=\"\" data-image-caption=\"\" data-medium-file=\"http:\/\/www.grieta.org.mx\/wp-content\/uploads\/2020\/06\/Se-pierden-por-pandemia-22-mil-empleos-en-Tamaulipas-300x157.jpg\" data-large-file=\"http:\/\/www.grieta.org.mx\/wp-content\/uploads\/2020\/06\/Se-pierden-por-pandemia-22-mil-empleos-en-Tamaulipas.jpg\" class=\"aligncenter wp-image-50102\" src=\"http:\/\/www.grieta.org.mx\/wp-content\/uploads\/2020\/06\/Se-pierden-por-pandemia-22-mil-empleos-en-Tamaulipas.jpg\" alt=\"\" width=\"800\" height=\"418\" srcset=\"http:\/\/www.grieta.org.mx\/wp-content\/uploads\/2020\/06\/Se-pierden-por-pandemia-22-mil-empleos-en-Tamaulipas.jpg 960w, http:\/\/www.grieta.org.mx\/wp-content\/uploads\/2020\/06\/Se-pierden-por-pandemia-22-mil-empleos-en-Tamaulipas-300x157.jpg 300w, http:\/\/www.grieta.org.mx\/wp-content\/uploads\/2020\/06\/Se-pierden-por-pandemia-22-mil-empleos-en-Tamaulipas-768x402.jpg 768w, http:\/\/www.grieta.org.mx\/wp-content\/uploads\/2020\/06\/Se-pierden-por-pandemia-22-mil-empleos-en-Tamaulipas-956x500.jpg 956w\" sizes=\"auto, (max-width: 800px) 100vw, 800px\" \/><\/p>\n<p>Ciudad Victoria, Tamaulipas. &#8211; Carlos Garc\u00eda Gonz\u00e1lez, secretario de Desarrollo Econ\u00f3mico en Tamaulipas, dijo que el Producto Interno Bruto presenta n\u00fameros negativos del orden del 1.5 por ciento en Tamaulipas durante abril y mayo, existe una p\u00e9rdida de unos 22 mil empleos, producto de la situaci\u00f3n de emergencia sanitaria.<\/p>\n<p>\u201cTenemos el dato en materia de empleo obviamente en disminuci\u00f3n del Producto Interno Bruto no tanto en t\u00e9rminos absolutos cuanto ha sido la p\u00e9rdida, pero si en lo que fue el mes de marzo y abril, perdimos m\u00e1s de 22 mil empleos\u201d, acept\u00f3 Garc\u00eda Gonz\u00e1lez.<\/p>\n<p>Destac\u00f3 que en el tema del Producto Interno Bruto (PIB) se est\u00e1 viendo una desaceleraci\u00f3n econ\u00f3mica, \u201ces decir andamos en n\u00fameros negativos m\u00e1s o menos como el 1.5 por ciento en estos dos meses\u201d, indic\u00f3.<\/p>\n<p>El secretario se\u00f1al\u00f3 que \u00e9ste es el reporte que se tiene en materia econ\u00f3mica tras la emergencia sanitaria.<\/p>\n<p>\u201cEs lo que tenemos ahorita, todav\u00eda no tenemos lo de mayo, pero pienso que va a ser similar. A lo mejor se detiene porque ya comenzaron a haber un poquito m\u00e1s de actividad, pero la verdad no creo que ning\u00fan estado del pa\u00eds salga con n\u00fameros positivos\u201d, advirti\u00f3.<\/p>\n<p>Estableci\u00f3 que de acuerdo a los reportes que se tienen, los renglones en los cuales ha habido y se tienen los registros de m\u00e1s p\u00e9rdidas de empleos durante la contingencia sanitaria, est\u00e1n plenamente definidos.<\/p>\n<p>\u201cLos empleos se han perdido, sobre todo lo que es hoteles, restaurantes, lo que es la actividad tur\u00edstica, tambi\u00e9n lo que es la industria de la construcci\u00f3n y la manufactura son los m\u00e1s afectados\u201d, indic\u00f3.<\/p>\n<p>Dijo que la incorporaci\u00f3n de los trabajos en empresas maquiladoras, constructoras y de miner\u00eda ser\u00e1 gradual en Tamaulipas a partir de este lunes.<\/p>\n<p>\u201cEn cuanto a las operaciones en las l\u00edneas de producci\u00f3n de las maquiladoras del sector automotriz en Tamaulipas, \u00e9stas podr\u00edan iniciar de entre una capacidad del 25 al 50 por ciento de su capacidad y de acuerdo a los pedidos que tengan que andar\u00e1n de entre un 50 a un 60 por ciento\u201d, apunt\u00f3.<\/p>\n<p>Los pedidos andar\u00e1n al 50 o 60%, ninguna empresa arrancar\u00e1 al cien y lo mismo va para los trabajadores, \u201cno en manera proporcional, pero si tienes pedidos con la mitad de tu capacidad instalada m\u00e1s o menos la mitad de tus trabajadores vas a ocupar para arrancar yo creo que para andar al cien va a tardar algunos meses\u201d, concluy\u00f3.<\/p>\n<p><a href=\"https:\/\/www.hoytamaulipas.net\/notas\/421016\/Se-pierden-por-pandemia-22-mil-empleos-en-Tamaulipas.html\" target=\"_blank\" rel=\"noopener noreferrer\">https:\/\/www.hoytamaulipas.net\/notas\/421016\/Se-pierden-por-pandemia-22-mil-empleos-en-Tamaulipas.html<\/a><\/p>\n","protected":false},"excerpt":{"rendered":"<p>Armando Castillo \/Hoy T.am 31 mayo 2020 Carlos Garc\u00eda Gonz\u00e1lez, secretario de Desarrollo Econ\u00f3mico en Tamaulipas, asegur\u00f3 que durante abril y mayo, existe una p\u00e9rdida de unos 22 mil empleos, &hellip; <a href=\"http:\/\/www.grieta.org.mx\/index.php\/2020\/05\/31\/se-pierden-por-pandemia-22-mil-empleos-en-tamaulipas\/\" class=\"more-link\">Leer m\u00e1s<\/a><\/p>\n","protected":false},"author":2,"featured_media":50102,"comment_status":"closed","ping_status":"closed","sticky":false,"template":"","format":"standard","meta":{"ngg_post_thumbnail":0,"_jetpack_newsletter_access":"","_jetpack_dont_email_post_to_subs":false,"_jetpack_newsletter_tier_id":0,"_jetpack_memberships_contains_paywalled_content":false,"_jetpack_memberships_contains_paid_content":false,"footnotes":""},"categories":[80,3269,910,1137,2,33,83],"tags":[3241,2105,2841],"class_list":["post-50101","post","type-post","status-publish","format-standard","has-post-thumbnail","hentry","category-cintillo","category-covid-19-en-tamaulipas","category-explotacion-y-precariedad-laboral","category-explotacion-y-precariedad-laboral-en-tamaulipas","category-noticias-nacionales","category-tamaulipas","category-temas-nacionales","tag-covid-19","tag-despidos-masivos","tag-explotacion-y-precariedad-laboral","entry"],"jetpack_featured_media_url":"http:\/\/www.grieta.org.mx\/wp-content\/uploads\/2020\/06\/Se-pierden-por-pandemia-22-mil-empleos-en-Tamaulipas.jpg","jetpack_sharing_enabled":true,"jetpack_shortlink":"https:\/\/wp.me\/p7ZJR4-d25","jetpack_likes_enabled":false,"jetpack-related-posts":[{"id":53972,"url":"http:\/\/www.grieta.org.mx\/index.php\/2020\/08\/12\/suman-31-mil-empleos-perdidos-en-tamaulipas-a-raiz-del-covid-19\/","url_meta":{"origin":50101,"position":0},"title":"Suman 31 mil empleos perdidos en Tamaulipas a ra\u00edz del Covid-19","author":"grieta","date":"12 agosto, 2020","format":false,"excerpt":"Armando Castillo\/HoyTam 12 agosto 2020 Ciudad Victoria, Tamaulipas. - La cifra de empleos perdidos en lo que va del a\u00f1o es de alrededor de 31 mil, la mayor parte dentro de la industria maquiladora y en lo que resta del a\u00f1o dif\u00edcilmente se habr\u00e1n de recuperar, estableci\u00f3 el secretario del\u2026","rel":"","context":"En &quot;CINTILLO&quot;","block_context":{"text":"CINTILLO","link":"http:\/\/www.grieta.org.mx\/index.php\/category\/cintillo\/"},"img":{"alt_text":"","src":"https:\/\/i0.wp.com\/www.grieta.org.mx\/wp-content\/uploads\/2020\/10\/Suman-31-mil-empleos-perdidos-en-Tamaulipas-a-raiz-del-Covid-19.jpg?resize=350%2C200","width":350,"height":200,"srcset":"https:\/\/i0.wp.com\/www.grieta.org.mx\/wp-content\/uploads\/2020\/10\/Suman-31-mil-empleos-perdidos-en-Tamaulipas-a-raiz-del-Covid-19.jpg?resize=350%2C200 1x, https:\/\/i0.wp.com\/www.grieta.org.mx\/wp-content\/uploads\/2020\/10\/Suman-31-mil-empleos-perdidos-en-Tamaulipas-a-raiz-del-Covid-19.jpg?resize=525%2C300 1.5x, https:\/\/i0.wp.com\/www.grieta.org.mx\/wp-content\/uploads\/2020\/10\/Suman-31-mil-empleos-perdidos-en-Tamaulipas-a-raiz-del-Covid-19.jpg?resize=700%2C400 2x"},"classes":[]},{"id":51169,"url":"http:\/\/www.grieta.org.mx\/index.php\/2020\/06\/14\/son-27-mil-957-empleos-perdidos-en-tres-meses-por-covid-19-en-tamaulipas\/","url_meta":{"origin":50101,"position":1},"title":"Son 27 mil 957 empleos perdidos en tres meses por covid-19 en Tamaulipas","author":"grieta","date":"14 junio, 2020","format":false,"excerpt":"V\u00edctor Hugo Dur\u00e1n\/Milenio 14 junio 2020 Tendencia a la baja en asegurados ante el IMSS se mantuvo en mayo; el 70% pertenecen a puestos permanentes. Desempleo\/Archivo Desde marzo y hasta mayo de este a\u00f1o, se han perdido 27 mil 957 empleos en Tamaulipas, de los cuales el 70 por ciento\u2026","rel":"","context":"En &quot;CINTILLO&quot;","block_context":{"text":"CINTILLO","link":"http:\/\/www.grieta.org.mx\/index.php\/category\/cintillo\/"},"img":{"alt_text":"","src":"https:\/\/i0.wp.com\/www.grieta.org.mx\/wp-content\/uploads\/2020\/06\/estima-canacintra-perdida-de-hasta.jpg?resize=350%2C200","width":350,"height":200,"srcset":"https:\/\/i0.wp.com\/www.grieta.org.mx\/wp-content\/uploads\/2020\/06\/estima-canacintra-perdida-de-hasta.jpg?resize=350%2C200 1x, https:\/\/i0.wp.com\/www.grieta.org.mx\/wp-content\/uploads\/2020\/06\/estima-canacintra-perdida-de-hasta.jpg?resize=525%2C300 1.5x, https:\/\/i0.wp.com\/www.grieta.org.mx\/wp-content\/uploads\/2020\/06\/estima-canacintra-perdida-de-hasta.jpg?resize=700%2C400 2x"},"classes":[]},{"id":64901,"url":"http:\/\/www.grieta.org.mx\/index.php\/2022\/08\/16\/maquilas-de-tamaulipas-han-despedido-a-casi-cinco-mil-trabajadores\/","url_meta":{"origin":50101,"position":2},"title":"Maquilas de Tamaulipas han despedido a casi cinco mil trabajadores","author":"grieta","date":"16 agosto, 2022","format":false,"excerpt":"Paola Mel\u00e9ndez\/Hoy Tamaulipas 16 agosto 2022 Seg\u00fan el IMSS, en el Estado se ha presentado una baja de cuatro mil 673 obreros entre marzo y julio del 2022. Ciudad Victoria, Tamaulipas.- La industria maquiladora en Tamaulipas ha recortado casi cinco mil empleos en cuatro meses, seg\u00fan el Instituto Mexicano del\u2026","rel":"","context":"En &quot;CINTILLO&quot;","block_context":{"text":"CINTILLO","link":"http:\/\/www.grieta.org.mx\/index.php\/category\/cintillo\/"},"img":{"alt_text":"","src":"https:\/\/i0.wp.com\/www.grieta.org.mx\/wp-content\/uploads\/2022\/08\/Maquilas-de-Tamaulipas-han-despedido-a-casi-cinco-mil-trabajadores-en-cuatro-meses.jpg?resize=350%2C200","width":350,"height":200,"srcset":"https:\/\/i0.wp.com\/www.grieta.org.mx\/wp-content\/uploads\/2022\/08\/Maquilas-de-Tamaulipas-han-despedido-a-casi-cinco-mil-trabajadores-en-cuatro-meses.jpg?resize=350%2C200 1x, https:\/\/i0.wp.com\/www.grieta.org.mx\/wp-content\/uploads\/2022\/08\/Maquilas-de-Tamaulipas-han-despedido-a-casi-cinco-mil-trabajadores-en-cuatro-meses.jpg?resize=525%2C300 1.5x, https:\/\/i0.wp.com\/www.grieta.org.mx\/wp-content\/uploads\/2022\/08\/Maquilas-de-Tamaulipas-han-despedido-a-casi-cinco-mil-trabajadores-en-cuatro-meses.jpg?resize=700%2C400 2x"},"classes":[]},{"id":34040,"url":"http:\/\/www.grieta.org.mx\/index.php\/2019\/05\/29\/pierde-matamoros-otros-1815-empleos-tamaulipas\/","url_meta":{"origin":50101,"position":3},"title":"Pierde Matamoros otros 1,815 empleos (Tamaulipas)","author":"grieta","date":"29 mayo, 2019","format":false,"excerpt":"Miguel Jim\u00e9nez \/ El Ma\u00f1ana Matamoros, Tam.- De acuerdo a estad\u00edsticas del Instituto Mexicano del Seguro Social se registra que al cierre de abril se han perdido mil 815 empleos formales en Matamoros, de los cuales mil 561 pertenec\u00edan a la industria maquiladora. Al concluir diciembre del a\u00f1o pasado se\u2026","rel":"","context":"En &quot;CINTILLO&quot;","block_context":{"text":"CINTILLO","link":"http:\/\/www.grieta.org.mx\/index.php\/category\/cintillo\/"},"img":{"alt_text":"","src":"https:\/\/i0.wp.com\/www.grieta.org.mx\/wp-content\/uploads\/2019\/06\/Pierde-Matamoros-otros-1815-empleos-tama-jun.jpg?resize=350%2C200","width":350,"height":200,"srcset":"https:\/\/i0.wp.com\/www.grieta.org.mx\/wp-content\/uploads\/2019\/06\/Pierde-Matamoros-otros-1815-empleos-tama-jun.jpg?resize=350%2C200 1x, https:\/\/i0.wp.com\/www.grieta.org.mx\/wp-content\/uploads\/2019\/06\/Pierde-Matamoros-otros-1815-empleos-tama-jun.jpg?resize=525%2C300 1.5x"},"classes":[]},{"id":51361,"url":"http:\/\/www.grieta.org.mx\/index.php\/2020\/06\/21\/maquiladoras-registran-258-obreros-con-covid-tamaulipas\/","url_meta":{"origin":50101,"position":4},"title":"Maquiladoras registran 258 obreros con Covid (Tamaulipas)","author":"grieta","date":"21 junio, 2020","format":false,"excerpt":"Lupita \u00c1lvarez\/En L\u00ednea Directa 21 junio 2020 -El 7% de los enfermos han fallecido. Foto: Tomada de En L\u00ednea Directa Cd. Victoria, Tamaulipas._ Al menos 258 personas que laboran en diferentes industrias maquiladoras de la entidad han sido detectados con coronavirus. De acuerdo a la Secretar\u00eda de Salud no s\u00f3lo\u2026","rel":"","context":"En &quot;CINTILLO&quot;","block_context":{"text":"CINTILLO","link":"http:\/\/www.grieta.org.mx\/index.php\/category\/cintillo\/"},"img":{"alt_text":"","src":"https:\/\/i0.wp.com\/www.grieta.org.mx\/wp-content\/uploads\/2020\/06\/Covid_maquiladora21062020.jpg?resize=350%2C200","width":350,"height":200,"srcset":"https:\/\/i0.wp.com\/www.grieta.org.mx\/wp-content\/uploads\/2020\/06\/Covid_maquiladora21062020.jpg?resize=350%2C200 1x, https:\/\/i0.wp.com\/www.grieta.org.mx\/wp-content\/uploads\/2020\/06\/Covid_maquiladora21062020.jpg?resize=525%2C300 1.5x, https:\/\/i0.wp.com\/www.grieta.org.mx\/wp-content\/uploads\/2020\/06\/Covid_maquiladora21062020.jpg?resize=700%2C400 2x"},"classes":[]},{"id":49715,"url":"http:\/\/www.grieta.org.mx\/index.php\/2020\/05\/19\/en-matamoros-se-perdieron-mas-de-2-mil-empleos-de-enero-a-abril-tamaulipas\/","url_meta":{"origin":50101,"position":5},"title":"En Matamoros se perdieron m\u00e1s de 2 mil empleos de enero a abril (Tamaulipas)","author":"grieta","date":"19 mayo, 2020","format":false,"excerpt":"\u00c1ngel Arias\/Hoy T.am 19 mayo 2020 La industria de la transformaci\u00f3n (maquiladoras) perdi\u00f3 mil 496 empleos, por su parte, el rubro de la construcci\u00f3n dej\u00f3 ir a mil 200 trabajadores y las empresas prestadoras de servicios corrieron a casi 200 empresas. Matamoros, Tamaulipas. - De acuerdo a las estad\u00edsticas que\u2026","rel":"","context":"En &quot;CINTILLO&quot;","block_context":{"text":"CINTILLO","link":"http:\/\/www.grieta.org.mx\/index.php\/category\/cintillo\/"},"img":{"alt_text":"","src":"https:\/\/i0.wp.com\/www.grieta.org.mx\/wp-content\/uploads\/2020\/05\/En-Matamoros-se-perdieron-mas-de-2-mil-empleos-de-enero-a-abril.jpg?resize=350%2C200","width":350,"height":200,"srcset":"https:\/\/i0.wp.com\/www.grieta.org.mx\/wp-content\/uploads\/2020\/05\/En-Matamoros-se-perdieron-mas-de-2-mil-empleos-de-enero-a-abril.jpg?resize=350%2C200 1x, https:\/\/i0.wp.com\/www.grieta.org.mx\/wp-content\/uploads\/2020\/05\/En-Matamoros-se-perdieron-mas-de-2-mil-empleos-de-enero-a-abril.jpg?resize=525%2C300 1.5x, https:\/\/i0.wp.com\/www.grieta.org.mx\/wp-content\/uploads\/2020\/05\/En-Matamoros-se-perdieron-mas-de-2-mil-empleos-de-enero-a-abril.jpg?resize=700%2C400 2x"},"classes":[]}],"_links":{"self":[{"href":"http:\/\/www.grieta.org.mx\/index.php\/wp-json\/wp\/v2\/posts\/50101","targetHints":{"allow":["GET"]}}],"collection":[{"href":"http:\/\/www.grieta.org.mx\/index.php\/wp-json\/wp\/v2\/posts"}],"about":[{"href":"http:\/\/www.grieta.org.mx\/index.php\/wp-json\/wp\/v2\/types\/post"}],"author":[{"embeddable":true,"href":"http:\/\/www.grieta.org.mx\/index.php\/wp-json\/wp\/v2\/users\/2"}],"replies":[{"embeddable":true,"href":"http:\/\/www.grieta.org.mx\/index.php\/wp-json\/wp\/v2\/comments?post=50101"}],"version-history":[{"count":1,"href":"http:\/\/www.grieta.org.mx\/index.php\/wp-json\/wp\/v2\/posts\/50101\/revisions"}],"predecessor-version":[{"id":50103,"href":"http:\/\/www.grieta.org.mx\/index.php\/wp-json\/wp\/v2\/posts\/50101\/revisions\/50103"}],"wp:featuredmedia":[{"embeddable":true,"href":"http:\/\/www.grieta.org.mx\/index.php\/wp-json\/wp\/v2\/media\/50102"}],"wp:attachment":[{"href":"http:\/\/www.grieta.org.mx\/index.php\/wp-json\/wp\/v2\/media?parent=50101"}],"wp:term":[{"taxonomy":"category","embeddable":true,"href":"http:\/\/www.grieta.org.mx\/index.php\/wp-json\/wp\/v2\/categories?post=50101"},{"taxonomy":"post_tag","embeddable":true,"href":"http:\/\/www.grieta.org.mx\/index.php\/wp-json\/wp\/v2\/tags?post=50101"}],"curies":[{"name":"wp","href":"https:\/\/api.w.org\/{rel}","templated":true}]}}