{"id":50091,"date":"2020-05-27T16:06:36","date_gmt":"2020-05-27T21:06:36","guid":{"rendered":"http:\/\/www.grieta.org.mx\/?p=50091"},"modified":"2020-06-01T18:34:07","modified_gmt":"2020-06-01T23:34:07","slug":"trabajadores-de-la-plataforma-sandunga-piden-ser-desalojados-campeche","status":"publish","type":"post","link":"http:\/\/www.grieta.org.mx\/index.php\/2020\/05\/27\/trabajadores-de-la-plataforma-sandunga-piden-ser-desalojados-campeche\/","title":{"rendered":"Trabajadores de la plataforma Sandunga piden ser desalojados (Campeche)"},"content":{"rendered":"<p><img loading=\"lazy\" decoding=\"async\" data-attachment-id=\"50092\" data-permalink=\"http:\/\/www.grieta.org.mx\/index.php\/2020\/05\/27\/trabajadores-de-la-plataforma-sandunga-piden-ser-desalojados-campeche\/plataformacampeche\/\" data-orig-file=\"http:\/\/www.grieta.org.mx\/wp-content\/uploads\/2020\/06\/PlataformaCampeche.png\" data-orig-size=\"653,434\" data-comments-opened=\"0\" data-image-meta=\"{&quot;aperture&quot;:&quot;0&quot;,&quot;credit&quot;:&quot;&quot;,&quot;camera&quot;:&quot;&quot;,&quot;caption&quot;:&quot;&quot;,&quot;created_timestamp&quot;:&quot;0&quot;,&quot;copyright&quot;:&quot;&quot;,&quot;focal_length&quot;:&quot;0&quot;,&quot;iso&quot;:&quot;0&quot;,&quot;shutter_speed&quot;:&quot;0&quot;,&quot;title&quot;:&quot;&quot;,&quot;orientation&quot;:&quot;0&quot;}\" data-image-title=\"PlataformaCampeche\" data-image-description=\"\" data-image-caption=\"\" data-medium-file=\"http:\/\/www.grieta.org.mx\/wp-content\/uploads\/2020\/06\/PlataformaCampeche-300x199.png\" data-large-file=\"http:\/\/www.grieta.org.mx\/wp-content\/uploads\/2020\/06\/PlataformaCampeche.png\" src=\"http:\/\/www.grieta.org.mx\/wp-content\/uploads\/2020\/06\/PlataformaCampeche.png\" alt=\"\" width=\"653\" height=\"434\" class=\"aligncenter size-full wp-image-50092\" srcset=\"http:\/\/www.grieta.org.mx\/wp-content\/uploads\/2020\/06\/PlataformaCampeche.png 653w, http:\/\/www.grieta.org.mx\/wp-content\/uploads\/2020\/06\/PlataformaCampeche-300x199.png 300w\" sizes=\"auto, (max-width: 653px) 100vw, 653px\" \/><\/p>\n<blockquote><p>&#8220;Tenemos temor por nuestra salud y por nuestras vidas&#8221;, se\u00f1alan<\/p><\/blockquote>\n<p>Texto y foto: Gabriel Graniel Herrera, corresponsal \/La Jornada Maya<\/p>\n<p>Ciudad del Carmen, Campeche<\/p>\n<p>Al asegurar que la permanencia de personal contagiado de COVID-19, a bordo de la plataforma autoelevable Sandunga, se ha convertido en un foco de infecci\u00f3n para los obreros que laboran en estas instalaciones, trabajadores de Petr\u00f3leos Mexicanos (Pemex) y de empresas que le brindan servicios costa afuera, solicitan a la Secretar\u00eda del Trabajo y Previsi\u00f3n Social (STPS), el inmediato desalojo de estas instalaciones.<\/p>\n<p>Denunciaron que en reiteradas ocasiones, a trav\u00e9s de correos electr\u00f3nicos y de las redes sociales, han pedido el apoyo del director general de Pemex, Octavio Romero Oropeza y del secretario general de la Secci\u00f3n 42 del Sindicato de Trabajadores Petroleros de la Rep\u00fablica Mexicana (STPRM), Luis Gerardo P\u00e9rez S\u00e1nchez, el desalojo de la plataforma, quienes han hecho caso omiso a sus peticiones, mientras que el n\u00famero de personal bajado a tierra por presentar cuadros febriles y padecimientos respiratorios aumenta.<\/p>\n<p>Temor<\/p>\n<p>\u201cTenemos temor por nuestra salud y por nuestras vidas, ya que son muchos los compa\u00f1eros trabajadores de Pemex y de compa\u00f1\u00edas, quienes se encuentran en aislamiento en las mismas instalaciones, sin que se les autorice bajar a revisi\u00f3n m\u00e9dica, provocan que el virus del Sars CoV 2, permanezca en la plataforma\u201d.<\/p>\n<p>Los trabajadores petroleros, quienes solicitaron el anonimato por temor a la represalias, indicaron que desde algunas semanas, varios compa\u00f1eros mostraron s\u00edntomas de la enfermedad COVID-19, sin embargo, no fueron bajados, sino hasta el final de las guardias, de los cuales, se tienen conocimiento que al menos ochos de ellos, dieron positivo en las pruebas de diagn\u00f3stico, algunos incluso, permanecen hospitalizados.<\/p>\n<p>Expresaron que tan solo el fin de semana, a ocho trabajadores m\u00e1s fueron bajados para revisi\u00f3n m\u00e9dica, con s\u00edntomas de Covid 19, pero hay otras m\u00e1s personas que presentan s\u00edntomas similares, que permanecen aisladas en estas instalaciones y que ponen en riesgo a todo el personal de la plataforma Sandunga.<\/p>\n<p>Negligencia<\/p>\n<p>Responsabilizaron de las consecuencias de su negligencia y omisi\u00f3n, al hacer o\u00eddos sordos al llamado que hacen de ser evacuados y que las instalaciones sean sanitizadas, al director general de Pemex, Octavio Romero Oropeza, quien demuestra que su \u00fanico inter\u00e9s es la producci\u00f3n y sus metas; as\u00ed como el dirigente de la Secci\u00f3n 42 del STPRM, Luis Gerardo P\u00e9rez S\u00e1nchez, quien se encuentra escondido, sin dar la cara o hacer algo por defender los derechos de los obreros.<\/p>\n<p>Asimismo mencionaron, que dentro del personal que se encuentra m\u00e1s expuesto al contagio de la enfermedad a bordo de esta plataforma, son los trabajadores de la empresa Finestra, la cual carece de los equipos de protecci\u00f3n necesarios, para su seguridad.<\/p>\n<p>Hicieron un llamado a la Secretar\u00eda del Trabajo y Previsi\u00f3n Social (STPS), as\u00ed como a la Comisi\u00f3n Nacional de los Derechos Humanos (CNDH), y al presidente de M\u00e9xico, Andr\u00e9s Manuel L\u00f3pez Obrador, para que intervengan para que sea evacuada esta instalaci\u00f3n, que el personal sea sometido a revisi\u00f3n m\u00e9dica y que sean desinfectadas y sanitizadas, todas las \u00e1reas de la misma.<\/p>\n<p>Edici\u00f3n: Enrique \u00c1lvarez<\/p>\n<p><a href=\"https:\/\/www.lajornadamaya.mx\/2020-05-27\/Trabajadores-de-la-plataforma-Sandunga-piden-ser-desalojados\" rel=\"noopener noreferrer\" target=\"_blank\">https:\/\/www.lajornadamaya.mx\/2020-05-27\/Trabajadores-de-la-plataforma-Sandunga-piden-ser-desalojados<\/a><\/p>\n","protected":false},"excerpt":{"rendered":"<p>&#8220;Tenemos temor por nuestra salud y por nuestras vidas&#8221;, se\u00f1alan Texto y foto: Gabriel Graniel Herrera, corresponsal \/La Jornada Maya Ciudad del Carmen, Campeche Al asegurar que la permanencia de &hellip; <a href=\"http:\/\/www.grieta.org.mx\/index.php\/2020\/05\/27\/trabajadores-de-la-plataforma-sandunga-piden-ser-desalojados-campeche\/\" class=\"more-link\">Leer m\u00e1s<\/a><\/p>\n","protected":false},"author":2,"featured_media":50092,"comment_status":"closed","ping_status":"closed","sticky":false,"template":"","format":"standard","meta":{"ngg_post_thumbnail":0,"_jetpack_newsletter_access":"","_jetpack_dont_email_post_to_subs":false,"_jetpack_newsletter_tier_id":0,"_jetpack_memberships_contains_paywalled_content":false,"_jetpack_memberships_contains_paid_content":false,"footnotes":""},"categories":[11,80,1040,3280,2],"tags":[3241,125],"class_list":["post-50091","post","type-post","status-publish","format-standard","has-post-thumbnail","hentry","category-campeche","category-cintillo","category-conflictos-laborales-en-campeche","category-cocid-19-en-campeche","category-noticias-nacionales","tag-covid-19","tag-pemex","entry"],"jetpack_featured_media_url":"http:\/\/www.grieta.org.mx\/wp-content\/uploads\/2020\/06\/PlataformaCampeche.png","jetpack_sharing_enabled":true,"jetpack_shortlink":"https:\/\/wp.me\/p7ZJR4-d1V","jetpack_likes_enabled":false,"jetpack-related-posts":[{"id":47751,"url":"http:\/\/www.grieta.org.mx\/index.php\/2020\/04\/10\/trasladan-a-trabajadores-petroleros-de-abkatun-por-sospecha-de-covid-19-campeche\/","url_meta":{"origin":50091,"position":0},"title":"Trasladan a trabajadores petroleros de Abkat\u00fan por sospecha de COVID-19 (Campeche)","author":"grieta","date":"10 abril, 2020","format":false,"excerpt":"Gabriel Graniel Herrera \/ Foto: Notimex \/ La Jornada Maya Ciudad del Carmen, Campeche S\u00e1bado 10 de abril, 2020 Por presentar cuadro febriles y s\u00edntomas de COVID-19, cuatro trabajadores petroleros fueron trasladados a tierra, de la plataforma Abkat\u00fan Alfa de Petr\u00f3leos Mexicanos (Pemex) en la Sonda de Campeche; mientras que\u2026","rel":"","context":"En &quot;Campeche&quot;","block_context":{"text":"Campeche","link":"http:\/\/www.grieta.org.mx\/index.php\/category\/noticias-nacionales\/campeche\/"},"img":{"alt_text":"","src":"https:\/\/i0.wp.com\/www.grieta.org.mx\/wp-content\/uploads\/2020\/04\/PemexCampeche.png?resize=350%2C200","width":350,"height":200,"srcset":"https:\/\/i0.wp.com\/www.grieta.org.mx\/wp-content\/uploads\/2020\/04\/PemexCampeche.png?resize=350%2C200 1x, https:\/\/i0.wp.com\/www.grieta.org.mx\/wp-content\/uploads\/2020\/04\/PemexCampeche.png?resize=525%2C300 1.5x"},"classes":[]},{"id":42966,"url":"http:\/\/www.grieta.org.mx\/index.php\/2020\/01\/07\/un-incendio-en-una-plataforma-de-pemex-en-campeche-deja-tres-heridos\/","url_meta":{"origin":50091,"position":1},"title":"Un incendio en una plataforma de Pemex en Campeche deja tres heridos","author":"grieta","date":"7 enero, 2020","format":false,"excerpt":"Rosa Santana \/ Proceso CIUDAD DEL CARMEN, Cam. (apro). \u2013 Un incendio registrado esta ma\u00f1ana en la plataforma Akal-C 6 de Pemex, ubicada en la Sonda de Campeche, dej\u00f3 un saldo de tres trabajadores lesionados. El incidente ocurri\u00f3 aproximadamente a las 10:00 horas de este martes en el lado oeste\u2026","rel":"","context":"En &quot;Campeche&quot;","block_context":{"text":"Campeche","link":"http:\/\/www.grieta.org.mx\/index.php\/category\/noticias-nacionales\/campeche\/"},"img":{"alt_text":"","src":"https:\/\/i0.wp.com\/www.grieta.org.mx\/wp-content\/uploads\/2020\/01\/Pemex_Campeche-870x522-e1578770327600.jpg?resize=350%2C200","width":350,"height":200,"srcset":"https:\/\/i0.wp.com\/www.grieta.org.mx\/wp-content\/uploads\/2020\/01\/Pemex_Campeche-870x522-e1578770327600.jpg?resize=350%2C200 1x, https:\/\/i0.wp.com\/www.grieta.org.mx\/wp-content\/uploads\/2020\/01\/Pemex_Campeche-870x522-e1578770327600.jpg?resize=525%2C300 1.5x, https:\/\/i0.wp.com\/www.grieta.org.mx\/wp-content\/uploads\/2020\/01\/Pemex_Campeche-870x522-e1578770327600.jpg?resize=700%2C400 2x"},"classes":[]},{"id":1726,"url":"http:\/\/www.grieta.org.mx\/index.php\/2016\/02\/07\/planean-cadenas-productivas-petroleras-en-la-sonda-campeche-donde-la-explosiones-y-los-accidentes-no-cesan\/","url_meta":{"origin":50091,"position":2},"title":"Planean cadenas productivas petroleras en La Sonda, Campeche, donde la explosiones y los accidentes no cesan","author":"grieta","date":"7 febrero, 2016","format":false,"excerpt":"07\/02\/16. Incendio en plataforma de Pemex de Abkat\u00fan deja tres muertos El Financiero 25\/01\/16. Temen tragedias en plataformas petroleras de Pemex por reducci\u00f3n presupuestal Jorge Castro Comunicaci\u00f3n Digital 24\/01\/16. Nueva explosi\u00f3n de Pemex en la Sonda de Campeche P\u00e1gin@bierta 20\/10\/15. Campeche tendr\u00e1 cadenas productivas para industria petrolera El Financiero 28\/08\/15.\u2026","rel":"","context":"En &quot;Campeche&quot;","block_context":{"text":"Campeche","link":"http:\/\/www.grieta.org.mx\/index.php\/category\/noticias-nacionales\/campeche\/"},"img":{"alt_text":"","src":"https:\/\/i0.wp.com\/www.grieta.org.mx\/wp-content\/uploads\/2018\/03\/14524434_1106112876131411_958039263622046936_o.jpg?resize=350%2C200","width":350,"height":200,"srcset":"https:\/\/i0.wp.com\/www.grieta.org.mx\/wp-content\/uploads\/2018\/03\/14524434_1106112876131411_958039263622046936_o.jpg?resize=350%2C200 1x, https:\/\/i0.wp.com\/www.grieta.org.mx\/wp-content\/uploads\/2018\/03\/14524434_1106112876131411_958039263622046936_o.jpg?resize=525%2C300 1.5x, https:\/\/i0.wp.com\/www.grieta.org.mx\/wp-content\/uploads\/2018\/03\/14524434_1106112876131411_958039263622046936_o.jpg?resize=700%2C400 2x"},"classes":[]},{"id":1734,"url":"http:\/\/www.grieta.org.mx\/index.php\/2015\/05\/05\/mueren-dos-trabajadores-por-accidente-en-plataforma-pemex\/","url_meta":{"origin":50091,"position":3},"title":"Mueren dos trabajadores por accidente en plataforma: Pemex","author":"grieta","date":"5 mayo, 2015","format":false,"excerpt":"La plataforma Troll Solution, propiedad de la empresa Typhoon, se lade\u00f3 cuando se estaba posicionando para dar servicio de mantenimiento a pozos por lo que 101 trabajadores tuvieron que ser desalojados, inform\u00f3 Petr\u00f3leos Mexicanos. CIUDAD DE M\u00c9XICO.- Dos trabajadores murieron este martes luego de que una plataforma en la Sonda\u2026","rel":"","context":"En &quot;campeche&quot;","block_context":{"text":"campeche","link":"http:\/\/www.grieta.org.mx\/index.php\/category\/campeche\/"},"img":{"alt_text":"","src":"https:\/\/i0.wp.com\/www.grieta.org.mx\/wp-content\/uploads\/2018\/03\/14524434_1106112876131411_958039263622046936_o.jpg?resize=350%2C200","width":350,"height":200,"srcset":"https:\/\/i0.wp.com\/www.grieta.org.mx\/wp-content\/uploads\/2018\/03\/14524434_1106112876131411_958039263622046936_o.jpg?resize=350%2C200 1x, https:\/\/i0.wp.com\/www.grieta.org.mx\/wp-content\/uploads\/2018\/03\/14524434_1106112876131411_958039263622046936_o.jpg?resize=525%2C300 1.5x, https:\/\/i0.wp.com\/www.grieta.org.mx\/wp-content\/uploads\/2018\/03\/14524434_1106112876131411_958039263622046936_o.jpg?resize=700%2C400 2x"},"classes":[]},{"id":1742,"url":"http:\/\/www.grieta.org.mx\/index.php\/2015\/05\/05\/otro-accidente-en-la-sonda-de-campeche-confirma-pemex-2-muertos-y-mas-de-100-evacuados-por-percance-en-plataforma-troll-solution\/","url_meta":{"origin":50091,"position":4},"title":"Otro Accidente en la Sonda de Campeche: Confirma Pemex 2 muertos y m\u00e1s de 100 evacuados por percance en plataforma \u2018Troll Solution\u2019","author":"grieta","date":"5 mayo, 2015","format":false,"excerpt":"La plataforma Troll Solution, instalada frente a costas de Campeche en el Golfo de M\u00e9xico, habr\u00eda sufrido un accidente este martes por el que se lade\u00f3, inform\u00f3 Petr\u00f3leos Mexicanos (Pemex). Dos personas murieron tras el incidente, confirm\u00f3 la paraestatal en su cuenta de Twitter. En su cuenta de Twitter, la\u2026","rel":"","context":"En &quot;campeche&quot;","block_context":{"text":"campeche","link":"http:\/\/www.grieta.org.mx\/index.php\/category\/campeche\/"},"img":{"alt_text":"","src":"https:\/\/i0.wp.com\/www.grieta.org.mx\/wp-content\/uploads\/2018\/03\/14524434_1106112876131411_958039263622046936_o.jpg?resize=350%2C200","width":350,"height":200,"srcset":"https:\/\/i0.wp.com\/www.grieta.org.mx\/wp-content\/uploads\/2018\/03\/14524434_1106112876131411_958039263622046936_o.jpg?resize=350%2C200 1x, https:\/\/i0.wp.com\/www.grieta.org.mx\/wp-content\/uploads\/2018\/03\/14524434_1106112876131411_958039263622046936_o.jpg?resize=525%2C300 1.5x, https:\/\/i0.wp.com\/www.grieta.org.mx\/wp-content\/uploads\/2018\/03\/14524434_1106112876131411_958039263622046936_o.jpg?resize=700%2C400 2x"},"classes":[]},{"id":1737,"url":"http:\/\/www.grieta.org.mx\/index.php\/2015\/05\/05\/typhoon-investiga-accidente-en-plataforma-de-campeche\/","url_meta":{"origin":50091,"position":5},"title":"Typhoon investiga accidente en plataforma de Campeche","author":"grieta","date":"5 mayo, 2015","format":false,"excerpt":"La empresa confirm\u00f3 la muerte de dos de sus trabajadores, mientras que 10 m\u00e1s resultaron heridos cuando la plataforma se posicionaba para dar servicio de mantenimiento a pozos en el Golfo de M\u00e9xico. 05.05.2015 CIUDAD DE M\u00c9XICO.- La empresa Typhoon Offshore -en asociaci\u00f3n con Harren & Partner- inform\u00f3 que en\u2026","rel":"","context":"En &quot;campeche&quot;","block_context":{"text":"campeche","link":"http:\/\/www.grieta.org.mx\/index.php\/category\/campeche\/"},"img":{"alt_text":"","src":"https:\/\/i0.wp.com\/www.grieta.org.mx\/wp-content\/uploads\/2018\/03\/14524434_1106112876131411_958039263622046936_o.jpg?resize=350%2C200","width":350,"height":200,"srcset":"https:\/\/i0.wp.com\/www.grieta.org.mx\/wp-content\/uploads\/2018\/03\/14524434_1106112876131411_958039263622046936_o.jpg?resize=350%2C200 1x, https:\/\/i0.wp.com\/www.grieta.org.mx\/wp-content\/uploads\/2018\/03\/14524434_1106112876131411_958039263622046936_o.jpg?resize=525%2C300 1.5x, https:\/\/i0.wp.com\/www.grieta.org.mx\/wp-content\/uploads\/2018\/03\/14524434_1106112876131411_958039263622046936_o.jpg?resize=700%2C400 2x"},"classes":[]}],"_links":{"self":[{"href":"http:\/\/www.grieta.org.mx\/index.php\/wp-json\/wp\/v2\/posts\/50091","targetHints":{"allow":["GET"]}}],"collection":[{"href":"http:\/\/www.grieta.org.mx\/index.php\/wp-json\/wp\/v2\/posts"}],"about":[{"href":"http:\/\/www.grieta.org.mx\/index.php\/wp-json\/wp\/v2\/types\/post"}],"author":[{"embeddable":true,"href":"http:\/\/www.grieta.org.mx\/index.php\/wp-json\/wp\/v2\/users\/2"}],"replies":[{"embeddable":true,"href":"http:\/\/www.grieta.org.mx\/index.php\/wp-json\/wp\/v2\/comments?post=50091"}],"version-history":[{"count":1,"href":"http:\/\/www.grieta.org.mx\/index.php\/wp-json\/wp\/v2\/posts\/50091\/revisions"}],"predecessor-version":[{"id":50094,"href":"http:\/\/www.grieta.org.mx\/index.php\/wp-json\/wp\/v2\/posts\/50091\/revisions\/50094"}],"wp:featuredmedia":[{"embeddable":true,"href":"http:\/\/www.grieta.org.mx\/index.php\/wp-json\/wp\/v2\/media\/50092"}],"wp:attachment":[{"href":"http:\/\/www.grieta.org.mx\/index.php\/wp-json\/wp\/v2\/media?parent=50091"}],"wp:term":[{"taxonomy":"category","embeddable":true,"href":"http:\/\/www.grieta.org.mx\/index.php\/wp-json\/wp\/v2\/categories?post=50091"},{"taxonomy":"post_tag","embeddable":true,"href":"http:\/\/www.grieta.org.mx\/index.php\/wp-json\/wp\/v2\/tags?post=50091"}],"curies":[{"name":"wp","href":"https:\/\/api.w.org\/{rel}","templated":true}]}}