{"id":5004,"date":"2016-03-25T01:53:09","date_gmt":"2016-03-25T01:53:09","guid":{"rendered":"http:\/\/50.22.11.12\/~grietaor\/?p=5004"},"modified":"2016-03-26T01:58:15","modified_gmt":"2016-03-26T01:58:15","slug":"ahora-es-en-papantla-3-jovenes-desaparecieron-hace-6-dias-se-los-llevaron-policias-padres","status":"publish","type":"post","link":"http:\/\/www.grieta.org.mx\/index.php\/2016\/03\/25\/ahora-es-en-papantla-3-jovenes-desaparecieron-hace-6-dias-se-los-llevaron-policias-padres\/","title":{"rendered":"Ahora es en Papantla: 3 j\u00f3venes desaparecieron hace 6 d\u00edas; se los llevaron polic\u00edas: padres"},"content":{"rendered":"<blockquote><p>Jes\u00fas Alan Ticante Olmedo, Luis Humberto Morales y Alberto Uriel P\u00e9rez Cruz son los nombres de los j\u00f3venes que desaparecieron el pasado 19 de marzo en dos hechos distintos y que fueron detenidos, dicen las familias, por elementos de la Polic\u00eda Municipal de Papantla. Han pasado seis d\u00edas. No se sabe nada de ellos.<\/p><\/blockquote>\n<p>Ciudad de M\u00e9xico, 25 de marzo (SinEmbargo).\u2013 En plena crisis pol\u00edtica por la que atraviesa el Gobernador Javier Duarte de Ochoa por la ola de violencia que vive Veracruz, y a poco m\u00e1s de dos meses de que cinco j\u00f3venes desaparecieron en Tierra Blanca, padres reportaron la desaparici\u00f3n de otros tres j\u00f3venes en Papantla.<\/p>\n<p>Sus familias tambi\u00e9n acusan a polic\u00edas municipales de hab\u00e9rselos llevado.<\/p>\n<p>Jes\u00fas Alan Ticante Olmedo, Luis Humberto Morales y Alberto Uriel P\u00e9rez Cruz son los nombres de quienes desaparecieron en dos hechos distintos el pasado 19 de marzo, de acuerdo a la informaci\u00f3n dada a conocer por los padres durante la protesta que realizaron ayer jueves frente al Palacio Municipal de Papantla y en donde exigieron que se les informe el paradero de sus hijos.<\/p>\n<p>Luis Humberto y Alberto Uriel P\u00e9rez Cruz desaparecieron juntos. Ninfa Cruz N\u00e1jera, madre de Alberto, relat\u00f3 que a su hijo lo persigui\u00f3 una patrulla de la Polic\u00eda Municipal y se lo llev\u00f3:<\/p>\n<p>\u201cLo correte\u00f3 una patrulla de la Polic\u00eda Municipal y les dispar\u00f3, las llantas de su veh\u00edculo se le poncharon sobre la calle Francisco Villa. Ah\u00ed fueron detenidos\u201d, dijo al medio local Al Calor Pol\u00edtico.<br \/>\nDesde ah\u00ed no ha vuelto a saber de \u00e9l.<\/p>\n<p>La mujer detall\u00f3 que su nuera fue quien presenci\u00f3 los hechos y se\u00f1al\u00f3 que las patrullas 084, 060, 061 de la Polic\u00eda de Papantla fueron las que participaron en la detenci\u00f3n.<\/p>\n<p>Inform\u00f3 que acudi\u00f3 a las oficinas de la Procuradur\u00eda General de la Rep\u00fablica, la Polic\u00eda Federal, entre otros lugares y municipios sin que obtuviera respuesta de la ubicaci\u00f3n de Alberto Uriel., quien, de acuerdo a medios locales, trabajaba como taxista y alba\u00f1il.<\/p>\n<p>A su vez, Humberto Morales P\u00e9rez, padre de Luis Humberto, se\u00f1al\u00f3 directamente que a su hijo se lo llev\u00f3 la patrulla 84 y asegur\u00f3 que tambi\u00e9n ha recorrido oficinas de gobierno y no ha podido obtener informaci\u00f3n.<\/p>\n<p>Mientras que Jes\u00fas Alan Ticante Olmedo sali\u00f3 por la ma\u00f1ana de su domicilio ubicado en la colonia Emiliano Zapata para ver a su abuela y no lleg\u00f3, Tras ello sus familiares se dieron a la tarea de buscarlo y un familiar les coment\u00f3 que lo vio la altura del mercado del \u201cTarro\u201d, donde se realizaba un operativo polic\u00edaco ese d\u00eda. Tampoco se tiene indicios de su paradero.<\/p>\n<p>promo desaparecidos veracriz<\/p>\n<p>DUARTE EN CRISIS<\/p>\n<p>Este a\u00f1o 12 estados renovar\u00e1n gubernaturas, el priista Javier Duarte de Ochoa es uno de los que se va. Su administraci\u00f3n en Veracruz estuvo marcada por la ola de violencia, pobreza y deuda, adem\u00e1s de convertir al estado en el m\u00e1s riesgoso para el ejercicio period\u00edstico, de acuerdo con estad\u00edsticas oficiales y de organizaciones.<\/p>\n<p>A principios de este mes corrieron rumores de la posible renuncia del Gobernador. Fuentes consultadas por SinEmbargo revelaron que Duarte de Ochoa atravesaba por una presi\u00f3n in\u00e9dita para que deje su cargo. Ya no era s\u00f3lo una exigencia desde la sociedad civil, sino tambi\u00e9n desde su partido, el Revolucionario Institucional (PRI), y desde el Gobierno federal. Y las se\u00f1ales enviadas por esos d\u00edas parec\u00edan confirmarlo.<\/p>\n<p>Duarte de Ochoa no fue recibido a finales de febrero por el Secretario de Gobernaci\u00f3n, Miguel \u00c1ngel Osorio Chong. El dato, que pudiera ser un simple tema de agenda, se hizo p\u00fablico. Para algunos observadores \u00e9sta fue la \u00faltima se\u00f1al que el Gobierno federal env\u00eda a Duarte. Pero no es la \u00fanica.<\/p>\n<p>\u201cHay muchas se\u00f1ales. Por ejemplo \u2013explic\u00f3 una fuente a SinEmbargo\u2013, el hecho de que la Polic\u00eda Federal [su Comisionado, Enrique Francisco Galindo Ceballos] y una Subsecretar\u00eda de Gobernaci\u00f3n [el Subsecretario de Derechos Humanos, Roberto Campa Cifri\u00e1n] hayan dicho que el caso Tierra Blanca no se resuelve con las declaraciones de los polic\u00edas detenidos, tiene un significado. Los polic\u00edas dijeron que los j\u00f3venes fueron entregados a criminales, quienes los mataron y los incineraron. El Gobierno federal dice que esas declaraciones no resuelven el caso. Eso significa que se le perdi\u00f3 la confianza al gobierno local, y no hay contactos de calidad, de primeros niveles. El Gobierno federal sospecha que, en su urgencia por resolver alguna de las crisis abiertas, hayan torturado a esos polic\u00edas para que se declararan culpables\u201d.<\/p>\n<p>Cinco j\u00f3venes fueron secuestrados en Tierra Blanca, Veracruz, hace m\u00e1s de dos meses. Esto abri\u00f3 la \u00faltima gran crisis a la administraci\u00f3n estatal.<\/p>\n<p>Organizaciones civiles y miembros de la sociedad civil, activistas, acad\u00e9micos, periodistas, estudiantes y partidos de oposici\u00f3n han exigido que deje el puesto, desde hace al menos dos a\u00f1os. Pero la demanda se ha acentuado en las \u00faltimas semanas, con marchas y manifestaciones. Hay reclamos en el plano civil y en el pol\u00edtico por la violencia en el estado, la participaci\u00f3n de polic\u00edas en la desaparici\u00f3n de hombres y mujeres, los asesinatos y secuestros de periodistas, el aumento de la deuda p\u00fablica y un desorden en las finanzas reflejado en el \u00faltimo informe de la Auditor\u00eda Superior de la Federaci\u00f3n (ASF).<\/p>\n<p>DE CONFLICTO EN CONFLICTO<\/p>\n<p>TIERRA BLANCA: Cinco j\u00f3venes, entre ellos una menor de 16 a\u00f1os, fueron detenidos y luego desaparecidos por polic\u00edas municipales en Tierra Blanca cuando regresaban hacia su ciudad natal, Playa Vicente, el 11 de enero. De inmediato los padres se movilizaron y se plantaron frente a las oficinas de la Fiscal\u00eda de Veracruz en el municipio en el que sus hijos fueron vistos por \u00faltima vez para exigir que las autoridades dieran con su paradero.<\/p>\n<p>Por el caso, ocho polic\u00edas han sido detenidos, entre ellos, el delegado de la Secretar\u00eda de Seguridad P\u00fablica de Tierra Blanca, Marcos Conde Hern\u00e1ndez, quien ha sido relacionado con m\u00e1s desapariciones en esa ciudad. Ayer, el subsecretario de de Derechos Humanos de la Secretar\u00eda de Gobernaci\u00f3n, dio a conocer la declaraci\u00f3n del \u00faltimo agente detenido. Quien asever\u00f3 que los j\u00f3venes fueron \u201cquemados, posteriormente fueron molidos, seguramente en un molino de ca\u00f1a, y fueron tirados a un peque\u00f1o r\u00edo\u201d.<\/p>\n<p>Tierra Blanca, ahond\u00f3 la herida abierta por el caso Iguala debido a la similitud entre ambos sucesos.<\/p>\n<p>CONTRA LA UV: El pasado 29 de febrero, la recorta de la Universidad Veracruzana, Sara Ladr\u00f3n Guevara, denunci\u00f3 que el Gobierno de Javier Duarte de Ochoa, no s\u00f3lo debe a la instituci\u00f3n 2 mil 700 millones de pesos, tampoco ha otorgado los recursos presupuestados para 2016. Acad\u00e9micos han alertado que el Gobierno estatal est\u00e1 \u201casfixiando\u201d y dando una \u201cmuerte lenta\u201d a la casa de estudios.<\/p>\n<p>El pasado 10 de marzo, cientos de estudiantes tomaron las calles de diversos municipios, entre ellos Xalapa, Boca del R\u00edo y en Veracruz, para protestar en contra del Gobierno de Duarte de Ochoa, por la deuda que tiene con la Universidad, y en rechazo de la reducci\u00f3n del presupuesto universitario. A las protestas en defensa de UV, se sumaron profesores, investigadores, personas administrativos, pensionados y ciudadanos en general.<\/p>\n<p>HOMICIDIOS: La cifra de homicidios dolosos se dispar\u00f3 durante el Gobierno de Javier Duarte, en comparaci\u00f3n con el del tambi\u00e9n priista Fidel Herrera. Pues a cinco a\u00f1os y dos meses de Duarte en Veracruz, hasta enero de 2016, se acumulaban ya 3 mil 919 asesinatos, mientras durante el sexenio de Herrara se registraron unos 2 mil 755 homicidios, seg\u00fan datos del Secretariado Ejecutivo del Sistema Nacional de Seguridad P\u00fablica (SESNSP).<\/p>\n<p>Los asesinatos en Veracruz no han disminuido durante ning\u00fan a\u00f1o del Gobierno de Duarte frente a los de su antecesor. Por ejemplo, uno de los a\u00f1os en que la entidad registr\u00f3 un menor n\u00famero de estos delitos durante los \u00faltimos once a\u00f1os, fue en 2009, con Fidel Herrera, cuando se contabilizaron 347. De ah\u00ed, s\u00f3lo en 2014, Veracruz ha visto una disminuci\u00f3n cuando hubo al menos 487 asesinatos. Durante enero de este a\u00f1o, ya se hab\u00edan registrado 80.<\/p>\n<p>DESAPARECIDOS: Colectivos de Veracruz dan cuenta de al menos 91 desaparecidos de 2010 a la fecha en esa entidad. Las caracter\u00edsticas de las v\u00edctimas: mujeres de entre 14 y 24 a\u00f1os de edad, hombres entre los 14 y 35.  En ese ambiente, los colectivos alertaron tambi\u00e9n que el n\u00famero de desaparecidos se incrementa cada d\u00eda sin que las autoridades implementen una b\u00fasqueda efectiva de los ausentes. Adem\u00e1s acusan al gobierno de Duarte de Ochoa de \u201ccriminalizar a las v\u00edctimas\u201d al cuestionar las razones de su desaparici\u00f3n.<\/p>\n<p>PERIODISTAS ASESINADOS: Durante la gesti\u00f3n de Duarte, al menos 19 periodistas de Veracruz han sido asesinados, de acuerdo con datos de la organizaci\u00f3n internacional Art\u00edculo 19. Anabel Flores Salazar, reportera de El Sol de Orizaba, fue la \u00faltima asesinada. La periodista fue sustra\u00edda de su domicilio y d\u00edas despu\u00e9s su cuerpo hallado en Puebla, con signos de tortura.<\/p>\n<p>Al menos dos comunicadores permanecen en calidad de desaparecidos: Sergio Landa, desde 2011y Gabriel Fonseca, 2013.<\/p>\n<p>Adem\u00e1s, tan s\u00f3lo en 2015 cuatro periodistas se vieron obligados a dejar la entidad y se registraron 66 agresiones contra comunicadores, seg\u00fan informaci\u00f3n dada a conocer por la asociaci\u00f3n protectora de a libertad de expresi\u00f3n.<\/p>\n<p>DESV\u00cdOS: En su revisi\u00f3n, la Auditor\u00eda Superior de la Federaci\u00f3n report\u00f3 irregularidades en la cuenta p\u00fablica de 2014 de Veracruz, en todos los rubros del gasto federalizado \u2013educaci\u00f3n, salud, infraestructura y seguridad p\u00fablica. Fueron m\u00e1s de 50 las auditor\u00edas practicadas a la Cuenta de P\u00fablica 2014 del gobierno de Javier Duarte, cuyo resultado m\u00e1s relevante es el presunto da\u00f1o patrimonial por 10 mil 518 millones de pesos s\u00f3lo para las dependencias que acumulan los quebrantos m\u00e1s importantes.<\/p>\n<p>En su tabulador que denomina \u201cmonto de las acciones con impacto econ\u00f3mico\u201d en las que ha incurrido cada estado, Veracruz aparece en primer lugar, con 14 mil millones de pesos pendientes de solventar en 2014 y, desde 2011, 35 mil 421. El ente fiscalizador incluso reclam\u00f3 al Gobierno de Veracruz la devoluci\u00f3n de al menos 721.9 millones de pesos producto de presuntas irregularidades en el manejo de fondos federales para obras en los Juegos Centroamericanos y del Caribe 2014.<\/p>\n<p>DEUDA: De acuerdo con datos de la Secretar\u00eda de Hacienda y Cr\u00e9dito P\u00fablico, al cierre de 2015, la deuda de Veracruz sum\u00f3 45 mil 879 millones de pesos, la tercera m\u00e1s alta del pa\u00eds, s\u00f3lo por debajo de la de Ciudad de M\u00e9xico y Nuevo Le\u00f3n. Los pasivos de la entidad se incrementaron durante los primeros cinco a\u00f1os de Duarte en el Gobierno en 20 mil 703 millones de pesos.<\/p>\n<p>Seg\u00fan los reportes dados a conocer por el Gobierno de Veracruz al cuarto trimestre de 2010, Javier Duarte recibi\u00f3 un adeudo de 21 mil 500 millones de pesos. Al cierre de 2015, la administraci\u00f3n local reconoce que la deuda total se elev\u00f3 a 42 mil 201,9 millones de pesos.<\/p>\n<p><a href=\"http:\/\/www.sinembargo.mx\/25-03-2016\/1640391\" target=\"_blank\">http:\/\/www.sinembargo.mx\/25-03-2016\/1640391<\/a><\/p>\n","protected":false},"excerpt":{"rendered":"<p>Jes\u00fas Alan Ticante Olmedo, Luis Humberto Morales y Alberto Uriel P\u00e9rez Cruz son los nombres de los j\u00f3venes que desaparecieron el pasado 19 de marzo en dos hechos distintos y &hellip; <a href=\"http:\/\/www.grieta.org.mx\/index.php\/2016\/03\/25\/ahora-es-en-papantla-3-jovenes-desaparecieron-hace-6-dias-se-los-llevaron-policias-padres\/\" class=\"more-link\">Leer m\u00e1s<\/a><\/p>\n","protected":false},"author":1,"featured_media":21928,"comment_status":"closed","ping_status":"open","sticky":false,"template":"","format":"standard","meta":{"ngg_post_thumbnail":0,"_jetpack_newsletter_access":"","_jetpack_dont_email_post_to_subs":false,"_jetpack_newsletter_tier_id":0,"_jetpack_memberships_contains_paywalled_content":false,"_jetpack_memberships_contains_paid_content":false,"footnotes":""},"categories":[80,257],"tags":[121,260],"class_list":["post-5004","post","type-post","status-publish","format-standard","has-post-thumbnail","hentry","category-cintillo","category-veracruz","tag-desaparecidos","tag-desaparicion-forzada","entry"],"jetpack_featured_media_url":"http:\/\/www.grieta.org.mx\/wp-content\/uploads\/2018\/03\/14524434_1106112876131411_958039263622046936_o.jpg","jetpack_sharing_enabled":true,"jetpack_shortlink":"https:\/\/wp.me\/p7ZJR4-1iI","jetpack_likes_enabled":false,"jetpack-related-posts":[{"id":4995,"url":"http:\/\/www.grieta.org.mx\/index.php\/2016\/03\/25\/nuevo-caso-de-jovenes-desaparecidos-en-veracruz-ahora-en-papantla\/","url_meta":{"origin":5004,"position":0},"title":"Nuevo caso de j\u00f3venes desaparecidos en Veracruz, ahora en Papantla","author":"Admin","date":"25 marzo, 2016","format":false,"excerpt":"Los padres de los j\u00f3venes desaparecidos aseguran que fueron levantados por polic\u00edas municipales. En plena crisis pol\u00edtica por la que atraviesa el Gobernador Javier Duarte de Ochoa por la ola de violencia que vive Veracruz y a poco m\u00e1s de dos meses de que cinco j\u00f3venes desaparecieron en Tierra Blanca,\u2026","rel":"","context":"En &quot;CINTILLO&quot;","block_context":{"text":"CINTILLO","link":"http:\/\/www.grieta.org.mx\/index.php\/category\/cintillo\/"},"img":{"alt_text":"","src":"https:\/\/i0.wp.com\/www.grieta.org.mx\/wp-content\/uploads\/2018\/03\/14524434_1106112876131411_958039263622046936_o.jpg?resize=350%2C200","width":350,"height":200,"srcset":"https:\/\/i0.wp.com\/www.grieta.org.mx\/wp-content\/uploads\/2018\/03\/14524434_1106112876131411_958039263622046936_o.jpg?resize=350%2C200 1x, https:\/\/i0.wp.com\/www.grieta.org.mx\/wp-content\/uploads\/2018\/03\/14524434_1106112876131411_958039263622046936_o.jpg?resize=525%2C300 1.5x, https:\/\/i0.wp.com\/www.grieta.org.mx\/wp-content\/uploads\/2018\/03\/14524434_1106112876131411_958039263622046936_o.jpg?resize=700%2C400 2x"},"classes":[]},{"id":8197,"url":"http:\/\/www.grieta.org.mx\/index.php\/2016\/03\/29\/suman-8-policias-de-papantla-detenidos-por-presunto-vinculo-con-la-desaparicion-de-3-jovenes\/","url_meta":{"origin":5004,"position":1},"title":"Suman 8 polic\u00edas de Papantla detenidos por presunto v\u00ednculo con la desaparici\u00f3n de 3 j\u00f3venes","author":"Admin","date":"29 marzo, 2016","format":false,"excerpt":"Ocho elementos de la polic\u00eda municipal de Papantla, Veracruz, fueron detenidos por las autoridades por su presunta relaci\u00f3n con el caso de la desaparici\u00f3n forzada de tres j\u00f3venes, el 19 de marzo pasado, indic\u00f3 el fiscal estatal, Luis \u00c1ngel Bravo, en entrevista con la cadena Milenio Televisi\u00f3n este lunes 28\u2026","rel":"","context":"En &quot;CINTILLO&quot;","block_context":{"text":"CINTILLO","link":"http:\/\/www.grieta.org.mx\/index.php\/category\/cintillo\/"},"img":{"alt_text":"","src":"https:\/\/i0.wp.com\/www.grieta.org.mx\/wp-content\/uploads\/2018\/03\/14524434_1106112876131411_958039263622046936_o.jpg?resize=350%2C200","width":350,"height":200,"srcset":"https:\/\/i0.wp.com\/www.grieta.org.mx\/wp-content\/uploads\/2018\/03\/14524434_1106112876131411_958039263622046936_o.jpg?resize=350%2C200 1x, https:\/\/i0.wp.com\/www.grieta.org.mx\/wp-content\/uploads\/2018\/03\/14524434_1106112876131411_958039263622046936_o.jpg?resize=525%2C300 1.5x, https:\/\/i0.wp.com\/www.grieta.org.mx\/wp-content\/uploads\/2018\/03\/14524434_1106112876131411_958039263622046936_o.jpg?resize=700%2C400 2x"},"classes":[]},{"id":10544,"url":"http:\/\/www.grieta.org.mx\/index.php\/2016\/04\/11\/a-falta-de-resultados-padres-de-desaparecidos-en-papantla-piden-a-epn-que-busque-a-sus-hijos\/","url_meta":{"origin":5004,"position":2},"title":"A falta de resultados, padres de desaparecidos en Papantla piden a EPN que busque a sus hijos","author":"grieta","date":"11 abril, 2016","format":false,"excerpt":"Los padres de Uriel P\u00e9rez y Luis Humberto Morales estar\u00e1n este lunes en la Ciudad de M\u00e9xico para demandar que las autoridades federales atraigan el caso. Denuncian que a casi un mes del caso, la Fiscal\u00eda veracruzana no les ha dado informaci\u00f3n sobre sus hijos. Familiares de Uriel, Luis Humberto\u2026","rel":"","context":"En &quot;CINTILLO&quot;","block_context":{"text":"CINTILLO","link":"http:\/\/www.grieta.org.mx\/index.php\/category\/cintillo\/"},"img":{"alt_text":"","src":"https:\/\/i0.wp.com\/www.grieta.org.mx\/wp-content\/uploads\/2018\/03\/14524434_1106112876131411_958039263622046936_o.jpg?resize=350%2C200","width":350,"height":200,"srcset":"https:\/\/i0.wp.com\/www.grieta.org.mx\/wp-content\/uploads\/2018\/03\/14524434_1106112876131411_958039263622046936_o.jpg?resize=350%2C200 1x, https:\/\/i0.wp.com\/www.grieta.org.mx\/wp-content\/uploads\/2018\/03\/14524434_1106112876131411_958039263622046936_o.jpg?resize=525%2C300 1.5x, https:\/\/i0.wp.com\/www.grieta.org.mx\/wp-content\/uploads\/2018\/03\/14524434_1106112876131411_958039263622046936_o.jpg?resize=700%2C400 2x"},"classes":[]},{"id":10560,"url":"http:\/\/www.grieta.org.mx\/index.php\/2016\/09\/12\/desaparecidos-en-veracruz\/","url_meta":{"origin":5004,"position":3},"title":"Desaparecidos en Veracruz","author":"grieta","date":"12 septiembre, 2016","format":false,"excerpt":"El Colectivo Solecito Veracruzano contin\u00faa labores de b\u00fasqueda de desaparecidos 12\/09\/16. Mujeres que buscan fosas acusan que Fiscal\u00eda de Veracruz entorpece su b\u00fasqueda Animal Pol\u00edtico 29\/08\/16. Un narcocementerio llamado Veracruz Proceso 15\/08\/16. Encuentran 37 fosas clandestinas en ocho d\u00edas en Veracruz El Financiero 15\/08\/16. Encuentran fosas clandestinas en Veracruz, suman\u2026","rel":"","context":"En &quot;Desaparecidos&quot;","block_context":{"text":"Desaparecidos","link":"http:\/\/www.grieta.org.mx\/index.php\/category\/temas-nacionales\/desaparecidos\/"},"img":{"alt_text":"","src":"https:\/\/i0.wp.com\/www.grieta.org.mx\/wp-content\/uploads\/2018\/03\/14524434_1106112876131411_958039263622046936_o.jpg?resize=350%2C200","width":350,"height":200,"srcset":"https:\/\/i0.wp.com\/www.grieta.org.mx\/wp-content\/uploads\/2018\/03\/14524434_1106112876131411_958039263622046936_o.jpg?resize=350%2C200 1x, https:\/\/i0.wp.com\/www.grieta.org.mx\/wp-content\/uploads\/2018\/03\/14524434_1106112876131411_958039263622046936_o.jpg?resize=525%2C300 1.5x, https:\/\/i0.wp.com\/www.grieta.org.mx\/wp-content\/uploads\/2018\/03\/14524434_1106112876131411_958039263622046936_o.jpg?resize=700%2C400 2x"},"classes":[]},{"id":47376,"url":"http:\/\/www.grieta.org.mx\/index.php\/2020\/04\/03\/maria-elena-ferral-y-su-trabajo-por-la-denuncia-social-veracruz\/","url_meta":{"origin":5004,"position":4},"title":"Mar\u00eda Elena Ferral y su trabajo por la denuncia social (Veracruz)","author":"Admin","date":"3 abril, 2020","format":false,"excerpt":"Karla Cancino \/ Diario de Xalapa El trabajo period\u00edstico de Mar\u00eda Elena Ferral, quien fuera asesinada el pasado lunes en Papantla, abarc\u00f3 desde los problemas viales causados por la invasi\u00f3n de sitios ilegales de taxis, hasta la cobertura de asesinatos pol\u00edticos y el acompa\u00f1amiento de colectivos de personas desaparecidas. La\u2026","rel":"","context":"En &quot;CINTILLO&quot;","block_context":{"text":"CINTILLO","link":"http:\/\/www.grieta.org.mx\/index.php\/category\/cintillo\/"},"img":{"alt_text":"","src":"https:\/\/i0.wp.com\/www.grieta.org.mx\/wp-content\/uploads\/2020\/04\/Screenshot_2020-04-07-Mar%C3%ADa-Elena-Ferral-y-su-trabajo-por-la-denuncia-social.png?resize=350%2C200","width":350,"height":200,"srcset":"https:\/\/i0.wp.com\/www.grieta.org.mx\/wp-content\/uploads\/2020\/04\/Screenshot_2020-04-07-Mar%C3%ADa-Elena-Ferral-y-su-trabajo-por-la-denuncia-social.png?resize=350%2C200 1x, https:\/\/i0.wp.com\/www.grieta.org.mx\/wp-content\/uploads\/2020\/04\/Screenshot_2020-04-07-Mar%C3%ADa-Elena-Ferral-y-su-trabajo-por-la-denuncia-social.png?resize=525%2C300 1.5x, https:\/\/i0.wp.com\/www.grieta.org.mx\/wp-content\/uploads\/2020\/04\/Screenshot_2020-04-07-Mar%C3%ADa-Elena-Ferral-y-su-trabajo-por-la-denuncia-social.png?resize=700%2C400 2x"},"classes":[]},{"id":40860,"url":"http:\/\/www.grieta.org.mx\/index.php\/2019\/10\/30\/desaparecen-siete-personas-que-fueron-detenidos-por-la-policia-suman-10-casos-veracruz\/","url_meta":{"origin":5004,"position":5},"title":"Desaparecen siete personas que fueron detenidos por la polic\u00eda; suman 10 casos (Veracruz)","author":"grieta","date":"30 octubre, 2019","format":false,"excerpt":"Texto: Julio Herrera \/ Voz Alterna{ Ixtaczoquitl\u00e1n.- Este municipio se ha convertido en un foco rojo en el tema de desapariciones en la zona centro del estado, ya que suman 10 personas no localizadas en 18 d\u00edas. El pasado 8 de octubre tres j\u00f3venes oriundos de Ixhuatl\u00e1n del Caf\u00e9 desaparecieron.\u2026","rel":"","context":"En &quot;CINTILLO&quot;","block_context":{"text":"CINTILLO","link":"http:\/\/www.grieta.org.mx\/index.php\/category\/cintillo\/"},"img":{"alt_text":"","src":"https:\/\/i0.wp.com\/www.grieta.org.mx\/wp-content\/uploads\/2019\/11\/foto-desaparecidos-oct.jpg?resize=350%2C200","width":350,"height":200,"srcset":"https:\/\/i0.wp.com\/www.grieta.org.mx\/wp-content\/uploads\/2019\/11\/foto-desaparecidos-oct.jpg?resize=350%2C200 1x, https:\/\/i0.wp.com\/www.grieta.org.mx\/wp-content\/uploads\/2019\/11\/foto-desaparecidos-oct.jpg?resize=525%2C300 1.5x, https:\/\/i0.wp.com\/www.grieta.org.mx\/wp-content\/uploads\/2019\/11\/foto-desaparecidos-oct.jpg?resize=700%2C400 2x"},"classes":[]}],"_links":{"self":[{"href":"http:\/\/www.grieta.org.mx\/index.php\/wp-json\/wp\/v2\/posts\/5004","targetHints":{"allow":["GET"]}}],"collection":[{"href":"http:\/\/www.grieta.org.mx\/index.php\/wp-json\/wp\/v2\/posts"}],"about":[{"href":"http:\/\/www.grieta.org.mx\/index.php\/wp-json\/wp\/v2\/types\/post"}],"author":[{"embeddable":true,"href":"http:\/\/www.grieta.org.mx\/index.php\/wp-json\/wp\/v2\/users\/1"}],"replies":[{"embeddable":true,"href":"http:\/\/www.grieta.org.mx\/index.php\/wp-json\/wp\/v2\/comments?post=5004"}],"version-history":[{"count":1,"href":"http:\/\/www.grieta.org.mx\/index.php\/wp-json\/wp\/v2\/posts\/5004\/revisions"}],"predecessor-version":[{"id":5007,"href":"http:\/\/www.grieta.org.mx\/index.php\/wp-json\/wp\/v2\/posts\/5004\/revisions\/5007"}],"wp:featuredmedia":[{"embeddable":true,"href":"http:\/\/www.grieta.org.mx\/index.php\/wp-json\/wp\/v2\/media\/21928"}],"wp:attachment":[{"href":"http:\/\/www.grieta.org.mx\/index.php\/wp-json\/wp\/v2\/media?parent=5004"}],"wp:term":[{"taxonomy":"category","embeddable":true,"href":"http:\/\/www.grieta.org.mx\/index.php\/wp-json\/wp\/v2\/categories?post=5004"},{"taxonomy":"post_tag","embeddable":true,"href":"http:\/\/www.grieta.org.mx\/index.php\/wp-json\/wp\/v2\/tags?post=5004"}],"curies":[{"name":"wp","href":"https:\/\/api.w.org\/{rel}","templated":true}]}}