{"id":4999,"date":"2015-09-15T01:47:00","date_gmt":"2015-09-15T01:47:00","guid":{"rendered":"http:\/\/50.22.11.12\/~grietaor\/?p=4999"},"modified":"2016-03-26T03:49:34","modified_gmt":"2016-03-26T03:49:34","slug":"ica-y-la-sct-incumplen-con-pagos-a-ejidatarios-afectados-por-el-libramiento-palmillas-apaseo","status":"publish","type":"post","link":"http:\/\/www.grieta.org.mx\/index.php\/2015\/09\/15\/ica-y-la-sct-incumplen-con-pagos-a-ejidatarios-afectados-por-el-libramiento-palmillas-apaseo\/","title":{"rendered":"ICA y la SCT incumplen con pagos a ejidatarios afectados por el libramiento Palmillas-Apaseo"},"content":{"rendered":"<p>Guillermo Contreras\/AM Quer\u00e9taro<\/p>\n<p>De acuerdo con el titular del Centro SCT en el estado, el proyecto del libramiento Apaseo-Palmillas se entregar\u00e1 hasta el segundo semestre del pr\u00f3ximo a\u00f1o<\/p>\n<p>El inicio de operaciones del libramiento Apaseo-Palmillas, proyecto en el que se aplican recursos por 5 mil 700 millones de pesos, se postergar\u00e1 hasta el segundo semestre de 2016, reconoci\u00f3 el delegado federal de la Secretar\u00eda de Comunicaciones y Transportes (SCT) en Quer\u00e9taro Gerardo V\u00e1zquez Herrera.<\/p>\n<p>Record\u00f3 que la obra est\u00e1 concesionada a un grupo de compa\u00f1\u00edas entre la que destaca ICA, que se dedica a la construcci\u00f3n; sin embargo, se les inform\u00f3 en fechas recientes sobre una ampliaci\u00f3n de metas que los oblig\u00f3 a hacer una \u2018reprogramaci\u00f3n\u2019 en la entrega. Explic\u00f3 que aunque ello pudiera representar alg\u00fan incremento en los costos finales, al final la SCT no se ve afectada en el rubro econ\u00f3mico.<\/p>\n<p>Cabe se\u00f1alar que la vialidad est\u00e1 considerada para ser administrada por un \u2018holding\u2019 (grupos de compa\u00f1\u00edas) a trav\u00e9s de una concesi\u00f3n de 20 a\u00f1os, periodo en el que se estima habr\u00e1n de recuperar la inversi\u00f3n aplicada.<\/p>\n<p>\u201cNo es una obra nuestra, es una obra que se concesiona desde M\u00e9xico; tiene condiciones distintas a una obra p\u00fablica, de la cual ha habido algunos cambios de proyectos y ampliaciones que hicieron una recalendarizaci\u00f3n. Estaba programado a terminarse a principios de 2016 y se movi\u00f3 la fecha de terminaci\u00f3n para mediados del mismo a\u00f1o\u201d -\u00bfC\u00f3mo afecta el costo si existen cambios? \u201cAl final del d\u00eda es una concesi\u00f3n y se tiene un costo determinado que le implica a la empresa\u201d.<\/p>\n<p>Se\u00f1al\u00f3 que la obra contempla m\u00e1s de 80 kil\u00f3metros, contar\u00e1 con seis entronques y diferentes salidas que incluir\u00e1n a San Juan del R\u00edo, Amealco, Huimilpan, Corregidora y Apaseo.<\/p>\n<p>Al ser cuestionado sobre el avance de obra que se tiene dijo est\u00e1 en 45 por ciento; sin embargo, en monto de recursos aplicados es m\u00e1s elevado este porcentaje (60 por ciento).<\/p>\n<p>\u201cEl avance econ\u00f3mico es enga\u00f1oso, lo m\u00e1s caro es el concreto que se aplica al final; entonces el avance en obra quiz\u00e1 sea m\u00e1s fuerte. Por eso el avance en monto a veces no coincide con el avance real en obra\u201d.<\/p>\n<p>Explic\u00f3 que la expectativa para el flujo vehicular en dicha obra podr\u00eda alcanzar las 20 mil unidades por d\u00eda, lo que se traducir\u00e1 en una reducci\u00f3n en la carga vehicular que actualmente existe sobre la autopista M\u00e9xico-Quer\u00e9taro.<\/p>\n<p>Otras versiones<\/p>\n<p>Cabe recordar que el 13 de agosto Oscar del Castillo Garc\u00eda, subdirector de obras del centro SCT Quer\u00e9taro, declar\u00f3 para AM Quer\u00e9taro que hubo un retraso en el flujo de los recursos, desde la federaci\u00f3n, lo que gener\u00f3 que las obras se vieran suspendidas temporalmente. Estim\u00f3 que los trabajos se reactivar\u00edan para septiembre.<\/p>\n<p>\u201cTuvimos un retraso de aproximadamente un mes, por la falta de liquidez; pero la empresa ya est\u00e1 por ponerse al corriente porque el dinero se est\u00e1 liberando\u201d, se\u00f1al\u00f3 en su momento el funcionario.<\/p>\n<p>Esta versi\u00f3n fue confirmada por Gabriel de la Concha, director de Finanzas de la compa\u00f1\u00eda constructora ICA, quien ofreci\u00f3 una conferencia de prensa en la ciudad de M\u00e9xico el mes de julio, en donde explic\u00f3 que la disminuci\u00f3n en los pagos por parte del gobierno federal afect\u00f3 los costos; lo cual gener\u00f3 retraso en la construcci\u00f3n del libramiento Apaseo-Palmillas. Otro de los factores que oblig\u00f3 a la compa\u00f1\u00eda a hacer un alto en la obra fue el incremento en los costos de algunos materiales de construcci\u00f3n que se vieron afectados por el precio del d\u00f3lar.<\/p>\n<p>Algunos de los trabajadores en la obra, tambi\u00e9n reportaron paros de actividades sin goce de salario por parte de la empresa. Los afectados dijeron que el argumento ofrecido es que los recursos no estaban fluyendo por parte de la federaci\u00f3n.<\/p>\n<p>\u201cA veces descansaba una semana un grupo, luego otra, la compa\u00f1\u00eda nos pidi\u00f3 apoyo porque no quer\u00eda prescindir de la mano de obra y porque de alguna manera a nosotros tampoco nos conviene perder el empleo; son acuerdos a los que se llegaron y en donde las dos partes estamos de acuerdo\u201d, se\u00f1al\u00f3 uno de los empleados que es originario de San Juan del R\u00edo.<\/p>\n<p>Ejidos<\/p>\n<p>Cabe recordar que la obra fue suspendida el 19 de agosto de 2014 por una protesta de ejidatarios quienes demandaban el pago de da\u00f1os a la compa\u00f1\u00eda que, durante los trabajos de construcci\u00f3n, da\u00f1\u00f3 parcelas y afect\u00f3 los canales de riego para la distribuci\u00f3n del vital l\u00edquido.<\/p>\n<p>A los pocos d\u00edas se lograron convenios para liberar las obras, a cambio de que la empresa cumpliera con la reconstrucci\u00f3n del sistema hidr\u00e1ulico y la SCT pagara una compensaci\u00f3n por los da\u00f1os ocasionados a la cosecha.<\/p>\n<p>Sin embargo, el delegado de la SCT, Juan Gerardo V\u00e1zquez Herrera, reconoci\u00f3 este lunes que el recurso no se ha liberado de las oficinas centrales y explic\u00f3 que aunque existe la autorizaci\u00f3n para los pagos, deben cumplirse con algunos procedimientos.<\/p>\n<p>\u201cEl dinero ya est\u00e1, dependemos de las transferencias, es una obligaci\u00f3n la Secretar\u00eda cumplir\u00e1 pero necesitamos que Hacienda mande el dinero\u201d -\u00bfCu\u00e1nto es lo que deben? \u201cno tengo en este momento la cantidad, lo que se debe se debe. La bronca es que la gente cree que somos como una empresa que paga de inmediato, pero existen varios procesos; como el notificar a varias dependencias, pero estamos ya en los \u00faltimos filtros\u201d.<\/p>\n<p>CNC<\/p>\n<p>Felipe Ru\u00edz Ram\u00edrez, dirigente en San Juan del R\u00edo de la Confederaci\u00f3n Nacional Campesina (CNC), reconoci\u00f3 tambi\u00e9n este lunes, que los ejidatarios siguen inconformes por el retraso en los pagos por parte de la SCT y aunque dijo se est\u00e1n teniendo reuniones informativas, de no darse los pagos en los plazos acordados volver\u00e1n a tomar las protestas.<\/p>\n<p>\u201cEn su momento tomamos la carretera estatal 300 como protesta porque la empresa no quer\u00eda responsabilizarse por los da\u00f1os, hoy la SCT reconoce que tiene un adeudo con nuestros ejidatarios, pero el pago no se ha realizado. Ellos saben las consecuencias y hasta qu\u00e9 punto estamos dispuestos a defender nuestros derechos\u201d.<\/p>\n<p>Hasta 2016, carretera a la sierra<\/p>\n<p>La ampliaci\u00f3n de la carretera a la sierra Gorda concluir\u00e1 hasta 2016, as\u00ed lo reconoci\u00f3 el director del centro de la Secretar\u00eda de Comunicaciones y Transportes (SCT) en Quer\u00e9taro, Juan Gerardo V\u00e1zquez Herrera. Y asegur\u00f3 que hay 200 millones de pesos para continuar con el proyecto.<\/p>\n<p>\u201cEn la Sierra son 200 millones de pesos para ya concluir todo el proyecto en el 2016, la idea es y nos priorizaron terminar la Sierra en 2016. (\u2026) Lo que estamos viendo y lo que marc\u00f3 el presidente es que veamos siempre que las cosas que veamos funcionen al 100 por ciento y que traigan un beneficio social y econ\u00f3mico a la zona; y es lo que estamos enfocando, y pr\u00e1cticamente la sierra y Paseo de la Rep\u00fablica cumplen con eso\u201d, recalc\u00f3.<\/p>\n<p>La obra de ampliaci\u00f3n de la carretera a la sierra fue uno de los compromisos de campa\u00f1a del ahora exgobernador del Estado, Jos\u00e9 Calzada Rovirosa, y en febrero se reportaba un avance de 90 por ciento en la misma. Sin embargo, ahora quedar\u00e1 concluido el proyecto hasta el pr\u00f3ximo a\u00f1o, en la nueva administraci\u00f3n estatal.<\/p>\n<p>En tanto, V\u00e1zquez Herrera, asever\u00f3 que esa obra es uno de los proyectos m\u00e1s grandes y un compromiso del presidente de la Rep\u00fablica, Enrique Pe\u00f1a Nieto.<\/p>\n<p>Asimismo, inform\u00f3 que para obtener recursos federales para el pr\u00f3ximo a\u00f1o las obras que presenten tanto el gobierno federal, estatal y municipal, deber\u00e1n tener la justificaci\u00f3n de que dar\u00e1n beneficios sociales y que funcionen para el estado. Con base en eso se tomar\u00e1n decisiones sobre cuales tendr\u00e1n presupuesto. Para el Centro de la SCT en Quer\u00e9taro esperan un presupuesto de mil 480 millones de pesos para 2016, cifra similar a la que recibieron este a\u00f1o.<\/p>\n<p>\u201cEn el paquete financiero todav\u00eda no sale en lo particular, sino fue en lo general; los rubros que no tienen recortes es pr\u00e1cticamente que es carreteras federales y en las obras de infraestructura no vienen con recortes que es lo fuerte que tenemos en Quer\u00e9taro. Las obras carreteras, las obras de infraestructura no tendr\u00edan pr\u00e1cticamente recorte, lo que s\u00ed hay que ver gastar mucho mejor de lo que se ven\u00eda gastando\u201d, asever\u00f3.<\/p>\n<p>Asimismo, explic\u00f3 que la Secretaria de Hacienda y Cr\u00e9dito P\u00fablico estar\u00e1 revisando detalladamente el uso que se le d\u00e9 a los recursos p\u00fablicos destinados a infraestructura. Puntualiz\u00f3 que otro aspecto de los que estar\u00e1n tomando en cuenta para otorgar presupuesto, ser\u00e1 que las obras cuenten con registro y permisos.<\/p>\n<p>Record\u00f3 que la obra de Paseo de la Rep\u00fablica se entregar\u00e1 en 2017, ya que estar\u00e1n realizando dos etapas m\u00e1s en las que se pretende invertir 300 millones de pesos. Precis\u00f3 que este lunes inici\u00f3 otra etapa con la que se terminar\u00e1 la construcci\u00f3n del tramo correspondiente a la delegaci\u00f3n de Santa Rosa J\u00e1uregui.<\/p>\n<p>\u201cNuestra prioridades son Paseo de la Rep\u00fablica que entr\u00f3 en revisi\u00f3n y que ya hoy se puso en marcha otra vez y entramos a revisi\u00f3n de todo el proyecto porque se puso en revisi\u00f3n todo el proyecto y de los alcances que tendr\u00eda Paseo de la Rep\u00fablica que nos pidi\u00f3 el Secretario de Hacienda a trav\u00e9s del Ruiz Esparza de la revisar todos los alcances de los proyectos\u201d, refiri\u00f3.<\/p>\n<p>(Cecilia Conde)<\/p>\n<p><a href=\"http:\/\/amqueretaro.com\/queretaro\/2015\/09\/15\/postergan-la-conclusion-del-libramiento-apaseo-palmillas\" target=\"_blank\">http:\/\/amqueretaro.com\/queretaro\/2015\/09\/15\/postergan-la-conclusion-del-libramiento-apaseo-palmillas<\/a><\/p>\n","protected":false},"excerpt":{"rendered":"<p>Guillermo Contreras\/AM Quer\u00e9taro De acuerdo con el titular del Centro SCT en el estado, el proyecto del libramiento Apaseo-Palmillas se entregar\u00e1 hasta el segundo semestre del pr\u00f3ximo a\u00f1o El inicio &hellip; <a href=\"http:\/\/www.grieta.org.mx\/index.php\/2015\/09\/15\/ica-y-la-sct-incumplen-con-pagos-a-ejidatarios-afectados-por-el-libramiento-palmillas-apaseo\/\" class=\"more-link\">Leer m\u00e1s<\/a><\/p>\n","protected":false},"author":2,"featured_media":21928,"comment_status":"closed","ping_status":"open","sticky":false,"template":"","format":"standard","meta":{"ngg_post_thumbnail":0,"_jetpack_newsletter_access":"","_jetpack_dont_email_post_to_subs":false,"_jetpack_newsletter_tier_id":0,"_jetpack_memberships_contains_paywalled_content":false,"_jetpack_memberships_contains_paid_content":false,"footnotes":""},"categories":[80,359],"tags":[175,304,389,388],"class_list":["post-4999","post","type-post","status-publish","format-standard","has-post-thumbnail","hentry","category-cintillo","category-queretaro","tag-ejidatarios","tag-ica","tag-libramiento-apaseo-palmilas","tag-sct","entry"],"jetpack_featured_media_url":"http:\/\/www.grieta.org.mx\/wp-content\/uploads\/2018\/03\/14524434_1106112876131411_958039263622046936_o.jpg","jetpack_sharing_enabled":true,"jetpack_shortlink":"https:\/\/wp.me\/p7ZJR4-1iD","jetpack_likes_enabled":false,"jetpack-related-posts":[{"id":5155,"url":"http:\/\/www.grieta.org.mx\/index.php\/2016\/04\/30\/ejidatarios-de-san-juan-y-amealco-exigen-indemnizacion-por-libramiento\/","url_meta":{"origin":4999,"position":0},"title":"Conflictos por la construcci\u00f3n del libramiento Apaseo-Palmillas","author":"grieta","date":"30 abril, 2016","format":false,"excerpt":"30\/04\/16. Dice la SCT que no puede intervenir en conflicto del libramiento AM Quer\u00e9taro 28\/04\/16. Denuncia Sindicato de Trabajadores Transportistas del Municipio de Huimilpan despojo laboral AM Quer\u00e9taro 25\/10\/15. Sin pagar a afectados por obra en Apaseo-Palmillas AM Quer\u00e9taro 15\/09\/15. ICA y la SCT incumplen con pagos a ejidatarios afectados\u2026","rel":"","context":"En &quot;Comunicaciones y transportes&quot;","block_context":{"text":"Comunicaciones y transportes","link":"http:\/\/www.grieta.org.mx\/index.php\/category\/megaproyectos\/comunicaciones-y-transportes\/"},"img":{"alt_text":"","src":"https:\/\/i0.wp.com\/www.grieta.org.mx\/wp-content\/uploads\/2018\/03\/14524434_1106112876131411_958039263622046936_o.jpg?resize=350%2C200","width":350,"height":200,"srcset":"https:\/\/i0.wp.com\/www.grieta.org.mx\/wp-content\/uploads\/2018\/03\/14524434_1106112876131411_958039263622046936_o.jpg?resize=350%2C200 1x, https:\/\/i0.wp.com\/www.grieta.org.mx\/wp-content\/uploads\/2018\/03\/14524434_1106112876131411_958039263622046936_o.jpg?resize=525%2C300 1.5x, https:\/\/i0.wp.com\/www.grieta.org.mx\/wp-content\/uploads\/2018\/03\/14524434_1106112876131411_958039263622046936_o.jpg?resize=700%2C400 2x"},"classes":[]},{"id":5156,"url":"http:\/\/www.grieta.org.mx\/index.php\/2015\/08\/22\/atiende-cnc-a-afectados-por-libramiento-palmillas-apaseo\/","url_meta":{"origin":4999,"position":1},"title":"Atiende CNC a afectados por libramiento Palmillas\u2013Apaseo","author":"grieta","date":"22 agosto, 2015","format":false,"excerpt":"Rafael Rodr\u00edguez\/Noticias de Quer\u00e9taro En las Instalaciones de la Confederaci\u00f3n Nacional Campesina (CNC) en el municipio de San Juan del R\u00edo se llev\u00f3 a cabo una reuni\u00f3n de trabajo con los diferentes presidentes del comisariado que han sido afectados por la construcci\u00f3n del nuevo libramiento Palmillas Paseo. Los afectados son\u2026","rel":"","context":"En &quot;CINTILLO&quot;","block_context":{"text":"CINTILLO","link":"http:\/\/www.grieta.org.mx\/index.php\/category\/cintillo\/"},"img":{"alt_text":"","src":"https:\/\/i0.wp.com\/www.grieta.org.mx\/wp-content\/uploads\/2018\/03\/14524434_1106112876131411_958039263622046936_o.jpg?resize=350%2C200","width":350,"height":200,"srcset":"https:\/\/i0.wp.com\/www.grieta.org.mx\/wp-content\/uploads\/2018\/03\/14524434_1106112876131411_958039263622046936_o.jpg?resize=350%2C200 1x, https:\/\/i0.wp.com\/www.grieta.org.mx\/wp-content\/uploads\/2018\/03\/14524434_1106112876131411_958039263622046936_o.jpg?resize=525%2C300 1.5x, https:\/\/i0.wp.com\/www.grieta.org.mx\/wp-content\/uploads\/2018\/03\/14524434_1106112876131411_958039263622046936_o.jpg?resize=700%2C400 2x"},"classes":[]},{"id":5157,"url":"http:\/\/www.grieta.org.mx\/index.php\/2015\/08\/14\/se-reunen-ejidatarios-de-san-juan-del-rio-con-sct-y-constructora\/","url_meta":{"origin":4999,"position":2},"title":"Se re\u00fanen ejidatarios de San Juan del R\u00edo con SCT y constructora","author":"grieta","date":"14 agosto, 2015","format":false,"excerpt":"Guillermo Contreras\/AM Quer\u00e9taro Se re\u00fanen ejidatarios de San Juan del R\u00edo con SCT y constructora Los de la constructora aseguran que se siguen cuantificando los da\u00f1os a las parcelas, toda vez que hay continuidad en el gobierno federal. Cabe recordar que el libramiento Apaseo-Palmillas es una obra concesionada a la\u2026","rel":"","context":"En &quot;CINTILLO&quot;","block_context":{"text":"CINTILLO","link":"http:\/\/www.grieta.org.mx\/index.php\/category\/cintillo\/"},"img":{"alt_text":"","src":"https:\/\/i0.wp.com\/www.grieta.org.mx\/wp-content\/uploads\/2018\/03\/14524434_1106112876131411_958039263622046936_o.jpg?resize=350%2C200","width":350,"height":200,"srcset":"https:\/\/i0.wp.com\/www.grieta.org.mx\/wp-content\/uploads\/2018\/03\/14524434_1106112876131411_958039263622046936_o.jpg?resize=350%2C200 1x, https:\/\/i0.wp.com\/www.grieta.org.mx\/wp-content\/uploads\/2018\/03\/14524434_1106112876131411_958039263622046936_o.jpg?resize=525%2C300 1.5x, https:\/\/i0.wp.com\/www.grieta.org.mx\/wp-content\/uploads\/2018\/03\/14524434_1106112876131411_958039263622046936_o.jpg?resize=700%2C400 2x"},"classes":[]},{"id":11536,"url":"http:\/\/www.grieta.org.mx\/index.php\/2015\/10\/25\/sin-pagar-a-afectados-por-obra-en-apaseo-palmillas\/","url_meta":{"origin":4999,"position":3},"title":"Sin pagar a afectados por obra en Apaseo-Palmillas","author":"grieta","date":"25 octubre, 2015","format":false,"excerpt":"Redacci\u00f3n\/AM Quer\u00e9taro Los ejidatarios afectados por obra en San Juan del R\u00edo no han recibido la indemnizaci\u00f3n por los trabajos de la empresa ICA La Secretar\u00eda de Comunicaciones y Transportes (SCT) no ha pagado las indemnizaciones que comprometi\u00f3 con los ejidatarios de San Juan del R\u00edo por las afectaciones que\u2026","rel":"","context":"En &quot;CINTILLO&quot;","block_context":{"text":"CINTILLO","link":"http:\/\/www.grieta.org.mx\/index.php\/category\/cintillo\/"},"img":{"alt_text":"","src":"https:\/\/i0.wp.com\/www.grieta.org.mx\/wp-content\/uploads\/2018\/03\/14524434_1106112876131411_958039263622046936_o.jpg?resize=350%2C200","width":350,"height":200,"srcset":"https:\/\/i0.wp.com\/www.grieta.org.mx\/wp-content\/uploads\/2018\/03\/14524434_1106112876131411_958039263622046936_o.jpg?resize=350%2C200 1x, https:\/\/i0.wp.com\/www.grieta.org.mx\/wp-content\/uploads\/2018\/03\/14524434_1106112876131411_958039263622046936_o.jpg?resize=525%2C300 1.5x, https:\/\/i0.wp.com\/www.grieta.org.mx\/wp-content\/uploads\/2018\/03\/14524434_1106112876131411_958039263622046936_o.jpg?resize=700%2C400 2x"},"classes":[]},{"id":11540,"url":"http:\/\/www.grieta.org.mx\/index.php\/2016\/04\/30\/dice-la-sct-que-no-puede-intervenir-en-conflicto-del-libramiento\/","url_meta":{"origin":4999,"position":4},"title":"Dice la SCT que no puede intervenir en conflicto del libramiento","author":"grieta","date":"30 abril, 2016","format":false,"excerpt":"M\u00f3nica Gordillo\/AM Quer\u00e9taro Integrantes del Sindicato de Trabajadores Transportistas del Municipio de Huimilpan aseguraron ser despojados en la obra de construcci\u00f3n del libramiento Apaseo-Palmillas El director del Centro de la Secretar\u00eda de Comunicaciones y Transportes (SCT), Ricardo Ortiz Estrada, subray\u00f3 que la dependencia federal no puede intervenir en contratos entre\u2026","rel":"","context":"En &quot;CINTILLO&quot;","block_context":{"text":"CINTILLO","link":"http:\/\/www.grieta.org.mx\/index.php\/category\/cintillo\/"},"img":{"alt_text":"","src":"https:\/\/i0.wp.com\/www.grieta.org.mx\/wp-content\/uploads\/2018\/03\/14524434_1106112876131411_958039263622046936_o.jpg?resize=350%2C200","width":350,"height":200,"srcset":"https:\/\/i0.wp.com\/www.grieta.org.mx\/wp-content\/uploads\/2018\/03\/14524434_1106112876131411_958039263622046936_o.jpg?resize=350%2C200 1x, https:\/\/i0.wp.com\/www.grieta.org.mx\/wp-content\/uploads\/2018\/03\/14524434_1106112876131411_958039263622046936_o.jpg?resize=525%2C300 1.5x, https:\/\/i0.wp.com\/www.grieta.org.mx\/wp-content\/uploads\/2018\/03\/14524434_1106112876131411_958039263622046936_o.jpg?resize=700%2C400 2x"},"classes":[]},{"id":11623,"url":"http:\/\/www.grieta.org.mx\/index.php\/2016\/04\/28\/denuncia-sindicato-despojo-laboral\/","url_meta":{"origin":4999,"position":5},"title":"Denuncia Sindicato de Trabajadores Transportistas del Municipio de Huimilpan despojo laboral","author":"grieta","date":"28 abril, 2016","format":false,"excerpt":"M\u00f3nica Gordillo\/AM Quer\u00e9taro Los trabajadores acusaron de despojo al Sindicato Nacional del Estado de M\u00e9xico en la obra de construcci\u00f3n de la autopista Apaseo El Grande-Palmillas Integrantes del Sindicato de Trabajadores Transportistas del Municipio de Huimilpan, adherido a la CTM, denunciaron el despojo laboral desde el s\u00e1bado pasado por parte\u2026","rel":"","context":"En &quot;CINTILLO&quot;","block_context":{"text":"CINTILLO","link":"http:\/\/www.grieta.org.mx\/index.php\/category\/cintillo\/"},"img":{"alt_text":"","src":"https:\/\/i0.wp.com\/www.grieta.org.mx\/wp-content\/uploads\/2018\/03\/14524434_1106112876131411_958039263622046936_o.jpg?resize=350%2C200","width":350,"height":200,"srcset":"https:\/\/i0.wp.com\/www.grieta.org.mx\/wp-content\/uploads\/2018\/03\/14524434_1106112876131411_958039263622046936_o.jpg?resize=350%2C200 1x, https:\/\/i0.wp.com\/www.grieta.org.mx\/wp-content\/uploads\/2018\/03\/14524434_1106112876131411_958039263622046936_o.jpg?resize=525%2C300 1.5x, https:\/\/i0.wp.com\/www.grieta.org.mx\/wp-content\/uploads\/2018\/03\/14524434_1106112876131411_958039263622046936_o.jpg?resize=700%2C400 2x"},"classes":[]}],"_links":{"self":[{"href":"http:\/\/www.grieta.org.mx\/index.php\/wp-json\/wp\/v2\/posts\/4999","targetHints":{"allow":["GET"]}}],"collection":[{"href":"http:\/\/www.grieta.org.mx\/index.php\/wp-json\/wp\/v2\/posts"}],"about":[{"href":"http:\/\/www.grieta.org.mx\/index.php\/wp-json\/wp\/v2\/types\/post"}],"author":[{"embeddable":true,"href":"http:\/\/www.grieta.org.mx\/index.php\/wp-json\/wp\/v2\/users\/2"}],"replies":[{"embeddable":true,"href":"http:\/\/www.grieta.org.mx\/index.php\/wp-json\/wp\/v2\/comments?post=4999"}],"version-history":[{"count":1,"href":"http:\/\/www.grieta.org.mx\/index.php\/wp-json\/wp\/v2\/posts\/4999\/revisions"}],"predecessor-version":[{"id":5165,"href":"http:\/\/www.grieta.org.mx\/index.php\/wp-json\/wp\/v2\/posts\/4999\/revisions\/5165"}],"wp:featuredmedia":[{"embeddable":true,"href":"http:\/\/www.grieta.org.mx\/index.php\/wp-json\/wp\/v2\/media\/21928"}],"wp:attachment":[{"href":"http:\/\/www.grieta.org.mx\/index.php\/wp-json\/wp\/v2\/media?parent=4999"}],"wp:term":[{"taxonomy":"category","embeddable":true,"href":"http:\/\/www.grieta.org.mx\/index.php\/wp-json\/wp\/v2\/categories?post=4999"},{"taxonomy":"post_tag","embeddable":true,"href":"http:\/\/www.grieta.org.mx\/index.php\/wp-json\/wp\/v2\/tags?post=4999"}],"curies":[{"name":"wp","href":"https:\/\/api.w.org\/{rel}","templated":true}]}}