{"id":49926,"date":"2020-05-29T22:27:48","date_gmt":"2020-05-30T03:27:48","guid":{"rendered":"http:\/\/www.grieta.org.mx\/?p=49926"},"modified":"2020-05-29T22:27:48","modified_gmt":"2020-05-30T03:27:48","slug":"busqueda-de-despenalizacion-del-aborto-seguira-en-san-lazaro-advierten-feministas-guanajuato","status":"publish","type":"post","link":"http:\/\/www.grieta.org.mx\/index.php\/2020\/05\/29\/busqueda-de-despenalizacion-del-aborto-seguira-en-san-lazaro-advierten-feministas-guanajuato\/","title":{"rendered":"B\u00fasqueda de despenalizaci\u00f3n del aborto seguir\u00e1 en San L\u00e1zaro, advierten feministas (Guanajuato)"},"content":{"rendered":"<blockquote><p><strong>El 28 de septiembre es el d\u00eda de acci\u00f3n Global por el Acceso al Aborto Legal y Seguro, fecha en la que esperan poder salir a la calle y continuar la lucha.<\/strong><\/p><\/blockquote>\n<p>Por Vania Jaramillo<\/p>\n<p>Le\u00f3n, Gto. No hay marcha atr\u00e1s\u2026 por ahora. Es la sentencia colectivos no solo guanajuatenses sino de todo el pa\u00eds que se unieron a la lucha de la despenalizaci\u00f3n del aborto durante el proceso de an\u00e1lisis que hubo en el Congreso Local.<\/p>\n<p>Previo, durante y ahora que los legisladores por mayor\u00eda panista decidieron archivar las iniciativas para la despenalizaci\u00f3n del aborto, mientras que los colectivos ya comenzaron con la planeaci\u00f3n del siguiente paso.<\/p>\n<p><em><br \/>\n\u201cTenemos planeado algunas acciones. Desde que se termin\u00f3 la sesi\u00f3n empezamos a platicar en la colectiva, qu\u00e9 es lo que sigue, cu\u00e1les son las acciones para tomar la lucha de legalizar el aborto no solo en Guanajuato sino en todo el pa\u00eds\u201d, se\u00f1al\u00f3 Olga Mart\u00ednez, integrante de Verde Aquellarre.<\/em><\/p>\n<figure id=\"attachment_49929\" aria-describedby=\"caption-attachment-49929\" style=\"width: 800px\" class=\"wp-caption aligncenter\"><img loading=\"lazy\" decoding=\"async\" data-attachment-id=\"49929\" data-permalink=\"http:\/\/www.grieta.org.mx\/index.php\/2020\/05\/29\/busqueda-de-despenalizacion-del-aborto-seguira-en-san-lazaro-advierten-feministas-guanajuato\/99299854_2709805612572805_5845587026866339840_n\/\" data-orig-file=\"http:\/\/www.grieta.org.mx\/wp-content\/uploads\/2020\/05\/99299854_2709805612572805_5845587026866339840_n.jpg\" data-orig-size=\"755,960\" data-comments-opened=\"0\" data-image-meta=\"{&quot;aperture&quot;:&quot;0&quot;,&quot;credit&quot;:&quot;&quot;,&quot;camera&quot;:&quot;&quot;,&quot;caption&quot;:&quot;&quot;,&quot;created_timestamp&quot;:&quot;0&quot;,&quot;copyright&quot;:&quot;&quot;,&quot;focal_length&quot;:&quot;0&quot;,&quot;iso&quot;:&quot;0&quot;,&quot;shutter_speed&quot;:&quot;0&quot;,&quot;title&quot;:&quot;&quot;,&quot;orientation&quot;:&quot;0&quot;}\" data-image-title=\"99299854_2709805612572805_5845587026866339840_n\" data-image-description=\"\" data-image-caption=\"&lt;p&gt;Foto: Tomada de Zona Franca.&lt;\/p&gt;\n\" data-medium-file=\"http:\/\/www.grieta.org.mx\/wp-content\/uploads\/2020\/05\/99299854_2709805612572805_5845587026866339840_n-236x300.jpg\" data-large-file=\"http:\/\/www.grieta.org.mx\/wp-content\/uploads\/2020\/05\/99299854_2709805612572805_5845587026866339840_n.jpg\" class=\"wp-image-49929\" src=\"http:\/\/www.grieta.org.mx\/wp-content\/uploads\/2020\/05\/99299854_2709805612572805_5845587026866339840_n.jpg\" alt=\"\" width=\"800\" height=\"1017\" srcset=\"http:\/\/www.grieta.org.mx\/wp-content\/uploads\/2020\/05\/99299854_2709805612572805_5845587026866339840_n.jpg 755w, http:\/\/www.grieta.org.mx\/wp-content\/uploads\/2020\/05\/99299854_2709805612572805_5845587026866339840_n-236x300.jpg 236w, http:\/\/www.grieta.org.mx\/wp-content\/uploads\/2020\/05\/99299854_2709805612572805_5845587026866339840_n-393x500.jpg 393w\" sizes=\"auto, (max-width: 800px) 100vw, 800px\" \/><figcaption id=\"caption-attachment-49929\" class=\"wp-caption-text\">Foto: Tomada de Zona Franca.<\/figcaption><\/figure>\n<p>El 28 de septiembre es el d\u00eda de acci\u00f3n Global por el Acceso al Aborto Legal y Seguro, fecha en la que esperan poder salir a la calle ya que ahora durante el an\u00e1lisis en el estado no se pudo realizar a causa de la contingencia.<br \/>\n<em>\u201cTodav\u00eda no sabemos cu\u00e1les son las acciones, el encierro aun no termina al 100% pero se acerca septiembre que es el d\u00eda de esta lucha, claro que vamos a estar organizadas sino tambi\u00e9n colectivas de todo el pa\u00eds, no solo llevar la lucha a congresos locales sino plantear que se lleve al Congreso Federal, porque Morena tiene la mayor\u00eda, y si de verdad nos respaldan veamos que sea cierto\u201d, a\u00f1adi\u00f3 la activista.<\/em><\/p>\n<p>unque antes de la sesi\u00f3n del Pleno, la decisi\u00f3n de los legisladores ya estaba dicha en contra de las iniciativas, desde las colectivas hubo un pronunciamiento para reiterar la falta de argumentos con los que el tema lleg\u00f3 a las comisiones.<\/p>\n<p>Pero adem\u00e1s exigieron y responsabilizaron al Estado por cualquier acto en su contra por cualquier da\u00f1o, pero tambi\u00e9n a que se respete la libertad de expresi\u00f3n y no se criminalice la protesta social<\/p>\n<p>Pese a la negativa legislativa las mujeres que acompa\u00f1an a otras tienen claro que siempre estar\u00e1n disponibles si otra las necesita, en cualquiera de las redes feministas.<\/p>\n<p><a href=\"https:\/\/zonafranca.mx\/politica-sociedad\/ddhh\/busqueda-de-despenalizacion-del-aborto-seguira-en-san-lazaro-advierten-feministas\/\">https:\/\/zonafranca.mx\/politica-sociedad\/ddhh\/busqueda-de-despenalizacion-del-aborto-seguira-en-san-lazaro-advierten-feministas\/<\/a><\/p>\n","protected":false},"excerpt":{"rendered":"<p>El 28 de septiembre es el d\u00eda de acci\u00f3n Global por el Acceso al Aborto Legal y Seguro, fecha en la que esperan poder salir a la calle y continuar &hellip; <a href=\"http:\/\/www.grieta.org.mx\/index.php\/2020\/05\/29\/busqueda-de-despenalizacion-del-aborto-seguira-en-san-lazaro-advierten-feministas-guanajuato\/\" class=\"more-link\">Leer m\u00e1s<\/a><\/p>\n","protected":false},"author":2,"featured_media":49929,"comment_status":"closed","ping_status":"closed","sticky":false,"template":"","format":"standard","meta":{"ngg_post_thumbnail":0,"_jetpack_newsletter_access":"","_jetpack_dont_email_post_to_subs":false,"_jetpack_newsletter_tier_id":0,"_jetpack_memberships_contains_paywalled_content":false,"_jetpack_memberships_contains_paid_content":false,"footnotes":""},"categories":[80,17,2910,2283,2246],"tags":[2587,1070,2248,2317,3147],"class_list":["post-49926","post","type-post","status-publish","format-standard","has-post-thumbnail","hentry","category-cintillo","category-guanajuato","category-resistencias-en-guanajuato","category-resistencias-y-luchas-de-las-mujeres-en-guanajuato","category-violencia-contra-las-mujeres-en-guanajuato","tag-derecho-a-la-salud","tag-derecho-a-la-salud-sexual-y-reproductiva","tag-luchas-de-las-mujeres","tag-manifestaciones-de-mujeres","tag-movilizaciones-de-mujeres","entry"],"jetpack_featured_media_url":"http:\/\/www.grieta.org.mx\/wp-content\/uploads\/2020\/05\/99299854_2709805612572805_5845587026866339840_n.jpg","jetpack_sharing_enabled":true,"jetpack_shortlink":"https:\/\/wp.me\/p7ZJR4-cZg","jetpack_likes_enabled":false,"jetpack-related-posts":[{"id":30546,"url":"http:\/\/www.grieta.org.mx\/index.php\/2019\/03\/12\/mujeres-toman-las-calles-de-guanajuato-capital-y-celaya-exigen-respeto-a-sus-derechos\/","url_meta":{"origin":49926,"position":0},"title":"Mujeres toman las calles de Guanajuato capital y Celaya, exigen respeto a sus derechos","author":"grieta","date":"12 marzo, 2019","format":false,"excerpt":"Decenas de mujeres en Guanajuato capital y Celaya tomaron las calles para manifestarse en conmemoraci\u00f3n del D\u00eda Internacional de la Mujer. Tere Segura\/Luis Garc\u00eda\/ Zona Franca, 08 de marzo de 2019 Guanajuato\/Celaya, Gto. Decenas de mujeres marcharon por las principales calles de la capital del estado, para exigir el respeto\u2026","rel":"","context":"En &quot;CINTILLO&quot;","block_context":{"text":"CINTILLO","link":"http:\/\/www.grieta.org.mx\/index.php\/category\/cintillo\/"},"img":{"alt_text":"","src":"https:\/\/i0.wp.com\/www.grieta.org.mx\/wp-content\/uploads\/2019\/03\/manifestacion-3-1.jpg?resize=350%2C200","width":350,"height":200,"srcset":"https:\/\/i0.wp.com\/www.grieta.org.mx\/wp-content\/uploads\/2019\/03\/manifestacion-3-1.jpg?resize=350%2C200 1x, https:\/\/i0.wp.com\/www.grieta.org.mx\/wp-content\/uploads\/2019\/03\/manifestacion-3-1.jpg?resize=525%2C300 1.5x, https:\/\/i0.wp.com\/www.grieta.org.mx\/wp-content\/uploads\/2019\/03\/manifestacion-3-1.jpg?resize=700%2C400 2x"},"classes":[]},{"id":41085,"url":"http:\/\/www.grieta.org.mx\/index.php\/2019\/09\/29\/piden-legalizar-el-aborto-en-el-estado-de-guanajuato\/","url_meta":{"origin":49926,"position":1},"title":"Piden legalizar el aborto en el estado de Guanajuato","author":"grieta","date":"29 septiembre, 2019","format":false,"excerpt":"\"Todas las mujeres tenemos el derecho de tener un aborto si as\u00ed lo queremos\" Alfonso D\u00edaz \/ EL Solde Guanajuato, 29 de septiembre de 2019 En el Estado de Guanajuato hay cuatro mujeres en la c\u00e1rcel por tener un aborto de manera espont\u00e1nea o porque las autoridades lo catalogaron como\u2026","rel":"","context":"En &quot;CINTILLO&quot;","block_context":{"text":"CINTILLO","link":"http:\/\/www.grieta.org.mx\/index.php\/category\/cintillo\/"},"img":{"alt_text":"","src":"https:\/\/i0.wp.com\/www.grieta.org.mx\/wp-content\/uploads\/2019\/11\/aborto-1.jpeg?resize=350%2C200","width":350,"height":200,"srcset":"https:\/\/i0.wp.com\/www.grieta.org.mx\/wp-content\/uploads\/2019\/11\/aborto-1.jpeg?resize=350%2C200 1x, https:\/\/i0.wp.com\/www.grieta.org.mx\/wp-content\/uploads\/2019\/11\/aborto-1.jpeg?resize=525%2C300 1.5x, https:\/\/i0.wp.com\/www.grieta.org.mx\/wp-content\/uploads\/2019\/11\/aborto-1.jpeg?resize=700%2C400 2x"},"classes":[]},{"id":49897,"url":"http:\/\/www.grieta.org.mx\/index.php\/2020\/05\/26\/pintan-la-catedral-de-leon-en-protesta-por-la-penalizacion-del-aborto-guanajuato\/","url_meta":{"origin":49926,"position":2},"title":"Pintan la catedral de Le\u00f3n en protesta por la penalizaci\u00f3n del aborto (Guanajuato)","author":"grieta","date":"26 mayo, 2020","format":false,"excerpt":"Los colectivos feministas alzaron la voz despu\u00e9s de que se archivara la propuesta para despenalizar el aborto en Guanajuato. Estas son las fotos de su protesta IVONNE ORTIZ, La Silla Rota, 26\/05\/2020 Esta ma\u00f1ana la catedral amaneci\u00f3 con una nueva cara. En su fachada hab\u00eda mensajes escritos por los colectivos\u2026","rel":"","context":"En &quot;CINTILLO&quot;","block_context":{"text":"CINTILLO","link":"http:\/\/www.grieta.org.mx\/index.php\/category\/cintillo\/"},"img":{"alt_text":"","src":"https:\/\/i0.wp.com\/www.grieta.org.mx\/wp-content\/uploads\/2020\/05\/pintanlacatedral-focus-0-0-983-557.jpg?resize=350%2C200","width":350,"height":200,"srcset":"https:\/\/i0.wp.com\/www.grieta.org.mx\/wp-content\/uploads\/2020\/05\/pintanlacatedral-focus-0-0-983-557.jpg?resize=350%2C200 1x, https:\/\/i0.wp.com\/www.grieta.org.mx\/wp-content\/uploads\/2020\/05\/pintanlacatedral-focus-0-0-983-557.jpg?resize=525%2C300 1.5x, https:\/\/i0.wp.com\/www.grieta.org.mx\/wp-content\/uploads\/2020\/05\/pintanlacatedral-focus-0-0-983-557.jpg?resize=700%2C400 2x"},"classes":[]},{"id":62100,"url":"http:\/\/www.grieta.org.mx\/index.php\/2021\/09\/27\/ahora-es-cuando-marchan-por-la-despenalizacion-del-aborto-en-jalisco\/","url_meta":{"origin":49926,"position":3},"title":"\u00a1Ahora es cuando! Marchan por la despenalizaci\u00f3n del aborto en Jalisco","author":"grieta","date":"27 septiembre, 2021","format":false,"excerpt":"Foto: Dalia Souza - Ximena Torres En medio de una fuerte tormenta, la marea verde en Guadalajara march\u00f3 este domingo 26 de septiembre recorriendo las calles del centro de la capital de Jalisco para decirle a las y los legisladores que el momento de despenalizar el aborto en el estado\u2026","rel":"","context":"En &quot;CINTILLO&quot;","block_context":{"text":"CINTILLO","link":"http:\/\/www.grieta.org.mx\/index.php\/category\/cintillo\/"},"img":{"alt_text":"","src":"https:\/\/i0.wp.com\/www.grieta.org.mx\/wp-content\/uploads\/2021\/10\/photo5082717964159003119-1068x801-1.jpg?resize=350%2C200","width":350,"height":200,"srcset":"https:\/\/i0.wp.com\/www.grieta.org.mx\/wp-content\/uploads\/2021\/10\/photo5082717964159003119-1068x801-1.jpg?resize=350%2C200 1x, https:\/\/i0.wp.com\/www.grieta.org.mx\/wp-content\/uploads\/2021\/10\/photo5082717964159003119-1068x801-1.jpg?resize=525%2C300 1.5x, https:\/\/i0.wp.com\/www.grieta.org.mx\/wp-content\/uploads\/2021\/10\/photo5082717964159003119-1068x801-1.jpg?resize=700%2C400 2x, https:\/\/i0.wp.com\/www.grieta.org.mx\/wp-content\/uploads\/2021\/10\/photo5082717964159003119-1068x801-1.jpg?resize=1050%2C600 3x"},"classes":[]},{"id":30219,"url":"http:\/\/www.grieta.org.mx\/index.php\/2019\/03\/06\/mujeres-de-al-menos-12-estados-exigen-legalizar-ya-el-aborto-y-evitar-poner-en-riesgo-sus-vidas-baja-california-durango-estado-de-mexico-guanajuato-guerrero-michoacan-nayarit-oaxaca-puebla-q\/","url_meta":{"origin":49926,"position":4},"title":"Mujeres de al menos 12 estados exigen legalizar ya el aborto y evitar poner en riesgo sus vidas (Baja California, Durango, Estado de M\u00e9xico, Guanajuato, Guerrero, Michoac\u00e1n, Nayarit, Oaxaca, Puebla, Quintana Roo y Veracruz)","author":"grieta","date":"6 marzo, 2019","format":false,"excerpt":"En la v\u00edspera del D\u00eda Internacional de la Mujer que se celebra el pr\u00f3ximo 8 de marzo, mujeres de varios puntos del pa\u00eds exigieron al Estado que garantice \u201cel aborto legal, seguro y gratuito en todo M\u00e9xico\u201d. Manifestaron que con la penalizaci\u00f3n del aborto se criminaliza a las mujeres y\u2026","rel":"","context":"En &quot;Baja California&quot;","block_context":{"text":"Baja California","link":"http:\/\/www.grieta.org.mx\/index.php\/category\/noticias-nacionales\/baja-california\/"},"img":{"alt_text":"","src":"https:\/\/i0.wp.com\/www.grieta.org.mx\/wp-content\/uploads\/2019\/03\/aborto.jpg?resize=350%2C200","width":350,"height":200,"srcset":"https:\/\/i0.wp.com\/www.grieta.org.mx\/wp-content\/uploads\/2019\/03\/aborto.jpg?resize=350%2C200 1x, https:\/\/i0.wp.com\/www.grieta.org.mx\/wp-content\/uploads\/2019\/03\/aborto.jpg?resize=525%2C300 1.5x, https:\/\/i0.wp.com\/www.grieta.org.mx\/wp-content\/uploads\/2019\/03\/aborto.jpg?resize=700%2C400 2x, https:\/\/i0.wp.com\/www.grieta.org.mx\/wp-content\/uploads\/2019\/03\/aborto.jpg?resize=1050%2C600 3x"},"classes":[]},{"id":46046,"url":"http:\/\/www.grieta.org.mx\/index.php\/2020\/03\/04\/alerta-de-genero-ya-exigen-mujeres-desde-guanajuato-capital\/","url_meta":{"origin":49926,"position":5},"title":"&#8216;\u00a1Alerta de g\u00e9nero, ya!&#8217;, exigen mujeres desde Guanajuato capital","author":"grieta","date":"4 marzo, 2020","format":false,"excerpt":"Mujeres de la capital se unen a las protestas para exigir un alto a la violencia. Por: Yajaira Gasca\/ AM Le\u00f3n Guanajuato, 08 de Marzo de 2020 Guanajuato, Guanajuato.- Cientos de mujeres marchan en el Centro de la Capital para unirse a la marcha feminista y exigir un alto a\u2026","rel":"","context":"En &quot;CINTILLO&quot;","block_context":{"text":"CINTILLO","link":"http:\/\/www.grieta.org.mx\/index.php\/category\/cintillo\/"},"img":{"alt_text":"","src":"https:\/\/i0.wp.com\/www.grieta.org.mx\/wp-content\/uploads\/2020\/03\/marchan_en_guanajuato2.jpg_851672003.jpg?resize=350%2C200","width":350,"height":200,"srcset":"https:\/\/i0.wp.com\/www.grieta.org.mx\/wp-content\/uploads\/2020\/03\/marchan_en_guanajuato2.jpg_851672003.jpg?resize=350%2C200 1x, https:\/\/i0.wp.com\/www.grieta.org.mx\/wp-content\/uploads\/2020\/03\/marchan_en_guanajuato2.jpg_851672003.jpg?resize=525%2C300 1.5x, https:\/\/i0.wp.com\/www.grieta.org.mx\/wp-content\/uploads\/2020\/03\/marchan_en_guanajuato2.jpg_851672003.jpg?resize=700%2C400 2x"},"classes":[]}],"_links":{"self":[{"href":"http:\/\/www.grieta.org.mx\/index.php\/wp-json\/wp\/v2\/posts\/49926","targetHints":{"allow":["GET"]}}],"collection":[{"href":"http:\/\/www.grieta.org.mx\/index.php\/wp-json\/wp\/v2\/posts"}],"about":[{"href":"http:\/\/www.grieta.org.mx\/index.php\/wp-json\/wp\/v2\/types\/post"}],"author":[{"embeddable":true,"href":"http:\/\/www.grieta.org.mx\/index.php\/wp-json\/wp\/v2\/users\/2"}],"replies":[{"embeddable":true,"href":"http:\/\/www.grieta.org.mx\/index.php\/wp-json\/wp\/v2\/comments?post=49926"}],"version-history":[{"count":1,"href":"http:\/\/www.grieta.org.mx\/index.php\/wp-json\/wp\/v2\/posts\/49926\/revisions"}],"predecessor-version":[{"id":49934,"href":"http:\/\/www.grieta.org.mx\/index.php\/wp-json\/wp\/v2\/posts\/49926\/revisions\/49934"}],"wp:featuredmedia":[{"embeddable":true,"href":"http:\/\/www.grieta.org.mx\/index.php\/wp-json\/wp\/v2\/media\/49929"}],"wp:attachment":[{"href":"http:\/\/www.grieta.org.mx\/index.php\/wp-json\/wp\/v2\/media?parent=49926"}],"wp:term":[{"taxonomy":"category","embeddable":true,"href":"http:\/\/www.grieta.org.mx\/index.php\/wp-json\/wp\/v2\/categories?post=49926"},{"taxonomy":"post_tag","embeddable":true,"href":"http:\/\/www.grieta.org.mx\/index.php\/wp-json\/wp\/v2\/tags?post=49926"}],"curies":[{"name":"wp","href":"https:\/\/api.w.org\/{rel}","templated":true}]}}