{"id":49784,"date":"2020-05-21T21:56:44","date_gmt":"2020-05-22T02:56:44","guid":{"rendered":"http:\/\/www.grieta.org.mx\/?p=49784"},"modified":"2020-05-23T22:01:49","modified_gmt":"2020-05-24T03:01:49","slug":"automovilistas-reportan-residuos-biologicos-en-la-mexico-puebla","status":"publish","type":"post","link":"http:\/\/www.grieta.org.mx\/index.php\/2020\/05\/21\/automovilistas-reportan-residuos-biologicos-en-la-mexico-puebla\/","title":{"rendered":"AUTOMOVILISTAS REPORTAN RESIDUOS BIOL\u00d3GICOS EN LA M\u00c9XICO-PUEBLA"},"content":{"rendered":"<p><img loading=\"lazy\" decoding=\"async\" data-attachment-id=\"49785\" data-permalink=\"http:\/\/www.grieta.org.mx\/index.php\/2020\/05\/21\/automovilistas-reportan-residuos-biologicos-en-la-mexico-puebla\/automovilistas-reportan-residuos-biologicos-en-la-mexico-puebla-cdmx-may\/\" data-orig-file=\"http:\/\/www.grieta.org.mx\/wp-content\/uploads\/2020\/05\/AUTOMOVILISTAS-REPORTAN-RESIDUOS-BIOL\u00d3GICOS-EN-LA-M\u00c9XICO-PUEBLA-cdmx-may.jpg\" data-orig-size=\"286,176\" data-comments-opened=\"0\" data-image-meta=\"{&quot;aperture&quot;:&quot;0&quot;,&quot;credit&quot;:&quot;&quot;,&quot;camera&quot;:&quot;&quot;,&quot;caption&quot;:&quot;&quot;,&quot;created_timestamp&quot;:&quot;0&quot;,&quot;copyright&quot;:&quot;&quot;,&quot;focal_length&quot;:&quot;0&quot;,&quot;iso&quot;:&quot;0&quot;,&quot;shutter_speed&quot;:&quot;0&quot;,&quot;title&quot;:&quot;&quot;,&quot;orientation&quot;:&quot;0&quot;}\" data-image-title=\"AUTOMOVILISTAS REPORTAN RESIDUOS BIOL\u00d3GICOS EN LA M\u00c9XICO-PUEBLA cdmx may\" data-image-description=\"\" data-image-caption=\"\" data-medium-file=\"http:\/\/www.grieta.org.mx\/wp-content\/uploads\/2020\/05\/AUTOMOVILISTAS-REPORTAN-RESIDUOS-BIOL\u00d3GICOS-EN-LA-M\u00c9XICO-PUEBLA-cdmx-may.jpg\" data-large-file=\"http:\/\/www.grieta.org.mx\/wp-content\/uploads\/2020\/05\/AUTOMOVILISTAS-REPORTAN-RESIDUOS-BIOL\u00d3GICOS-EN-LA-M\u00c9XICO-PUEBLA-cdmx-may.jpg\" class=\"aligncenter size-full wp-image-49785\" src=\"http:\/\/www.grieta.org.mx\/wp-content\/uploads\/2020\/05\/AUTOMOVILISTAS-REPORTAN-RESIDUOS-BIOL\u00d3GICOS-EN-LA-M\u00c9XICO-PUEBLA-cdmx-may.jpg\" alt=\"\" width=\"286\" height=\"176\" \/><br \/>\n<em>Imagen tomada de: www.reporteindigo.com<\/em><\/p>\n<p>Reporte \u00cdndigo<\/p>\n<blockquote><p>Entre los materiales hallados se encuentran; batas, cubrebocas, gorros, deshechos de cirug\u00edas y residuos de laboratorios como muestras de sangre<\/p><\/blockquote>\n<p>Cajas y bolsas con Residuos Patol\u00f3gicos Biol\u00f3gicos Infecciosos (RPBI) fueron localizados la ma\u00f1ana de este jueves en los carriles de la autopista M\u00e9xico-Puebla, reportaron automovilistas.<\/p>\n<p>Los residuos quedaron esparcidos en al menos 500 metros de la autopista tras ser abandonados.<\/p>\n<p>De acuerdo con las denuncias de usuarios en redes sociales, los desechos m\u00e9dicos se encontraban en el kil\u00f3metro 22+400 al 22+700 en los carriles centrales de la autopista, direcci\u00f3n Ciudad de M\u00e9xico.<\/p>\n<p>Entre los materiales hallados se encuentran; batas, cubrebocas, gorros, deshechos de cirug\u00edas y residuos de laboratorios como muestras de sangre.<\/p>\n<p>Los primeros reportes se\u00f1alan que un veh\u00edculo desconocido que transitaba por la importante arteria avent\u00f3 los contenedores con los desechos.<\/p>\n<p>Algunos conductores de veh\u00edculos de carga no alcanzaron a esquivar los bultos por lo que al impactarlos, los residuos se esparcieron.<\/p>\n<p>Personal de ambulancias de Caminos y Puentes Federales, as\u00ed como elementos de la Guardia Nacional, arribaron al lugar para quitar los residuos biol\u00f3gicos.<\/p>\n<p>Por tratarse de Residuos Patol\u00f3gicos Biol\u00f3gicos Infecciosos y ser peligrosos para la salud, tienen que ser levantados de manera especializada.<\/p>\n<p>Los hechos ocurrieron en medio de la pandemia causada por el coronavirus SARS-CoV-2.<\/p>\n<p><a href=\"https:\/\/www.reporteindigo.com\/reporte\/automovilistas-reportan-residuos-biologicos-en-la-mexico-puebla\/\" target=\"_blank\" rel=\"noopener noreferrer\">https:\/\/www.reporteindigo.com\/reporte\/automovilistas-reportan-residuos-biologicos-en-la-mexico-puebla\/<\/a><\/p>\n","protected":false},"excerpt":{"rendered":"<p>Imagen tomada de: www.reporteindigo.com Reporte \u00cdndigo Entre los materiales hallados se encuentran; batas, cubrebocas, gorros, deshechos de cirug\u00edas y residuos de laboratorios como muestras de sangre Cajas y bolsas con &hellip; <a href=\"http:\/\/www.grieta.org.mx\/index.php\/2020\/05\/21\/automovilistas-reportan-residuos-biologicos-en-la-mexico-puebla\/\" class=\"more-link\">Leer m\u00e1s<\/a><\/p>\n","protected":false},"author":2,"featured_media":49785,"comment_status":"closed","ping_status":"closed","sticky":false,"template":"","format":"standard","meta":{"ngg_post_thumbnail":0,"_jetpack_newsletter_access":"","_jetpack_dont_email_post_to_subs":false,"_jetpack_newsletter_tier_id":0,"_jetpack_memberships_contains_paywalled_content":false,"_jetpack_memberships_contains_paid_content":false,"footnotes":""},"categories":[80,14,3295,3033,2],"tags":[3241,3133],"class_list":["post-49784","post","type-post","status-publish","format-standard","has-post-thumbnail","hentry","category-cintillo","category-ciudad-de-mexico","category-covid-19-en-ciudad-de-mexico","category-crisis-en-el-sector-salud-en-la-ciudad-de-mexico","category-noticias-nacionales","tag-covid-19","tag-crisis-del-sector-salud","entry"],"jetpack_featured_media_url":"http:\/\/www.grieta.org.mx\/wp-content\/uploads\/2020\/05\/AUTOMOVILISTAS-REPORTAN-RESIDUOS-BIOL\u00d3GICOS-EN-LA-M\u00c9XICO-PUEBLA-cdmx-may.jpg","jetpack_sharing_enabled":true,"jetpack_shortlink":"https:\/\/wp.me\/p7ZJR4-cWY","jetpack_likes_enabled":false,"jetpack-related-posts":[{"id":41665,"url":"http:\/\/www.grieta.org.mx\/index.php\/2019\/11\/27\/trabajadores-del-issste-rinen-con-policias-en-bloqueo-de-zaragoza-ciudad-de-mexico\/","url_meta":{"origin":49784,"position":0},"title":"Trabajadores del ISSSTE ri\u00f1en con polic\u00edas en bloqueo de Zaragoza (Ciudad de M\u00e9xico)","author":"grieta","date":"27 noviembre, 2019","format":false,"excerpt":"Excelsior Los manifestantes se enfrentaron con los agentes que intentaban abrir algunos carriles de la vialidad CIUDAD DE M\u00c9XICO. Un conato de bronca se dio entre trabajadores del Instituto de Seguridad y Servicios Sociales de los Trabajadores del Estado (ISSSTE) y polic\u00edas capitalinos durante un bloqueo sobre Calzada Ignacio Zaragoza,\u2026","rel":"","context":"En &quot;Abuso policiaco y tortura en el Estado de M\u00e9xico&quot;","block_context":{"text":"Abuso policiaco y tortura en el Estado de M\u00e9xico","link":"http:\/\/www.grieta.org.mx\/index.php\/category\/noticias-nacionales\/estado-de-mexico\/abuso-policiaco-y-tortura-en-el-estado-de-mexico\/"},"img":{"alt_text":"","src":"https:\/\/i0.wp.com\/www.grieta.org.mx\/wp-content\/uploads\/2019\/11\/Trabajadores-del-ISSSTE-ri%C3%B1en-con-polic%C3%ADas-en-bloqueo-de-Zaragoza-cdmx-nov.jpg?resize=350%2C200","width":350,"height":200,"srcset":"https:\/\/i0.wp.com\/www.grieta.org.mx\/wp-content\/uploads\/2019\/11\/Trabajadores-del-ISSSTE-ri%C3%B1en-con-polic%C3%ADas-en-bloqueo-de-Zaragoza-cdmx-nov.jpg?resize=350%2C200 1x, https:\/\/i0.wp.com\/www.grieta.org.mx\/wp-content\/uploads\/2019\/11\/Trabajadores-del-ISSSTE-ri%C3%B1en-con-polic%C3%ADas-en-bloqueo-de-Zaragoza-cdmx-nov.jpg?resize=525%2C300 1.5x"},"classes":[]},{"id":56457,"url":"http:\/\/www.grieta.org.mx\/index.php\/2021\/01\/24\/mueren-383-barrenderos-de-la-cdmx-por-covid-19\/","url_meta":{"origin":49784,"position":1},"title":"Mueren 383 barrenderos de la CDMX por COVID-19","author":"grieta","date":"24 enero, 2021","format":false,"excerpt":"Barrenderos muertos por COVID-19 en la CDMX. Foto: Cuartoscuro David Rodr\u00edguez \/ Plumas At\u00f3micas Los trabajadores de la limpieza y la recolecci\u00f3n de basura suplican a la poblaci\u00f3n que marque los residuos de las personas contagiadas El\u00a0COVID-19 provoc\u00f3 la muerte a 383 barrenderos de la Ciudad de M\u00e9xico, inform\u00f3 La\u2026","rel":"","context":"En &quot;CINTILLO&quot;","block_context":{"text":"CINTILLO","link":"http:\/\/www.grieta.org.mx\/index.php\/category\/cintillo\/"},"img":{"alt_text":"","src":"https:\/\/i0.wp.com\/www.grieta.org.mx\/wp-content\/uploads\/2021\/01\/Mueren-383-barrenderos-de-la-CDMX-por-COVID-19-cdmx-ene.jpeg?resize=350%2C200","width":350,"height":200,"srcset":"https:\/\/i0.wp.com\/www.grieta.org.mx\/wp-content\/uploads\/2021\/01\/Mueren-383-barrenderos-de-la-CDMX-por-COVID-19-cdmx-ene.jpeg?resize=350%2C200 1x, https:\/\/i0.wp.com\/www.grieta.org.mx\/wp-content\/uploads\/2021\/01\/Mueren-383-barrenderos-de-la-CDMX-por-COVID-19-cdmx-ene.jpeg?resize=525%2C300 1.5x, https:\/\/i0.wp.com\/www.grieta.org.mx\/wp-content\/uploads\/2021\/01\/Mueren-383-barrenderos-de-la-CDMX-por-COVID-19-cdmx-ene.jpeg?resize=700%2C400 2x, https:\/\/i0.wp.com\/www.grieta.org.mx\/wp-content\/uploads\/2021\/01\/Mueren-383-barrenderos-de-la-CDMX-por-COVID-19-cdmx-ene.jpeg?resize=1050%2C600 3x"},"classes":[]},{"id":9519,"url":"http:\/\/www.grieta.org.mx\/index.php\/2015\/09\/26\/toman-caseta-de-la-autopista-puebla-atlixco\/","url_meta":{"origin":49784,"position":2},"title":"Toman caseta de la autopista Puebla-Atlixco","author":"grieta","date":"26 septiembre, 2015","format":false,"excerpt":"septiembre 26, 2015 Jaime Zambrano, Puebla Por casi una hora, personas que pidieron al gobierno federal contin\u00fae las investigaciones hasta encontrar a los 43 estudiantes desaparecidos de la Escuela Normal Rural Ra\u00fal Isidro Burgos de Ayotzinapa, Guerrero, tomaron la caseta de la autopista Puebla-Atlixco. A un a\u00f1o de la desaparici\u00f3n\u2026","rel":"","context":"En &quot;CINTILLO&quot;","block_context":{"text":"CINTILLO","link":"http:\/\/www.grieta.org.mx\/index.php\/category\/cintillo\/"},"img":{"alt_text":"","src":"https:\/\/i0.wp.com\/www.grieta.org.mx\/wp-content\/uploads\/2018\/03\/14524434_1106112876131411_958039263622046936_o.jpg?resize=350%2C200","width":350,"height":200,"srcset":"https:\/\/i0.wp.com\/www.grieta.org.mx\/wp-content\/uploads\/2018\/03\/14524434_1106112876131411_958039263622046936_o.jpg?resize=350%2C200 1x, https:\/\/i0.wp.com\/www.grieta.org.mx\/wp-content\/uploads\/2018\/03\/14524434_1106112876131411_958039263622046936_o.jpg?resize=525%2C300 1.5x, https:\/\/i0.wp.com\/www.grieta.org.mx\/wp-content\/uploads\/2018\/03\/14524434_1106112876131411_958039263622046936_o.jpg?resize=700%2C400 2x"},"classes":[]},{"id":17289,"url":"http:\/\/www.grieta.org.mx\/index.php\/2016\/07\/15\/ninguna-reforma-vale-la-pena-si-se-realiza-con-sangre\/","url_meta":{"origin":49784,"position":3},"title":"&#8220;Ninguna reforma vale la pena si se realiza con sangre&#8221;","author":"grieta","date":"15 julio, 2016","format":false,"excerpt":"JUAN MANUEL BARRERA Estudiantes de la FES Arag\u00f3n se manifestaron en la caseta de cobro de San Marcos Huixtoco de la autopista M\u00e9xico-Puebla en apoyo a la CNTE Chalco, M\u00e9x. Alumnos de la Facultad de Estudios Superiores (FES) Arag\u00f3n, de la UNAM, se manifestaron en la caseta de cobro de\u2026","rel":"","context":"En &quot;CINTILLO&quot;","block_context":{"text":"CINTILLO","link":"http:\/\/www.grieta.org.mx\/index.php\/category\/cintillo\/"},"img":{"alt_text":"","src":"https:\/\/i0.wp.com\/www.grieta.org.mx\/wp-content\/uploads\/2018\/03\/14524434_1106112876131411_958039263622046936_o.jpg?resize=350%2C200","width":350,"height":200,"srcset":"https:\/\/i0.wp.com\/www.grieta.org.mx\/wp-content\/uploads\/2018\/03\/14524434_1106112876131411_958039263622046936_o.jpg?resize=350%2C200 1x, https:\/\/i0.wp.com\/www.grieta.org.mx\/wp-content\/uploads\/2018\/03\/14524434_1106112876131411_958039263622046936_o.jpg?resize=525%2C300 1.5x, https:\/\/i0.wp.com\/www.grieta.org.mx\/wp-content\/uploads\/2018\/03\/14524434_1106112876131411_958039263622046936_o.jpg?resize=700%2C400 2x"},"classes":[]},{"id":71967,"url":"http:\/\/www.grieta.org.mx\/index.php\/2025\/07\/08\/trabajadores-de-la-salud-bloquean-paseo-de-la-reforma-denuncian-irregularidades-ciudad-de-mexico\/","url_meta":{"origin":49784,"position":4},"title":"Trabajadores de la salud bloquean Paseo de la Reforma; denuncian irregularidades (Ciudad de M\u00e9xico)","author":"grieta","date":"8 julio, 2025","format":false,"excerpt":"Natalia Estrada Garc\u00eda \/ Enfoque noticias CDMX.- Trabajadoras y trabajadores pertenecientes al sector salud fueron agredidos tras mantener un bloqueo sobre carriles laterales del Perif\u00e9rico y avenida Paseo de la Reforma en la colonia Bosques de Chapultepec, Miguel Hidalgo. Laura Quintero delegada estatal de Ciudad de M\u00e9xico de la Fuerza\u2026","rel":"","context":"En &quot;Abuso policiaco y tortura en la Ciudad de M\u00e9xico&quot;","block_context":{"text":"Abuso policiaco y tortura en la Ciudad de M\u00e9xico","link":"http:\/\/www.grieta.org.mx\/index.php\/category\/noticias-nacionales\/ciudad-de-mexico\/abuso-policiaco-y-tortura-en-la-ciudad-de-mexico\/"},"img":{"alt_text":"","src":"https:\/\/i0.wp.com\/www.grieta.org.mx\/wp-content\/uploads\/2025\/07\/Captura-de-pantalla-2025-07-08-233604.png?resize=350%2C200","width":350,"height":200,"srcset":"https:\/\/i0.wp.com\/www.grieta.org.mx\/wp-content\/uploads\/2025\/07\/Captura-de-pantalla-2025-07-08-233604.png?resize=350%2C200 1x, https:\/\/i0.wp.com\/www.grieta.org.mx\/wp-content\/uploads\/2025\/07\/Captura-de-pantalla-2025-07-08-233604.png?resize=525%2C300 1.5x, https:\/\/i0.wp.com\/www.grieta.org.mx\/wp-content\/uploads\/2025\/07\/Captura-de-pantalla-2025-07-08-233604.png?resize=700%2C400 2x"},"classes":[]},{"id":48327,"url":"http:\/\/www.grieta.org.mx\/index.php\/2020\/04\/27\/personal-medico-bloquea-ermita-iztapalapa-por-falta-de-insumos-ciudad-de-mexico\/","url_meta":{"origin":49784,"position":5},"title":"Personal m\u00e9dico bloquea Ermita Iztapalapa por falta de insumos (Ciudad de M\u00e9xico)","author":"grieta","date":"27 abril, 2020","format":false,"excerpt":"Foto: @GRAWPEREZ Diario de M\u00e9xico Ciudad de M\u00e9xico. -M\u00e9dicos, enfermeras y personal de salud que trabaja en el Hospital Pedi\u00e1trico de Iztapalapa, mantienen bloqueada la circulaci\u00f3n en la Avenida Ermita Iztapalapa, entre Eje 3 Oriente y La Viga. El personal m\u00e9dico asegura que no tienen los materiales necesarios, como cubrebocas\u2026","rel":"","context":"En &quot;CINTILLO&quot;","block_context":{"text":"CINTILLO","link":"http:\/\/www.grieta.org.mx\/index.php\/category\/cintillo\/"},"img":{"alt_text":"","src":"https:\/\/i0.wp.com\/www.grieta.org.mx\/wp-content\/uploads\/2020\/04\/Personal-m%C3%A9dico-bloquea-Ermita-Iztapalapa-por-falta-de-insumos-cdmx-abr.jpg?resize=350%2C200","width":350,"height":200,"srcset":"https:\/\/i0.wp.com\/www.grieta.org.mx\/wp-content\/uploads\/2020\/04\/Personal-m%C3%A9dico-bloquea-Ermita-Iztapalapa-por-falta-de-insumos-cdmx-abr.jpg?resize=350%2C200 1x, https:\/\/i0.wp.com\/www.grieta.org.mx\/wp-content\/uploads\/2020\/04\/Personal-m%C3%A9dico-bloquea-Ermita-Iztapalapa-por-falta-de-insumos-cdmx-abr.jpg?resize=525%2C300 1.5x, https:\/\/i0.wp.com\/www.grieta.org.mx\/wp-content\/uploads\/2020\/04\/Personal-m%C3%A9dico-bloquea-Ermita-Iztapalapa-por-falta-de-insumos-cdmx-abr.jpg?resize=700%2C400 2x, https:\/\/i0.wp.com\/www.grieta.org.mx\/wp-content\/uploads\/2020\/04\/Personal-m%C3%A9dico-bloquea-Ermita-Iztapalapa-por-falta-de-insumos-cdmx-abr.jpg?resize=1050%2C600 3x"},"classes":[]}],"_links":{"self":[{"href":"http:\/\/www.grieta.org.mx\/index.php\/wp-json\/wp\/v2\/posts\/49784","targetHints":{"allow":["GET"]}}],"collection":[{"href":"http:\/\/www.grieta.org.mx\/index.php\/wp-json\/wp\/v2\/posts"}],"about":[{"href":"http:\/\/www.grieta.org.mx\/index.php\/wp-json\/wp\/v2\/types\/post"}],"author":[{"embeddable":true,"href":"http:\/\/www.grieta.org.mx\/index.php\/wp-json\/wp\/v2\/users\/2"}],"replies":[{"embeddable":true,"href":"http:\/\/www.grieta.org.mx\/index.php\/wp-json\/wp\/v2\/comments?post=49784"}],"version-history":[{"count":1,"href":"http:\/\/www.grieta.org.mx\/index.php\/wp-json\/wp\/v2\/posts\/49784\/revisions"}],"predecessor-version":[{"id":49787,"href":"http:\/\/www.grieta.org.mx\/index.php\/wp-json\/wp\/v2\/posts\/49784\/revisions\/49787"}],"wp:featuredmedia":[{"embeddable":true,"href":"http:\/\/www.grieta.org.mx\/index.php\/wp-json\/wp\/v2\/media\/49785"}],"wp:attachment":[{"href":"http:\/\/www.grieta.org.mx\/index.php\/wp-json\/wp\/v2\/media?parent=49784"}],"wp:term":[{"taxonomy":"category","embeddable":true,"href":"http:\/\/www.grieta.org.mx\/index.php\/wp-json\/wp\/v2\/categories?post=49784"},{"taxonomy":"post_tag","embeddable":true,"href":"http:\/\/www.grieta.org.mx\/index.php\/wp-json\/wp\/v2\/tags?post=49784"}],"curies":[{"name":"wp","href":"https:\/\/api.w.org\/{rel}","templated":true}]}}