{"id":49634,"date":"2020-05-17T10:22:26","date_gmt":"2020-05-17T15:22:26","guid":{"rendered":"http:\/\/www.grieta.org.mx\/?p=49634"},"modified":"2020-05-22T11:03:51","modified_gmt":"2020-05-22T16:03:51","slug":"falta-de-transporte-afecta-a-trabajadores-en-sur-de-tamaulipas","status":"publish","type":"post","link":"http:\/\/www.grieta.org.mx\/index.php\/2020\/05\/17\/falta-de-transporte-afecta-a-trabajadores-en-sur-de-tamaulipas\/","title":{"rendered":"Falta de transporte afecta a trabajadores en sur de Tamaulipas"},"content":{"rendered":"<p>Antonio Campos\/Milenio<br \/>\n17 mayo 2020<\/p>\n<blockquote><p>Comerciantes tienen que caminar para poder llegar a su destino.<\/p><\/blockquote>\n<p><img loading=\"lazy\" decoding=\"async\" data-attachment-id=\"49635\" data-permalink=\"http:\/\/www.grieta.org.mx\/index.php\/2020\/05\/17\/falta-de-transporte-afecta-a-trabajadores-en-sur-de-tamaulipas\/falta-de-transporte-afecta-a_0_11_958_596\/\" data-orig-file=\"http:\/\/www.grieta.org.mx\/wp-content\/uploads\/2020\/05\/falta-de-transporte-afecta-a_0_11_958_596.jpg\" data-orig-size=\"958,596\" data-comments-opened=\"0\" data-image-meta=\"{&quot;aperture&quot;:&quot;0&quot;,&quot;credit&quot;:&quot;&quot;,&quot;camera&quot;:&quot;&quot;,&quot;caption&quot;:&quot;&quot;,&quot;created_timestamp&quot;:&quot;0&quot;,&quot;copyright&quot;:&quot;&quot;,&quot;focal_length&quot;:&quot;0&quot;,&quot;iso&quot;:&quot;0&quot;,&quot;shutter_speed&quot;:&quot;0&quot;,&quot;title&quot;:&quot;&quot;,&quot;orientation&quot;:&quot;0&quot;}\" data-image-title=\"falta-de-transporte-afecta-a_0_11_958_596\" data-image-description=\"\" data-image-caption=\"\" data-medium-file=\"http:\/\/www.grieta.org.mx\/wp-content\/uploads\/2020\/05\/falta-de-transporte-afecta-a_0_11_958_596-300x187.jpg\" data-large-file=\"http:\/\/www.grieta.org.mx\/wp-content\/uploads\/2020\/05\/falta-de-transporte-afecta-a_0_11_958_596.jpg\" class=\"aligncenter wp-image-49635\" src=\"http:\/\/www.grieta.org.mx\/wp-content\/uploads\/2020\/05\/falta-de-transporte-afecta-a_0_11_958_596.jpg\" alt=\"\" width=\"800\" height=\"498\" srcset=\"http:\/\/www.grieta.org.mx\/wp-content\/uploads\/2020\/05\/falta-de-transporte-afecta-a_0_11_958_596.jpg 958w, http:\/\/www.grieta.org.mx\/wp-content\/uploads\/2020\/05\/falta-de-transporte-afecta-a_0_11_958_596-300x187.jpg 300w, http:\/\/www.grieta.org.mx\/wp-content\/uploads\/2020\/05\/falta-de-transporte-afecta-a_0_11_958_596-768x478.jpg 768w, http:\/\/www.grieta.org.mx\/wp-content\/uploads\/2020\/05\/falta-de-transporte-afecta-a_0_11_958_596-804x500.jpg 804w\" sizes=\"auto, (max-width: 800px) 100vw, 800px\" \/><br \/>\nFalta de transporte afecta a trabajadores de la zona conurbada<\/p>\n<p>Cientos de familia maderenses volvieron a vivir un calvario al no encontrar c\u00f3mo poder llegar de sus hogares al trabajo debido a la falta de transporte p\u00fablico en la zona, medida que fue implementada para frenar el incremento de casos de covid-19.<\/p>\n<p>Para Juan Pablo Hern\u00e1ndez de 35 a\u00f1os, quien dijo tener su domicilio en un popular sector de Ciudad Madero, se\u00f1al\u00f3 que ya es lamentable que los tamaulipecos tengan que v\u00e9rselas dif\u00edcil al querer conseguir el sustento econ\u00f3mico para sus familias.<\/p>\n<p>Mencion\u00f3 que primero tuvo que enfrentar la falta de trabajo formal al cerrar la empresa en donde laboraba ya que se consideraba que lo oblig\u00f3 a integrarse a la informalidad vendiendo cubrebocas, mismos que no podr\u00e1 acomodar debido a que no hay transporte a ning\u00fan municipio de la zona Conurbada.<\/p>\n<p>Destac\u00f3 que \u00fanicamente ha visto algunos taxis que de manera clandestina ofrecen sus servicios pero que al momento que los solicita les se\u00f1alan que una carrera corta le sale en 50 pesos pero si recorre m\u00e1s distancia hasta 80, lo cual no puede cubrir por lo que opto por caminar a una zona con mayor tr\u00e1nsito para a ver si as\u00ed consigue acomodar su producto.<\/p>\n<p><a href=\"https:\/\/www.milenio.com\/ciencia-y-salud\/coronavirus-tamaulipas-trabajadores-afectados-falta-transporte\" rel=\"noopener noreferrer\" target=\"_blank\">https:\/\/www.milenio.com\/ciencia-y-salud\/coronavirus-tamaulipas-trabajadores-afectados-falta-transporte<\/a><\/p>\n","protected":false},"excerpt":{"rendered":"<p>Antonio Campos\/Milenio 17 mayo 2020 Comerciantes tienen que caminar para poder llegar a su destino. Falta de transporte afecta a trabajadores de la zona conurbada Cientos de familia maderenses volvieron &hellip; <a href=\"http:\/\/www.grieta.org.mx\/index.php\/2020\/05\/17\/falta-de-transporte-afecta-a-trabajadores-en-sur-de-tamaulipas\/\" class=\"more-link\">Leer m\u00e1s<\/a><\/p>\n","protected":false},"author":2,"featured_media":49635,"comment_status":"closed","ping_status":"closed","sticky":false,"template":"","format":"standard","meta":{"ngg_post_thumbnail":0,"_jetpack_newsletter_access":"","_jetpack_dont_email_post_to_subs":false,"_jetpack_newsletter_tier_id":0,"_jetpack_memberships_contains_paywalled_content":false,"_jetpack_memberships_contains_paid_content":false,"footnotes":""},"categories":[80,910,1137,2,33,83],"tags":[163,2841,3376],"class_list":["post-49634","post","type-post","status-publish","format-standard","has-post-thumbnail","hentry","category-cintillo","category-explotacion-y-precariedad-laboral","category-explotacion-y-precariedad-laboral-en-tamaulipas","category-noticias-nacionales","category-tamaulipas","category-temas-nacionales","tag-despidos","tag-explotacion-y-precariedad-laboral","tag-trabajo-informal","entry"],"jetpack_featured_media_url":"http:\/\/www.grieta.org.mx\/wp-content\/uploads\/2020\/05\/falta-de-transporte-afecta-a_0_11_958_596.jpg","jetpack_sharing_enabled":true,"jetpack_shortlink":"https:\/\/wp.me\/p7ZJR4-cUy","jetpack_likes_enabled":false,"jetpack-related-posts":[{"id":28799,"url":"http:\/\/www.grieta.org.mx\/index.php\/2019\/02\/04\/corren-inesperadamente-a-trabajadores-de-la-conagua-tamaulipas\/","url_meta":{"origin":49634,"position":0},"title":"Corren inesperadamente a trabajadores de la Conagua (Tamaulipas)","author":"grieta","date":"4 febrero, 2019","format":false,"excerpt":"Jes\u00fas Alberto Garc\u00eda \/ Milenio Fueron despedidos varios empleados de la Comisi\u00f3n Nacional del Agua en seis municipios. Un grupo de 28 trabajadores de Tampico, Madero, Altamira, San Fernando, Ciudad Victoria y P\u00e1nuco, afirman que fueron despedidos este viernes 1 de febrero. De forma verbal se les inform\u00f3 su despido\u2026","rel":"","context":"En &quot;CINTILLO&quot;","block_context":{"text":"CINTILLO","link":"http:\/\/www.grieta.org.mx\/index.php\/category\/cintillo\/"},"img":{"alt_text":"","src":"https:\/\/i0.wp.com\/www.grieta.org.mx\/wp-content\/uploads\/2019\/02\/corren-inesperadamente-cona.jpg?resize=350%2C200","width":350,"height":200,"srcset":"https:\/\/i0.wp.com\/www.grieta.org.mx\/wp-content\/uploads\/2019\/02\/corren-inesperadamente-cona.jpg?resize=350%2C200 1x, https:\/\/i0.wp.com\/www.grieta.org.mx\/wp-content\/uploads\/2019\/02\/corren-inesperadamente-cona.jpg?resize=525%2C300 1.5x, https:\/\/i0.wp.com\/www.grieta.org.mx\/wp-content\/uploads\/2019\/02\/corren-inesperadamente-cona.jpg?resize=700%2C400 2x"},"classes":[]},{"id":28422,"url":"http:\/\/www.grieta.org.mx\/index.php\/2019\/01\/18\/en-matamoros-obreros-presionan-a-companeros-para-que-abandonen-sus-areas-de-trabajo-tamaulipas\/","url_meta":{"origin":49634,"position":1},"title":"En Matamoros: Obreros presionan a compa\u00f1eros para que abandonen sus \u00e1reas de trabajo (Tamaulipas)","author":"grieta","date":"18 enero, 2019","format":false,"excerpt":"\u00c1ngel Arias \/ hoytamaulipas Recorren las maquiladoras para que los trabajadores se unan a \u201cla lucha obrera\u201d como ellos la han nombrado a seis d\u00edas de iniciarse el conflicto Matamoros, Tamaulipas.- En estos momentos obreros de diferentes maquiladoras que siguen inconformes y sin presentarse a laborar, iniciaron una marcha desde\u2026","rel":"","context":"En &quot;CINTILLO&quot;","block_context":{"text":"CINTILLO","link":"http:\/\/www.grieta.org.mx\/index.php\/category\/cintillo\/"},"img":{"alt_text":"","src":"https:\/\/i0.wp.com\/www.grieta.org.mx\/wp-content\/uploads\/2019\/01\/En-Matamoros-Obreros-presionan-a-companieros-para-que-abandonen-sus-areas-de-trabajo.jpg?resize=350%2C200","width":350,"height":200,"srcset":"https:\/\/i0.wp.com\/www.grieta.org.mx\/wp-content\/uploads\/2019\/01\/En-Matamoros-Obreros-presionan-a-companieros-para-que-abandonen-sus-areas-de-trabajo.jpg?resize=350%2C200 1x, https:\/\/i0.wp.com\/www.grieta.org.mx\/wp-content\/uploads\/2019\/01\/En-Matamoros-Obreros-presionan-a-companieros-para-que-abandonen-sus-areas-de-trabajo.jpg?resize=525%2C300 1.5x, https:\/\/i0.wp.com\/www.grieta.org.mx\/wp-content\/uploads\/2019\/01\/En-Matamoros-Obreros-presionan-a-companieros-para-que-abandonen-sus-areas-de-trabajo.jpg?resize=700%2C400 2x"},"classes":[]},{"id":28787,"url":"http:\/\/www.grieta.org.mx\/index.php\/2019\/02\/04\/protestan-empleados-de-la-jad-frente-a-alcaldia-de-matamoros-tamaulipas\/","url_meta":{"origin":49634,"position":2},"title":"Protestan empleados de la JAD frente a alcald\u00eda de Matamoros (Tamaulipas)","author":"grieta","date":"4 febrero, 2019","format":false,"excerpt":"Marco Esquivel \/ Hoy Tamaulipas El presidente Mario L\u00f3pez Hern\u00e1ndez los atendi\u00f3. Acusaban que hay acoso laboral, despidos injustificados, falta de uniformes y equipos de seguridad Matamoros, Tamaulipas.- Acoso laboral, despidos injustificados, falta de uniformes y equipos de seguridad, as\u00ed como retraso en la cobertura de cuotas de Infonavit, fueron\u2026","rel":"","context":"En &quot;CINTILLO&quot;","block_context":{"text":"CINTILLO","link":"http:\/\/www.grieta.org.mx\/index.php\/category\/cintillo\/"},"img":{"alt_text":"","src":"https:\/\/i0.wp.com\/www.grieta.org.mx\/wp-content\/uploads\/2019\/02\/Protestan-empleados-de-la-JAD-frente-a-alcaldia-de-Matamoros-feb.jpg?resize=350%2C200","width":350,"height":200,"srcset":"https:\/\/i0.wp.com\/www.grieta.org.mx\/wp-content\/uploads\/2019\/02\/Protestan-empleados-de-la-JAD-frente-a-alcaldia-de-Matamoros-feb.jpg?resize=350%2C200 1x, https:\/\/i0.wp.com\/www.grieta.org.mx\/wp-content\/uploads\/2019\/02\/Protestan-empleados-de-la-JAD-frente-a-alcaldia-de-Matamoros-feb.jpg?resize=525%2C300 1.5x, https:\/\/i0.wp.com\/www.grieta.org.mx\/wp-content\/uploads\/2019\/02\/Protestan-empleados-de-la-JAD-frente-a-alcaldia-de-Matamoros-feb.jpg?resize=700%2C400 2x"},"classes":[]},{"id":32909,"url":"http:\/\/www.grieta.org.mx\/index.php\/2019\/05\/02\/en-pleno-desfile-protesta-contra-agustin-de-la-huerta-tamaulipas\/","url_meta":{"origin":49634,"position":3},"title":"En pleno desfile protesta contra Agust\u00edn de la Huerta (Tamaulipas)","author":"grieta","date":"2 mayo, 2019","format":false,"excerpt":"Daisy Ver\u00f3nica Herrera Medrano \/ El Mercurio Acusan a de la Huerta Mejia de vulnerar los derechos laborales de los trabajadores . En pleno desfile del d\u00eda del trabajo este 1 de mayo, trabajadores del Colegio de Educaci\u00f3n Profesional T\u00e9cnica de Tamaulipas (Conalep), \u201ctronaron\u201d en contra de su director general,\u2026","rel":"","context":"En &quot;CINTILLO&quot;","block_context":{"text":"CINTILLO","link":"http:\/\/www.grieta.org.mx\/index.php\/category\/cintillo\/"},"img":{"alt_text":"","src":"https:\/\/i0.wp.com\/www.grieta.org.mx\/wp-content\/uploads\/2019\/05\/En-pleno-desfile-protesta-contra-Agust%C3%ADn-de-la-Huerta-tama-may.jpg?resize=350%2C200","width":350,"height":200,"srcset":"https:\/\/i0.wp.com\/www.grieta.org.mx\/wp-content\/uploads\/2019\/05\/En-pleno-desfile-protesta-contra-Agust%C3%ADn-de-la-Huerta-tama-may.jpg?resize=350%2C200 1x, https:\/\/i0.wp.com\/www.grieta.org.mx\/wp-content\/uploads\/2019\/05\/En-pleno-desfile-protesta-contra-Agust%C3%ADn-de-la-Huerta-tama-may.jpg?resize=525%2C300 1.5x, https:\/\/i0.wp.com\/www.grieta.org.mx\/wp-content\/uploads\/2019\/05\/En-pleno-desfile-protesta-contra-Agust%C3%ADn-de-la-Huerta-tama-may.jpg?resize=700%2C400 2x, https:\/\/i0.wp.com\/www.grieta.org.mx\/wp-content\/uploads\/2019\/05\/En-pleno-desfile-protesta-contra-Agust%C3%ADn-de-la-Huerta-tama-may.jpg?resize=1050%2C600 3x"},"classes":[]},{"id":64901,"url":"http:\/\/www.grieta.org.mx\/index.php\/2022\/08\/16\/maquilas-de-tamaulipas-han-despedido-a-casi-cinco-mil-trabajadores\/","url_meta":{"origin":49634,"position":4},"title":"Maquilas de Tamaulipas han despedido a casi cinco mil trabajadores","author":"grieta","date":"16 agosto, 2022","format":false,"excerpt":"Paola Mel\u00e9ndez\/Hoy Tamaulipas 16 agosto 2022 Seg\u00fan el IMSS, en el Estado se ha presentado una baja de cuatro mil 673 obreros entre marzo y julio del 2022. Ciudad Victoria, Tamaulipas.- La industria maquiladora en Tamaulipas ha recortado casi cinco mil empleos en cuatro meses, seg\u00fan el Instituto Mexicano del\u2026","rel":"","context":"En &quot;CINTILLO&quot;","block_context":{"text":"CINTILLO","link":"http:\/\/www.grieta.org.mx\/index.php\/category\/cintillo\/"},"img":{"alt_text":"","src":"https:\/\/i0.wp.com\/www.grieta.org.mx\/wp-content\/uploads\/2022\/08\/Maquilas-de-Tamaulipas-han-despedido-a-casi-cinco-mil-trabajadores-en-cuatro-meses.jpg?resize=350%2C200","width":350,"height":200,"srcset":"https:\/\/i0.wp.com\/www.grieta.org.mx\/wp-content\/uploads\/2022\/08\/Maquilas-de-Tamaulipas-han-despedido-a-casi-cinco-mil-trabajadores-en-cuatro-meses.jpg?resize=350%2C200 1x, https:\/\/i0.wp.com\/www.grieta.org.mx\/wp-content\/uploads\/2022\/08\/Maquilas-de-Tamaulipas-han-despedido-a-casi-cinco-mil-trabajadores-en-cuatro-meses.jpg?resize=525%2C300 1.5x, https:\/\/i0.wp.com\/www.grieta.org.mx\/wp-content\/uploads\/2022\/08\/Maquilas-de-Tamaulipas-han-despedido-a-casi-cinco-mil-trabajadores-en-cuatro-meses.jpg?resize=700%2C400 2x"},"classes":[]},{"id":32471,"url":"http:\/\/www.grieta.org.mx\/index.php\/2019\/04\/09\/bloquean-accesos-a-avances-cientificos-en-matamoros-luego-se-retiran-tamaulipas\/","url_meta":{"origin":49634,"position":5},"title":"Bloquean accesos a Avances Cient\u00edficos en Matamoros; luego se retiran (Tamaulipas)","author":"grieta","date":"9 abril, 2019","format":false,"excerpt":"\u00c1ngel Arias \/ Hoy Tamaulipas Poco antes de las 10 de la ma\u00f1ana, quienes obstru\u00edan los accesos a la empresa, se retiraron, permitiendo que el personal pudiera ingresar a trabajar Matamoros, Tamaulipas. - La ma\u00f1ana de este martes los ex trabajadores de la empresa Avances Cient\u00edficos tomaron de nueva cuenta\u2026","rel":"","context":"En &quot;CINTILLO&quot;","block_context":{"text":"CINTILLO","link":"http:\/\/www.grieta.org.mx\/index.php\/category\/cintillo\/"},"img":{"alt_text":"","src":"https:\/\/i0.wp.com\/www.grieta.org.mx\/wp-content\/uploads\/2019\/04\/Bloquean-accesos-a-Avances-Cient%C3%AD-tama-abr.jpg?resize=350%2C200","width":350,"height":200,"srcset":"https:\/\/i0.wp.com\/www.grieta.org.mx\/wp-content\/uploads\/2019\/04\/Bloquean-accesos-a-Avances-Cient%C3%AD-tama-abr.jpg?resize=350%2C200 1x, https:\/\/i0.wp.com\/www.grieta.org.mx\/wp-content\/uploads\/2019\/04\/Bloquean-accesos-a-Avances-Cient%C3%AD-tama-abr.jpg?resize=525%2C300 1.5x, https:\/\/i0.wp.com\/www.grieta.org.mx\/wp-content\/uploads\/2019\/04\/Bloquean-accesos-a-Avances-Cient%C3%AD-tama-abr.jpg?resize=700%2C400 2x"},"classes":[]}],"_links":{"self":[{"href":"http:\/\/www.grieta.org.mx\/index.php\/wp-json\/wp\/v2\/posts\/49634","targetHints":{"allow":["GET"]}}],"collection":[{"href":"http:\/\/www.grieta.org.mx\/index.php\/wp-json\/wp\/v2\/posts"}],"about":[{"href":"http:\/\/www.grieta.org.mx\/index.php\/wp-json\/wp\/v2\/types\/post"}],"author":[{"embeddable":true,"href":"http:\/\/www.grieta.org.mx\/index.php\/wp-json\/wp\/v2\/users\/2"}],"replies":[{"embeddable":true,"href":"http:\/\/www.grieta.org.mx\/index.php\/wp-json\/wp\/v2\/comments?post=49634"}],"version-history":[{"count":1,"href":"http:\/\/www.grieta.org.mx\/index.php\/wp-json\/wp\/v2\/posts\/49634\/revisions"}],"predecessor-version":[{"id":49636,"href":"http:\/\/www.grieta.org.mx\/index.php\/wp-json\/wp\/v2\/posts\/49634\/revisions\/49636"}],"wp:featuredmedia":[{"embeddable":true,"href":"http:\/\/www.grieta.org.mx\/index.php\/wp-json\/wp\/v2\/media\/49635"}],"wp:attachment":[{"href":"http:\/\/www.grieta.org.mx\/index.php\/wp-json\/wp\/v2\/media?parent=49634"}],"wp:term":[{"taxonomy":"category","embeddable":true,"href":"http:\/\/www.grieta.org.mx\/index.php\/wp-json\/wp\/v2\/categories?post=49634"},{"taxonomy":"post_tag","embeddable":true,"href":"http:\/\/www.grieta.org.mx\/index.php\/wp-json\/wp\/v2\/tags?post=49634"}],"curies":[{"name":"wp","href":"https:\/\/api.w.org\/{rel}","templated":true}]}}