{"id":49578,"date":"2020-05-19T17:38:05","date_gmt":"2020-05-19T22:38:05","guid":{"rendered":"http:\/\/www.grieta.org.mx\/?p=49578"},"modified":"2020-05-21T18:10:25","modified_gmt":"2020-05-21T23:10:25","slug":"ante-covid-19-ordenan-a-directivos-del-issste-oaxaca-garantizar-derecho-a-la-vida-del-personal-medico","status":"publish","type":"post","link":"http:\/\/www.grieta.org.mx\/index.php\/2020\/05\/19\/ante-covid-19-ordenan-a-directivos-del-issste-oaxaca-garantizar-derecho-a-la-vida-del-personal-medico\/","title":{"rendered":"Ante Covid-19, ordenan a directivos del ISSSTE Oaxaca garantizar derecho a la vida del personal m\u00e9dico"},"content":{"rendered":"<p>P\u00e1gina 3 \/ Jaime Guerrero.<\/p>\n<p><img loading=\"lazy\" decoding=\"async\" class=\"alignnone size-full\" src=\"https:\/\/pagina3.mx\/wp-content\/uploads\/2020\/05\/Hospital-Presidente-Jua%CC%81rez-ISSSTE.jpg\" width=\"950\" height=\"475\" \/><\/p>\n<p>El Juzgado Primero de Distrito emiti\u00f3 una suspensi\u00f3n de plano para garantizar el derecho a la vida del personal m\u00e9dico del Hospital \u201cPresidente Ju\u00e1rez\u201d del Instituto de Seguridad y Servicios Sociales de los Trabajadores del Estado, (ISSSTE), ubicado en la capital de Oaxaca.<\/p>\n<p>La demanda de amparo fue radicada en el Juzgado con fecha 10 de mayo del 2020, bajo el n\u00famero 361\/2020.<\/p>\n<p>Ante la solicitud de protecci\u00f3n de la vida, se emiti\u00f3 una suspensi\u00f3n de plano. Esa figura legal se concede, entre otros casos, cuando los actos reclamados importen peligro de privaci\u00f3n de la vida.<\/p>\n<p>Una vez emitida la resoluci\u00f3n se comunic\u00f3 con car\u00e1cter de urgente para buscar su cumplimiento inmediato.<\/p>\n<p>Y es que la totalidad de m\u00e9dicos internistas de la Delegaci\u00f3n Estatal del ISSSTE solicitaron el amparo de la justicia federal ante la falta de protocolos de atenci\u00f3n, coordinaci\u00f3n apropiada y de equipo m\u00e9dico.<\/p>\n<p>La suspensi\u00f3n otorgada exige a autoridades responsables la implementaci\u00f3n de forma inmediata de un protocolo escrito de atenci\u00f3n m\u00e9dica para pacientes con s\u00edntomas o contagio de virus SARS-CoV-2 (COVID-19), que ameriten hospitalizaci\u00f3n.<\/p>\n<p>Establezcan con precisi\u00f3n las especialidades m\u00e9dicas que deber\u00e1n atender a pacientes, en funci\u00f3n de los procedimientos a implementar conforme al estado de salud de las personas.<\/p>\n<p>Se establezcan turnos y guardias de atenci\u00f3n a pacientes para no provocar un desgaste inhumano y desigual, y no se sobre-exponga a profesionales de la salud a un riesgo de contagio del virus.<\/p>\n<p>Asimismo, les proporcionen todos los insumos de protecci\u00f3n m\u00e9dica suficientes y adecuados para prevenir el contagio del virus SARS-CoV-2 (COVID-19) descritos.<\/p>\n<p>Sin embargo, como se se\u00f1al\u00f3 en p\u00e1rrafos anteriores, las autoridades responsables solamente se han concretado a presentar ante la autoridad judicial una negativa de los actos reclamados.<\/p>\n<p>Las personas responsables se\u00f1aladas como omisas de coordinar, dirigir e implementar las acciones son el Director o Encargado de la Direcci\u00f3n del Hospital Presidente Ju\u00e1rez del ISSSTE; el Coordinador de Urgencias y de la Unidad de Terapia Intensiva de ese nosocomio, H\u00e9ctor S\u00e1nchez Valencia, la Coordinadora M\u00e9dica de Anestesiolog\u00eda, Haydee Rojas, y el Delegado en Oaxaca del ISSSTE.<\/p>\n<p>La solicitud de amparo busca proteger su vida y la de empleados y pacientes de esa instituci\u00f3n m\u00e9dica, sobre todo de quienes intervienen en la atenci\u00f3n directa de personas que presentan s\u00edntomas o contagio del virus SARS-CoV-2, causante de la enfermedad COVID-19.<\/p>\n<p>Seg\u00fan versiones de los doctores que han promovido el amparo, las autoridades responsables solamente se han concretado a presentar una negativa de los actos reclamados ante la autoridad judicial y no han presentado ning\u00fan documento o evidencia y argumentan que est\u00e1n aplic\u00e1ndose los protocolos adecuados.<\/p>\n<p>No obstante, el Juez federal emiti\u00f3 un plazo de 24 horas a las autoridades del ISSSTE para informar el cumplimiento a la suspensi\u00f3n decretada.<\/p>\n<p>Apercibidas que de no hacerlo, su conducta actualizar\u00e1 el delito previsto por el art\u00edculo 262, fracci\u00f3n III, de la Ley de Amparo, y de inmediato se dar\u00e1 vista a la Agente del Ministerio P\u00fablico de la Federaci\u00f3n para los efectos legales a que hubiere lugar.<\/p>\n<p>Por lo pronto, el personal m\u00e9dico reclama la omisi\u00f3n en dotar y proporcionar los distintos insumos de protecci\u00f3n a m\u00e9dicos y empleados hospitalarios, adem\u00e1s de ser omisos en definir, implementar, dirigir y coordinar protocolos m\u00e9dicos escritos para la atenci\u00f3n de pacientes con contagio del virus.<\/p>\n<p>De igual forma, exigen que para la atenci\u00f3n de pacientes contagiados se involucre a m\u00e9dicos en la especialidad de medicina de urgencias, de medicina cr\u00edtica y de anestesiolog\u00eda, porque ante la ausencia de este personal, la atenci\u00f3n est\u00e1 dirigi\u00e9ndose a especialistas de medicina interna.<\/p>\n<p>De acuerdo con el personal m\u00e9dico, eso ha provocado la saturaci\u00f3n y sobrecarga de trabajo.<\/p>\n<p>Tambi\u00e9n pone en peligro su vida por la sobreexposici\u00f3n al virus que ha demostrado su alta mortalidad especialmente en los hospitales.<\/p>\n<p>A su vez, se incrementa el contagio a otros pacientes que son atendidos por ellos.<\/p>\n<p>Asimismo, denuncian actos de maltrato de obra y palabra, y de discriminaci\u00f3n, porque las personas responsables, aprovech\u00e1ndose de su posici\u00f3n de poder, con prepotencia y arbitrariedad han ordenado y autorizado verbalmente a m\u00e9dicos especialistas en medicina de urgencias y medicina cr\u00edtica que no intervengan en procedimientos de atenci\u00f3n a pacientes portadores o con s\u00edntomas del virus SARS-CoV-2 (COVID-19).<\/p>\n<p>Dichos procedimientos consisten en revisiones m\u00e9dicas, asistencia en las \u00e1reas de terapia intensiva e intubaciones del paciente.<\/p>\n<p>Las autoridades sanitarias del ISSSTE argumentaron que esos procedimientos deb\u00edan estar a cargo de m\u00e9dicos de medicina interna siendo que ellos tienen pleno conocimiento de que no existe equipo apropiado en su atenci\u00f3n, ni protocolos escritos.<\/p>\n<p>Sin embargo, a juicio del personal m\u00e9dico, no se garantiza la protecci\u00f3n al derecho humano a la salud y la vida tanto de pacientes como del personal m\u00e9dico y param\u00e9dico del hospital.<\/p>\n<p>No obstante, el Juez concedi\u00f3 la suspensi\u00f3n de oficio y de plano del acto que reclaman consistente en la falta de implementar, dirigir y coordinar protocolos m\u00e9dicos escritos para la atenci\u00f3n de pacientes con contagio de virus SARS-CoV-2 (COVID-19).<\/p>\n<p>As\u00ed como proporcionar los insumos m\u00e9dicos como guantes, mascarillas m\u00e9dicas, respiradores, gafas de seguridad, pantallas faciales, batas, delantales, gorros, careta m\u00e9dica, cubreboca quir\u00fargico y N95, googles grandes con la capacidad de tener otros lentes dentro, equipo protector para la atenci\u00f3n de los pacientes que presentan s\u00edntomas o contagio del virus SARS-CoV-2 (COVID-19).<\/p>\n<p><a href=\"https:\/\/pagina3.mx\/2020\/05\/ante-covid-19-ordenan-a-directivos-del-issste-oaxaca-garantizar-derecho-a-la-vida-del-personal-medico\/\" target=\"_blank\" rel=\"noopener noreferrer\">https:\/\/pagina3.mx\/2020\/05\/ante-covid-19-ordenan-a-directivos-del-issste-oaxaca-garantizar-derecho-a-la-vida-del-personal-medico\/<\/a><\/p>\n","protected":false},"excerpt":{"rendered":"<p>P\u00e1gina 3 \/ Jaime Guerrero. El Juzgado Primero de Distrito emiti\u00f3 una suspensi\u00f3n de plano para garantizar el derecho a la vida del personal m\u00e9dico del Hospital \u201cPresidente Ju\u00e1rez\u201d del &hellip; <a href=\"http:\/\/www.grieta.org.mx\/index.php\/2020\/05\/19\/ante-covid-19-ordenan-a-directivos-del-issste-oaxaca-garantizar-derecho-a-la-vida-del-personal-medico\/\" class=\"more-link\">Leer m\u00e1s<\/a><\/p>\n","protected":false},"author":2,"featured_media":21928,"comment_status":"closed","ping_status":"closed","sticky":false,"template":"","format":"standard","meta":{"ngg_post_thumbnail":0,"_jetpack_newsletter_access":"","_jetpack_dont_email_post_to_subs":false,"_jetpack_newsletter_tier_id":0,"_jetpack_memberships_contains_paywalled_content":false,"_jetpack_memberships_contains_paid_content":false,"footnotes":""},"categories":[80,3262,1728,2,25,83],"tags":[],"class_list":["post-49578","post","type-post","status-publish","format-standard","has-post-thumbnail","hentry","category-cintillo","category-crisis-covid-19-en-oaxaca","category-crisis-del-sector-salud-en-oaxaca","category-noticias-nacionales","category-oaxaca","category-temas-nacionales","entry"],"jetpack_featured_media_url":"http:\/\/www.grieta.org.mx\/wp-content\/uploads\/2018\/03\/14524434_1106112876131411_958039263622046936_o.jpg","jetpack_sharing_enabled":true,"jetpack_shortlink":"https:\/\/wp.me\/p7ZJR4-cTE","jetpack_likes_enabled":false,"jetpack-related-posts":[{"id":49582,"url":"http:\/\/www.grieta.org.mx\/index.php\/2020\/05\/19\/ignoran-a-la-justicia-federal-y-ahora-22-de-personal-medico-esta-contagiado-de-coronavirus-oaxaca\/","url_meta":{"origin":49578,"position":0},"title":"Ignoran a la justicia federal y ahora 22 % de personal m\u00e9dico est\u00e1 contagiado de coronavirus  (Oaxaca)","author":"grieta","date":"19 mayo, 2020","format":false,"excerpt":"P\u00e1gina 3 \/ Pedro Mat\u00edas. *Personal m\u00e9dico del ISSSTE advierten que estas dos semanas son cruciales porque los casos est\u00e1n dispar\u00e1ndose. | *Las autoridades m\u00e9dicas ignoraron un mandato judicial. OAXACA, Oax.- Pese a que el Juzgado Primero de Distrito otorg\u00f3 una suspensi\u00f3n de plano para proteger los derechos humanos del\u2026","rel":"","context":"En &quot;CINTILLO&quot;","block_context":{"text":"CINTILLO","link":"http:\/\/www.grieta.org.mx\/index.php\/category\/cintillo\/"},"img":{"alt_text":"","src":"https:\/\/i0.wp.com\/www.grieta.org.mx\/wp-content\/uploads\/2020\/05\/w.jpg?resize=350%2C200","width":350,"height":200,"srcset":"https:\/\/i0.wp.com\/www.grieta.org.mx\/wp-content\/uploads\/2020\/05\/w.jpg?resize=350%2C200 1x, https:\/\/i0.wp.com\/www.grieta.org.mx\/wp-content\/uploads\/2020\/05\/w.jpg?resize=525%2C300 1.5x, https:\/\/i0.wp.com\/www.grieta.org.mx\/wp-content\/uploads\/2020\/05\/w.jpg?resize=700%2C400 2x"},"classes":[]},{"id":48289,"url":"http:\/\/www.grieta.org.mx\/index.php\/2020\/04\/27\/personal-del-issste-presenta-amparo-por-falta-de-equipo-y-exige-renuncia-del-director-oaxaca\/","url_meta":{"origin":49578,"position":1},"title":"Personal del ISSSTE presenta amparo por falta de equipo y exige renuncia del director (Oaxaca)","author":"grieta","date":"27 abril, 2020","format":false,"excerpt":"P\u00e1gina 3 \/ Pedro Mat\u00edas. Personal del ISSSTE presenta amparo por falta de equipo y exige renuncia del director. OAXACA, Oax. (pagina3.mx).- Personal m\u00e9dico del Hospital \u201cPresidente Ju\u00e1rez\u201d del ISSSTE exigi\u00f3 la renuncia del director y present\u00f3 un amparo para dotaci\u00f3n de equipo ante COVID-19. Personal m\u00e9dico del Hospital \u201cPresidente\u2026","rel":"","context":"En &quot;CINTILLO&quot;","block_context":{"text":"CINTILLO","link":"http:\/\/www.grieta.org.mx\/index.php\/category\/cintillo\/"},"img":{"alt_text":"","src":"https:\/\/i0.wp.com\/www.grieta.org.mx\/wp-content\/uploads\/2020\/04\/Personal-del-ISSSTE-presenta-amparo-por-falta-de-equipo-y-exige-renuncia-del-director-696x352.png?resize=350%2C200","width":350,"height":200,"srcset":"https:\/\/i0.wp.com\/www.grieta.org.mx\/wp-content\/uploads\/2020\/04\/Personal-del-ISSSTE-presenta-amparo-por-falta-de-equipo-y-exige-renuncia-del-director-696x352.png?resize=350%2C200 1x, https:\/\/i0.wp.com\/www.grieta.org.mx\/wp-content\/uploads\/2020\/04\/Personal-del-ISSSTE-presenta-amparo-por-falta-de-equipo-y-exige-renuncia-del-director-696x352.png?resize=525%2C300 1.5x"},"classes":[]},{"id":49871,"url":"http:\/\/www.grieta.org.mx\/index.php\/2020\/05\/26\/ya-son-ocho-casos-positivos-de-covid-19-en-el-issste-no-24-en-huajuapan-oaxaca\/","url_meta":{"origin":49578,"position":2},"title":"Ya son ocho casos positivos de COVID-19 en el ISSSTE No. 24 en Huajuapan (Oaxaca)","author":"grieta","date":"26 mayo, 2020","format":false,"excerpt":"Noticias \/ Leslie Aguilar. HUAJUAPAN DE LE\u00d3N, Oaxaca.- Al vivir Huajuapan los peores momentos de la pandemia, la Jurisdicci\u00f3n Sanitaria 05 en la Mixteca ha notificado que son ocho los trabajadores de la salud que han dado positivo a COVID-19 en el ISSSTE 24 en Huajuapan. En este sentido, el\u2026","rel":"","context":"En &quot;CINTILLO&quot;","block_context":{"text":"CINTILLO","link":"http:\/\/www.grieta.org.mx\/index.php\/category\/cintillo\/"},"img":{"alt_text":"","src":"https:\/\/i0.wp.com\/www.grieta.org.mx\/wp-content\/uploads\/2018\/03\/14524434_1106112876131411_958039263622046936_o.jpg?resize=350%2C200","width":350,"height":200,"srcset":"https:\/\/i0.wp.com\/www.grieta.org.mx\/wp-content\/uploads\/2018\/03\/14524434_1106112876131411_958039263622046936_o.jpg?resize=350%2C200 1x, https:\/\/i0.wp.com\/www.grieta.org.mx\/wp-content\/uploads\/2018\/03\/14524434_1106112876131411_958039263622046936_o.jpg?resize=525%2C300 1.5x, https:\/\/i0.wp.com\/www.grieta.org.mx\/wp-content\/uploads\/2018\/03\/14524434_1106112876131411_958039263622046936_o.jpg?resize=700%2C400 2x"},"classes":[]},{"id":56737,"url":"http:\/\/www.grieta.org.mx\/index.php\/2021\/02\/01\/vacunan-a-burocratas-y-a-cuates-antes-que-a-medicos-denuncian-trabajadores-de-salud-de-oaxaca\/","url_meta":{"origin":49578,"position":3},"title":"Vacunan a bur\u00f3cratas y a &#8220;cuates&#8221; antes que a m\u00e9dicos, denuncian trabajadores de salud de Oaxaca","author":"grieta","date":"1 febrero, 2021","format":false,"excerpt":"Proceso \/ Pedro Mat\u00edas. En redes sociales circulan fotograf\u00edas donde se observa un m\u00f3dulo instalado en el Hospital de la Ni\u00f1ez Oaxaque\u00f1a, lugar en el que se concentraron 20 trabajadores enviados por su jefe inmediato para vacunarse contra el covid-19, sin estar en la primera l\u00ednea de combate al virus.\u2026","rel":"","context":"En &quot;CINTILLO&quot;","block_context":{"text":"CINTILLO","link":"http:\/\/www.grieta.org.mx\/index.php\/category\/cintillo\/"},"img":{"alt_text":"","src":"https:\/\/i0.wp.com\/www.grieta.org.mx\/wp-content\/uploads\/2021\/02\/3.jpeg?resize=350%2C200","width":350,"height":200,"srcset":"https:\/\/i0.wp.com\/www.grieta.org.mx\/wp-content\/uploads\/2021\/02\/3.jpeg?resize=350%2C200 1x, https:\/\/i0.wp.com\/www.grieta.org.mx\/wp-content\/uploads\/2021\/02\/3.jpeg?resize=525%2C300 1.5x, https:\/\/i0.wp.com\/www.grieta.org.mx\/wp-content\/uploads\/2021\/02\/3.jpeg?resize=700%2C400 2x"},"classes":[]},{"id":52499,"url":"http:\/\/www.grieta.org.mx\/index.php\/2020\/07\/24\/con-20-decesos-y-1690-contagios-personal-de-salud-de-oaxaca-expone-problematicas\/","url_meta":{"origin":49578,"position":4},"title":"Con 20 decesos y 1,690 contagios, personal de salud de Oaxaca expone problem\u00e1ticas","author":"grieta","date":"24 julio, 2020","format":false,"excerpt":"Proceso \/ Pedro Mat\u00edas. Hospital Presidente Ju\u00e1rez del ISSSTE en Oaxaca. Foto: Google Maps OAXACA, Oax., (apro).- A mil 690 casos asciende el n\u00famero de contagios por covid-19 entre el personal m\u00e9dico, de los cuales 20 han muerto por coronavirus, confirmaron los Servicios de Salud. Los casos m\u00e1s recientes son\u2026","rel":"","context":"En &quot;CINTILLO&quot;","block_context":{"text":"CINTILLO","link":"http:\/\/www.grieta.org.mx\/index.php\/category\/cintillo\/"},"img":{"alt_text":"","src":"https:\/\/i0.wp.com\/www.grieta.org.mx\/wp-content\/uploads\/2020\/08\/t.jpeg?resize=350%2C200","width":350,"height":200,"srcset":"https:\/\/i0.wp.com\/www.grieta.org.mx\/wp-content\/uploads\/2020\/08\/t.jpeg?resize=350%2C200 1x, https:\/\/i0.wp.com\/www.grieta.org.mx\/wp-content\/uploads\/2020\/08\/t.jpeg?resize=525%2C300 1.5x, https:\/\/i0.wp.com\/www.grieta.org.mx\/wp-content\/uploads\/2020\/08\/t.jpeg?resize=700%2C400 2x"},"classes":[]},{"id":72112,"url":"http:\/\/www.grieta.org.mx\/index.php\/2025\/07\/30\/pacientes-con-cancer-denuncian-desabasto-de-anastrazol-en-el-hospital-issste-de-oaxaca\/","url_meta":{"origin":49578,"position":5},"title":"Pacientes con C\u00e1ncer denuncian desabasto de Anastrazol en el Hospital ISSSTE de Oaxaca","author":"grieta","date":"30 julio, 2025","format":false,"excerpt":"Imagen: Istmo Press Diana Manzo \/ Istmo Press Oaxaca, Oax.-Pacientes que viven con c\u00e1ncer denunciaron el desabasto de Anastrazol, en el Hospital del ISSSTE de Oaxaca desde hace varias semanas. Preocupadas, las pacientes de diversas edades informaron que este medicamento es muy necesario para el control de su tratamiento, y\u2026","rel":"","context":"En &quot;CINTILLO&quot;","block_context":{"text":"CINTILLO","link":"http:\/\/www.grieta.org.mx\/index.php\/category\/cintillo\/"},"img":{"alt_text":"","src":"https:\/\/i0.wp.com\/www.grieta.org.mx\/wp-content\/uploads\/2025\/08\/d9b10788-7b62-4ab9-9f81-18141a08b3c9-800x445-1.jpeg?resize=350%2C200","width":350,"height":200,"srcset":"https:\/\/i0.wp.com\/www.grieta.org.mx\/wp-content\/uploads\/2025\/08\/d9b10788-7b62-4ab9-9f81-18141a08b3c9-800x445-1.jpeg?resize=350%2C200 1x, https:\/\/i0.wp.com\/www.grieta.org.mx\/wp-content\/uploads\/2025\/08\/d9b10788-7b62-4ab9-9f81-18141a08b3c9-800x445-1.jpeg?resize=525%2C300 1.5x, https:\/\/i0.wp.com\/www.grieta.org.mx\/wp-content\/uploads\/2025\/08\/d9b10788-7b62-4ab9-9f81-18141a08b3c9-800x445-1.jpeg?resize=700%2C400 2x"},"classes":[]}],"_links":{"self":[{"href":"http:\/\/www.grieta.org.mx\/index.php\/wp-json\/wp\/v2\/posts\/49578","targetHints":{"allow":["GET"]}}],"collection":[{"href":"http:\/\/www.grieta.org.mx\/index.php\/wp-json\/wp\/v2\/posts"}],"about":[{"href":"http:\/\/www.grieta.org.mx\/index.php\/wp-json\/wp\/v2\/types\/post"}],"author":[{"embeddable":true,"href":"http:\/\/www.grieta.org.mx\/index.php\/wp-json\/wp\/v2\/users\/2"}],"replies":[{"embeddable":true,"href":"http:\/\/www.grieta.org.mx\/index.php\/wp-json\/wp\/v2\/comments?post=49578"}],"version-history":[{"count":1,"href":"http:\/\/www.grieta.org.mx\/index.php\/wp-json\/wp\/v2\/posts\/49578\/revisions"}],"predecessor-version":[{"id":49581,"href":"http:\/\/www.grieta.org.mx\/index.php\/wp-json\/wp\/v2\/posts\/49578\/revisions\/49581"}],"wp:featuredmedia":[{"embeddable":true,"href":"http:\/\/www.grieta.org.mx\/index.php\/wp-json\/wp\/v2\/media\/21928"}],"wp:attachment":[{"href":"http:\/\/www.grieta.org.mx\/index.php\/wp-json\/wp\/v2\/media?parent=49578"}],"wp:term":[{"taxonomy":"category","embeddable":true,"href":"http:\/\/www.grieta.org.mx\/index.php\/wp-json\/wp\/v2\/categories?post=49578"},{"taxonomy":"post_tag","embeddable":true,"href":"http:\/\/www.grieta.org.mx\/index.php\/wp-json\/wp\/v2\/tags?post=49578"}],"curies":[{"name":"wp","href":"https:\/\/api.w.org\/{rel}","templated":true}]}}