{"id":49462,"date":"2020-05-12T21:58:10","date_gmt":"2020-05-13T02:58:10","guid":{"rendered":"http:\/\/www.grieta.org.mx\/?p=49462"},"modified":"2020-05-17T22:05:20","modified_gmt":"2020-05-18T03:05:20","slug":"personal-del-imss-zacatecas-protesta-en-demanda-de-material-para-covid-19","status":"publish","type":"post","link":"http:\/\/www.grieta.org.mx\/index.php\/2020\/05\/12\/personal-del-imss-zacatecas-protesta-en-demanda-de-material-para-covid-19\/","title":{"rendered":"Personal del IMSS Zacatecas protesta en demanda de material para COVID-19"},"content":{"rendered":"<blockquote><p>M\u00e9dicos y enfermeras del Hospital General No.1 del Instituto Mexicano del Seguro Social (IMSS) en Zacatecas se manifestaron este martes para denunciar que a\u00fan no reciben el material necesario para atender a pacientes con el nuevo coronavirus COVID-19.<\/p><\/blockquote>\n<figure id=\"attachment_49463\" aria-describedby=\"caption-attachment-49463\" style=\"width: 800px\" class=\"wp-caption aligncenter\"><img loading=\"lazy\" decoding=\"async\" data-attachment-id=\"49463\" data-permalink=\"http:\/\/www.grieta.org.mx\/index.php\/2020\/05\/12\/personal-del-imss-zacatecas-protesta-en-demanda-de-material-para-covid-19\/226617-principal\/\" data-orig-file=\"http:\/\/www.grieta.org.mx\/wp-content\/uploads\/2020\/05\/226617-Principal.jpg\" data-orig-size=\"750,450\" data-comments-opened=\"0\" data-image-meta=\"{&quot;aperture&quot;:&quot;0&quot;,&quot;credit&quot;:&quot;&quot;,&quot;camera&quot;:&quot;&quot;,&quot;caption&quot;:&quot;&quot;,&quot;created_timestamp&quot;:&quot;0&quot;,&quot;copyright&quot;:&quot;&quot;,&quot;focal_length&quot;:&quot;0&quot;,&quot;iso&quot;:&quot;0&quot;,&quot;shutter_speed&quot;:&quot;0&quot;,&quot;title&quot;:&quot;&quot;,&quot;orientation&quot;:&quot;0&quot;}\" data-image-title=\"226617-Principal\" data-image-description=\"\" data-image-caption=\"&lt;p&gt;Demandaron penalmente al director del IMSS por no cumplir con sus obligaciones como funcionario p\u00fablico. Foto: Cuartoscuro\/Archivo&lt;\/p&gt;\n\" data-medium-file=\"http:\/\/www.grieta.org.mx\/wp-content\/uploads\/2020\/05\/226617-Principal-300x180.jpg\" data-large-file=\"http:\/\/www.grieta.org.mx\/wp-content\/uploads\/2020\/05\/226617-Principal.jpg\" class=\"wp-image-49463\" src=\"http:\/\/www.grieta.org.mx\/wp-content\/uploads\/2020\/05\/226617-Principal.jpg\" alt=\"\" width=\"800\" height=\"480\" srcset=\"http:\/\/www.grieta.org.mx\/wp-content\/uploads\/2020\/05\/226617-Principal.jpg 750w, http:\/\/www.grieta.org.mx\/wp-content\/uploads\/2020\/05\/226617-Principal-300x180.jpg 300w\" sizes=\"auto, (max-width: 800px) 100vw, 800px\" \/><figcaption id=\"caption-attachment-49463\" class=\"wp-caption-text\">Demandaron penalmente al director del IMSS por no cumplir con sus obligaciones como funcionario p\u00fablico. Foto: Cuartoscuro\/Archivo<\/figcaption><\/figure>\n<p>Omar Hern\u00e1ndez \/ unoTV, 12 de mayo de 2020.<\/p>\n<p>&nbsp;<\/p>\n<p>El hospital fue habilitado como centro de atenci\u00f3n COVID-19<\/p>\n<p>Este martes continuaron las protestas de trabajadores de la salud del Hospital General No. 1 del IMSS de Zacatecas, debido a que m\u00e9dicos y enfermeras no han recibido el material de protecci\u00f3n para atender a los pacientes de este nosocomio habilitado como centro especializado para pacientes COVID-19 en la entidad.<\/p>\n<p>En la manifestaci\u00f3n responsabilizaron penalmente al director general del IMSS, Zo\u00e9 Robledo, pues se\u00f1alaron que muchos de sus compa\u00f1eros se han contagiado y algunos de ellos han perdido la vida, asimismo \u201cla demanda penal es fundamentalmente por el motivo de omisi\u00f3n de responsabilidades como servidor p\u00fablico\u201d.<\/p>\n<p><em>&#8220;Estamos demandando penalmente al director general del Instituto Mexicano del Seguro Social, licenciado Zo\u00e9 Robledo Aburto, la demanda es penal por no cumplir con sus obligaciones como servidor p\u00fablico, no proteger y no haber proporcionado el equipo al personal a mis compa\u00f1eros del Instituto Mexicano del Seguro Social en forma adecuada, pronta\u201d, Armando Rosales, m\u00e9dico COVID-19 en el hospital del IMSS de Zacatecas.<\/em><\/p>\n<p>Trabajadores temerosos de estar infectados de COVID-19<\/p>\n<p>Los trabajadores de la salud de este nosocomio, tienen miedo de ser portadores del COVID-19 debido al quebranto de protocolos y cercan\u00eda con pacientes infectados, pero desde que empez\u00f3 la pandemia ning\u00fan m\u00e9dico o enfermera ha podido acceder a una prueba de coronavirus.<\/p>\n<p><em>&#8220;Que nos digan la verdad, es lo \u00fanico que queremos como trabajadores, que nos digan si tenemos los insumos, que nos digan el riesgo que estamos, yo tengo dos meses desde que hicimos una conferencia de prensa aqu\u00ed y hemos exigido que nos hagan la prueba para ver si estamos positivos o no, por m\u00ed, por mis pacientes y por mi familia, hoy por hoy no la han querido hacer\u201d, Armando Rosales, m\u00e9dico COVID-19 en el hospital del IMSS de Zacatecas.<br \/>\n<\/em><\/p>\n<p>A pesar de la falta de insumos y de trabajar bajo protesta los m\u00e9dicos y enfermeras aseguraron que seguir\u00e1n brindando la atenci\u00f3n a la poblaci\u00f3n, pero advirtieron que debido a la falta de equipo el hospital pudiera convertirse tambi\u00e9n en un centro de contagios tanto para familiares, poblaci\u00f3n que acude a emergencias y trabajadores de la salud.<\/p>\n<p><a href=\"https:\/\/www.unotv.com\/noticias\/estados\/zacatecas\/detalle\/en-zacatecas-personal-del-imss-protesta-por-material-para-covid-19-636266\/\">https:\/\/www.unotv.com\/noticias\/estados\/zacatecas\/detalle\/en-zacatecas-personal-del-imss-protesta-por-material-para-covid-19-636266\/<\/a><\/p>\n","protected":false},"excerpt":{"rendered":"<p>M\u00e9dicos y enfermeras del Hospital General No.1 del Instituto Mexicano del Seguro Social (IMSS) en Zacatecas se manifestaron este martes para denunciar que a\u00fan no reciben el material necesario para &hellip; <a href=\"http:\/\/www.grieta.org.mx\/index.php\/2020\/05\/12\/personal-del-imss-zacatecas-protesta-en-demanda-de-material-para-covid-19\/\" class=\"more-link\">Leer m\u00e1s<\/a><\/p>\n","protected":false},"author":2,"featured_media":49463,"comment_status":"closed","ping_status":"closed","sticky":false,"template":"","format":"standard","meta":{"ngg_post_thumbnail":0,"_jetpack_newsletter_access":"","_jetpack_dont_email_post_to_subs":false,"_jetpack_newsletter_tier_id":0,"_jetpack_memberships_contains_paywalled_content":false,"_jetpack_memberships_contains_paid_content":false,"footnotes":""},"categories":[80,1562,2312,3249,3250,1109,1911,76],"tags":[3241,3133,2367,1290,1550,3265],"class_list":["post-49462","post","type-post","status-publish","format-standard","has-post-thumbnail","hentry","category-cintillo","category-conflictos-de-trabajadores-del-estado-en-zacatecas","category-conflictos-laborales-del-sector-salud-en-zacatecas","category-covid-19-en-zacatecas","category-crisis-en-el-sector-salud-en-zacatedas","category-explotacion-y-precariedad-laboral-zacatecas","category-movilizaciones-del-sector-salud-en-zacatecas","category-zacatecas","tag-covid-19","tag-crisis-del-sector-salud","tag-crisis-en-el-sector-salud","tag-precariedad-laboral","tag-precariedad-presupuestal","tag-protestas-de-medicos-y-enfermeras","entry"],"jetpack_featured_media_url":"http:\/\/www.grieta.org.mx\/wp-content\/uploads\/2020\/05\/226617-Principal.jpg","jetpack_sharing_enabled":true,"jetpack_shortlink":"https:\/\/wp.me\/p7ZJR4-cRM","jetpack_likes_enabled":false,"jetpack-related-posts":[{"id":48223,"url":"http:\/\/www.grieta.org.mx\/index.php\/2020\/04\/24\/personal-medico-protesta-frente-a-palacio-de-gobierno-en-zacatecas\/","url_meta":{"origin":49462,"position":0},"title":"Personal m\u00e9dico protesta frente a palacio de gobierno en Zacatecas","author":"grieta","date":"24 abril, 2020","format":false,"excerpt":"El personal m\u00e9dico exige una mejora salarial e insumos apropiados para enfrentar los casos de coronavirus dentro de los hospitales del estado. Manuel Chac\u00f3n Zacatecas \/ 24.04.2020 17:50:40 Un grupo de trabajadores, personal m\u00e9dico y enfermeras de los Hospitales Generales de Zona de Fresnillo y Zacatecas, protestaron frente a las\u2026","rel":"","context":"En &quot;CINTILLO&quot;","block_context":{"text":"CINTILLO","link":"http:\/\/www.grieta.org.mx\/index.php\/category\/cintillo\/"},"img":{"alt_text":"","src":"https:\/\/i0.wp.com\/www.grieta.org.mx\/wp-content\/uploads\/2020\/04\/enfermeras-exigen-aumento-salarial-manuel.jpeg?resize=350%2C200","width":350,"height":200,"srcset":"https:\/\/i0.wp.com\/www.grieta.org.mx\/wp-content\/uploads\/2020\/04\/enfermeras-exigen-aumento-salarial-manuel.jpeg?resize=350%2C200 1x, https:\/\/i0.wp.com\/www.grieta.org.mx\/wp-content\/uploads\/2020\/04\/enfermeras-exigen-aumento-salarial-manuel.jpeg?resize=525%2C300 1.5x, https:\/\/i0.wp.com\/www.grieta.org.mx\/wp-content\/uploads\/2020\/04\/enfermeras-exigen-aumento-salarial-manuel.jpeg?resize=700%2C400 2x"},"classes":[]},{"id":49459,"url":"http:\/\/www.grieta.org.mx\/index.php\/2020\/05\/17\/al-imss-nuestra-vida-le-vale-madres-medico-zacatecas\/","url_meta":{"origin":49462,"position":1},"title":"Al IMSS nuestra vida le vale madres, m\u00e9dico (Zacatecas)","author":"grieta","date":"17 mayo, 2020","format":false,"excerpt":"Un m\u00e9dico del Hospital General de Zona 1 de Zacatecas exhibi\u00f3 el equipo de protecci\u00f3n insuficiente y de mala calidad Peri\u00f3dico Z\u00f3calo Por Agencia Reforma, 15 de mayo de 2020 Ciudad de M\u00e9xico.- Un m\u00e9dico del Hospital General de Zona 1 de Zacatecas exhibi\u00f3 el equipo de protecci\u00f3n insuficiente y\u2026","rel":"","context":"En &quot;CINTILLO&quot;","block_context":{"text":"CINTILLO","link":"http:\/\/www.grieta.org.mx\/index.php\/category\/cintillo\/"},"img":{"alt_text":"","src":"https:\/\/i0.wp.com\/www.grieta.org.mx\/wp-content\/uploads\/2020\/05\/https-_www.zocalo.com_.mx_images_sized_images_uploads_articles_doc-1589601723-621x354.jpg?resize=350%2C200","width":350,"height":200,"srcset":"https:\/\/i0.wp.com\/www.grieta.org.mx\/wp-content\/uploads\/2020\/05\/https-_www.zocalo.com_.mx_images_sized_images_uploads_articles_doc-1589601723-621x354.jpg?resize=350%2C200 1x, https:\/\/i0.wp.com\/www.grieta.org.mx\/wp-content\/uploads\/2020\/05\/https-_www.zocalo.com_.mx_images_sized_images_uploads_articles_doc-1589601723-621x354.jpg?resize=525%2C300 1.5x"},"classes":[]},{"id":47138,"url":"http:\/\/www.grieta.org.mx\/index.php\/2020\/03\/31\/muere-medico-del-imss-con-covid-19-en-zacatecas\/","url_meta":{"origin":49462,"position":2},"title":"Muere m\u00e9dico del IMSS con Covid-19 en Zacatecas","author":"grieta","date":"31 marzo, 2020","format":false,"excerpt":"Redacci\u00f3n \/ Aristegui Noticias, 31 de marzo de 2020 El Instituto Mexicano del Seguro Social (IMSS) lament\u00f3 el \u201clamentable fallecimiento del m\u00e9dico familiar \u201cRJRM\u201d, de 38 a\u00f1os de edad, que laboraba en la Unidad de Medicina Familiar (UMF) No. 57, de Zacatecas, ocurrido la noche de este lunes 30 de\u2026","rel":"","context":"En &quot;CINTILLO&quot;","block_context":{"text":"CINTILLO","link":"http:\/\/www.grieta.org.mx\/index.php\/category\/cintillo\/"},"img":{"alt_text":"","src":"https:\/\/i0.wp.com\/www.grieta.org.mx\/wp-content\/uploads\/2020\/04\/UNIDAD_IMSS-482x220.jpg?resize=350%2C200","width":350,"height":200},"classes":[]},{"id":52681,"url":"http:\/\/www.grieta.org.mx\/index.php\/2020\/08\/07\/protestan-contra-despido-de-medico-del-imss-zacatecas\/","url_meta":{"origin":49462,"position":3},"title":"Protestan contra despido de m\u00e9dico del IMSS (Zacatecas)","author":"grieta","date":"7 agosto, 2020","format":false,"excerpt":"Zacatecasonline, 07 de Agosto de 2020 Zacatecas, Zac.- Luego de dar una conferencia de prensa en la que el neurocirujano Armando Rosales Torres anunci\u00f3 que presentar\u00e1 una demanda por despido injustificado, se realiz\u00f3 una manifestaci\u00f3n pac\u00edfica en la avenida Gonz\u00e1lez Ortega con apoyo de miembros de sindicatos que lo apoyan.\u2026","rel":"","context":"En &quot;CINTILLO&quot;","block_context":{"text":"CINTILLO","link":"http:\/\/www.grieta.org.mx\/index.php\/category\/cintillo\/"},"img":{"alt_text":"","src":"https:\/\/i0.wp.com\/www.grieta.org.mx\/wp-content\/uploads\/2018\/03\/14524434_1106112876131411_958039263622046936_o.jpg?resize=350%2C200","width":350,"height":200,"srcset":"https:\/\/i0.wp.com\/www.grieta.org.mx\/wp-content\/uploads\/2018\/03\/14524434_1106112876131411_958039263622046936_o.jpg?resize=350%2C200 1x, https:\/\/i0.wp.com\/www.grieta.org.mx\/wp-content\/uploads\/2018\/03\/14524434_1106112876131411_958039263622046936_o.jpg?resize=525%2C300 1.5x, https:\/\/i0.wp.com\/www.grieta.org.mx\/wp-content\/uploads\/2018\/03\/14524434_1106112876131411_958039263622046936_o.jpg?resize=700%2C400 2x"},"classes":[]},{"id":47240,"url":"http:\/\/www.grieta.org.mx\/index.php\/2020\/04\/04\/personal-del-imss-de-zacatecas-se-manifiesta-contra-delegada\/","url_meta":{"origin":49462,"position":4},"title":"Personal del IMSS de Zacatecas se manifiesta contra delegada","author":"grieta","date":"4 abril, 2020","format":false,"excerpt":"Aseguran que no hay liderazgo en el hospital para tomar medidas que protejan tanto al personal como a los pacientes del posible contagio de coronavirus. Redacci\u00f3n \/ Zacatecas en Imagen, 04 de abril de 2020 Zacatecas.- Personal m\u00e9dico del Hospital General de Zona 1 Dr. Emilio Varela Luj\u00e1n se manifest\u00f3\u2026","rel":"","context":"En &quot;CINTILLO&quot;","block_context":{"text":"CINTILLO","link":"http:\/\/www.grieta.org.mx\/index.php\/category\/cintillo\/"},"img":{"alt_text":"","src":"https:\/\/i0.wp.com\/www.grieta.org.mx\/wp-content\/uploads\/2020\/04\/https-_imagenzac.com_.mx_wp-content_uploads_2020_03_3-6.jpg?resize=350%2C200","width":350,"height":200,"srcset":"https:\/\/i0.wp.com\/www.grieta.org.mx\/wp-content\/uploads\/2020\/04\/https-_imagenzac.com_.mx_wp-content_uploads_2020_03_3-6.jpg?resize=350%2C200 1x, https:\/\/i0.wp.com\/www.grieta.org.mx\/wp-content\/uploads\/2020\/04\/https-_imagenzac.com_.mx_wp-content_uploads_2020_03_3-6.jpg?resize=525%2C300 1.5x, https:\/\/i0.wp.com\/www.grieta.org.mx\/wp-content\/uploads\/2020\/04\/https-_imagenzac.com_.mx_wp-content_uploads_2020_03_3-6.jpg?resize=700%2C400 2x, https:\/\/i0.wp.com\/www.grieta.org.mx\/wp-content\/uploads\/2020\/04\/https-_imagenzac.com_.mx_wp-content_uploads_2020_03_3-6.jpg?resize=1050%2C600 3x"},"classes":[]},{"id":53264,"url":"http:\/\/www.grieta.org.mx\/index.php\/2020\/09\/03\/medicos-denuncian-despidos-tras-evidenciar-falta-de-equipo-medico\/","url_meta":{"origin":49462,"position":5},"title":"M\u00e9dicos denuncian despidos tras evidenciar falta de equipo m\u00e9dico","author":"grieta","date":"3 septiembre, 2020","format":false,"excerpt":"Redacci\u00f3n de La Silla Rota, 03 de septiembre de 2020 Despu\u00e9s de 27 a\u00f1os de servicio, el 3 de agosto el IMSS de Zacatecas hizo efectiva la rescisi\u00f3n del contrato de Armando Rosales, m\u00e9dico neurocirujano, quien denunci\u00f3 las carencias del hospital para su personal. Trabajadores de la salud han denunciando\u2026","rel":"","context":"En &quot;CINTILLO&quot;","block_context":{"text":"CINTILLO","link":"http:\/\/www.grieta.org.mx\/index.php\/category\/cintillo\/"},"img":{"alt_text":"","src":"https:\/\/i0.wp.com\/www.grieta.org.mx\/wp-content\/uploads\/2020\/09\/medicos-focus-0-0-983-557.jpg?resize=350%2C200","width":350,"height":200,"srcset":"https:\/\/i0.wp.com\/www.grieta.org.mx\/wp-content\/uploads\/2020\/09\/medicos-focus-0-0-983-557.jpg?resize=350%2C200 1x, https:\/\/i0.wp.com\/www.grieta.org.mx\/wp-content\/uploads\/2020\/09\/medicos-focus-0-0-983-557.jpg?resize=525%2C300 1.5x, https:\/\/i0.wp.com\/www.grieta.org.mx\/wp-content\/uploads\/2020\/09\/medicos-focus-0-0-983-557.jpg?resize=700%2C400 2x"},"classes":[]}],"_links":{"self":[{"href":"http:\/\/www.grieta.org.mx\/index.php\/wp-json\/wp\/v2\/posts\/49462","targetHints":{"allow":["GET"]}}],"collection":[{"href":"http:\/\/www.grieta.org.mx\/index.php\/wp-json\/wp\/v2\/posts"}],"about":[{"href":"http:\/\/www.grieta.org.mx\/index.php\/wp-json\/wp\/v2\/types\/post"}],"author":[{"embeddable":true,"href":"http:\/\/www.grieta.org.mx\/index.php\/wp-json\/wp\/v2\/users\/2"}],"replies":[{"embeddable":true,"href":"http:\/\/www.grieta.org.mx\/index.php\/wp-json\/wp\/v2\/comments?post=49462"}],"version-history":[{"count":1,"href":"http:\/\/www.grieta.org.mx\/index.php\/wp-json\/wp\/v2\/posts\/49462\/revisions"}],"predecessor-version":[{"id":49464,"href":"http:\/\/www.grieta.org.mx\/index.php\/wp-json\/wp\/v2\/posts\/49462\/revisions\/49464"}],"wp:featuredmedia":[{"embeddable":true,"href":"http:\/\/www.grieta.org.mx\/index.php\/wp-json\/wp\/v2\/media\/49463"}],"wp:attachment":[{"href":"http:\/\/www.grieta.org.mx\/index.php\/wp-json\/wp\/v2\/media?parent=49462"}],"wp:term":[{"taxonomy":"category","embeddable":true,"href":"http:\/\/www.grieta.org.mx\/index.php\/wp-json\/wp\/v2\/categories?post=49462"},{"taxonomy":"post_tag","embeddable":true,"href":"http:\/\/www.grieta.org.mx\/index.php\/wp-json\/wp\/v2\/tags?post=49462"}],"curies":[{"name":"wp","href":"https:\/\/api.w.org\/{rel}","templated":true}]}}