{"id":49459,"date":"2020-05-17T21:57:55","date_gmt":"2020-05-18T02:57:55","guid":{"rendered":"http:\/\/www.grieta.org.mx\/?p=49459"},"modified":"2020-05-17T21:57:55","modified_gmt":"2020-05-18T02:57:55","slug":"al-imss-nuestra-vida-le-vale-madres-medico-zacatecas","status":"publish","type":"post","link":"http:\/\/www.grieta.org.mx\/index.php\/2020\/05\/17\/al-imss-nuestra-vida-le-vale-madres-medico-zacatecas\/","title":{"rendered":"Al IMSS nuestra vida le vale madres, m\u00e9dico (Zacatecas)"},"content":{"rendered":"<blockquote><p>Un m\u00e9dico del Hospital General de Zona 1 de Zacatecas exhibi\u00f3 el equipo de protecci\u00f3n insuficiente y de mala calidad<\/p><\/blockquote>\n<figure id=\"attachment_49460\" aria-describedby=\"caption-attachment-49460\" style=\"width: 800px\" class=\"wp-caption aligncenter\"><img loading=\"lazy\" decoding=\"async\" data-attachment-id=\"49460\" data-permalink=\"http:\/\/www.grieta.org.mx\/index.php\/2020\/05\/17\/al-imss-nuestra-vida-le-vale-madres-medico-zacatecas\/https-_www-zocalo-com-mx_images_sized_images_uploads_articles_doc-1589601723-621x354\/\" data-orig-file=\"http:\/\/www.grieta.org.mx\/wp-content\/uploads\/2020\/05\/https-_www.zocalo.com_.mx_images_sized_images_uploads_articles_doc-1589601723-621x354.jpg\" data-orig-size=\"621,354\" data-comments-opened=\"0\" data-image-meta=\"{&quot;aperture&quot;:&quot;0&quot;,&quot;credit&quot;:&quot;&quot;,&quot;camera&quot;:&quot;&quot;,&quot;caption&quot;:&quot;&quot;,&quot;created_timestamp&quot;:&quot;0&quot;,&quot;copyright&quot;:&quot;&quot;,&quot;focal_length&quot;:&quot;0&quot;,&quot;iso&quot;:&quot;0&quot;,&quot;shutter_speed&quot;:&quot;0&quot;,&quot;title&quot;:&quot;&quot;,&quot;orientation&quot;:&quot;0&quot;}\" data-image-title=\"https _www.zocalo.com.mx_images_sized_images_uploads_articles_doc-1589601723-621&amp;#215;354\" data-image-description=\"\" data-image-caption=\"&lt;p&gt;Imagen: Per\u00eddico Z\u00f3calo&lt;\/p&gt;\n\" data-medium-file=\"http:\/\/www.grieta.org.mx\/wp-content\/uploads\/2020\/05\/https-_www.zocalo.com_.mx_images_sized_images_uploads_articles_doc-1589601723-621x354-300x171.jpg\" data-large-file=\"http:\/\/www.grieta.org.mx\/wp-content\/uploads\/2020\/05\/https-_www.zocalo.com_.mx_images_sized_images_uploads_articles_doc-1589601723-621x354.jpg\" class=\"wp-image-49460\" src=\"http:\/\/www.grieta.org.mx\/wp-content\/uploads\/2020\/05\/https-_www.zocalo.com_.mx_images_sized_images_uploads_articles_doc-1589601723-621x354.jpg\" alt=\"\" width=\"800\" height=\"456\" srcset=\"http:\/\/www.grieta.org.mx\/wp-content\/uploads\/2020\/05\/https-_www.zocalo.com_.mx_images_sized_images_uploads_articles_doc-1589601723-621x354.jpg 621w, http:\/\/www.grieta.org.mx\/wp-content\/uploads\/2020\/05\/https-_www.zocalo.com_.mx_images_sized_images_uploads_articles_doc-1589601723-621x354-300x171.jpg 300w\" sizes=\"auto, (max-width: 800px) 100vw, 800px\" \/><figcaption id=\"caption-attachment-49460\" class=\"wp-caption-text\">Imagen: Per\u00eddico Z\u00f3calo<\/figcaption><\/figure>\n<p>Peri\u00f3dico Z\u00f3calo<br \/>\nPor Agencia Reforma, 15 de mayo de 2020<\/p>\n<p>Ciudad de M\u00e9xico.- Un m\u00e9dico del Hospital General de Zona 1 de Zacatecas exhibi\u00f3 el equipo de protecci\u00f3n insuficiente y de mala calidad que les otorga el IMSS para atender a pacientes con Covid-19.<\/p>\n<p>&#8220;La verdad es que es una mentada de madre lo que nos hacen&#8221;, dice el neurocirujano identificado como Armando Rosales T. en un video publicado en Facebook.<\/p>\n<p>En el video de cinco minutos y medio grabado este viernes, el m\u00e9dico informa que est\u00e1 a punto de ir al \u00e1rea de Covid-19 a revisar a un paciente que lleg\u00f3 con hidrocefalia, insuficiencia respiratoria y probablemente neumon\u00eda.<\/p>\n<p>Entonces, muestra el equipo de protecci\u00f3n que les han dado en una bolsa de papel: un cubrebocas simple que no es N-95 recomendado, dos pares de guantes simples (uno menor a su talla), una bata sencilla azul y un gorro. Al mismo tiempo, muestra el verdadero material que se requiere y que \u00e9l compr\u00f3 por su cuenta.<\/p>\n<p><em>&#8220;Es claro que al Instituto nuestra vida le vale madres, con esas palabras. Yo voy a ver al paciente, s\u00ed, afortunadamente tengo los medios para comprarme mi equipo de protecci\u00f3n, el overol y mi careta. Ahorita voy a ver al paciente, pero lo voy a ir a ver con mis recursos, porque mi vida vale m\u00e1s, y si al Instituto Mexicano del Seguro Social nosotros le valemos una peinada, a nosotros nuestra vida s\u00ed nos vale&#8221;, exclama el m\u00e9dico.<\/em><\/p>\n<p>Armando Rosales llama a sus compa\u00f1eros a protestar por la falta de equipo, y dijo mostrarse dispuesto a asumir las represalias por su denuncia si el director del IMSS, Zo\u00e9 Robledo, lo ordena.<\/p>\n<p><em> &#8220;Se lo vuelvo a repetir, maestro Zo\u00e9 Robledo: si quiere mi puesto aqu\u00ed est\u00e1. C\u00f3rranme como lo han hecho con muchos compa\u00f1eros, pero no se vale que jueguen con la vida de los trabajadores del Seguro Social&#8221;, afirma.<\/em><\/p>\n<p>Despu\u00e9s, el m\u00e9dico aparece con su overol blanco de seguridad y su cubrebocas N95 a punto de cruzar la puerta hacia la zona de pacientes de Covid.<\/p>\n<p>&#8220;Este es el equipo de protecci\u00f3n personal para pacientes con Covid-19. Esto es lo que necesitamos, se lo digo al maestro Zo\u00e9 Robledo: Esto es lo que necesitamos todos los trabajadores, no bolsas de pan&#8221;, expresa.<\/p>\n<p>El video contin\u00faa con la salida del neurocirujano tras la revisi\u00f3n del paciente. Explica que padece una afasia mixta, por lo que no entiende ni puede hablar, y que le hizo una punci\u00f3n lumbar.<\/p>\n<p><strong>&#8220;Cl\u00ednicamente, es un paciente un Covid-19 positivo&#8221;, afirma.<\/strong><\/p>\n<p>En Zacatecas, se han confirmado hasta ahora 181 contagios de Covid-19 y 22 muertes.<\/p>\n<p>El lunes, la Secretar\u00eda de Salud inform\u00f3 que 8 mil 544 trabajadores m\u00e9dicos en el pa\u00eds se han contagiado de Covid-19 y 111 han fallecido, dos de ellos en Zacatecas.<\/p>\n<p>En ese Estado, en abril se inform\u00f3 del cierre del Hospital Regional de la Ciudad de Jerez de Garc\u00eda Salinas, porque 19 doctores y enfermeras presentaban s\u00edntomas de Covid-19.<\/p>\n<p><a href=\"http:\/\/www.zocalo.com.mx\/new_site\/articulo\/al-imss-nuestra-vida-le-vale-madres-medico\">http:\/\/www.zocalo.com.mx\/new_site\/articulo\/al-imss-nuestra-vida-le-vale-madres-medico<\/a><\/p>\n","protected":false},"excerpt":{"rendered":"<p>Un m\u00e9dico del Hospital General de Zona 1 de Zacatecas exhibi\u00f3 el equipo de protecci\u00f3n insuficiente y de mala calidad Peri\u00f3dico Z\u00f3calo Por Agencia Reforma, 15 de mayo de 2020 &hellip; <a href=\"http:\/\/www.grieta.org.mx\/index.php\/2020\/05\/17\/al-imss-nuestra-vida-le-vale-madres-medico-zacatecas\/\" class=\"more-link\">Leer m\u00e1s<\/a><\/p>\n","protected":false},"author":2,"featured_media":49460,"comment_status":"closed","ping_status":"closed","sticky":false,"template":"","format":"standard","meta":{"ngg_post_thumbnail":0,"_jetpack_newsletter_access":"","_jetpack_dont_email_post_to_subs":false,"_jetpack_newsletter_tier_id":0,"_jetpack_memberships_contains_paywalled_content":false,"_jetpack_memberships_contains_paid_content":false,"footnotes":""},"categories":[80,2312,3249,3250,76],"tags":[3241,2367,1290,1550,3195],"class_list":["post-49459","post","type-post","status-publish","format-standard","has-post-thumbnail","hentry","category-cintillo","category-conflictos-laborales-del-sector-salud-en-zacatecas","category-covid-19-en-zacatecas","category-crisis-en-el-sector-salud-en-zacatedas","category-zacatecas","tag-covid-19","tag-crisis-en-el-sector-salud","tag-precariedad-laboral","tag-precariedad-presupuestal","tag-protestas-de-medicos","entry"],"jetpack_featured_media_url":"http:\/\/www.grieta.org.mx\/wp-content\/uploads\/2020\/05\/https-_www.zocalo.com_.mx_images_sized_images_uploads_articles_doc-1589601723-621x354.jpg","jetpack_sharing_enabled":true,"jetpack_shortlink":"https:\/\/wp.me\/p7ZJR4-cRJ","jetpack_likes_enabled":false,"jetpack-related-posts":[{"id":49462,"url":"http:\/\/www.grieta.org.mx\/index.php\/2020\/05\/12\/personal-del-imss-zacatecas-protesta-en-demanda-de-material-para-covid-19\/","url_meta":{"origin":49459,"position":0},"title":"Personal del IMSS Zacatecas protesta en demanda de material para COVID-19","author":"grieta","date":"12 mayo, 2020","format":false,"excerpt":"M\u00e9dicos y enfermeras del Hospital General No.1 del Instituto Mexicano del Seguro Social (IMSS) en Zacatecas se manifestaron este martes para denunciar que a\u00fan no reciben el material necesario para atender a pacientes con el nuevo coronavirus COVID-19. Omar Hern\u00e1ndez \/ unoTV, 12 de mayo de 2020. \u00a0 El hospital\u2026","rel":"","context":"En &quot;CINTILLO&quot;","block_context":{"text":"CINTILLO","link":"http:\/\/www.grieta.org.mx\/index.php\/category\/cintillo\/"},"img":{"alt_text":"","src":"https:\/\/i0.wp.com\/www.grieta.org.mx\/wp-content\/uploads\/2020\/05\/226617-Principal.jpg?resize=350%2C200","width":350,"height":200,"srcset":"https:\/\/i0.wp.com\/www.grieta.org.mx\/wp-content\/uploads\/2020\/05\/226617-Principal.jpg?resize=350%2C200 1x, https:\/\/i0.wp.com\/www.grieta.org.mx\/wp-content\/uploads\/2020\/05\/226617-Principal.jpg?resize=525%2C300 1.5x, https:\/\/i0.wp.com\/www.grieta.org.mx\/wp-content\/uploads\/2020\/05\/226617-Principal.jpg?resize=700%2C400 2x"},"classes":[]},{"id":51842,"url":"http:\/\/www.grieta.org.mx\/index.php\/2020\/07\/01\/medico-del-imss-acusa-que-sin-proteccion-en-zacatecas-se-atienden-casos-de-coronavirus\/","url_meta":{"origin":49459,"position":1},"title":"M\u00e9dico del IMSS acusa que sin protecci\u00f3n, en Zacatecas se atienden casos de coronavirus","author":"grieta","date":"1 julio, 2020","format":false,"excerpt":"Armando Rosales, neurocirujano del Hospital General Zona 1 de Zacatecas, realiz\u00f3 una protesta virtual para se\u00f1alar las carencias que enfrentan al atender pacientes durante la pandemia. Blanca Valadez \/ Milenio, 01 de julio de 2020 Ciudad de M\u00e9xico \/ Un neurocirujano del Hospital General Zona 1, del IMSS Zacatecas, exigi\u00f3\u2026","rel":"","context":"En &quot;CINTILLO&quot;","block_context":{"text":"CINTILLO","link":"http:\/\/www.grieta.org.mx\/index.php\/category\/cintillo\/"},"img":{"alt_text":"","src":"https:\/\/i0.wp.com\/www.grieta.org.mx\/wp-content\/uploads\/2020\/07\/aspectos-personal-medico-atiende-pacientes_0_1_1200_746.jpg?resize=350%2C200","width":350,"height":200,"srcset":"https:\/\/i0.wp.com\/www.grieta.org.mx\/wp-content\/uploads\/2020\/07\/aspectos-personal-medico-atiende-pacientes_0_1_1200_746.jpg?resize=350%2C200 1x, https:\/\/i0.wp.com\/www.grieta.org.mx\/wp-content\/uploads\/2020\/07\/aspectos-personal-medico-atiende-pacientes_0_1_1200_746.jpg?resize=525%2C300 1.5x, https:\/\/i0.wp.com\/www.grieta.org.mx\/wp-content\/uploads\/2020\/07\/aspectos-personal-medico-atiende-pacientes_0_1_1200_746.jpg?resize=700%2C400 2x"},"classes":[]},{"id":47138,"url":"http:\/\/www.grieta.org.mx\/index.php\/2020\/03\/31\/muere-medico-del-imss-con-covid-19-en-zacatecas\/","url_meta":{"origin":49459,"position":2},"title":"Muere m\u00e9dico del IMSS con Covid-19 en Zacatecas","author":"grieta","date":"31 marzo, 2020","format":false,"excerpt":"Redacci\u00f3n \/ Aristegui Noticias, 31 de marzo de 2020 El Instituto Mexicano del Seguro Social (IMSS) lament\u00f3 el \u201clamentable fallecimiento del m\u00e9dico familiar \u201cRJRM\u201d, de 38 a\u00f1os de edad, que laboraba en la Unidad de Medicina Familiar (UMF) No. 57, de Zacatecas, ocurrido la noche de este lunes 30 de\u2026","rel":"","context":"En &quot;CINTILLO&quot;","block_context":{"text":"CINTILLO","link":"http:\/\/www.grieta.org.mx\/index.php\/category\/cintillo\/"},"img":{"alt_text":"","src":"https:\/\/i0.wp.com\/www.grieta.org.mx\/wp-content\/uploads\/2020\/04\/UNIDAD_IMSS-482x220.jpg?resize=350%2C200","width":350,"height":200},"classes":[]},{"id":52681,"url":"http:\/\/www.grieta.org.mx\/index.php\/2020\/08\/07\/protestan-contra-despido-de-medico-del-imss-zacatecas\/","url_meta":{"origin":49459,"position":3},"title":"Protestan contra despido de m\u00e9dico del IMSS (Zacatecas)","author":"grieta","date":"7 agosto, 2020","format":false,"excerpt":"Zacatecasonline, 07 de Agosto de 2020 Zacatecas, Zac.- Luego de dar una conferencia de prensa en la que el neurocirujano Armando Rosales Torres anunci\u00f3 que presentar\u00e1 una demanda por despido injustificado, se realiz\u00f3 una manifestaci\u00f3n pac\u00edfica en la avenida Gonz\u00e1lez Ortega con apoyo de miembros de sindicatos que lo apoyan.\u2026","rel":"","context":"En &quot;CINTILLO&quot;","block_context":{"text":"CINTILLO","link":"http:\/\/www.grieta.org.mx\/index.php\/category\/cintillo\/"},"img":{"alt_text":"","src":"https:\/\/i0.wp.com\/www.grieta.org.mx\/wp-content\/uploads\/2018\/03\/14524434_1106112876131411_958039263622046936_o.jpg?resize=350%2C200","width":350,"height":200,"srcset":"https:\/\/i0.wp.com\/www.grieta.org.mx\/wp-content\/uploads\/2018\/03\/14524434_1106112876131411_958039263622046936_o.jpg?resize=350%2C200 1x, https:\/\/i0.wp.com\/www.grieta.org.mx\/wp-content\/uploads\/2018\/03\/14524434_1106112876131411_958039263622046936_o.jpg?resize=525%2C300 1.5x, https:\/\/i0.wp.com\/www.grieta.org.mx\/wp-content\/uploads\/2018\/03\/14524434_1106112876131411_958039263622046936_o.jpg?resize=700%2C400 2x"},"classes":[]},{"id":47240,"url":"http:\/\/www.grieta.org.mx\/index.php\/2020\/04\/04\/personal-del-imss-de-zacatecas-se-manifiesta-contra-delegada\/","url_meta":{"origin":49459,"position":4},"title":"Personal del IMSS de Zacatecas se manifiesta contra delegada","author":"grieta","date":"4 abril, 2020","format":false,"excerpt":"Aseguran que no hay liderazgo en el hospital para tomar medidas que protejan tanto al personal como a los pacientes del posible contagio de coronavirus. Redacci\u00f3n \/ Zacatecas en Imagen, 04 de abril de 2020 Zacatecas.- Personal m\u00e9dico del Hospital General de Zona 1 Dr. Emilio Varela Luj\u00e1n se manifest\u00f3\u2026","rel":"","context":"En &quot;CINTILLO&quot;","block_context":{"text":"CINTILLO","link":"http:\/\/www.grieta.org.mx\/index.php\/category\/cintillo\/"},"img":{"alt_text":"","src":"https:\/\/i0.wp.com\/www.grieta.org.mx\/wp-content\/uploads\/2020\/04\/https-_imagenzac.com_.mx_wp-content_uploads_2020_03_3-6.jpg?resize=350%2C200","width":350,"height":200,"srcset":"https:\/\/i0.wp.com\/www.grieta.org.mx\/wp-content\/uploads\/2020\/04\/https-_imagenzac.com_.mx_wp-content_uploads_2020_03_3-6.jpg?resize=350%2C200 1x, https:\/\/i0.wp.com\/www.grieta.org.mx\/wp-content\/uploads\/2020\/04\/https-_imagenzac.com_.mx_wp-content_uploads_2020_03_3-6.jpg?resize=525%2C300 1.5x, https:\/\/i0.wp.com\/www.grieta.org.mx\/wp-content\/uploads\/2020\/04\/https-_imagenzac.com_.mx_wp-content_uploads_2020_03_3-6.jpg?resize=700%2C400 2x, https:\/\/i0.wp.com\/www.grieta.org.mx\/wp-content\/uploads\/2020\/04\/https-_imagenzac.com_.mx_wp-content_uploads_2020_03_3-6.jpg?resize=1050%2C600 3x"},"classes":[]},{"id":48223,"url":"http:\/\/www.grieta.org.mx\/index.php\/2020\/04\/24\/personal-medico-protesta-frente-a-palacio-de-gobierno-en-zacatecas\/","url_meta":{"origin":49459,"position":5},"title":"Personal m\u00e9dico protesta frente a palacio de gobierno en Zacatecas","author":"grieta","date":"24 abril, 2020","format":false,"excerpt":"El personal m\u00e9dico exige una mejora salarial e insumos apropiados para enfrentar los casos de coronavirus dentro de los hospitales del estado. Manuel Chac\u00f3n Zacatecas \/ 24.04.2020 17:50:40 Un grupo de trabajadores, personal m\u00e9dico y enfermeras de los Hospitales Generales de Zona de Fresnillo y Zacatecas, protestaron frente a las\u2026","rel":"","context":"En &quot;CINTILLO&quot;","block_context":{"text":"CINTILLO","link":"http:\/\/www.grieta.org.mx\/index.php\/category\/cintillo\/"},"img":{"alt_text":"","src":"https:\/\/i0.wp.com\/www.grieta.org.mx\/wp-content\/uploads\/2020\/04\/enfermeras-exigen-aumento-salarial-manuel.jpeg?resize=350%2C200","width":350,"height":200,"srcset":"https:\/\/i0.wp.com\/www.grieta.org.mx\/wp-content\/uploads\/2020\/04\/enfermeras-exigen-aumento-salarial-manuel.jpeg?resize=350%2C200 1x, https:\/\/i0.wp.com\/www.grieta.org.mx\/wp-content\/uploads\/2020\/04\/enfermeras-exigen-aumento-salarial-manuel.jpeg?resize=525%2C300 1.5x, https:\/\/i0.wp.com\/www.grieta.org.mx\/wp-content\/uploads\/2020\/04\/enfermeras-exigen-aumento-salarial-manuel.jpeg?resize=700%2C400 2x"},"classes":[]}],"_links":{"self":[{"href":"http:\/\/www.grieta.org.mx\/index.php\/wp-json\/wp\/v2\/posts\/49459","targetHints":{"allow":["GET"]}}],"collection":[{"href":"http:\/\/www.grieta.org.mx\/index.php\/wp-json\/wp\/v2\/posts"}],"about":[{"href":"http:\/\/www.grieta.org.mx\/index.php\/wp-json\/wp\/v2\/types\/post"}],"author":[{"embeddable":true,"href":"http:\/\/www.grieta.org.mx\/index.php\/wp-json\/wp\/v2\/users\/2"}],"replies":[{"embeddable":true,"href":"http:\/\/www.grieta.org.mx\/index.php\/wp-json\/wp\/v2\/comments?post=49459"}],"version-history":[{"count":1,"href":"http:\/\/www.grieta.org.mx\/index.php\/wp-json\/wp\/v2\/posts\/49459\/revisions"}],"predecessor-version":[{"id":49461,"href":"http:\/\/www.grieta.org.mx\/index.php\/wp-json\/wp\/v2\/posts\/49459\/revisions\/49461"}],"wp:featuredmedia":[{"embeddable":true,"href":"http:\/\/www.grieta.org.mx\/index.php\/wp-json\/wp\/v2\/media\/49460"}],"wp:attachment":[{"href":"http:\/\/www.grieta.org.mx\/index.php\/wp-json\/wp\/v2\/media?parent=49459"}],"wp:term":[{"taxonomy":"category","embeddable":true,"href":"http:\/\/www.grieta.org.mx\/index.php\/wp-json\/wp\/v2\/categories?post=49459"},{"taxonomy":"post_tag","embeddable":true,"href":"http:\/\/www.grieta.org.mx\/index.php\/wp-json\/wp\/v2\/tags?post=49459"}],"curies":[{"name":"wp","href":"https:\/\/api.w.org\/{rel}","templated":true}]}}