{"id":4944,"date":"2015-09-02T00:45:44","date_gmt":"2015-09-02T00:45:44","guid":{"rendered":"http:\/\/50.22.11.12\/~grietaor\/?p=4944"},"modified":"2016-03-26T00:55:51","modified_gmt":"2016-03-26T00:55:51","slug":"tras-agresion-a-un-joven-queretaro-endurece-normas-que-castigan-la-homofobia","status":"publish","type":"post","link":"http:\/\/www.grieta.org.mx\/index.php\/2015\/09\/02\/tras-agresion-a-un-joven-queretaro-endurece-normas-que-castigan-la-homofobia\/","title":{"rendered":"Tras agresi\u00f3n a un joven, Quer\u00e9taro endurece normas que castigan la homofobia"},"content":{"rendered":"<p>Redacci\u00f3n\/Revoluci\u00f3n 3.0<\/p>\n<p>(02 de septiembre, 2015).- Existe una nueva legislaci\u00f3n estatal para sancionar delitos por homofobia, inform\u00f3 la diputada de la Comisi\u00f3n de Equidad de G\u00e9nero y Grupos Vulnerables, Beatriz Marmolejo Rojas, despu\u00e9s del se\u00f1alamiento del procurador Arsenio Dur\u00e1n Becerra, que es razonable que la homofobia se estableciera en la legislaci\u00f3n local como una agravante.<\/p>\n<p>La legisladora coment\u00f3 que lo \u00fanico que hace falta es crear un Consejo Asesor para Eliminar y Prevenir la Discriminaci\u00f3n en el estado de Quer\u00e9taro, a trav\u00e9s de ello se pueda obtener la cifra sobre cu\u00e1ntos casos de materia de homofobia son registrados en el estado, record\u00f3 que el a\u00f1o pasado fue emitido el reglamento para el consejo, posterior a ello, fue lanzado un exhorto, ya que el consejo tuvo que ser instalado a finales del a\u00f1os pasado.<\/p>\n<p>\u201cTenemos legislaci\u00f3n contra la discriminaci\u00f3n, adem\u00e1s del recurso ante la Defensor\u00eda Estatal de los Derechos Humanos, pero buscamos una cultura de respeto a la diversidad, de respeto a quienes piensan o act\u00faan distinto o tienen una condici\u00f3n de vida, porque todos tenemos los mismos derechos humanos, estas personas pueden acudir a las instancias para hacer valer su derecho y el respeto a su propia condici\u00f3n\u201d, declar\u00f3.<\/p>\n<p>En entrevista el Procurador del Estado, Arsenio Dur\u00e1n Becerra, consider\u00f3 necesaria una reforma a la ley para incluir a la homofobia como una causal en los delitos como agresiones, violaciones y homicidios, y con ello endurecer las penas en la entidad para estos supuestos.<\/p>\n<p>\u201cSi eventualmente una persona esta es la raz\u00f3n que lo motiva o que lo lleva a cometer este tipo de hechos il\u00edcitos pues me parece que s\u00ed es especialmente reprochable y por lo tanto es razonable que se establezca un incremento de sanciones para cuando el motivo o el m\u00f3vil de un da\u00f1o de esta naturaleza sea de estas caracter\u00edsticas porque definitivamente no es comprensible ni admisible que esto sea motivo para estar generando otro tipo de da\u00f1os o de consecuencias jur\u00eddicas y por esa raz\u00f3n me parece que ser\u00eda un acierto que se pudiera reglamentar al respecto\u201d, opin\u00f3.<\/p>\n<p>Esto luego del caso \u2013la semana pasada- donde un joven fue v\u00edctima de serias agresiones, fue lastimado en sus genitales y arrojado, semidesnudo, sobre una parada de cami\u00f3n en Av. Zaragoza; que dijo se sigue investigando.<\/p>\n<p>La diputada agreg\u00f3 que a nivel municipal existe el Instituto Municipal para Prevenir y Eliminar la Discriminaci\u00f3n (Inmupred), siendo el primero a nivel nacional y adem\u00e1s se est\u00e1 legislando la creaci\u00f3n del consejo estatal.<\/p>\n<p>El presidente de la Comisi\u00f3n Legislativa de derechos Humanos, Alejandro Cano, realiz\u00f3 un llamado para ser tolerantes y que en ning\u00fan momento exista la discriminaci\u00f3n por ning\u00fan tema, entre ellos el afecto en p\u00fablico por parte de las personas del mismo sexo, o que se arremeta contra una persona por sus preferencias sexuales.<\/p>\n<p>\u201cHabr\u00e1 a quien no le guste ver este tipo de manifestaci\u00f3n, entre personas del mismo sexo, pero no somos qui\u00e9nes para poderlo prohibir y s\u00ed puede derivar en una discriminaci\u00f3n\u201d, declar\u00f3.<\/p>\n<p><a href=\"http:\/\/revoluciontrespuntocero.com\/tras-agresion-a-un-joven-queretaro-endurece-normas-que-castigan-la-homofobia\/\" target=\"_blank\">revoluciontrespuntocero.com\/tras-agresion-a-un-joven-queretaro-endurece-normas-que-castigan-la-homofobia\/<\/a><\/p>\n","protected":false},"excerpt":{"rendered":"<p>Redacci\u00f3n\/Revoluci\u00f3n 3.0 (02 de septiembre, 2015).- Existe una nueva legislaci\u00f3n estatal para sancionar delitos por homofobia, inform\u00f3 la diputada de la Comisi\u00f3n de Equidad de G\u00e9nero y Grupos Vulnerables, Beatriz &hellip; <a href=\"http:\/\/www.grieta.org.mx\/index.php\/2015\/09\/02\/tras-agresion-a-un-joven-queretaro-endurece-normas-que-castigan-la-homofobia\/\" class=\"more-link\">Leer m\u00e1s<\/a><\/p>\n","protected":false},"author":2,"featured_media":21928,"comment_status":"closed","ping_status":"open","sticky":false,"template":"","format":"standard","meta":{"ngg_post_thumbnail":0,"_jetpack_newsletter_access":"","_jetpack_dont_email_post_to_subs":false,"_jetpack_newsletter_tier_id":0,"_jetpack_memberships_contains_paywalled_content":false,"_jetpack_memberships_contains_paid_content":false,"footnotes":""},"categories":[80,359],"tags":[380,379,381],"class_list":["post-4944","post","type-post","status-publish","format-standard","has-post-thumbnail","hentry","category-cintillo","category-queretaro","tag-desprecio","tag-homofobia","tag-violencia-de-genero","entry"],"jetpack_featured_media_url":"http:\/\/www.grieta.org.mx\/wp-content\/uploads\/2018\/03\/14524434_1106112876131411_958039263622046936_o.jpg","jetpack_sharing_enabled":true,"jetpack_shortlink":"https:\/\/wp.me\/p7ZJR4-1hK","jetpack_likes_enabled":false,"jetpack-related-posts":[{"id":4948,"url":"http:\/\/www.grieta.org.mx\/index.php\/2015\/09\/30\/agresion-y-discriminacion-por-homofobia-en-queretaro\/","url_meta":{"origin":4944,"position":0},"title":"Agresi\u00f3n y discriminaci\u00f3n por homofobia en Quer\u00e9taro","author":"grieta","date":"30 septiembre, 2015","format":false,"excerpt":"30\/09\/15. Interponen activistas queja contra diputado, por declaraciones homof\u00f3bicas ADN Informativo 11\/09\/15. Foro legislativo sobre matrimonios igualitarios excluy\u00f3 a homosexuales Cambio Digital 02\/09\/15. Tras agresi\u00f3n a un joven, Quer\u00e9taro endurece normas que castigan la homofobia Revoluci\u00f3n 3.0 01\/09\/15. Homofobia, algo \u2018normal\u2019 en Quer\u00e9taro Ciudad y poder 31\/08\/15. Homofobia en la\u2026","rel":"","context":"En &quot;NOTICIAS NACIONALES&quot;","block_context":{"text":"NOTICIAS NACIONALES","link":"http:\/\/www.grieta.org.mx\/index.php\/category\/noticias-nacionales\/"},"img":{"alt_text":"","src":"https:\/\/i0.wp.com\/www.grieta.org.mx\/wp-content\/uploads\/2018\/03\/14524434_1106112876131411_958039263622046936_o.jpg?resize=350%2C200","width":350,"height":200,"srcset":"https:\/\/i0.wp.com\/www.grieta.org.mx\/wp-content\/uploads\/2018\/03\/14524434_1106112876131411_958039263622046936_o.jpg?resize=350%2C200 1x, https:\/\/i0.wp.com\/www.grieta.org.mx\/wp-content\/uploads\/2018\/03\/14524434_1106112876131411_958039263622046936_o.jpg?resize=525%2C300 1.5x, https:\/\/i0.wp.com\/www.grieta.org.mx\/wp-content\/uploads\/2018\/03\/14524434_1106112876131411_958039263622046936_o.jpg?resize=700%2C400 2x"},"classes":[]},{"id":4949,"url":"http:\/\/www.grieta.org.mx\/index.php\/2015\/08\/25\/denuncian-agresion-por-homofobia-en-queretaro\/","url_meta":{"origin":4944,"position":1},"title":"Denuncian agresi\u00f3n por homofobia en Quer\u00e9taro","author":"grieta","date":"25 agosto, 2015","format":false,"excerpt":"Viviana Estrella\/La Silla Rota Activistas denunciaron que el joven fue brutalmente golpeado por homofobia, por lo que exigi\u00f3 que el hecho sea investigado QUER\u00c9TARO (La Silla Rota).- Un hombre fue agredido, lastim\u00e1ndole los genitales y dejando un mensaje en su cuerpo, denunci\u00f3 el presidente de SOS Discriminaci\u00f3n Internacional Quer\u00e9taro, Manuel\u2026","rel":"","context":"En &quot;CINTILLO&quot;","block_context":{"text":"CINTILLO","link":"http:\/\/www.grieta.org.mx\/index.php\/category\/cintillo\/"},"img":{"alt_text":"","src":"https:\/\/i0.wp.com\/www.grieta.org.mx\/wp-content\/uploads\/2018\/03\/14524434_1106112876131411_958039263622046936_o.jpg?resize=350%2C200","width":350,"height":200,"srcset":"https:\/\/i0.wp.com\/www.grieta.org.mx\/wp-content\/uploads\/2018\/03\/14524434_1106112876131411_958039263622046936_o.jpg?resize=350%2C200 1x, https:\/\/i0.wp.com\/www.grieta.org.mx\/wp-content\/uploads\/2018\/03\/14524434_1106112876131411_958039263622046936_o.jpg?resize=525%2C300 1.5x, https:\/\/i0.wp.com\/www.grieta.org.mx\/wp-content\/uploads\/2018\/03\/14524434_1106112876131411_958039263622046936_o.jpg?resize=700%2C400 2x"},"classes":[]},{"id":4945,"url":"http:\/\/www.grieta.org.mx\/index.php\/2015\/09\/01\/homofobia-algo-normal-en-queretaro\/","url_meta":{"origin":4944,"position":2},"title":"Homofobia, algo \u2018normal\u2019 en Quer\u00e9taro","author":"grieta","date":"1 septiembre, 2015","format":false,"excerpt":"Guillermo Calzada\/Ciudad y Poder El gran problema del combate a la homofobia en Quer\u00e9taro es que no se puede identificar, ya que muchas veces no se denuncia, pues nos parece una situaci\u00f3n \u201cnormal\u201d. As\u00ed lo se\u00f1al\u00f3 Dante Ibarra, miembro del Comit\u00e9 Estatal contra la Homofobia, al se\u00f1alar que muchos actos\u2026","rel":"","context":"En &quot;CINTILLO&quot;","block_context":{"text":"CINTILLO","link":"http:\/\/www.grieta.org.mx\/index.php\/category\/cintillo\/"},"img":{"alt_text":"","src":"https:\/\/i0.wp.com\/www.grieta.org.mx\/wp-content\/uploads\/2018\/03\/14524434_1106112876131411_958039263622046936_o.jpg?resize=350%2C200","width":350,"height":200,"srcset":"https:\/\/i0.wp.com\/www.grieta.org.mx\/wp-content\/uploads\/2018\/03\/14524434_1106112876131411_958039263622046936_o.jpg?resize=350%2C200 1x, https:\/\/i0.wp.com\/www.grieta.org.mx\/wp-content\/uploads\/2018\/03\/14524434_1106112876131411_958039263622046936_o.jpg?resize=525%2C300 1.5x, https:\/\/i0.wp.com\/www.grieta.org.mx\/wp-content\/uploads\/2018\/03\/14524434_1106112876131411_958039263622046936_o.jpg?resize=700%2C400 2x"},"classes":[]},{"id":4946,"url":"http:\/\/www.grieta.org.mx\/index.php\/2015\/08\/31\/homofobia-en-la-terminal-de-queretaro\/","url_meta":{"origin":4944,"position":3},"title":"Homofobia en la Terminal de Quer\u00e9taro","author":"grieta","date":"31 agosto, 2015","format":false,"excerpt":"Dann Marth\/Ciudad y Poder Carlos y Julio, una pareja que el domingo acudi\u00f3 a la Terminal de Autobuses de Quer\u00e9taro (TAQ), fueron v\u00edctimas de discriminaci\u00f3n por parte del personal de seguridad de la terminal. Y no de cualquier guardia, si no del jefe de seguridad que ese d\u00eda estaba a\u2026","rel":"","context":"En &quot;CINTILLO&quot;","block_context":{"text":"CINTILLO","link":"http:\/\/www.grieta.org.mx\/index.php\/category\/cintillo\/"},"img":{"alt_text":"","src":"https:\/\/i0.wp.com\/www.grieta.org.mx\/wp-content\/uploads\/2018\/03\/14524434_1106112876131411_958039263622046936_o.jpg?resize=350%2C200","width":350,"height":200,"srcset":"https:\/\/i0.wp.com\/www.grieta.org.mx\/wp-content\/uploads\/2018\/03\/14524434_1106112876131411_958039263622046936_o.jpg?resize=350%2C200 1x, https:\/\/i0.wp.com\/www.grieta.org.mx\/wp-content\/uploads\/2018\/03\/14524434_1106112876131411_958039263622046936_o.jpg?resize=525%2C300 1.5x, https:\/\/i0.wp.com\/www.grieta.org.mx\/wp-content\/uploads\/2018\/03\/14524434_1106112876131411_958039263622046936_o.jpg?resize=700%2C400 2x"},"classes":[]},{"id":4942,"url":"http:\/\/www.grieta.org.mx\/index.php\/2015\/09\/30\/interponen-activistas-queja-contra-diputado-por-declaraciones-homofobicas\/","url_meta":{"origin":4944,"position":4},"title":"Interponen activistas queja contra diputado, por declaraciones homof\u00f3bicas","author":"grieta","date":"30 septiembre, 2015","format":false,"excerpt":"Redacci\u00f3n\/ADN Informativo Interponen activistas queja contra diputado, por declaraciones homof\u00f3bicas La queja fue ingresada a la DDHQ y se espera el apoyo de la LVIII Legislatura. Quer\u00e9taro, Qro., 30 de septiembre de 2015.- Tras las declaraciones del diputado panista, Jos\u00e9 Gonz\u00e1lez Ruiz, respecto a que los homosexuales son \u201cdesviados\u201d, el\u2026","rel":"","context":"En &quot;CINTILLO&quot;","block_context":{"text":"CINTILLO","link":"http:\/\/www.grieta.org.mx\/index.php\/category\/cintillo\/"},"img":{"alt_text":"","src":"https:\/\/i0.wp.com\/www.grieta.org.mx\/wp-content\/uploads\/2018\/03\/14524434_1106112876131411_958039263622046936_o.jpg?resize=350%2C200","width":350,"height":200,"srcset":"https:\/\/i0.wp.com\/www.grieta.org.mx\/wp-content\/uploads\/2018\/03\/14524434_1106112876131411_958039263622046936_o.jpg?resize=350%2C200 1x, https:\/\/i0.wp.com\/www.grieta.org.mx\/wp-content\/uploads\/2018\/03\/14524434_1106112876131411_958039263622046936_o.jpg?resize=525%2C300 1.5x, https:\/\/i0.wp.com\/www.grieta.org.mx\/wp-content\/uploads\/2018\/03\/14524434_1106112876131411_958039263622046936_o.jpg?resize=700%2C400 2x"},"classes":[]},{"id":4947,"url":"http:\/\/www.grieta.org.mx\/index.php\/2015\/08\/27\/exigen-en-queretaro-castigo-a-agresion-de-joven-gay\/","url_meta":{"origin":4944,"position":5},"title":"Exigen en Quer\u00e9taro castigo a agresi\u00f3n de joven gay","author":"grieta","date":"27 agosto, 2015","format":false,"excerpt":"Somos el Medio M\u00e9xico DF, agosto 27 de 2015.- Una pena de hasta 50 a\u00f1os de prisi\u00f3n es la que podr\u00eda aplicarse a los agresores del joven gay que este martes fue encontrado sumamente golpeado en la avenida Zaragoza, una de las m\u00e1s transitadas de la ciudad de Quer\u00e9taro. En\u2026","rel":"","context":"En &quot;CINTILLO&quot;","block_context":{"text":"CINTILLO","link":"http:\/\/www.grieta.org.mx\/index.php\/category\/cintillo\/"},"img":{"alt_text":"","src":"https:\/\/i0.wp.com\/www.grieta.org.mx\/wp-content\/uploads\/2018\/03\/14524434_1106112876131411_958039263622046936_o.jpg?resize=350%2C200","width":350,"height":200,"srcset":"https:\/\/i0.wp.com\/www.grieta.org.mx\/wp-content\/uploads\/2018\/03\/14524434_1106112876131411_958039263622046936_o.jpg?resize=350%2C200 1x, https:\/\/i0.wp.com\/www.grieta.org.mx\/wp-content\/uploads\/2018\/03\/14524434_1106112876131411_958039263622046936_o.jpg?resize=525%2C300 1.5x, https:\/\/i0.wp.com\/www.grieta.org.mx\/wp-content\/uploads\/2018\/03\/14524434_1106112876131411_958039263622046936_o.jpg?resize=700%2C400 2x"},"classes":[]}],"_links":{"self":[{"href":"http:\/\/www.grieta.org.mx\/index.php\/wp-json\/wp\/v2\/posts\/4944","targetHints":{"allow":["GET"]}}],"collection":[{"href":"http:\/\/www.grieta.org.mx\/index.php\/wp-json\/wp\/v2\/posts"}],"about":[{"href":"http:\/\/www.grieta.org.mx\/index.php\/wp-json\/wp\/v2\/types\/post"}],"author":[{"embeddable":true,"href":"http:\/\/www.grieta.org.mx\/index.php\/wp-json\/wp\/v2\/users\/2"}],"replies":[{"embeddable":true,"href":"http:\/\/www.grieta.org.mx\/index.php\/wp-json\/wp\/v2\/comments?post=4944"}],"version-history":[{"count":1,"href":"http:\/\/www.grieta.org.mx\/index.php\/wp-json\/wp\/v2\/posts\/4944\/revisions"}],"predecessor-version":[{"id":4952,"href":"http:\/\/www.grieta.org.mx\/index.php\/wp-json\/wp\/v2\/posts\/4944\/revisions\/4952"}],"wp:featuredmedia":[{"embeddable":true,"href":"http:\/\/www.grieta.org.mx\/index.php\/wp-json\/wp\/v2\/media\/21928"}],"wp:attachment":[{"href":"http:\/\/www.grieta.org.mx\/index.php\/wp-json\/wp\/v2\/media?parent=4944"}],"wp:term":[{"taxonomy":"category","embeddable":true,"href":"http:\/\/www.grieta.org.mx\/index.php\/wp-json\/wp\/v2\/categories?post=4944"},{"taxonomy":"post_tag","embeddable":true,"href":"http:\/\/www.grieta.org.mx\/index.php\/wp-json\/wp\/v2\/tags?post=4944"}],"curies":[{"name":"wp","href":"https:\/\/api.w.org\/{rel}","templated":true}]}}