{"id":49437,"date":"2020-04-30T09:55:07","date_gmt":"2020-04-30T14:55:07","guid":{"rendered":"http:\/\/www.grieta.org.mx\/?p=49437"},"modified":"2020-05-17T09:59:06","modified_gmt":"2020-05-17T14:59:06","slug":"en-aguascalientes-trabajadores-del-ramo-automotriz-no-reciben-el-100-de-sus-salarios","status":"publish","type":"post","link":"http:\/\/www.grieta.org.mx\/index.php\/2020\/04\/30\/en-aguascalientes-trabajadores-del-ramo-automotriz-no-reciben-el-100-de-sus-salarios\/","title":{"rendered":"EN AGUASCALIENTES, TRABAJADORES DEL RAMO AUTOMOTRIZ NO RECIBEN EL 100% DE SUS SALARIOS"},"content":{"rendered":"<p>Gabriel Soriano\/La Jornada Aguascalientes<br \/>\n30 abril 2020<\/p>\n<p><img loading=\"lazy\" decoding=\"async\" data-attachment-id=\"49438\" data-permalink=\"http:\/\/www.grieta.org.mx\/index.php\/2020\/04\/30\/en-aguascalientes-trabajadores-del-ramo-automotriz-no-reciben-el-100-de-sus-salarios\/12178465393_c58b70a62f_c\/\" data-orig-file=\"http:\/\/www.grieta.org.mx\/wp-content\/uploads\/2020\/05\/12178465393_c58b70a62f_c.jpg\" data-orig-size=\"750,500\" data-comments-opened=\"0\" data-image-meta=\"{&quot;aperture&quot;:&quot;0&quot;,&quot;credit&quot;:&quot;&quot;,&quot;camera&quot;:&quot;&quot;,&quot;caption&quot;:&quot;&quot;,&quot;created_timestamp&quot;:&quot;0&quot;,&quot;copyright&quot;:&quot;&quot;,&quot;focal_length&quot;:&quot;0&quot;,&quot;iso&quot;:&quot;0&quot;,&quot;shutter_speed&quot;:&quot;0&quot;,&quot;title&quot;:&quot;&quot;,&quot;orientation&quot;:&quot;0&quot;}\" data-image-title=\"12178465393_c58b70a62f_c\" data-image-description=\"\" data-image-caption=\"\" data-medium-file=\"http:\/\/www.grieta.org.mx\/wp-content\/uploads\/2020\/05\/12178465393_c58b70a62f_c-300x200.jpg\" data-large-file=\"http:\/\/www.grieta.org.mx\/wp-content\/uploads\/2020\/05\/12178465393_c58b70a62f_c.jpg\" src=\"http:\/\/www.grieta.org.mx\/wp-content\/uploads\/2020\/05\/12178465393_c58b70a62f_c.jpg\" alt=\"\" width=\"750\" height=\"500\" class=\"aligncenter size-full wp-image-49438\" srcset=\"http:\/\/www.grieta.org.mx\/wp-content\/uploads\/2020\/05\/12178465393_c58b70a62f_c.jpg 750w, http:\/\/www.grieta.org.mx\/wp-content\/uploads\/2020\/05\/12178465393_c58b70a62f_c-300x200.jpg 300w\" sizes=\"auto, (max-width: 750px) 100vw, 750px\" \/><\/p>\n<p>FTA respalda la petici\u00f3n del gobernador para que se reactive el ramo pues no a todos los trabajadores se les ha pagado al 100%<br \/>\nSe reanudar\u00e1n actividades con respecto al trabajo de proveedores <\/p>\n<p>La Federaci\u00f3n de Trabajadores de Aguascalientes (FTA) respalda la petici\u00f3n del gobernador Mart\u00edn Orozco Sandoval en relaci\u00f3n a que se reanuden las actividades en el sector automotriz a la brevedad. Argumentan que no se le ha pagado el salario al 100% a los trabajadores debido a que no hay actividad dentro de las empresas.<\/p>\n<p>Ayer durante la conferencia matutina del Gobierno del Estado, Mart\u00edn Orozco Sandoval insisti\u00f3 en que se reactivara la industria automotriz pues se\u00f1al\u00f3 que es posible evitar contagios dentro de las empresas si es que se toman las medidas correspondientes. El mandatario consider\u00f3 esta actividad como esencial.<\/p>\n<p>Rogelio Padilla de Le\u00f3n, secretario adjunto de la FTA, se mostr\u00f3 a favor de la declaraci\u00f3n del gobernador, desde luego cuidando las medidas de seguridad e higiene, pues los trabajadores no pueden seguir viviendo con un salario por debajo de lo que se pact\u00f3.<\/p>\n<p>\u201cDespu\u00e9s de que pr\u00e1cticamente un mes unas empresas pararon, el hecho de que tengamos trabajadores con un salario inferior a lo que se gana de manera ordinaria, nuestros trabajadores est\u00e1n padeciendo problemas econ\u00f3micos y creemos que las empresas en un momento dado ya puedan reanudar las actividades cumpliendo los protocolos de seguridad\u201d, declar\u00f3 Padilla de Le\u00f3n.<\/p>\n<p>Acept\u00f3 que, aunque se hab\u00eda estipulado que los salarios se debieron de haber pagado al cien por ciento, en el ramo automotriz los salarios fluct\u00faan entre el 50% al 80%, generalmente.<\/p>\n<p>Rogelio Padilla extern\u00f3 que las actividades en la industria automotriz se dar\u00e1n en funci\u00f3n a la conveniencia de las distintas partes que conformen la industria, es decir, se tendr\u00eda que analizar en funci\u00f3n a la cadena de procesos. \u201cSi hay empresas en Estados Unidos que tengan que reanudar actividades y que tengan como clientes empresas de M\u00e9xico, pues se tendr\u00e1n que reanudar las actividades\u201d, extern\u00f3.<\/p>\n<p>Puntualiz\u00f3 que por parte de Nissan en M\u00e9xico extern\u00f3 que las actividades se reanudar\u00e1n de manera oficial hasta el 18 de mayo.<\/p>\n<p>Una vez reanudadas las actividades, Rogelio Padilla asegur\u00f3 que como sindicato se velar\u00e1 para que se cumplan con todos los requerimientos de seguridad e higiene necesarios dentro de la empresa para evitar contagios entre los trabajadores.<\/p>\n<p><a href=\"https:\/\/www.lja.mx\/2020\/04\/en-aguascalientes-trabajadores-del-ramo-automotriz-no-reciben-el-100-de-sus-salarios\/\" rel=\"noopener noreferrer\" target=\"_blank\">https:\/\/www.lja.mx\/2020\/04\/en-aguascalientes-trabajadores-del-ramo-automotriz-no-reciben-el-100-de-sus-salarios\/<\/a><\/p>\n","protected":false},"excerpt":{"rendered":"<p>Gabriel Soriano\/La Jornada Aguascalientes 30 abril 2020 FTA respalda la petici\u00f3n del gobernador para que se reactive el ramo pues no a todos los trabajadores se les ha pagado al &hellip; <a href=\"http:\/\/www.grieta.org.mx\/index.php\/2020\/04\/30\/en-aguascalientes-trabajadores-del-ramo-automotriz-no-reciben-el-100-de-sus-salarios\/\" class=\"more-link\">Leer m\u00e1s<\/a><\/p>\n","protected":false},"author":2,"featured_media":49438,"comment_status":"closed","ping_status":"closed","sticky":false,"template":"","format":"standard","meta":{"ngg_post_thumbnail":0,"_jetpack_newsletter_access":"","_jetpack_dont_email_post_to_subs":false,"_jetpack_newsletter_tier_id":0,"_jetpack_memberships_contains_paywalled_content":false,"_jetpack_memberships_contains_paid_content":false,"footnotes":""},"categories":[4,80,3290,910,1373,83],"tags":[3241,2841,3304],"class_list":["post-49437","post","type-post","status-publish","format-standard","has-post-thumbnail","hentry","category-aguascalientes","category-cintillo","category-covid-19-en-aguascalientes","category-explotacion-y-precariedad-laboral","category-explotacion-y-precariedad-laboral-en-aguascalientes","category-temas-nacionales","tag-covid-19","tag-explotacion-y-precariedad-laboral","tag-reduccion-salarios","entry"],"jetpack_featured_media_url":"http:\/\/www.grieta.org.mx\/wp-content\/uploads\/2020\/05\/12178465393_c58b70a62f_c.jpg","jetpack_sharing_enabled":true,"jetpack_shortlink":"https:\/\/wp.me\/p7ZJR4-cRn","jetpack_likes_enabled":false,"jetpack-related-posts":[{"id":28058,"url":"http:\/\/www.grieta.org.mx\/index.php\/2018\/12\/19\/nissan-recorta-a-mil-trabajadores-en-aguascalientes-y-cuernavaca\/","url_meta":{"origin":49437,"position":0},"title":"Nissan recorta a mil trabajadores en Aguascalientes y Cuernavaca","author":"grieta","date":"19 diciembre, 2018","format":false,"excerpt":"AGUASCALIENTES, Ags., (apro).- La empresa automotriz Nissan Mexicana anunci\u00f3 un recorte de mil plazas en las plantas armadoras con las que cuenta, ubicadas en Aguascalientes y Cuernavaca, argumentando las cambiantes condiciones de mercado en M\u00e9xico y Estados Unidos. A trav\u00e9s de un comunicado oficial, Nissan explic\u00f3 que se ajustar\u00e1 a\u2026","rel":"","context":"En &quot;Aguascalientes&quot;","block_context":{"text":"Aguascalientes","link":"http:\/\/www.grieta.org.mx\/index.php\/category\/noticias-nacionales\/aguascalientes\/"},"img":{"alt_text":"","src":"https:\/\/i0.wp.com\/www.grieta.org.mx\/wp-content\/uploads\/2018\/03\/14524434_1106112876131411_958039263622046936_o.jpg?resize=350%2C200","width":350,"height":200,"srcset":"https:\/\/i0.wp.com\/www.grieta.org.mx\/wp-content\/uploads\/2018\/03\/14524434_1106112876131411_958039263622046936_o.jpg?resize=350%2C200 1x, https:\/\/i0.wp.com\/www.grieta.org.mx\/wp-content\/uploads\/2018\/03\/14524434_1106112876131411_958039263622046936_o.jpg?resize=525%2C300 1.5x, https:\/\/i0.wp.com\/www.grieta.org.mx\/wp-content\/uploads\/2018\/03\/14524434_1106112876131411_958039263622046936_o.jpg?resize=700%2C400 2x"},"classes":[]},{"id":48445,"url":"http:\/\/www.grieta.org.mx\/index.php\/2020\/04\/08\/kia-y-nissan-prolongan-paro-tecnico-sin-garantia-del-100-de-salarios\/","url_meta":{"origin":49437,"position":1},"title":"KIA y Nissan prolongan paro t\u00e9cnico, sin garant\u00eda del 100% de salarios","author":"grieta","date":"8 abril, 2020","format":false,"excerpt":"Alex Osorio\/La Izquierda Diario 8 abril 2020 Dos de las grandes automotrices instaladas en el pa\u00eds, sostendr\u00e1n el paro t\u00e9cnico hasta el 30 de abril, la incertidumbre sobre el salario y los despidos se hace presente entre los trabajadores. En un comunicado del vicepresidente de Nissan Aguascalientes, Armando \u00c1vila, indic\u00f3\u2026","rel":"","context":"En &quot;Aguascalientes&quot;","block_context":{"text":"Aguascalientes","link":"http:\/\/www.grieta.org.mx\/index.php\/category\/noticias-nacionales\/aguascalientes\/"},"img":{"alt_text":"","src":"https:\/\/i0.wp.com\/www.grieta.org.mx\/wp-content\/uploads\/2020\/05\/nissan.png?resize=350%2C200","width":350,"height":200,"srcset":"https:\/\/i0.wp.com\/www.grieta.org.mx\/wp-content\/uploads\/2020\/05\/nissan.png?resize=350%2C200 1x, https:\/\/i0.wp.com\/www.grieta.org.mx\/wp-content\/uploads\/2020\/05\/nissan.png?resize=525%2C300 1.5x, https:\/\/i0.wp.com\/www.grieta.org.mx\/wp-content\/uploads\/2020\/05\/nissan.png?resize=700%2C400 2x"},"classes":[]},{"id":59122,"url":"http:\/\/www.grieta.org.mx\/index.php\/2021\/04\/30\/hasta-18-mil-trabajadores-del-sector-automotriz-de-aguascalientes-no-recibiran-utilidades\/","url_meta":{"origin":49437,"position":2},"title":"Hasta 18 mil trabajadores del sector automotriz de Aguascalientes no recibir\u00e1n utilidades","author":"grieta","date":"30 abril, 2021","format":false,"excerpt":"Alejandro Romo\/Newsweek Aguascalientes 30 abril 2021 Como consecuencia de la crisis econ\u00f3mica derivada de la pandemia del Covid-19 desde el a\u00f1o 2020, algunas empresas instaladas en Aguascalientes no generaron utilidades para sus trabajadores, por lo que se estima que hasta 18 mil empleados de las industrias del sector automotriz no\u2026","rel":"","context":"En &quot;Aguascalientes&quot;","block_context":{"text":"Aguascalientes","link":"http:\/\/www.grieta.org.mx\/index.php\/category\/noticias-nacionales\/aguascalientes\/"},"img":{"alt_text":"","src":"https:\/\/i0.wp.com\/www.grieta.org.mx\/wp-content\/uploads\/2021\/04\/automotriz.jpg?resize=350%2C200","width":350,"height":200,"srcset":"https:\/\/i0.wp.com\/www.grieta.org.mx\/wp-content\/uploads\/2021\/04\/automotriz.jpg?resize=350%2C200 1x, https:\/\/i0.wp.com\/www.grieta.org.mx\/wp-content\/uploads\/2021\/04\/automotriz.jpg?resize=525%2C300 1.5x"},"classes":[]},{"id":59126,"url":"http:\/\/www.grieta.org.mx\/index.php\/2021\/04\/30\/afectan-paros-tecnicos-en-planta-a-1-de-nissana-10-mil-trabajadores-en-aguascalientes-durante-mayo\/","url_meta":{"origin":49437,"position":3},"title":"Afectan paros t\u00e9cnicos en planta A-1 de Nissana 10 mil trabajadores en Aguascalientes durante mayo","author":"grieta","date":"30 abril, 2021","format":false,"excerpt":"Alejandro Romo\/Newsweek Aguascalientes 30 abril 2021 Debido al desabasto de microcomponentes y aditamentos electr\u00f3nicos en la industria automotriz, durante mayo continuar\u00e1n los paros parciales de actividades en la planta ensambladora A-1 de Nissan en Aguascalientes. De acuerdo al Sindicato de la Industria Automotriz y Metalmec\u00e1nica, los d\u00edas en los que\u2026","rel":"","context":"En &quot;Aguascalientes&quot;","block_context":{"text":"Aguascalientes","link":"http:\/\/www.grieta.org.mx\/index.php\/category\/noticias-nacionales\/aguascalientes\/"},"img":{"alt_text":"","src":"https:\/\/i0.wp.com\/www.grieta.org.mx\/wp-content\/uploads\/2021\/04\/planta-nissan.jpg?resize=350%2C200","width":350,"height":200,"srcset":"https:\/\/i0.wp.com\/www.grieta.org.mx\/wp-content\/uploads\/2021\/04\/planta-nissan.jpg?resize=350%2C200 1x, https:\/\/i0.wp.com\/www.grieta.org.mx\/wp-content\/uploads\/2021\/04\/planta-nissan.jpg?resize=525%2C300 1.5x"},"classes":[]},{"id":51268,"url":"http:\/\/www.grieta.org.mx\/index.php\/2020\/06\/16\/trabajadores-y-ex-empleados-protestan-en-planta-de-nissan-en-aguascalientes\/","url_meta":{"origin":49437,"position":4},"title":"Trabajadores y ex empleados protestan en planta de Nissan, en Aguascalientes","author":"grieta","date":"16 junio, 2020","format":false,"excerpt":"Liberto Ure\u00f1a\/Milenio 16 junio 2020 Los manifestantes impidieron el tr\u00e1nsito en la carretera 45 Sur; exigen libertad sindical, reajuste en salarios y horarios de funciones. Los manifestantes se instalaron frente a los accesos de la empresa en Aguascalientes. (Foto: Liberto Ure\u00f1a) Cerca de 100 trabajadores despedidos y algunos en activo\u2026","rel":"","context":"En &quot;Aguascalientes&quot;","block_context":{"text":"Aguascalientes","link":"http:\/\/www.grieta.org.mx\/index.php\/category\/noticias-nacionales\/aguascalientes\/"},"img":{"alt_text":"","src":"https:\/\/i0.wp.com\/www.grieta.org.mx\/wp-content\/uploads\/2020\/06\/manifestantes-instalaron-frente-accesos-empresa_0_27_1200_746.jpeg?resize=350%2C200","width":350,"height":200,"srcset":"https:\/\/i0.wp.com\/www.grieta.org.mx\/wp-content\/uploads\/2020\/06\/manifestantes-instalaron-frente-accesos-empresa_0_27_1200_746.jpeg?resize=350%2C200 1x, https:\/\/i0.wp.com\/www.grieta.org.mx\/wp-content\/uploads\/2020\/06\/manifestantes-instalaron-frente-accesos-empresa_0_27_1200_746.jpeg?resize=525%2C300 1.5x, https:\/\/i0.wp.com\/www.grieta.org.mx\/wp-content\/uploads\/2020\/06\/manifestantes-instalaron-frente-accesos-empresa_0_27_1200_746.jpeg?resize=700%2C400 2x"},"classes":[]},{"id":50376,"url":"http:\/\/www.grieta.org.mx\/index.php\/2020\/06\/04\/nissan-despide-300-personas-en-aguascalientes\/","url_meta":{"origin":49437,"position":5},"title":"Nissan despide 300 personas en Aguascalientes","author":"grieta","date":"4 junio, 2020","format":false,"excerpt":"Jennifer Gonz\u00e1lez\/Expansi\u00f3n 4 junio 2020 500 personas dejar\u00e1n de trabajar en la planta de Nissan y en el sector de autopartes a partir de este lunes, informaron organizaciones sindicales. M\u00e9xico es el mayor proveedor de partes y componentes automotrices para Estados Unidos. (gerenme\/Getty Images\/iStockphoto) La armadora japonesa Nissan, que emplea\u2026","rel":"","context":"En &quot;CINTILLO&quot;","block_context":{"text":"CINTILLO","link":"http:\/\/www.grieta.org.mx\/index.php\/category\/cintillo\/"},"img":{"alt_text":"","src":"https:\/\/i0.wp.com\/www.grieta.org.mx\/wp-content\/uploads\/2020\/06\/autopartes.jpg?resize=350%2C200","width":350,"height":200,"srcset":"https:\/\/i0.wp.com\/www.grieta.org.mx\/wp-content\/uploads\/2020\/06\/autopartes.jpg?resize=350%2C200 1x, https:\/\/i0.wp.com\/www.grieta.org.mx\/wp-content\/uploads\/2020\/06\/autopartes.jpg?resize=525%2C300 1.5x, https:\/\/i0.wp.com\/www.grieta.org.mx\/wp-content\/uploads\/2020\/06\/autopartes.jpg?resize=700%2C400 2x, https:\/\/i0.wp.com\/www.grieta.org.mx\/wp-content\/uploads\/2020\/06\/autopartes.jpg?resize=1050%2C600 3x, https:\/\/i0.wp.com\/www.grieta.org.mx\/wp-content\/uploads\/2020\/06\/autopartes.jpg?resize=1400%2C800 4x"},"classes":[]}],"_links":{"self":[{"href":"http:\/\/www.grieta.org.mx\/index.php\/wp-json\/wp\/v2\/posts\/49437","targetHints":{"allow":["GET"]}}],"collection":[{"href":"http:\/\/www.grieta.org.mx\/index.php\/wp-json\/wp\/v2\/posts"}],"about":[{"href":"http:\/\/www.grieta.org.mx\/index.php\/wp-json\/wp\/v2\/types\/post"}],"author":[{"embeddable":true,"href":"http:\/\/www.grieta.org.mx\/index.php\/wp-json\/wp\/v2\/users\/2"}],"replies":[{"embeddable":true,"href":"http:\/\/www.grieta.org.mx\/index.php\/wp-json\/wp\/v2\/comments?post=49437"}],"version-history":[{"count":1,"href":"http:\/\/www.grieta.org.mx\/index.php\/wp-json\/wp\/v2\/posts\/49437\/revisions"}],"predecessor-version":[{"id":49439,"href":"http:\/\/www.grieta.org.mx\/index.php\/wp-json\/wp\/v2\/posts\/49437\/revisions\/49439"}],"wp:featuredmedia":[{"embeddable":true,"href":"http:\/\/www.grieta.org.mx\/index.php\/wp-json\/wp\/v2\/media\/49438"}],"wp:attachment":[{"href":"http:\/\/www.grieta.org.mx\/index.php\/wp-json\/wp\/v2\/media?parent=49437"}],"wp:term":[{"taxonomy":"category","embeddable":true,"href":"http:\/\/www.grieta.org.mx\/index.php\/wp-json\/wp\/v2\/categories?post=49437"},{"taxonomy":"post_tag","embeddable":true,"href":"http:\/\/www.grieta.org.mx\/index.php\/wp-json\/wp\/v2\/tags?post=49437"}],"curies":[{"name":"wp","href":"https:\/\/api.w.org\/{rel}","templated":true}]}}