{"id":49434,"date":"2020-04-30T09:42:11","date_gmt":"2020-04-30T14:42:11","guid":{"rendered":"http:\/\/www.grieta.org.mx\/?p=49434"},"modified":"2020-05-17T09:48:24","modified_gmt":"2020-05-17T14:48:24","slug":"medicos-de-pregrado-en-aguascalientes-piden-revaloracion-de-su-regreso-a-los-hospitales-ante-pandemia-por-covid-19","status":"publish","type":"post","link":"http:\/\/www.grieta.org.mx\/index.php\/2020\/04\/30\/medicos-de-pregrado-en-aguascalientes-piden-revaloracion-de-su-regreso-a-los-hospitales-ante-pandemia-por-covid-19\/","title":{"rendered":"M\u00c9DICOS DE PREGRADO EN AGUASCALIENTES PIDEN REVALORACI\u00d3N DE SU REGRESO A LOS HOSPITALES ANTE PANDEMIA POR COVID-19"},"content":{"rendered":"<p>Adri\u00e1n Javier Flores Nieves\/La Jornada Aguascalientes<br \/>\n30 abril 2020<\/p>\n<p><img loading=\"lazy\" decoding=\"async\" data-attachment-id=\"49435\" data-permalink=\"http:\/\/www.grieta.org.mx\/index.php\/2020\/04\/30\/medicos-de-pregrado-en-aguascalientes-piden-revaloracion-de-su-regreso-a-los-hospitales-ante-pandemia-por-covid-19\/48435036681_de48a33b79_c\/\" data-orig-file=\"http:\/\/www.grieta.org.mx\/wp-content\/uploads\/2020\/05\/48435036681_de48a33b79_c.jpg\" data-orig-size=\"750,500\" data-comments-opened=\"0\" data-image-meta=\"{&quot;aperture&quot;:&quot;0&quot;,&quot;credit&quot;:&quot;&quot;,&quot;camera&quot;:&quot;&quot;,&quot;caption&quot;:&quot;&quot;,&quot;created_timestamp&quot;:&quot;0&quot;,&quot;copyright&quot;:&quot;&quot;,&quot;focal_length&quot;:&quot;0&quot;,&quot;iso&quot;:&quot;0&quot;,&quot;shutter_speed&quot;:&quot;0&quot;,&quot;title&quot;:&quot;&quot;,&quot;orientation&quot;:&quot;0&quot;}\" data-image-title=\"48435036681_de48a33b79_c\" data-image-description=\"\" data-image-caption=\"\" data-medium-file=\"http:\/\/www.grieta.org.mx\/wp-content\/uploads\/2020\/05\/48435036681_de48a33b79_c-300x200.jpg\" data-large-file=\"http:\/\/www.grieta.org.mx\/wp-content\/uploads\/2020\/05\/48435036681_de48a33b79_c.jpg\" src=\"http:\/\/www.grieta.org.mx\/wp-content\/uploads\/2020\/05\/48435036681_de48a33b79_c.jpg\" alt=\"\" width=\"750\" height=\"500\" class=\"aligncenter size-full wp-image-49435\" srcset=\"http:\/\/www.grieta.org.mx\/wp-content\/uploads\/2020\/05\/48435036681_de48a33b79_c.jpg 750w, http:\/\/www.grieta.org.mx\/wp-content\/uploads\/2020\/05\/48435036681_de48a33b79_c-300x200.jpg 300w\" sizes=\"auto, (max-width: 750px) 100vw, 750px\" \/><\/p>\n<blockquote><p>La secretar\u00eda de Salud de Aguascalientes dijo que se est\u00e1 valorando su retorno, sin embargo, como tal no se ve flexibilidad y sensibilidad hacia este gremio de m\u00e9dicos<br \/>\n\u201cLos M\u00e9dicos Internos de Pregrado somos estudiantes de medicina; no somos suplentes de los trabajadores de la salud\u201d, denunciaron los pasantes de medicina<\/p><\/blockquote>\n<p>Alrededor de 150 M\u00e9dicos Internos de Pregrado (MIP) de la Universidad Aut\u00f3noma de Aguascalientes (UAA) emitieron un oficio a todas las autoridades de salud -dependencias federales, estatales y hasta a la misma universidad- pidiendo la revaloraci\u00f3n de su regreso a los hospitales como pasantes m\u00e9dicos a ra\u00edz de la inminente fase 3 en la que se encuentra M\u00e9xico con respecto a la pandemia por el Covid-19. La misiva enviada en representaci\u00f3n de los MIP de la UAA registra fecha de 27 de abril, sin embargo, hasta ayer 29 de abril, ninguna instituci\u00f3n de salud ha dado alguna respuesta que diera luz verde a la petici\u00f3n hecha por los estudiantes. <\/p>\n<p>En la carta no s\u00f3lo se disponen los antecedentes de la situaci\u00f3n en la que se encuentran los pasantes de medicina, sino que se exponen los hechos y los testimonios por los que se aboga la revaloraci\u00f3n del regreso a sus deberes acad\u00e9micos, para as\u00ed no poner en riesgo su salud, ya que, hasta el mismo lunes 27 de abril, 85 de los entonces 188 positivos con coronavirus en Aguascalientes pertenec\u00edan al cuerpo de salud, es decir, el 45% de los contagiados eran entre m\u00e9dicos, enfermeros, camilleros y otros trabajadores de salud. <\/p>\n<p>La respuesta es urgente ya que, de acuerdo a un comunicado -Oficio N\u00b0 09 B5 61 61 2510\/20001624 \u2013 del Instituto Mexicano del Seguro Social (IMSS) se dispuso que el regreso de los MIP a los nosocomios acordados ser\u00eda ma\u00f1ana, 1 de mayo. <\/p>\n<p>Estas son las declaraciones que los MIP de la UAA dieron a conocer en el oficio que, a fecha de ayer, sigue sin r\u00e9plica: <\/p>\n<p>*Los M\u00e9dicos Internos de Pregrado seguimos siendo estudiantes universitarios no titulados, por lo anterior la universidad de procedencia tiene la potestad y la responsabilidad de velar por nuestra seguridad. <\/p>\n<p>*Los M\u00e9dicos Internos de Pregrado somos estudiantes de medicina; no somos suplentes de los trabajadores de la salud.<\/p>\n<p>*Entendemos y asumimos el compromiso de capacitaci\u00f3n acad\u00e9mica tal y como lo recomend\u00f3 la Direcci\u00f3n General de Calidad y Educaci\u00f3n en Salud en su comunicado del 16 de abril del presente a\u00f1o.<\/p>\n<p>*Expresamos nuestra inconformidad para retornar a los campos cl\u00ednicos durante la Fase Tres de la pandemia, en la que por definici\u00f3n se producen contagios masivos, ya que no tenemos aseguradas las medidas de protecci\u00f3n personal para preservar nuestra salud y con ello la de nuestras familias.<\/p>\n<p>*Nos reservamos el derecho a la salud, consagrado en el Art\u00edculo 4\u00b0 de la Constituci\u00f3n Pol\u00edtica de los Estados Unidos Mexicanos.<\/p>\n<p>*Solicitamos que aquellos internos que VOLUNTARIAMENTE decidan permanecer en sus unidades de adscripci\u00f3n puedan hacerlo; previa concientizaci\u00f3n de todos los riesgos asociados con la atenci\u00f3n cl\u00ednica de los pacientes durante la pandemia, incluyendo procedimientos durante la atenci\u00f3n y el tratamiento; efectos de la infecci\u00f3n sobre las comorbilidades del voluntario; consecuencias acad\u00e9micas en caso de contagio y la elaboraci\u00f3n de la documentaci\u00f3n pertinente en la que se dictamine el estatus de voluntario, para darle certeza jur\u00eddica.<\/p>\n<p>En la rueda de prensa de ayer, ofrecida diariamente para atender cuestiones relativas a la pandemia por Coronavirus, se plante\u00f3 la siguiente pregunta conexa a la petici\u00f3n de los MIP: \u201cLos m\u00e9dicos internos de pregrado tendr\u00e1n que volver a los hospitales el 1 de mayo. Pese a que se supone que no estar\u00e1n en contacto directo con enfermos de covid, \u00bfqui\u00e9n se hace responsable por ellos, la universidad o la SSA? \u00bfQui\u00e9nes tendr\u00edan que responder ante la exigencia que ellos hacen de no volver ante el alto n\u00famero de contagios, adem\u00e1s de que todav\u00eda no son m\u00e9dicos como tal?\u201d.<\/p>\n<p>Posteriormente, la Secretar\u00eda de Salud de Aguascalientes responder\u00eda que s\u00f3lo se est\u00e1 valorando el regreso pero a\u00fan no se sabe cu\u00e1l es la determinaci\u00f3n: \u201cEn cuanto al retorno de estudiantes se est\u00e1 valorando su regreso, si existe riesgo para ellos, no retornar\u00e1n\u201d.<\/p>\n<p>En tanto la disposici\u00f3n planteada por el Instituto de Servicios de Salud de Aguascalientes (Issea) no cambie, el IMSS no d\u00e9 un posicionamiento y la Uaa siga en silencio, alrededor de 150 estudiantes (solo de la Aut\u00f3noma de Aguascalientes) podr\u00edan ponerse en riesgo con su regreso a las pasant\u00edas.<\/p>\n<p><a href=\"https:\/\/www.lja.mx\/2020\/04\/medicos-de-pregrado-en-aguascalientes-piden-revaloracion-de-su-regreso-a-los-hospitales-ante-pandemia-por-covid-19\/\" rel=\"noopener noreferrer\" target=\"_blank\">https:\/\/www.lja.mx\/2020\/04\/medicos-de-pregrado-en-aguascalientes-piden-revaloracion-de-su-regreso-a-los-hospitales-ante-pandemia-por-covid-19\/<\/a><\/p>\n","protected":false},"excerpt":{"rendered":"<p>Adri\u00e1n Javier Flores Nieves\/La Jornada Aguascalientes 30 abril 2020 La secretar\u00eda de Salud de Aguascalientes dijo que se est\u00e1 valorando su retorno, sin embargo, como tal no se ve flexibilidad &hellip; <a href=\"http:\/\/www.grieta.org.mx\/index.php\/2020\/04\/30\/medicos-de-pregrado-en-aguascalientes-piden-revaloracion-de-su-regreso-a-los-hospitales-ante-pandemia-por-covid-19\/\" class=\"more-link\">Leer m\u00e1s<\/a><\/p>\n","protected":false},"author":2,"featured_media":49435,"comment_status":"closed","ping_status":"closed","sticky":false,"template":"","format":"standard","meta":{"ngg_post_thumbnail":0,"_jetpack_newsletter_access":"","_jetpack_dont_email_post_to_subs":false,"_jetpack_newsletter_tier_id":0,"_jetpack_memberships_contains_paywalled_content":false,"_jetpack_memberships_contains_paid_content":false,"footnotes":""},"categories":[4,80,3290,2],"tags":[3241,3381,3382],"class_list":["post-49434","post","type-post","status-publish","format-standard","has-post-thumbnail","hentry","category-aguascalientes","category-cintillo","category-covid-19-en-aguascalientes","category-noticias-nacionales","tag-covid-19","tag-estudiantes-medicina","tag-personal-medico-en-riesgo","entry"],"jetpack_featured_media_url":"http:\/\/www.grieta.org.mx\/wp-content\/uploads\/2020\/05\/48435036681_de48a33b79_c.jpg","jetpack_sharing_enabled":true,"jetpack_shortlink":"https:\/\/wp.me\/p7ZJR4-cRk","jetpack_likes_enabled":false,"jetpack-related-posts":[{"id":49083,"url":"http:\/\/www.grieta.org.mx\/index.php\/2020\/05\/02\/estudiantes-de-medicina-exigen-garantias-para-volver-a-atender-pacientes-guanajuato\/","url_meta":{"origin":49434,"position":0},"title":"Estudiantes de medicina exigen garant\u00edas para volver a atender pacientes (Guanajuato)","author":"grieta","date":"2 mayo, 2020","format":false,"excerpt":"Ver\u00f3nica Espinosa 2 de mayo de 2020 \/ proceso GUANAJUATO, Gto. (proceso.com.mx).\u2013 Asociaciones de estudiantes de medicina que se encuentran en calidad de pregrado \u2013pasantes de servicio social, internos\u2013 demandaron que se les permita continuar con su ciclo acad\u00e9mico fuera de los campos cl\u00ednicos, se respeten las jornadas laborales y\u2026","rel":"","context":"En &quot;CINTILLO&quot;","block_context":{"text":"CINTILLO","link":"http:\/\/www.grieta.org.mx\/index.php\/category\/cintillo\/"},"img":{"alt_text":"","src":"https:\/\/i0.wp.com\/www.grieta.org.mx\/wp-content\/uploads\/2020\/05\/https-_cdn.proceso.com_.mx_media_2020_04_Medicina-UNAM.jpg?resize=350%2C200","width":350,"height":200,"srcset":"https:\/\/i0.wp.com\/www.grieta.org.mx\/wp-content\/uploads\/2020\/05\/https-_cdn.proceso.com_.mx_media_2020_04_Medicina-UNAM.jpg?resize=350%2C200 1x, https:\/\/i0.wp.com\/www.grieta.org.mx\/wp-content\/uploads\/2020\/05\/https-_cdn.proceso.com_.mx_media_2020_04_Medicina-UNAM.jpg?resize=525%2C300 1.5x, https:\/\/i0.wp.com\/www.grieta.org.mx\/wp-content\/uploads\/2020\/05\/https-_cdn.proceso.com_.mx_media_2020_04_Medicina-UNAM.jpg?resize=700%2C400 2x"},"classes":[]},{"id":49403,"url":"http:\/\/www.grieta.org.mx\/index.php\/2020\/04\/27\/personal-medico-representa-45-de-los-casos-de-covid-19-de-aguascalientes\/","url_meta":{"origin":49434,"position":1},"title":"Personal m\u00e9dico representa 45% de los casos de COVID-19 de Aguascalientes","author":"grieta","date":"27 abril, 2020","format":false,"excerpt":"Jennifer Gonz\u00e1lez\/Expansi\u00f3n Pol\u00edtica 28 abril 2020 De los 188 contagios que hay en la entidad, 85 corresponden a integrantes del personal m\u00e9dico, de enfermer\u00eda o de otras \u00e1reas del sector salud Foto: Cuartoscuro AGUASCALIENTES, Aguascalientes.\u2014 M\u00e9dicos, personal de enfermer\u00eda y trabajadores del \u00e1rea param\u00e9dica representan m\u00e1s de 45% de los\u2026","rel":"","context":"En &quot;Aguascalientes&quot;","block_context":{"text":"Aguascalientes","link":"http:\/\/www.grieta.org.mx\/index.php\/category\/noticias-nacionales\/aguascalientes\/"},"img":{"alt_text":"","src":"https:\/\/i0.wp.com\/www.grieta.org.mx\/wp-content\/uploads\/2020\/05\/descarga.jpg?resize=350%2C200","width":350,"height":200,"srcset":"https:\/\/i0.wp.com\/www.grieta.org.mx\/wp-content\/uploads\/2020\/05\/descarga.jpg?resize=350%2C200 1x, https:\/\/i0.wp.com\/www.grieta.org.mx\/wp-content\/uploads\/2020\/05\/descarga.jpg?resize=525%2C300 1.5x, https:\/\/i0.wp.com\/www.grieta.org.mx\/wp-content\/uploads\/2020\/05\/descarga.jpg?resize=700%2C400 2x, https:\/\/i0.wp.com\/www.grieta.org.mx\/wp-content\/uploads\/2020\/05\/descarga.jpg?resize=1050%2C600 3x, https:\/\/i0.wp.com\/www.grieta.org.mx\/wp-content\/uploads\/2020\/05\/descarga.jpg?resize=1400%2C800 4x"},"classes":[]},{"id":15183,"url":"http:\/\/www.grieta.org.mx\/index.php\/2016\/06\/23\/movilizaciones-contra-la-reforma-al-sector-salud-en-aguascalientes\/","url_meta":{"origin":49434,"position":2},"title":"Movilizaciones del sector salud en Aguascalientes","author":"grieta","date":"23 junio, 2016","format":false,"excerpt":"23\/06\/16. Ante puertas cerradas, se manifiestan m\u00e9dicos y maestros La Jornada Aguascalientes 22\/06\/16. Denuncian m\u00e9dicos locales falta de insumos y personal Aguas Digital 22\/06\/16. Personal de salud se moviliza tambi\u00e9n en Aguascalientes El Universal","rel":"","context":"En &quot;Aguascalientes&quot;","block_context":{"text":"Aguascalientes","link":"http:\/\/www.grieta.org.mx\/index.php\/category\/noticias-nacionales\/aguascalientes\/"},"img":{"alt_text":"","src":"https:\/\/i0.wp.com\/www.grieta.org.mx\/wp-content\/uploads\/2018\/03\/14524434_1106112876131411_958039263622046936_o.jpg?resize=350%2C200","width":350,"height":200,"srcset":"https:\/\/i0.wp.com\/www.grieta.org.mx\/wp-content\/uploads\/2018\/03\/14524434_1106112876131411_958039263622046936_o.jpg?resize=350%2C200 1x, https:\/\/i0.wp.com\/www.grieta.org.mx\/wp-content\/uploads\/2018\/03\/14524434_1106112876131411_958039263622046936_o.jpg?resize=525%2C300 1.5x, https:\/\/i0.wp.com\/www.grieta.org.mx\/wp-content\/uploads\/2018\/03\/14524434_1106112876131411_958039263622046936_o.jpg?resize=700%2C400 2x"},"classes":[]},{"id":15267,"url":"http:\/\/www.grieta.org.mx\/index.php\/2016\/06\/22\/personal-de-salud-se-moviliza-tambien-en-aguascalientes\/","url_meta":{"origin":49434,"position":3},"title":"Personal de salud se moviliza tambi\u00e9n en Aguascalientes","author":"grieta","date":"22 junio, 2016","format":false,"excerpt":"Xochitl Alvarez, Aguascalientes. Este mediod\u00eda, alrededor de 180 m\u00e9dicos y enfermeras y enfermeros se instalaron frente a Palacio de Gobierno despu\u00e9s de realizar una marcha por la zona centro de esta ciudad, en contra de la universalizaci\u00f3n de los servicios de Salud. La protesta del Movimiento #YoSoyM\u00e9dico17 en la Plaza\u2026","rel":"","context":"En &quot;aguascalientes&quot;","block_context":{"text":"aguascalientes","link":"http:\/\/www.grieta.org.mx\/index.php\/category\/aguascalientes\/"},"img":{"alt_text":"","src":"https:\/\/i0.wp.com\/www.grieta.org.mx\/wp-content\/uploads\/2018\/03\/14524434_1106112876131411_958039263622046936_o.jpg?resize=350%2C200","width":350,"height":200,"srcset":"https:\/\/i0.wp.com\/www.grieta.org.mx\/wp-content\/uploads\/2018\/03\/14524434_1106112876131411_958039263622046936_o.jpg?resize=350%2C200 1x, https:\/\/i0.wp.com\/www.grieta.org.mx\/wp-content\/uploads\/2018\/03\/14524434_1106112876131411_958039263622046936_o.jpg?resize=525%2C300 1.5x, https:\/\/i0.wp.com\/www.grieta.org.mx\/wp-content\/uploads\/2018\/03\/14524434_1106112876131411_958039263622046936_o.jpg?resize=700%2C400 2x"},"classes":[]},{"id":54753,"url":"http:\/\/www.grieta.org.mx\/index.php\/2020\/09\/07\/12-trabajadores-de-la-salud-han-muerto-por-covid-19-en-aguascalientes-pero-existe-un-subregistro\/","url_meta":{"origin":49434,"position":4},"title":"12 TRABAJADORES DE LA SALUD HAN MUERTO POR COVID-19 EN AGUASCALIENTES, PERO EXISTE UN SUBREGISTRO","author":"grieta","date":"7 septiembre, 2020","format":false,"excerpt":"Adrian Javier Flores Nieves\/La Jornada Aguascalientes 7 septiembre 2020 No se ha logrado recopilar toda la informaci\u00f3n de las p\u00e9rdidas en el gremio de salud aguascalentense, s\u00f3lo del IMSS y del Issste No tenemos la indisposici\u00f3n, estamos dispuestos, no vamos a dar un paso atr\u00e1s, pero no tenemos tanto personal\u2026","rel":"","context":"En &quot;Aguascalientes&quot;","block_context":{"text":"Aguascalientes","link":"http:\/\/www.grieta.org.mx\/index.php\/category\/noticias-nacionales\/aguascalientes\/"},"img":{"alt_text":"","src":"https:\/\/i0.wp.com\/www.grieta.org.mx\/wp-content\/uploads\/2020\/11\/medicos-covid.jpg?resize=350%2C200","width":350,"height":200},"classes":[]},{"id":58179,"url":"http:\/\/www.grieta.org.mx\/index.php\/2021\/03\/31\/casi-7-mil-trabajadores-de-la-salud-no-han-recibido-vacuna-en-aguascalientes-medicos\/","url_meta":{"origin":49434,"position":5},"title":"Casi 7 mil trabajadores de la salud no han recibido vacuna en Aguascalientes: m\u00e9dicos","author":"grieta","date":"31 marzo, 2021","format":false,"excerpt":"Alejandro Romo\/ NewsWeek Aguascalientes 31 marzo 2021 En rueda de prensa, integrantes de la organizaci\u00f3n \u201cTodos somos primera l\u00ednea\u201d, que aglutina a m\u00e9dicos, enfermeros y dem\u00e1s personal de salud del Instituto Mexicano del Seguro Social (IMSS), Instituto de Seguridad y Servicios Sociales para los Trabajadores del Estado (ISSSTE), el Instituto\u2026","rel":"","context":"En &quot;Aguascalientes&quot;","block_context":{"text":"Aguascalientes","link":"http:\/\/www.grieta.org.mx\/index.php\/category\/noticias-nacionales\/aguascalientes\/"},"img":{"alt_text":"","src":"https:\/\/i0.wp.com\/www.grieta.org.mx\/wp-content\/uploads\/2021\/04\/doctores.png?resize=350%2C200","width":350,"height":200,"srcset":"https:\/\/i0.wp.com\/www.grieta.org.mx\/wp-content\/uploads\/2021\/04\/doctores.png?resize=350%2C200 1x, https:\/\/i0.wp.com\/www.grieta.org.mx\/wp-content\/uploads\/2021\/04\/doctores.png?resize=525%2C300 1.5x, https:\/\/i0.wp.com\/www.grieta.org.mx\/wp-content\/uploads\/2021\/04\/doctores.png?resize=700%2C400 2x"},"classes":[]}],"_links":{"self":[{"href":"http:\/\/www.grieta.org.mx\/index.php\/wp-json\/wp\/v2\/posts\/49434","targetHints":{"allow":["GET"]}}],"collection":[{"href":"http:\/\/www.grieta.org.mx\/index.php\/wp-json\/wp\/v2\/posts"}],"about":[{"href":"http:\/\/www.grieta.org.mx\/index.php\/wp-json\/wp\/v2\/types\/post"}],"author":[{"embeddable":true,"href":"http:\/\/www.grieta.org.mx\/index.php\/wp-json\/wp\/v2\/users\/2"}],"replies":[{"embeddable":true,"href":"http:\/\/www.grieta.org.mx\/index.php\/wp-json\/wp\/v2\/comments?post=49434"}],"version-history":[{"count":1,"href":"http:\/\/www.grieta.org.mx\/index.php\/wp-json\/wp\/v2\/posts\/49434\/revisions"}],"predecessor-version":[{"id":49436,"href":"http:\/\/www.grieta.org.mx\/index.php\/wp-json\/wp\/v2\/posts\/49434\/revisions\/49436"}],"wp:featuredmedia":[{"embeddable":true,"href":"http:\/\/www.grieta.org.mx\/index.php\/wp-json\/wp\/v2\/media\/49435"}],"wp:attachment":[{"href":"http:\/\/www.grieta.org.mx\/index.php\/wp-json\/wp\/v2\/media?parent=49434"}],"wp:term":[{"taxonomy":"category","embeddable":true,"href":"http:\/\/www.grieta.org.mx\/index.php\/wp-json\/wp\/v2\/categories?post=49434"},{"taxonomy":"post_tag","embeddable":true,"href":"http:\/\/www.grieta.org.mx\/index.php\/wp-json\/wp\/v2\/tags?post=49434"}],"curies":[{"name":"wp","href":"https:\/\/api.w.org\/{rel}","templated":true}]}}