{"id":49403,"date":"2020-04-27T18:48:40","date_gmt":"2020-04-27T23:48:40","guid":{"rendered":"http:\/\/www.grieta.org.mx\/?p=49403"},"modified":"2020-05-16T18:58:09","modified_gmt":"2020-05-16T23:58:09","slug":"personal-medico-representa-45-de-los-casos-de-covid-19-de-aguascalientes","status":"publish","type":"post","link":"http:\/\/www.grieta.org.mx\/index.php\/2020\/04\/27\/personal-medico-representa-45-de-los-casos-de-covid-19-de-aguascalientes\/","title":{"rendered":"Personal m\u00e9dico representa 45% de los casos de COVID-19 de Aguascalientes"},"content":{"rendered":"<p>Jennifer Gonz\u00e1lez\/Expansi\u00f3n Pol\u00edtica<br \/>\n28 abril 2020<\/p>\n<blockquote><p>De los 188 contagios que hay en la entidad, 85 corresponden a integrantes del personal m\u00e9dico, de enfermer\u00eda o de otras \u00e1reas del sector salud<\/p><\/blockquote>\n<p><img loading=\"lazy\" decoding=\"async\" data-attachment-id=\"49404\" data-permalink=\"http:\/\/www.grieta.org.mx\/index.php\/2020\/04\/27\/personal-medico-representa-45-de-los-casos-de-covid-19-de-aguascalientes\/descarga-10\/\" data-orig-file=\"http:\/\/www.grieta.org.mx\/wp-content\/uploads\/2020\/05\/descarga.jpg\" data-orig-size=\"1800,1292\" data-comments-opened=\"0\" data-image-meta=\"{&quot;aperture&quot;:&quot;0&quot;,&quot;credit&quot;:&quot;&quot;,&quot;camera&quot;:&quot;&quot;,&quot;caption&quot;:&quot;&quot;,&quot;created_timestamp&quot;:&quot;0&quot;,&quot;copyright&quot;:&quot;&quot;,&quot;focal_length&quot;:&quot;0&quot;,&quot;iso&quot;:&quot;0&quot;,&quot;shutter_speed&quot;:&quot;0&quot;,&quot;title&quot;:&quot;&quot;,&quot;orientation&quot;:&quot;0&quot;}\" data-image-title=\"descarga\" data-image-description=\"\" data-image-caption=\"\" data-medium-file=\"http:\/\/www.grieta.org.mx\/wp-content\/uploads\/2020\/05\/descarga-300x215.jpg\" data-large-file=\"http:\/\/www.grieta.org.mx\/wp-content\/uploads\/2020\/05\/descarga-1024x735.jpg\" class=\"aligncenter size-full wp-image-49404\" src=\"http:\/\/www.grieta.org.mx\/wp-content\/uploads\/2020\/05\/descarga.jpg\" alt=\"\" width=\"1800\" height=\"1292\" srcset=\"http:\/\/www.grieta.org.mx\/wp-content\/uploads\/2020\/05\/descarga.jpg 1800w, http:\/\/www.grieta.org.mx\/wp-content\/uploads\/2020\/05\/descarga-300x215.jpg 300w, http:\/\/www.grieta.org.mx\/wp-content\/uploads\/2020\/05\/descarga-768x551.jpg 768w, http:\/\/www.grieta.org.mx\/wp-content\/uploads\/2020\/05\/descarga-1024x735.jpg 1024w, http:\/\/www.grieta.org.mx\/wp-content\/uploads\/2020\/05\/descarga-697x500.jpg 697w\" sizes=\"auto, (max-width: 1800px) 100vw, 1800px\" \/><br \/>\nFoto: Cuartoscuro<\/p>\n<p>AGUASCALIENTES, Aguascalientes.\u2014 M\u00e9dicos, personal de enfermer\u00eda y trabajadores del \u00e1rea param\u00e9dica representan m\u00e1s de 45% de los casos positivos de COVID-19 en Aguascalientes.<\/p>\n<p>De los 188 pacientes atendidos por coronavirus en el estado, 85 pertenecen al sector salud, inform\u00f3 este lunes el secretario de Salud, Miguel \u00c1ngel Piza Jim\u00e9nez, aunque aclar\u00f3 que no necesariamente son personas que contrajeron el virus en los hospitales, sino que tambi\u00e9n se contagiaron en sus casas o en reuniones.<\/p>\n<p>En el informe t\u00e9cnico de la Secretar\u00eda de Salud estatal se detalla que 40 de esos contagios son m\u00e9dicas o m\u00e9dicos, otros 31 son de personal de enfermer\u00eda y 14 m\u00e1s son de otras \u00e1reas del sector salud.<\/p>\n<p>Hasta este 27 de abril, las autoridades sanitarias del estado han rechazado brotes de COVID-19 en los hospitales destinados a atender a pacientes con coronavirus: el Centenario Hospital Miguel Hidalgo, de la Secretar\u00eda de Salud estatal, y los hospitales generales 1 y 2, del IMSS.<\/p>\n<p>El pasado 13 de abril, un trabajador del Hospital General de Zona 1 y delegado sindical muri\u00f3 a causa del COVID-19, aunque todav\u00eda no se precisa si su caso est\u00e1 incluido o no entre los 85 contagios registrados.<\/p>\n<p>Personal de ese hospital se ha inconformado desde el 26 de marzo por falta de material y medidas de prevenci\u00f3n. Los trabajadores se\u00f1alan que necesitan mascarillas N95, trajes Tyvek y otros materiales.<\/p>\n<p>Este lunes, la organizaci\u00f3n civil Mexicanos Contra la Corrupci\u00f3n y la Impunidad (MCCI) public\u00f3 que tambi\u00e9n faltan insumos en el Centenario Hospital Miguel Hidalgo, con base en la encuesta que la Asociaci\u00f3n Nacional de M\u00e9dicos Residentes aplic\u00f3 al personal el mes pasado.<\/p>\n<p>Mientras que a nivel federal el IMSS ha afirmado que cuenta con insumos para protecci\u00f3n de su personal en todo el pa\u00eds, el secretario de Salud de Aguascalientes ha negado en varias ocasiones el desabasto de materiales en el Hospital Hidalgo.<\/p>\n<p>\u201cCompa\u00f1eros m\u00e9dicos, param\u00e9dicos, enfermeras: cu\u00eddense mucho, tomen las medidas necesarias, tomen las medidas de precauci\u00f3n. No se arriesguen si no tienen la necesidad de hacerlo. En hospitales existen los m\u00e9todos de prevenci\u00f3n: p\u00eddanlos, por favor, exijan los m\u00e9todos de prevenci\u00f3n que tenemos\u201d, dijo este lunes.<\/p>\n<p>En la \u00faltima semana, los casos positivos de COVID-19 en Aguascalientes han crecido en 118%. El 20 de abril, las autoridades daban cuenta de 86 diagn\u00f3sticos positivos acumulados. Con cinco decesos desde el inicio de la epidemia, el estado tiene una tasa de letalidad de 2.8%, la m\u00e1s baja del pa\u00eds.<\/p>\n<p><a href=\"https:\/\/politica.expansion.mx\/estados\/2020\/04\/27\/personal-medico-representa-45-de-los-casos-de-covid-19-de-aguascalientes\" target=\"_blank\" rel=\"noopener noreferrer\">https:\/\/politica.expansion.mx\/estados\/2020\/04\/27\/personal-medico-representa-45-de-los-casos-de-covid-19-de-aguascalientes<\/a><\/p>\n","protected":false},"excerpt":{"rendered":"<p>Jennifer Gonz\u00e1lez\/Expansi\u00f3n Pol\u00edtica 28 abril 2020 De los 188 contagios que hay en la entidad, 85 corresponden a integrantes del personal m\u00e9dico, de enfermer\u00eda o de otras \u00e1reas del sector &hellip; <a href=\"http:\/\/www.grieta.org.mx\/index.php\/2020\/04\/27\/personal-medico-representa-45-de-los-casos-de-covid-19-de-aguascalientes\/\" class=\"more-link\">Leer m\u00e1s<\/a><\/p>\n","protected":false},"author":2,"featured_media":49404,"comment_status":"closed","ping_status":"closed","sticky":false,"template":"","format":"standard","meta":{"ngg_post_thumbnail":0,"_jetpack_newsletter_access":"","_jetpack_dont_email_post_to_subs":false,"_jetpack_newsletter_tier_id":0,"_jetpack_memberships_contains_paywalled_content":false,"_jetpack_memberships_contains_paid_content":false,"footnotes":""},"categories":[4,80,3290,2],"tags":[3267,3241,3284,3247],"class_list":["post-49403","post","type-post","status-publish","format-standard","has-post-thumbnail","hentry","category-aguascalientes","category-cintillo","category-covid-19-en-aguascalientes","category-noticias-nacionales","tag-contagios-en-hospitales","tag-covid-19","tag-falta-de-insumos-en-hospitales","tag-falta-de-insumos-medicos","entry"],"jetpack_featured_media_url":"http:\/\/www.grieta.org.mx\/wp-content\/uploads\/2020\/05\/descarga.jpg","jetpack_sharing_enabled":true,"jetpack_shortlink":"https:\/\/wp.me\/p7ZJR4-cQP","jetpack_likes_enabled":false,"jetpack-related-posts":[{"id":49434,"url":"http:\/\/www.grieta.org.mx\/index.php\/2020\/04\/30\/medicos-de-pregrado-en-aguascalientes-piden-revaloracion-de-su-regreso-a-los-hospitales-ante-pandemia-por-covid-19\/","url_meta":{"origin":49403,"position":0},"title":"M\u00c9DICOS DE PREGRADO EN AGUASCALIENTES PIDEN REVALORACI\u00d3N DE SU REGRESO A LOS HOSPITALES ANTE PANDEMIA POR COVID-19","author":"grieta","date":"30 abril, 2020","format":false,"excerpt":"Adri\u00e1n Javier Flores Nieves\/La Jornada Aguascalientes 30 abril 2020 La secretar\u00eda de Salud de Aguascalientes dijo que se est\u00e1 valorando su retorno, sin embargo, como tal no se ve flexibilidad y sensibilidad hacia este gremio de m\u00e9dicos \u201cLos M\u00e9dicos Internos de Pregrado somos estudiantes de medicina; no somos suplentes de\u2026","rel":"","context":"En &quot;Aguascalientes&quot;","block_context":{"text":"Aguascalientes","link":"http:\/\/www.grieta.org.mx\/index.php\/category\/noticias-nacionales\/aguascalientes\/"},"img":{"alt_text":"","src":"https:\/\/i0.wp.com\/www.grieta.org.mx\/wp-content\/uploads\/2020\/05\/48435036681_de48a33b79_c.jpg?resize=350%2C200","width":350,"height":200,"srcset":"https:\/\/i0.wp.com\/www.grieta.org.mx\/wp-content\/uploads\/2020\/05\/48435036681_de48a33b79_c.jpg?resize=350%2C200 1x, https:\/\/i0.wp.com\/www.grieta.org.mx\/wp-content\/uploads\/2020\/05\/48435036681_de48a33b79_c.jpg?resize=525%2C300 1.5x, https:\/\/i0.wp.com\/www.grieta.org.mx\/wp-content\/uploads\/2020\/05\/48435036681_de48a33b79_c.jpg?resize=700%2C400 2x"},"classes":[]},{"id":15366,"url":"http:\/\/www.grieta.org.mx\/index.php\/2016\/06\/22\/denuncian-medicos-locales-falta-de-insumos-y-personal\/","url_meta":{"origin":49403,"position":1},"title":"Denuncian m\u00e9dicos locales falta de insumos y personal (Aguascalientes)","author":"grieta","date":"22 junio, 2016","format":false,"excerpt":"Redacci\u00f3n AguasDigital, Aguascalientes. Decenas de m\u00e9dicos locales se manifestaron este medio d\u00eda en la Plaza Patria denunciando falta de insumos y personal suficiente en cl\u00ednicas, hospitales y centros de salud; se\u00f1alando adem\u00e1s su total rechazo al sistema Universal de Salud. Poco antes del medio d\u00eda los m\u00e9dicos fueron reuni\u00e9ndose frente\u2026","rel":"","context":"En &quot;aguascalientes&quot;","block_context":{"text":"aguascalientes","link":"http:\/\/www.grieta.org.mx\/index.php\/category\/aguascalientes\/"},"img":{"alt_text":"","src":"https:\/\/i0.wp.com\/www.grieta.org.mx\/wp-content\/uploads\/2018\/03\/14524434_1106112876131411_958039263622046936_o.jpg?resize=350%2C200","width":350,"height":200,"srcset":"https:\/\/i0.wp.com\/www.grieta.org.mx\/wp-content\/uploads\/2018\/03\/14524434_1106112876131411_958039263622046936_o.jpg?resize=350%2C200 1x, https:\/\/i0.wp.com\/www.grieta.org.mx\/wp-content\/uploads\/2018\/03\/14524434_1106112876131411_958039263622046936_o.jpg?resize=525%2C300 1.5x, https:\/\/i0.wp.com\/www.grieta.org.mx\/wp-content\/uploads\/2018\/03\/14524434_1106112876131411_958039263622046936_o.jpg?resize=700%2C400 2x"},"classes":[]},{"id":54753,"url":"http:\/\/www.grieta.org.mx\/index.php\/2020\/09\/07\/12-trabajadores-de-la-salud-han-muerto-por-covid-19-en-aguascalientes-pero-existe-un-subregistro\/","url_meta":{"origin":49403,"position":2},"title":"12 TRABAJADORES DE LA SALUD HAN MUERTO POR COVID-19 EN AGUASCALIENTES, PERO EXISTE UN SUBREGISTRO","author":"grieta","date":"7 septiembre, 2020","format":false,"excerpt":"Adrian Javier Flores Nieves\/La Jornada Aguascalientes 7 septiembre 2020 No se ha logrado recopilar toda la informaci\u00f3n de las p\u00e9rdidas en el gremio de salud aguascalentense, s\u00f3lo del IMSS y del Issste No tenemos la indisposici\u00f3n, estamos dispuestos, no vamos a dar un paso atr\u00e1s, pero no tenemos tanto personal\u2026","rel":"","context":"En &quot;Aguascalientes&quot;","block_context":{"text":"Aguascalientes","link":"http:\/\/www.grieta.org.mx\/index.php\/category\/noticias-nacionales\/aguascalientes\/"},"img":{"alt_text":"","src":"https:\/\/i0.wp.com\/www.grieta.org.mx\/wp-content\/uploads\/2020\/11\/medicos-covid.jpg?resize=350%2C200","width":350,"height":200},"classes":[]},{"id":15183,"url":"http:\/\/www.grieta.org.mx\/index.php\/2016\/06\/23\/movilizaciones-contra-la-reforma-al-sector-salud-en-aguascalientes\/","url_meta":{"origin":49403,"position":3},"title":"Movilizaciones del sector salud en Aguascalientes","author":"grieta","date":"23 junio, 2016","format":false,"excerpt":"23\/06\/16. Ante puertas cerradas, se manifiestan m\u00e9dicos y maestros La Jornada Aguascalientes 22\/06\/16. Denuncian m\u00e9dicos locales falta de insumos y personal Aguas Digital 22\/06\/16. Personal de salud se moviliza tambi\u00e9n en Aguascalientes El Universal","rel":"","context":"En &quot;Aguascalientes&quot;","block_context":{"text":"Aguascalientes","link":"http:\/\/www.grieta.org.mx\/index.php\/category\/noticias-nacionales\/aguascalientes\/"},"img":{"alt_text":"","src":"https:\/\/i0.wp.com\/www.grieta.org.mx\/wp-content\/uploads\/2018\/03\/14524434_1106112876131411_958039263622046936_o.jpg?resize=350%2C200","width":350,"height":200,"srcset":"https:\/\/i0.wp.com\/www.grieta.org.mx\/wp-content\/uploads\/2018\/03\/14524434_1106112876131411_958039263622046936_o.jpg?resize=350%2C200 1x, https:\/\/i0.wp.com\/www.grieta.org.mx\/wp-content\/uploads\/2018\/03\/14524434_1106112876131411_958039263622046936_o.jpg?resize=525%2C300 1.5x, https:\/\/i0.wp.com\/www.grieta.org.mx\/wp-content\/uploads\/2018\/03\/14524434_1106112876131411_958039263622046936_o.jpg?resize=700%2C400 2x"},"classes":[]},{"id":34803,"url":"http:\/\/www.grieta.org.mx\/index.php\/2019\/06\/13\/graves-carencias-en-el-hospital-tercer-milenio-de-aguascalientes\/","url_meta":{"origin":49403,"position":4},"title":"Graves carencias en el Hospital Tercer Milenio de Aguascalientes","author":"grieta","date":"13 junio, 2019","format":false,"excerpt":"Sandra Mac\u00edas\/La Jornada Aguascalientes Faltan analg\u00e9sicos, gasas, algod\u00f3n, jeringas, cubrebocas; en riesgo, la salud del personal m\u00e9dico y de enfermer\u00eda Para aliviar el dolor de los pacientes con los escasos analg\u00e9sicos, el personal valora quien los requiere m\u00e1s, o en su caso, familiares tienen que comprar lo que falta Ni\u2026","rel":"","context":"En &quot;Aguascalientes&quot;","block_context":{"text":"Aguascalientes","link":"http:\/\/www.grieta.org.mx\/index.php\/category\/noticias-nacionales\/aguascalientes\/"},"img":{"alt_text":"","src":"https:\/\/i0.wp.com\/www.grieta.org.mx\/wp-content\/uploads\/2019\/06\/a1-1.jpg?resize=350%2C200","width":350,"height":200,"srcset":"https:\/\/i0.wp.com\/www.grieta.org.mx\/wp-content\/uploads\/2019\/06\/a1-1.jpg?resize=350%2C200 1x, https:\/\/i0.wp.com\/www.grieta.org.mx\/wp-content\/uploads\/2019\/06\/a1-1.jpg?resize=525%2C300 1.5x"},"classes":[]},{"id":47126,"url":"http:\/\/www.grieta.org.mx\/index.php\/2020\/04\/03\/en-aguascalientes-trabajadores-del-imss-3-piden-transparencia-ante-el-covid-19\/","url_meta":{"origin":49403,"position":5},"title":"EN AGUASCALIENTES, TRABAJADORES DEL IMSS 3 PIDEN TRANSPARENCIA ANTE EL COVID-19","author":"grieta","date":"3 abril, 2020","format":false,"excerpt":"Gabriel Soriano\/La Jornada Aguascalientes 3 abril 2020 No se siguen los protocolos en pacientes probables de Covid, no hay epidemi\u00f3logos en el hospital Piden que se les abastezca de insumos de calidad Acusan a Gobierno Federal y estatal de maquillar las cifras, adem\u00e1s de que no se les aplica las\u2026","rel":"","context":"En &quot;Aguascalientes&quot;","block_context":{"text":"Aguascalientes","link":"http:\/\/www.grieta.org.mx\/index.php\/category\/noticias-nacionales\/aguascalientes\/"},"img":{"alt_text":"","src":"https:\/\/i0.wp.com\/www.grieta.org.mx\/wp-content\/uploads\/2020\/04\/49729180891_17501e5758_c.jpg?resize=350%2C200","width":350,"height":200,"srcset":"https:\/\/i0.wp.com\/www.grieta.org.mx\/wp-content\/uploads\/2020\/04\/49729180891_17501e5758_c.jpg?resize=350%2C200 1x, https:\/\/i0.wp.com\/www.grieta.org.mx\/wp-content\/uploads\/2020\/04\/49729180891_17501e5758_c.jpg?resize=525%2C300 1.5x, https:\/\/i0.wp.com\/www.grieta.org.mx\/wp-content\/uploads\/2020\/04\/49729180891_17501e5758_c.jpg?resize=700%2C400 2x"},"classes":[]}],"_links":{"self":[{"href":"http:\/\/www.grieta.org.mx\/index.php\/wp-json\/wp\/v2\/posts\/49403","targetHints":{"allow":["GET"]}}],"collection":[{"href":"http:\/\/www.grieta.org.mx\/index.php\/wp-json\/wp\/v2\/posts"}],"about":[{"href":"http:\/\/www.grieta.org.mx\/index.php\/wp-json\/wp\/v2\/types\/post"}],"author":[{"embeddable":true,"href":"http:\/\/www.grieta.org.mx\/index.php\/wp-json\/wp\/v2\/users\/2"}],"replies":[{"embeddable":true,"href":"http:\/\/www.grieta.org.mx\/index.php\/wp-json\/wp\/v2\/comments?post=49403"}],"version-history":[{"count":1,"href":"http:\/\/www.grieta.org.mx\/index.php\/wp-json\/wp\/v2\/posts\/49403\/revisions"}],"predecessor-version":[{"id":49406,"href":"http:\/\/www.grieta.org.mx\/index.php\/wp-json\/wp\/v2\/posts\/49403\/revisions\/49406"}],"wp:featuredmedia":[{"embeddable":true,"href":"http:\/\/www.grieta.org.mx\/index.php\/wp-json\/wp\/v2\/media\/49404"}],"wp:attachment":[{"href":"http:\/\/www.grieta.org.mx\/index.php\/wp-json\/wp\/v2\/media?parent=49403"}],"wp:term":[{"taxonomy":"category","embeddable":true,"href":"http:\/\/www.grieta.org.mx\/index.php\/wp-json\/wp\/v2\/categories?post=49403"},{"taxonomy":"post_tag","embeddable":true,"href":"http:\/\/www.grieta.org.mx\/index.php\/wp-json\/wp\/v2\/tags?post=49403"}],"curies":[{"name":"wp","href":"https:\/\/api.w.org\/{rel}","templated":true}]}}