{"id":49400,"date":"2020-05-12T18:41:16","date_gmt":"2020-05-12T23:41:16","guid":{"rendered":"http:\/\/www.grieta.org.mx\/?p=49400"},"modified":"2020-05-16T18:44:04","modified_gmt":"2020-05-16T23:44:04","slug":"protestan-contra-maquilas-exigen-revelar-cifra-real-de-muertes-por-covid-ciudad-juarez","status":"publish","type":"post","link":"http:\/\/www.grieta.org.mx\/index.php\/2020\/05\/12\/protestan-contra-maquilas-exigen-revelar-cifra-real-de-muertes-por-covid-ciudad-juarez\/","title":{"rendered":"Protestan contra maquilas; exigen revelar cifra real de muertes por Covid (Ciudad Ju\u00e1rez)"},"content":{"rendered":"<p>El Diario\/H\u00e9rika Mart\u00ednez Prado<br \/>\n<img loading=\"lazy\" decoding=\"async\" data-attachment-id=\"49401\" data-permalink=\"http:\/\/www.grieta.org.mx\/index.php\/2020\/05\/12\/protestan-contra-maquilas-exigen-revelar-cifra-real-de-muertes-por-covid-ciudad-juarez\/20200512120754143-0-1661839\/\" data-orig-file=\"http:\/\/www.grieta.org.mx\/wp-content\/uploads\/2020\/05\/20200512120754143-0-1661839.jpg\" data-orig-size=\"980,617\" data-comments-opened=\"0\" data-image-meta=\"{&quot;aperture&quot;:&quot;0&quot;,&quot;credit&quot;:&quot;&quot;,&quot;camera&quot;:&quot;&quot;,&quot;caption&quot;:&quot;&quot;,&quot;created_timestamp&quot;:&quot;0&quot;,&quot;copyright&quot;:&quot;&quot;,&quot;focal_length&quot;:&quot;0&quot;,&quot;iso&quot;:&quot;0&quot;,&quot;shutter_speed&quot;:&quot;0&quot;,&quot;title&quot;:&quot;&quot;,&quot;orientation&quot;:&quot;0&quot;}\" data-image-title=\"20200512120754143-0-1661839\" data-image-description=\"\" data-image-caption=\"\" data-medium-file=\"http:\/\/www.grieta.org.mx\/wp-content\/uploads\/2020\/05\/20200512120754143-0-1661839-300x189.jpg\" data-large-file=\"http:\/\/www.grieta.org.mx\/wp-content\/uploads\/2020\/05\/20200512120754143-0-1661839.jpg\" class=\"aligncenter  wp-image-49401\" src=\"http:\/\/www.grieta.org.mx\/wp-content\/uploads\/2020\/05\/20200512120754143-0-1661839.jpg\" alt=\"\" width=\"802\" height=\"505\" srcset=\"http:\/\/www.grieta.org.mx\/wp-content\/uploads\/2020\/05\/20200512120754143-0-1661839.jpg 980w, http:\/\/www.grieta.org.mx\/wp-content\/uploads\/2020\/05\/20200512120754143-0-1661839-300x189.jpg 300w, http:\/\/www.grieta.org.mx\/wp-content\/uploads\/2020\/05\/20200512120754143-0-1661839-768x484.jpg 768w, http:\/\/www.grieta.org.mx\/wp-content\/uploads\/2020\/05\/20200512120754143-0-1661839-794x500.jpg 794w\" sizes=\"auto, (max-width: 802px) 100vw, 802px\" \/><\/p>\n<p><em>Ciudad Ju\u00e1rez.-<\/em>\u00a0Activistas exigieron hoy a las autoridades estatales y federales que den a conocer las cifras reales de los trabajadores de maquiladoras que han muerto en Ciudad Ju\u00e1rez a causa de Covid-19.<\/p>\n<p>La agrupaci\u00f3n Salud, Trabaj\u00f3 y Dignidad Ju\u00e1rez, a trav\u00e9s de su movimiento \u201cStop Makillas\u201d, lleg\u00f3 esta ma\u00f1ana al exterior de la Secretaria del Trabajo y Prevenci\u00f3n Social, ubicada en Oficinas de Gobierno del eje vial Juan Gabriel y la calle Aserraderos, con mantas y consignas contra la operaci\u00f3n en las plantas industriales durante la pandemia.<\/p>\n<p>Los activistas reclamaron que las empresas respeten el decreto de emergencia sanitaria por el Covid-19, y que los obreros sean enviados a cuarenta con el total de su salario semanal.<\/p>\n<p>Durante la manifestaci\u00f3n, tambi\u00e9n se colocaron sobre el eje vial Juan Gabriel, donde pararon por momentos el tr\u00e1fico.<\/p>\n<p>Seg\u00fan datos oficiales, dados por el Instituto Mexicano del Seguro Social (IMSS) a trav\u00e9s de la Secretaria de Salud, suman 17 los trabajadores de maquiladora que han muerto por Covid-17 y nueve m\u00e1s los que permanecen enfermos como positivos.<\/p>\n<p>Sin embargo, trabajadores han asegurado a El Diario que suman decenas los que realmente han perdido la vida durante la pandemia.<\/p>\n<p>Los activistas informaron sobre 106 trabajadores, quienes se han informado a trav\u00e9s de redes sociales, sin embargo no dieron a conocer las empresas a las que pertenec\u00edan.<\/p>\n<p><a href=\"https:\/\/diario.mx\/juarez\/protestan-contra-maquilas-exigen-revelar-cifra-real-de-muertes-por-covid-20200512-1661839.html\">https:\/\/diario.mx\/juarez\/protestan-contra-maquilas-exigen-revelar-cifra-real-de-muertes-por-covid-20200512-1661839.html<\/a><\/p>\n","protected":false},"excerpt":{"rendered":"<p>El Diario\/H\u00e9rika Mart\u00ednez Prado Ciudad Ju\u00e1rez.-\u00a0Activistas exigieron hoy a las autoridades estatales y federales que den a conocer las cifras reales de los trabajadores de maquiladoras que han muerto en &hellip; <a href=\"http:\/\/www.grieta.org.mx\/index.php\/2020\/05\/12\/protestan-contra-maquilas-exigen-revelar-cifra-real-de-muertes-por-covid-ciudad-juarez\/\" class=\"more-link\">Leer m\u00e1s<\/a><\/p>\n","protected":false},"author":2,"featured_media":49401,"comment_status":"closed","ping_status":"closed","sticky":false,"template":"","format":"standard","meta":{"ngg_post_thumbnail":0,"_jetpack_newsletter_access":"","_jetpack_dont_email_post_to_subs":false,"_jetpack_newsletter_tier_id":0,"_jetpack_memberships_contains_paywalled_content":false,"_jetpack_memberships_contains_paid_content":false,"footnotes":""},"categories":[12,80,1398,3244],"tags":[326],"class_list":["post-49400","post","type-post","status-publish","format-standard","has-post-thumbnail","hentry","category-chihuahua","category-cintillo","category-conflictos-laborales-en-chihuahua","category-covid-19-en-chihuahua","tag-maquila","entry"],"jetpack_featured_media_url":"http:\/\/www.grieta.org.mx\/wp-content\/uploads\/2020\/05\/20200512120754143-0-1661839.jpg","jetpack_sharing_enabled":true,"jetpack_shortlink":"https:\/\/wp.me\/p7ZJR4-cQM","jetpack_likes_enabled":false,"jetpack-related-posts":[{"id":53054,"url":"http:\/\/www.grieta.org.mx\/index.php\/2020\/09\/05\/detienen-a-40-activistas-en-marcha-contra-violencia-policial-en-ciudad-juarez-chihuahua\/","url_meta":{"origin":49400,"position":0},"title":"Detienen a 40 activistas en marcha contra violencia policial en Ciudad Ju\u00e1rez (Chihuahua)","author":"grieta","date":"5 septiembre, 2020","format":false,"excerpt":"Manifestantes feministas de Ciudad Ju\u00e1rez fueron reprimidas el d\u00eda de hoy por el gobierno de Armando Cabada. Hasta ahora s\u00f3lo se conoce la identidad de 25 de ellas, pero se reporta que la cifra puede alcanzar hasta 40 mujeres. Pan y Rosas Ciudad Ju\u00e1rez\/ LA IZQUIERDA DIARIO Alrededor de las\u2026","rel":"","context":"En &quot;Chihuahua&quot;","block_context":{"text":"Chihuahua","link":"http:\/\/www.grieta.org.mx\/index.php\/category\/noticias-nacionales\/chihuahua\/"},"img":{"alt_text":"","src":"https:\/\/i0.wp.com\/www.grieta.org.mx\/wp-content\/uploads\/2020\/09\/arton172051-6c3eb.jpg?resize=350%2C200","width":350,"height":200,"srcset":"https:\/\/i0.wp.com\/www.grieta.org.mx\/wp-content\/uploads\/2020\/09\/arton172051-6c3eb.jpg?resize=350%2C200 1x, https:\/\/i0.wp.com\/www.grieta.org.mx\/wp-content\/uploads\/2020\/09\/arton172051-6c3eb.jpg?resize=525%2C300 1.5x, https:\/\/i0.wp.com\/www.grieta.org.mx\/wp-content\/uploads\/2020\/09\/arton172051-6c3eb.jpg?resize=700%2C400 2x"},"classes":[]},{"id":38097,"url":"http:\/\/www.grieta.org.mx\/index.php\/2019\/08\/16\/galeria-glitter-rosa-la-marcha-feminista-en-ciudad-juarez-chihuahua\/","url_meta":{"origin":49400,"position":1},"title":"Galer\u00eda: Glitter Rosa, la marcha feminista en Ciudad Ju\u00e1rez (Chihuahua)","author":"grieta","date":"16 agosto, 2019","format":false,"excerpt":"Redacci\u00f3n; Fotograf\u00edas: Rey J. Jauregui\/ LA VERDAD DE JU\u00c1REZ Ciudad Ju\u00e1rez \u2013 Entre gritos de consignas contra \u201cactitudes machistas\u201d, haciendo pintas y lanzando brillantina rosa, decenas de mujeres marcharon en Ciudad Ju\u00e1rez para exigir un alto a la violencia de g\u00e9nero y en protesta por la revictimizaci\u00f3n de las autoridades\u2026","rel":"","context":"En &quot;Chihuahua&quot;","block_context":{"text":"Chihuahua","link":"http:\/\/www.grieta.org.mx\/index.php\/category\/noticias-nacionales\/chihuahua\/"},"img":{"alt_text":"","src":"https:\/\/i0.wp.com\/www.grieta.org.mx\/wp-content\/uploads\/2019\/08\/Foto-Galer%C3%ADa-Mujeres.jpg?resize=350%2C200","width":350,"height":200,"srcset":"https:\/\/i0.wp.com\/www.grieta.org.mx\/wp-content\/uploads\/2019\/08\/Foto-Galer%C3%ADa-Mujeres.jpg?resize=350%2C200 1x, https:\/\/i0.wp.com\/www.grieta.org.mx\/wp-content\/uploads\/2019\/08\/Foto-Galer%C3%ADa-Mujeres.jpg?resize=525%2C300 1.5x, https:\/\/i0.wp.com\/www.grieta.org.mx\/wp-content\/uploads\/2019\/08\/Foto-Galer%C3%ADa-Mujeres.jpg?resize=700%2C400 2x, https:\/\/i0.wp.com\/www.grieta.org.mx\/wp-content\/uploads\/2019\/08\/Foto-Galer%C3%ADa-Mujeres.jpg?resize=1050%2C600 3x, https:\/\/i0.wp.com\/www.grieta.org.mx\/wp-content\/uploads\/2019\/08\/Foto-Galer%C3%ADa-Mujeres.jpg?resize=1400%2C800 4x"},"classes":[]},{"id":48677,"url":"http:\/\/www.grieta.org.mx\/index.php\/2020\/05\/07\/obreras-y-obreros-realizan-pintas-contra-la-explotacion-y-condiciones-de-insalubridad-en-las-maquiladoras-en-ciudad-juarez\/","url_meta":{"origin":49400,"position":2},"title":"Obreras y obreros\u00a0realizan pintas contra la explotaci\u00f3n y condiciones de insalubridad en las maquiladoras en Ciudad Ju\u00e1rez","author":"grieta","date":"7 mayo, 2020","format":false,"excerpt":"\u00a0 Colectivo Grieta, 07 de mayo de 2020 \u00a0 En una acci\u00f3n dislocada, desde las primeras horas del primero de\u00a0mayo de 2020, colectivos de trabajadores y trabajadoras de la industria maquiladora realizaron pintas de denuncia contra las empresas maquiladoras ubicadas en Ciudad Ju\u00e1rez.\u00a0Las paredes y portones de diferentes plantas industriales\u2026","rel":"","context":"En &quot;Chihuahua&quot;","block_context":{"text":"Chihuahua","link":"http:\/\/www.grieta.org.mx\/index.php\/category\/noticias-nacionales\/chihuahua\/"},"img":{"alt_text":"","src":"https:\/\/i0.wp.com\/www.grieta.org.mx\/wp-content\/uploads\/2020\/05\/A.jpg?resize=350%2C200","width":350,"height":200,"srcset":"https:\/\/i0.wp.com\/www.grieta.org.mx\/wp-content\/uploads\/2020\/05\/A.jpg?resize=350%2C200 1x, https:\/\/i0.wp.com\/www.grieta.org.mx\/wp-content\/uploads\/2020\/05\/A.jpg?resize=525%2C300 1.5x, https:\/\/i0.wp.com\/www.grieta.org.mx\/wp-content\/uploads\/2020\/05\/A.jpg?resize=700%2C400 2x, https:\/\/i0.wp.com\/www.grieta.org.mx\/wp-content\/uploads\/2020\/05\/A.jpg?resize=1050%2C600 3x"},"classes":[]},{"id":17965,"url":"http:\/\/www.grieta.org.mx\/index.php\/2016\/09\/11\/protestan-profesores-de-telebachilleratos-por-falta-de-pagos-en-chihuahua\/","url_meta":{"origin":49400,"position":3},"title":"Conflictos laborales en la industria maquiladora de Chihuahua","author":"grieta","date":"11 septiembre, 2016","format":false,"excerpt":"10\/09\/16. Convocan a obreros a grito \u201cMaquilero\u201d vs campa\u00f1a medi\u00e1tica de empresas, Ciudad Ju\u00e1rezEl Pueblo 06\/09\/16. Preparan obreros verbena contra compa\u00f1a de Index, Ciudad Ju\u00e1rezEl Mexicano 30\/08\/16. Cruza fronteras lucha maquilera contra explotaci\u00f3n laboral, ChihuahuaEl Pueblo 20\/08\/16. Salario maquilador en d\u00f3lares baja 13%, ChihuahuaEl Diario 05\/08\/16. Revela abogada Prieto los\u2026","rel":"","context":"En &quot;Chihuahua&quot;","block_context":{"text":"Chihuahua","link":"http:\/\/www.grieta.org.mx\/index.php\/category\/noticias-nacionales\/chihuahua\/"},"img":{"alt_text":"","src":"https:\/\/i0.wp.com\/www.grieta.org.mx\/wp-content\/uploads\/2018\/03\/14524434_1106112876131411_958039263622046936_o.jpg?resize=350%2C200","width":350,"height":200,"srcset":"https:\/\/i0.wp.com\/www.grieta.org.mx\/wp-content\/uploads\/2018\/03\/14524434_1106112876131411_958039263622046936_o.jpg?resize=350%2C200 1x, https:\/\/i0.wp.com\/www.grieta.org.mx\/wp-content\/uploads\/2018\/03\/14524434_1106112876131411_958039263622046936_o.jpg?resize=525%2C300 1.5x, https:\/\/i0.wp.com\/www.grieta.org.mx\/wp-content\/uploads\/2018\/03\/14524434_1106112876131411_958039263622046936_o.jpg?resize=700%2C400 2x"},"classes":[]},{"id":48008,"url":"http:\/\/www.grieta.org.mx\/index.php\/2020\/04\/17\/operan-en-juarez-28-maquiladoras-con-actividades-no-esenciales-ciudad-juarez\/","url_meta":{"origin":49400,"position":4},"title":"Operan en Ju\u00e1rez 28 maquiladoras con actividades no esenciales (Ciudad Ju\u00e1rez)","author":"grieta","date":"17 abril, 2020","format":false,"excerpt":"Marco Antonio L\u00f3pez\/YoCiudadano FOTOGRAF\u00cdA: TOMADA DE YOCIUDADANO Ciudad Ju\u00e1rez \u2014 Todas las empresas en el estado que realizan actividades consideradas no esenciales deben cerrar debido al exhorto emitido por el Gobierno Federal, dijo hoy la secretaria estatal del Trabajo y Previsi\u00f3n Social, Ana Luisa Herrera Laso. En Ciudad Ju\u00e1rez han\u2026","rel":"","context":"En &quot;Chihuahua&quot;","block_context":{"text":"Chihuahua","link":"http:\/\/www.grieta.org.mx\/index.php\/category\/noticias-nacionales\/chihuahua\/"},"img":{"alt_text":"","src":"https:\/\/i0.wp.com\/www.grieta.org.mx\/wp-content\/uploads\/2020\/04\/Foto-Inspecciones-a-centros-laborales.jpg?resize=350%2C200","width":350,"height":200,"srcset":"https:\/\/i0.wp.com\/www.grieta.org.mx\/wp-content\/uploads\/2020\/04\/Foto-Inspecciones-a-centros-laborales.jpg?resize=350%2C200 1x, https:\/\/i0.wp.com\/www.grieta.org.mx\/wp-content\/uploads\/2020\/04\/Foto-Inspecciones-a-centros-laborales.jpg?resize=525%2C300 1.5x, https:\/\/i0.wp.com\/www.grieta.org.mx\/wp-content\/uploads\/2020\/04\/Foto-Inspecciones-a-centros-laborales.jpg?resize=700%2C400 2x"},"classes":[]},{"id":4006,"url":"http:\/\/www.grieta.org.mx\/index.php\/2015\/12\/09\/denunciaran-a-activistas-que-motivaron-protesta-en-maquiladoras-de-ciudad-juarez\/","url_meta":{"origin":49400,"position":5},"title":"Denunciar\u00e1n a activistas que motivaron protesta en maquiladoras de Ciudad Ju\u00e1rez","author":"grieta","date":"9 diciembre, 2015","format":false,"excerpt":"Omar Garc\u00eda\/EL MEXICANO Ciudad Ju\u00e1rez,Chihuahua.-En el segundo d\u00eda consecutivo de protestas en la maquiladora Lexmark, la Secretar\u00eda del Trabajo y Previsi\u00f3n Social anunci\u00f3 que prepara una propuesta de soluci\u00f3n y anticip\u00f3 que los directivos de esa empresa est\u00e1n analizando la posibilidad de interponer una demanda penal por la intromisi\u00f3n de\u2026","rel":"","context":"En &quot;chihuahua&quot;","block_context":{"text":"chihuahua","link":"http:\/\/www.grieta.org.mx\/index.php\/category\/chihuahua\/"},"img":{"alt_text":"","src":"https:\/\/i0.wp.com\/www.grieta.org.mx\/wp-content\/uploads\/2018\/03\/14524434_1106112876131411_958039263622046936_o.jpg?resize=350%2C200","width":350,"height":200,"srcset":"https:\/\/i0.wp.com\/www.grieta.org.mx\/wp-content\/uploads\/2018\/03\/14524434_1106112876131411_958039263622046936_o.jpg?resize=350%2C200 1x, https:\/\/i0.wp.com\/www.grieta.org.mx\/wp-content\/uploads\/2018\/03\/14524434_1106112876131411_958039263622046936_o.jpg?resize=525%2C300 1.5x, https:\/\/i0.wp.com\/www.grieta.org.mx\/wp-content\/uploads\/2018\/03\/14524434_1106112876131411_958039263622046936_o.jpg?resize=700%2C400 2x"},"classes":[]}],"_links":{"self":[{"href":"http:\/\/www.grieta.org.mx\/index.php\/wp-json\/wp\/v2\/posts\/49400","targetHints":{"allow":["GET"]}}],"collection":[{"href":"http:\/\/www.grieta.org.mx\/index.php\/wp-json\/wp\/v2\/posts"}],"about":[{"href":"http:\/\/www.grieta.org.mx\/index.php\/wp-json\/wp\/v2\/types\/post"}],"author":[{"embeddable":true,"href":"http:\/\/www.grieta.org.mx\/index.php\/wp-json\/wp\/v2\/users\/2"}],"replies":[{"embeddable":true,"href":"http:\/\/www.grieta.org.mx\/index.php\/wp-json\/wp\/v2\/comments?post=49400"}],"version-history":[{"count":1,"href":"http:\/\/www.grieta.org.mx\/index.php\/wp-json\/wp\/v2\/posts\/49400\/revisions"}],"predecessor-version":[{"id":49402,"href":"http:\/\/www.grieta.org.mx\/index.php\/wp-json\/wp\/v2\/posts\/49400\/revisions\/49402"}],"wp:featuredmedia":[{"embeddable":true,"href":"http:\/\/www.grieta.org.mx\/index.php\/wp-json\/wp\/v2\/media\/49401"}],"wp:attachment":[{"href":"http:\/\/www.grieta.org.mx\/index.php\/wp-json\/wp\/v2\/media?parent=49400"}],"wp:term":[{"taxonomy":"category","embeddable":true,"href":"http:\/\/www.grieta.org.mx\/index.php\/wp-json\/wp\/v2\/categories?post=49400"},{"taxonomy":"post_tag","embeddable":true,"href":"http:\/\/www.grieta.org.mx\/index.php\/wp-json\/wp\/v2\/tags?post=49400"}],"curies":[{"name":"wp","href":"https:\/\/api.w.org\/{rel}","templated":true}]}}