{"id":49356,"date":"2020-05-12T14:03:12","date_gmt":"2020-05-12T19:03:12","guid":{"rendered":"http:\/\/www.grieta.org.mx\/?p=49356"},"modified":"2020-05-16T14:12:28","modified_gmt":"2020-05-16T19:12:28","slug":"cifra-record-38-mil-empleos-se-perdieron-en-jalisco-durante-abril","status":"publish","type":"post","link":"http:\/\/www.grieta.org.mx\/index.php\/2020\/05\/12\/cifra-record-38-mil-empleos-se-perdieron-en-jalisco-durante-abril\/","title":{"rendered":"Cifra r\u00e9cord: 38 mil empleos se perdieron en Jalisco durante abril"},"content":{"rendered":"<p><img loading=\"lazy\" decoding=\"async\" data-attachment-id=\"49357\" data-permalink=\"http:\/\/www.grieta.org.mx\/index.php\/2020\/05\/12\/cifra-record-38-mil-empleos-se-perdieron-en-jalisco-durante-abril\/empleos\/\" data-orig-file=\"http:\/\/www.grieta.org.mx\/wp-content\/uploads\/2020\/05\/Empleos.jpg\" data-orig-size=\"768,479\" data-comments-opened=\"0\" data-image-meta=\"{&quot;aperture&quot;:&quot;0&quot;,&quot;credit&quot;:&quot;&quot;,&quot;camera&quot;:&quot;&quot;,&quot;caption&quot;:&quot;&quot;,&quot;created_timestamp&quot;:&quot;0&quot;,&quot;copyright&quot;:&quot;&quot;,&quot;focal_length&quot;:&quot;0&quot;,&quot;iso&quot;:&quot;0&quot;,&quot;shutter_speed&quot;:&quot;0&quot;,&quot;title&quot;:&quot;&quot;,&quot;orientation&quot;:&quot;0&quot;}\" data-image-title=\"Empleos\" data-image-description=\"\" data-image-caption=\"\" data-medium-file=\"http:\/\/www.grieta.org.mx\/wp-content\/uploads\/2020\/05\/Empleos-300x187.jpg\" data-large-file=\"http:\/\/www.grieta.org.mx\/wp-content\/uploads\/2020\/05\/Empleos.jpg\" class=\"aligncenter wp-image-49357\" src=\"http:\/\/www.grieta.org.mx\/wp-content\/uploads\/2020\/05\/Empleos.jpg\" alt=\"\" width=\"799\" height=\"499\" srcset=\"http:\/\/www.grieta.org.mx\/wp-content\/uploads\/2020\/05\/Empleos.jpg 768w, http:\/\/www.grieta.org.mx\/wp-content\/uploads\/2020\/05\/Empleos-300x187.jpg 300w\" sizes=\"auto, (max-width: 799px) 100vw, 799px\" \/><\/p>\n<p>Foto: Cuartooscuro<\/p>\n<p>V\u00edctor Ch\u00e1vez \/ El Occidental<\/p>\n<p>De 38 mil 145 empleos es la p\u00e9rdida en Jalisco durante el mes de abril y a consecuencia de la contingencia de Covid-19, de acuerdo a las cifras de personal registrado ante el Instituto Mexicano del Seguro Social (IMSS).<\/p>\n<p>Antes, y durante marzo de 2020, se perdieron 6 mil 26 empleos, pero la de abril destaca como una cifra r\u00e9cord, desde que comenzaron a registrarse en el a\u00f1o de 1998<\/p>\n<p>A nivel nacional son 555 mil 247 puestos de trabajo menos, lo que representa una tasa mensual de -2.71%, y una tasa anual de -2.21%.<\/p>\n<p>Por lo que respecta a Jalisco, son 38 mil 145 empleos perdidos, de los que 25 mil 566 son empleos permanentes y unos 12 mil 579 eventuales los que se perdieron durante estos 30 d\u00edas.<\/p>\n<p>Esto coloca a Jalisco en el lugar n\u00famero 29 a nivel nacional en la generaci\u00f3n de nuevos empleos en t\u00e9rminos absolutos en ese mes.<\/p>\n<p>Michoac\u00e1n fue la entidad que present\u00f3 la menor variaci\u00f3n mensual al registrar -0.83%, Quintana Roo registr\u00f3 la mayor ca\u00edda porcentual con -10.60%, Jalisco tuvo una disminuci\u00f3n de -2.08% mensual, ca\u00edda inferior a la tasa mensual nacional de -2.71% y se ubic\u00f3 en el lugar 12 a nivel nacional.<\/p>\n<p>En el acumulado de 2020, Jalisco perdi\u00f3 18 mil 904 empleos lo que representa una variaci\u00f3n acumulada de -1.04% con respecto al cierre de 2019. La cifra m\u00e1s alta se registr\u00f3 en el acumulado de 2017 cuando se contabilizaron 38,226 empleos nuevos.<\/p>\n<p>En el n\u00famero de empleos formales generados en el 2020, Jalisco se posiciona en el lugar 15 a nivel nacional con una p\u00e9rdida de 18 mil 904 empleos. A nivel nacional, la variaci\u00f3n acumulada en el primer cuatrimestre es de 493 mil 746 empleos menos.<\/p>\n<p>Con relaci\u00f3n a la variaci\u00f3n porcentual acumulada de 2020, Jalisco se ubica en la posici\u00f3n 14 con una variaci\u00f3n de -1.04%, por encima de la variaci\u00f3n nacional que fue de -2.42%, Sonora es la entidad federativa con la variaci\u00f3n acumulada m\u00e1s alta al registrar 1.09%. En contraste, Quintana Roo present\u00f3 la mayor ca\u00edda en el empleo formal en lo que va del a\u00f1o con -18.12%.<\/p>\n<p><a href=\"https:\/\/www.eloccidental.com.mx\/local\/cifra-record-38-mil-empleos-se-perdieron-en-jalisco-durante-abril-coronavirus-covid-19-pandemia-oms-fase-3-mexico-5221535.html\">https:\/\/www.eloccidental.com.mx\/local\/cifra-record-38-mil-empleos-se-perdieron-en-jalisco-durante-abril-coronavirus-covid-19-pandemia-oms-fase-3-mexico-5221535.html<\/a><\/p>\n","protected":false},"excerpt":{"rendered":"<p>Foto: Cuartooscuro V\u00edctor Ch\u00e1vez \/ El Occidental De 38 mil 145 empleos es la p\u00e9rdida en Jalisco durante el mes de abril y a consecuencia de la contingencia de Covid-19, &hellip; <a href=\"http:\/\/www.grieta.org.mx\/index.php\/2020\/05\/12\/cifra-record-38-mil-empleos-se-perdieron-en-jalisco-durante-abril\/\" class=\"more-link\">Leer m\u00e1s<\/a><\/p>\n","protected":false},"author":2,"featured_media":49357,"comment_status":"closed","ping_status":"closed","sticky":false,"template":"","format":"standard","meta":{"ngg_post_thumbnail":0,"_jetpack_newsletter_access":"","_jetpack_dont_email_post_to_subs":false,"_jetpack_newsletter_tier_id":0,"_jetpack_memberships_contains_paywalled_content":false,"_jetpack_memberships_contains_paid_content":false,"footnotes":""},"categories":[80,3271,910,3289,20,2,83],"tags":[859,163,2105],"class_list":["post-49356","post","type-post","status-publish","format-standard","has-post-thumbnail","hentry","category-cintillo","category-covid-19-en-jalisco","category-explotacion-y-precariedad-laboral","category-explotacion-y-precariedad-laboral-en-jalisco","category-jalisco","category-noticias-nacionales","category-temas-nacionales","tag-desempleo","tag-despidos","tag-despidos-masivos","entry"],"jetpack_featured_media_url":"http:\/\/www.grieta.org.mx\/wp-content\/uploads\/2020\/05\/Empleos.jpg","jetpack_sharing_enabled":true,"jetpack_shortlink":"https:\/\/wp.me\/p7ZJR4-cQ4","jetpack_likes_enabled":false,"jetpack-related-posts":[{"id":47494,"url":"http:\/\/www.grieta.org.mx\/index.php\/2020\/04\/08\/jalisco-se-ubica-entre-los-6-estados-que-perdieron-mas-empleos-formales-por-covid-19\/","url_meta":{"origin":49356,"position":0},"title":"Jalisco se ubica entre los 6 estados que perdieron m\u00e1s empleos formales por Covid-19","author":"grieta","date":"8 abril, 2020","format":false,"excerpt":"Foto: Cuartoscuro Son 6 empresas del estado las que se ubican en el listado de empresas a nivel nacional con \u201cdestrucci\u00f3n total de empleos\u201d Isabel Bare\u00f1o \/ El Occidental La Secretar\u00eda del Trabajo y Previsi\u00f3n Social del Gobierno de la Rep\u00fablica inform\u00f3 que del 13 de marzo al 6 de\u2026","rel":"","context":"En &quot;CINTILLO&quot;","block_context":{"text":"CINTILLO","link":"http:\/\/www.grieta.org.mx\/index.php\/category\/cintillo\/"},"img":{"alt_text":"","src":"https:\/\/i0.wp.com\/www.grieta.org.mx\/wp-content\/uploads\/2020\/04\/Empleo.jpg?resize=350%2C200","width":350,"height":200,"srcset":"https:\/\/i0.wp.com\/www.grieta.org.mx\/wp-content\/uploads\/2020\/04\/Empleo.jpg?resize=350%2C200 1x, https:\/\/i0.wp.com\/www.grieta.org.mx\/wp-content\/uploads\/2020\/04\/Empleo.jpg?resize=525%2C300 1.5x, https:\/\/i0.wp.com\/www.grieta.org.mx\/wp-content\/uploads\/2020\/04\/Empleo.jpg?resize=700%2C400 2x"},"classes":[]},{"id":48581,"url":"http:\/\/www.grieta.org.mx\/index.php\/2020\/04\/23\/perdidos-20-mil-empleos-formales-nayarit\/","url_meta":{"origin":49356,"position":1},"title":"Perdidos 20 mil empleos formales (Nayarit)","author":"grieta","date":"23 abril, 2020","format":false,"excerpt":"Imagen: Realidades de Nayarit La p\u00e9rdida de fuentes de trabajo va en picada en los \u00faltimos d\u00edas Ver\u00f3nica Ram\u00edrez \/ Realidades de Nayarit Tepic, Nayarit.- Jueves 23 de abril del 2020.- Desde el inicio de la contingencia sanitaria por el Covid-19, se han perdido \u2013hasta el momento-, alrededor de 20\u2026","rel":"","context":"En &quot;CINTILLO&quot;","block_context":{"text":"CINTILLO","link":"http:\/\/www.grieta.org.mx\/index.php\/category\/cintillo\/"},"img":{"alt_text":"","src":"https:\/\/i0.wp.com\/www.grieta.org.mx\/wp-content\/uploads\/2020\/05\/des-1-768x461.jpg?resize=350%2C200","width":350,"height":200,"srcset":"https:\/\/i0.wp.com\/www.grieta.org.mx\/wp-content\/uploads\/2020\/05\/des-1-768x461.jpg?resize=350%2C200 1x, https:\/\/i0.wp.com\/www.grieta.org.mx\/wp-content\/uploads\/2020\/05\/des-1-768x461.jpg?resize=525%2C300 1.5x, https:\/\/i0.wp.com\/www.grieta.org.mx\/wp-content\/uploads\/2020\/05\/des-1-768x461.jpg?resize=700%2C400 2x"},"classes":[]},{"id":49715,"url":"http:\/\/www.grieta.org.mx\/index.php\/2020\/05\/19\/en-matamoros-se-perdieron-mas-de-2-mil-empleos-de-enero-a-abril-tamaulipas\/","url_meta":{"origin":49356,"position":2},"title":"En Matamoros se perdieron m\u00e1s de 2 mil empleos de enero a abril (Tamaulipas)","author":"grieta","date":"19 mayo, 2020","format":false,"excerpt":"\u00c1ngel Arias\/Hoy T.am 19 mayo 2020 La industria de la transformaci\u00f3n (maquiladoras) perdi\u00f3 mil 496 empleos, por su parte, el rubro de la construcci\u00f3n dej\u00f3 ir a mil 200 trabajadores y las empresas prestadoras de servicios corrieron a casi 200 empresas. Matamoros, Tamaulipas. - De acuerdo a las estad\u00edsticas que\u2026","rel":"","context":"En &quot;CINTILLO&quot;","block_context":{"text":"CINTILLO","link":"http:\/\/www.grieta.org.mx\/index.php\/category\/cintillo\/"},"img":{"alt_text":"","src":"https:\/\/i0.wp.com\/www.grieta.org.mx\/wp-content\/uploads\/2020\/05\/En-Matamoros-se-perdieron-mas-de-2-mil-empleos-de-enero-a-abril.jpg?resize=350%2C200","width":350,"height":200,"srcset":"https:\/\/i0.wp.com\/www.grieta.org.mx\/wp-content\/uploads\/2020\/05\/En-Matamoros-se-perdieron-mas-de-2-mil-empleos-de-enero-a-abril.jpg?resize=350%2C200 1x, https:\/\/i0.wp.com\/www.grieta.org.mx\/wp-content\/uploads\/2020\/05\/En-Matamoros-se-perdieron-mas-de-2-mil-empleos-de-enero-a-abril.jpg?resize=525%2C300 1.5x, https:\/\/i0.wp.com\/www.grieta.org.mx\/wp-content\/uploads\/2020\/05\/En-Matamoros-se-perdieron-mas-de-2-mil-empleos-de-enero-a-abril.jpg?resize=700%2C400 2x"},"classes":[]},{"id":51002,"url":"http:\/\/www.grieta.org.mx\/index.php\/2020\/06\/18\/q-roo-tiene-la-mayor-perdida-de-empleos-durante-tres-meses\/","url_meta":{"origin":49356,"position":3},"title":"Q.Roo tiene la mayor p\u00e9rdida de empleos durante tres meses","author":"grieta","date":"18 junio, 2020","format":false,"excerpt":"Rub\u00e9n Migueles \/ El Universal Los trabajadores de Quintana Roo han sido los m\u00e1s afectados por el recorte de personal derivado de la pandemia de coronavirus, principalmente en actividades del sector servicios relacionadas con el turismo como hoteles y restaurantes. En la entidad caribe\u00f1a, uno de cuatro empleos registrados ante\u2026","rel":"","context":"En &quot;CINTILLO&quot;","block_context":{"text":"CINTILLO","link":"http:\/\/www.grieta.org.mx\/index.php\/category\/cintillo\/"},"img":{"alt_text":"","src":"https:\/\/i0.wp.com\/www.grieta.org.mx\/wp-content\/uploads\/2020\/06\/DespidosQRoo.png?resize=350%2C200","width":350,"height":200,"srcset":"https:\/\/i0.wp.com\/www.grieta.org.mx\/wp-content\/uploads\/2020\/06\/DespidosQRoo.png?resize=350%2C200 1x, https:\/\/i0.wp.com\/www.grieta.org.mx\/wp-content\/uploads\/2020\/06\/DespidosQRoo.png?resize=525%2C300 1.5x"},"classes":[]},{"id":34040,"url":"http:\/\/www.grieta.org.mx\/index.php\/2019\/05\/29\/pierde-matamoros-otros-1815-empleos-tamaulipas\/","url_meta":{"origin":49356,"position":4},"title":"Pierde Matamoros otros 1,815 empleos (Tamaulipas)","author":"grieta","date":"29 mayo, 2019","format":false,"excerpt":"Miguel Jim\u00e9nez \/ El Ma\u00f1ana Matamoros, Tam.- De acuerdo a estad\u00edsticas del Instituto Mexicano del Seguro Social se registra que al cierre de abril se han perdido mil 815 empleos formales en Matamoros, de los cuales mil 561 pertenec\u00edan a la industria maquiladora. Al concluir diciembre del a\u00f1o pasado se\u2026","rel":"","context":"En &quot;CINTILLO&quot;","block_context":{"text":"CINTILLO","link":"http:\/\/www.grieta.org.mx\/index.php\/category\/cintillo\/"},"img":{"alt_text":"","src":"https:\/\/i0.wp.com\/www.grieta.org.mx\/wp-content\/uploads\/2019\/06\/Pierde-Matamoros-otros-1815-empleos-tama-jun.jpg?resize=350%2C200","width":350,"height":200,"srcset":"https:\/\/i0.wp.com\/www.grieta.org.mx\/wp-content\/uploads\/2019\/06\/Pierde-Matamoros-otros-1815-empleos-tama-jun.jpg?resize=350%2C200 1x, https:\/\/i0.wp.com\/www.grieta.org.mx\/wp-content\/uploads\/2019\/06\/Pierde-Matamoros-otros-1815-empleos-tama-jun.jpg?resize=525%2C300 1.5x"},"classes":[]},{"id":47890,"url":"http:\/\/www.grieta.org.mx\/index.php\/2020\/04\/13\/8-mil-empleos-perdidos-en-nayarit-por-covid\/","url_meta":{"origin":49356,"position":5},"title":"8 mil empleos perdidos en Nayarit por Covid","author":"grieta","date":"13 abril, 2020","format":false,"excerpt":"Imagen: Realidades de Nayarit Mildra Ben\u00edtez Robledo \/ Realidades de Nayarit Tepic, Nayarit.- Lunes 13 de abril del 2020.- El Covid-19 , ya est\u00e1 provocando serios da\u00f1os econ\u00f3micos a Nayarit, pues a\u00fan cuando la Entidad tiene muy pocos empleos formales, estos comienza a perderse ante la contingencia. El titular del\u2026","rel":"","context":"En &quot;CINTILLO&quot;","block_context":{"text":"CINTILLO","link":"http:\/\/www.grieta.org.mx\/index.php\/category\/cintillo\/"},"img":{"alt_text":"","src":"https:\/\/i0.wp.com\/www.grieta.org.mx\/wp-content\/uploads\/2020\/04\/des-768x405.jpg?resize=350%2C200","width":350,"height":200,"srcset":"https:\/\/i0.wp.com\/www.grieta.org.mx\/wp-content\/uploads\/2020\/04\/des-768x405.jpg?resize=350%2C200 1x, https:\/\/i0.wp.com\/www.grieta.org.mx\/wp-content\/uploads\/2020\/04\/des-768x405.jpg?resize=525%2C300 1.5x, https:\/\/i0.wp.com\/www.grieta.org.mx\/wp-content\/uploads\/2020\/04\/des-768x405.jpg?resize=700%2C400 2x"},"classes":[]}],"_links":{"self":[{"href":"http:\/\/www.grieta.org.mx\/index.php\/wp-json\/wp\/v2\/posts\/49356","targetHints":{"allow":["GET"]}}],"collection":[{"href":"http:\/\/www.grieta.org.mx\/index.php\/wp-json\/wp\/v2\/posts"}],"about":[{"href":"http:\/\/www.grieta.org.mx\/index.php\/wp-json\/wp\/v2\/types\/post"}],"author":[{"embeddable":true,"href":"http:\/\/www.grieta.org.mx\/index.php\/wp-json\/wp\/v2\/users\/2"}],"replies":[{"embeddable":true,"href":"http:\/\/www.grieta.org.mx\/index.php\/wp-json\/wp\/v2\/comments?post=49356"}],"version-history":[{"count":1,"href":"http:\/\/www.grieta.org.mx\/index.php\/wp-json\/wp\/v2\/posts\/49356\/revisions"}],"predecessor-version":[{"id":49359,"href":"http:\/\/www.grieta.org.mx\/index.php\/wp-json\/wp\/v2\/posts\/49356\/revisions\/49359"}],"wp:featuredmedia":[{"embeddable":true,"href":"http:\/\/www.grieta.org.mx\/index.php\/wp-json\/wp\/v2\/media\/49357"}],"wp:attachment":[{"href":"http:\/\/www.grieta.org.mx\/index.php\/wp-json\/wp\/v2\/media?parent=49356"}],"wp:term":[{"taxonomy":"category","embeddable":true,"href":"http:\/\/www.grieta.org.mx\/index.php\/wp-json\/wp\/v2\/categories?post=49356"},{"taxonomy":"post_tag","embeddable":true,"href":"http:\/\/www.grieta.org.mx\/index.php\/wp-json\/wp\/v2\/tags?post=49356"}],"curies":[{"name":"wp","href":"https:\/\/api.w.org\/{rel}","templated":true}]}}