{"id":4933,"date":"2016-03-04T00:33:39","date_gmt":"2016-03-04T00:33:39","guid":{"rendered":"http:\/\/50.22.11.12\/~grietaor\/?p=4933"},"modified":"2016-03-26T00:42:09","modified_gmt":"2016-03-26T00:42:09","slug":"estalla-la-huelga-en-la-uaq","status":"publish","type":"post","link":"http:\/\/www.grieta.org.mx\/index.php\/2016\/03\/04\/estalla-la-huelga-en-la-uaq\/","title":{"rendered":"Estalla la huelga en la UAQ"},"content":{"rendered":"<p>Ulises Villar\/Quadrat\u00edn<\/p>\n<p>QUER\u00c9TARO, Qro., 4 de marzo de 2016.- En punto de las 12:00 horas, integrantes del Sindicato de Trabajadores y Empleados de la Universidad Aut\u00f3noma de Quer\u00e9taro (STEUAQ) comenzaron a colocar las banderas de huelga en las instalaciones de la m\u00e1xima casa de estudios, luego de que se cumpliera el plazo del estallamiento. Cabe recordar que este jueves el sindicato aprob\u00f3 el estallamiento a huelga con 537 votos a favor, 157 en contra y 30 abstenciones, y a medio d\u00eda notific\u00f3 ante la Junta Local de Conciliaci\u00f3n y Arbitraje el estallamiento a huelga. Desde temprana hora, la Universidad Aut\u00f3noma de Quer\u00e9taro (UAQ) comunic\u00f3 a la comunidad ac\u00e1demica, administrativa y estudiantil del cierre de las instalaciones tanto en Ciudad Universitaria como en todos los planteles y campus.<\/p>\n<p><a href=\"http:\/\/queretaro.quadratin.com.mx\/Estalla-huelga-la-UAQ\/\" target=\"_blank\">queretaro.quadratin.com.mx\/Estalla-huelga-la-UAQ\/<\/a><\/p>\n","protected":false},"excerpt":{"rendered":"<p>Ulises Villar\/Quadrat\u00edn QUER\u00c9TARO, Qro., 4 de marzo de 2016.- En punto de las 12:00 horas, integrantes del Sindicato de Trabajadores y Empleados de la Universidad Aut\u00f3noma de Quer\u00e9taro (STEUAQ) comenzaron &hellip; <a href=\"http:\/\/www.grieta.org.mx\/index.php\/2016\/03\/04\/estalla-la-huelga-en-la-uaq\/\" class=\"more-link\">Leer m\u00e1s<\/a><\/p>\n","protected":false},"author":2,"featured_media":21928,"comment_status":"closed","ping_status":"open","sticky":false,"template":"","format":"standard","meta":{"ngg_post_thumbnail":0,"_jetpack_newsletter_access":"","_jetpack_dont_email_post_to_subs":false,"_jetpack_newsletter_tier_id":0,"_jetpack_memberships_contains_paywalled_content":false,"_jetpack_memberships_contains_paid_content":false,"footnotes":""},"categories":[80,359],"tags":[113,378],"class_list":["post-4933","post","type-post","status-publish","format-standard","has-post-thumbnail","hentry","category-cintillo","category-queretaro","tag-conflictos-laborales","tag-sindicatos","entry"],"jetpack_featured_media_url":"http:\/\/www.grieta.org.mx\/wp-content\/uploads\/2018\/03\/14524434_1106112876131411_958039263622046936_o.jpg","jetpack_sharing_enabled":true,"jetpack_shortlink":"https:\/\/wp.me\/p7ZJR4-1hz","jetpack_likes_enabled":false,"jetpack-related-posts":[{"id":10244,"url":"http:\/\/www.grieta.org.mx\/index.php\/2016\/03\/15\/insistira-uaq-en-declarar-inexistente-la-huelga-preparan-amparo\/","url_meta":{"origin":4933,"position":0},"title":"Insistir\u00e1 UAQ en declarar inexistente la huelga; preparan amparo","author":"grieta","date":"15 marzo, 2016","format":false,"excerpt":"Redacci\u00f3n\/Quadrat\u00edn El abogado general de la Universidad, Oscar Guerra Becerra, coment\u00f3 que las autoridades universitarias preparan una nueva propuesta para que los trabajadores tomen una decisi\u00f3n. QUER\u00c9TARO, Qro., 15 de marzo de 2016.- Luego de que la Junta Local de Conciliaci\u00f3n y Arbitraje declarara leg\u00edtima la huelga del Sindicato de\u2026","rel":"","context":"En &quot;CINTILLO&quot;","block_context":{"text":"CINTILLO","link":"http:\/\/www.grieta.org.mx\/index.php\/category\/cintillo\/"},"img":{"alt_text":"","src":"https:\/\/i0.wp.com\/www.grieta.org.mx\/wp-content\/uploads\/2018\/03\/14524434_1106112876131411_958039263622046936_o.jpg?resize=350%2C200","width":350,"height":200,"srcset":"https:\/\/i0.wp.com\/www.grieta.org.mx\/wp-content\/uploads\/2018\/03\/14524434_1106112876131411_958039263622046936_o.jpg?resize=350%2C200 1x, https:\/\/i0.wp.com\/www.grieta.org.mx\/wp-content\/uploads\/2018\/03\/14524434_1106112876131411_958039263622046936_o.jpg?resize=525%2C300 1.5x, https:\/\/i0.wp.com\/www.grieta.org.mx\/wp-content\/uploads\/2018\/03\/14524434_1106112876131411_958039263622046936_o.jpg?resize=700%2C400 2x"},"classes":[]},{"id":10247,"url":"http:\/\/www.grieta.org.mx\/index.php\/2016\/03\/03\/sindicato-de-uaq-vota-por-irse-a-huelga\/","url_meta":{"origin":4933,"position":1},"title":"Sindicato de UAQ vota por irse a huelga","author":"grieta","date":"3 marzo, 2016","format":false,"excerpt":"Ulises Villar\/Quadratin QUER\u00c9TARO, Qro., 3 de marzo 2016.- Con 537 votos a favor, 157 en contra y 30 abstenciones, fue aprobado en asamblea el estallamiento a huelga por parte de los trabajadores administrativos agremiados al STEUAQ. El estallamiento est\u00e1 previsto para este viernes al medio d\u00eda, pero se dej\u00f3 abierta\u2026","rel":"","context":"En &quot;CINTILLO&quot;","block_context":{"text":"CINTILLO","link":"http:\/\/www.grieta.org.mx\/index.php\/category\/cintillo\/"},"img":{"alt_text":"","src":"https:\/\/i0.wp.com\/www.grieta.org.mx\/wp-content\/uploads\/2018\/03\/14524434_1106112876131411_958039263622046936_o.jpg?resize=350%2C200","width":350,"height":200,"srcset":"https:\/\/i0.wp.com\/www.grieta.org.mx\/wp-content\/uploads\/2018\/03\/14524434_1106112876131411_958039263622046936_o.jpg?resize=350%2C200 1x, https:\/\/i0.wp.com\/www.grieta.org.mx\/wp-content\/uploads\/2018\/03\/14524434_1106112876131411_958039263622046936_o.jpg?resize=525%2C300 1.5x, https:\/\/i0.wp.com\/www.grieta.org.mx\/wp-content\/uploads\/2018\/03\/14524434_1106112876131411_958039263622046936_o.jpg?resize=700%2C400 2x"},"classes":[]},{"id":4929,"url":"http:\/\/www.grieta.org.mx\/index.php\/2016\/03\/23\/conflictos-en-la-universidad-autonoma-de-queretaro\/","url_meta":{"origin":4933,"position":2},"title":"Conflictos en la Universidad Aut\u00f3noma de Quer\u00e9taro","author":"grieta","date":"23 marzo, 2016","format":false,"excerpt":"23\/03\/16. Levantan huelga en UAQ; no se presentaron autoridades universitarias Quadrat\u00edn 22\/03\/16. Junta de Conciliaci\u00f3n y Arbitraje resuelve levantamiento de la huelga en la UAQ AM Quer\u00e9taro 18\/03\/16. Exige STEUAQ modificaciones a propuesta de la UAQ AM Quer\u00e9taro 15\/03\/16. Insistir\u00e1 UAQ en declarar inexistente la huelga; preparan amparo Quadrat\u00edn 15\/03\/16.\u2026","rel":"","context":"En &quot;NOTICIAS NACIONALES&quot;","block_context":{"text":"NOTICIAS NACIONALES","link":"http:\/\/www.grieta.org.mx\/index.php\/category\/noticias-nacionales\/"},"img":{"alt_text":"","src":"https:\/\/i0.wp.com\/www.grieta.org.mx\/wp-content\/uploads\/2018\/03\/14524434_1106112876131411_958039263622046936_o.jpg?resize=350%2C200","width":350,"height":200,"srcset":"https:\/\/i0.wp.com\/www.grieta.org.mx\/wp-content\/uploads\/2018\/03\/14524434_1106112876131411_958039263622046936_o.jpg?resize=350%2C200 1x, https:\/\/i0.wp.com\/www.grieta.org.mx\/wp-content\/uploads\/2018\/03\/14524434_1106112876131411_958039263622046936_o.jpg?resize=525%2C300 1.5x, https:\/\/i0.wp.com\/www.grieta.org.mx\/wp-content\/uploads\/2018\/03\/14524434_1106112876131411_958039263622046936_o.jpg?resize=700%2C400 2x"},"classes":[]},{"id":10250,"url":"http:\/\/www.grieta.org.mx\/index.php\/2016\/03\/23\/levantan-huelga-en-uaq-no-se-presentaron-autoridades-universitarias\/","url_meta":{"origin":4933,"position":3},"title":"Levantan huelga en UAQ; no se presentaron autoridades universitarias","author":"grieta","date":"23 marzo, 2016","format":false,"excerpt":"Mariana Villalobos\/Quadratin QUER\u00c9TARO, Qro., 23 de marzo 2016.- Ninguna de las autoridades de la Universidad Aut\u00f3noma de Quer\u00e9taro se present\u00f3 al acto de retiro de banderas rojinegras, sin embargo, el actuario y la l\u00edder sindical Laura Leyva Saavedra se acercaron a personal de la casa de estudios que se encontraban\u2026","rel":"","context":"En &quot;CINTILLO&quot;","block_context":{"text":"CINTILLO","link":"http:\/\/www.grieta.org.mx\/index.php\/category\/cintillo\/"},"img":{"alt_text":"","src":"https:\/\/i0.wp.com\/www.grieta.org.mx\/wp-content\/uploads\/2018\/03\/14524434_1106112876131411_958039263622046936_o.jpg?resize=350%2C200","width":350,"height":200,"srcset":"https:\/\/i0.wp.com\/www.grieta.org.mx\/wp-content\/uploads\/2018\/03\/14524434_1106112876131411_958039263622046936_o.jpg?resize=350%2C200 1x, https:\/\/i0.wp.com\/www.grieta.org.mx\/wp-content\/uploads\/2018\/03\/14524434_1106112876131411_958039263622046936_o.jpg?resize=525%2C300 1.5x, https:\/\/i0.wp.com\/www.grieta.org.mx\/wp-content\/uploads\/2018\/03\/14524434_1106112876131411_958039263622046936_o.jpg?resize=700%2C400 2x"},"classes":[]},{"id":10240,"url":"http:\/\/www.grieta.org.mx\/index.php\/2016\/03\/22\/junta-de-conciliacion-y-arbitraje-resuelve-levantamiento-de-la-huelga-en-la-uaq\/","url_meta":{"origin":4933,"position":4},"title":"Junta de Conciliaci\u00f3n y Arbitraje resuelve levantamiento de la huelga en la UAQ","author":"grieta","date":"22 marzo, 2016","format":false,"excerpt":"Diego Armando Rivera\/AM Quer\u00e9taro A trav\u00e9s de un comunicado, el gobierno estatal inform\u00f3 que \u201ceste 22 de marzo, la Junta de Conciliaci\u00f3n y Arbitraje (JCA) de la Secretar\u00eda del Trabajo resolvi\u00f3, a petici\u00f3n de parte del Sindicato de Trabajadores y Empleados de la Universidad Aut\u00f3noma de Quer\u00e9taro (STEUAQ), levantar la\u2026","rel":"","context":"En &quot;CINTILLO&quot;","block_context":{"text":"CINTILLO","link":"http:\/\/www.grieta.org.mx\/index.php\/category\/cintillo\/"},"img":{"alt_text":"","src":"https:\/\/i0.wp.com\/www.grieta.org.mx\/wp-content\/uploads\/2018\/03\/14524434_1106112876131411_958039263622046936_o.jpg?resize=350%2C200","width":350,"height":200,"srcset":"https:\/\/i0.wp.com\/www.grieta.org.mx\/wp-content\/uploads\/2018\/03\/14524434_1106112876131411_958039263622046936_o.jpg?resize=350%2C200 1x, https:\/\/i0.wp.com\/www.grieta.org.mx\/wp-content\/uploads\/2018\/03\/14524434_1106112876131411_958039263622046936_o.jpg?resize=525%2C300 1.5x, https:\/\/i0.wp.com\/www.grieta.org.mx\/wp-content\/uploads\/2018\/03\/14524434_1106112876131411_958039263622046936_o.jpg?resize=700%2C400 2x"},"classes":[]},{"id":4931,"url":"http:\/\/www.grieta.org.mx\/index.php\/2016\/03\/14\/conciliacion-y-arbitraje-declara-validez-de-huelga-en-la-uaq\/","url_meta":{"origin":4933,"position":5},"title":"Conciliaci\u00f3n y arbitraje declara validez de huelga en la UAQ","author":"grieta","date":"14 marzo, 2016","format":false,"excerpt":"Esmeralda Trueba\/AM Quer\u00e9taro Conciliaci\u00f3n y arbitraje declara validez de huelga en la UAQ Varios sindicatos a nivel nacional han expresado su apoyo al STEUAQ\/ La Junta Local de Conciliaci\u00f3n y Arbitraje declar\u00f3 legalmente existente la huelga que estall\u00f3 el STEUAQ el pasado 4 de marzo en la UAQ La Junta\u2026","rel":"","context":"En &quot;CINTILLO&quot;","block_context":{"text":"CINTILLO","link":"http:\/\/www.grieta.org.mx\/index.php\/category\/cintillo\/"},"img":{"alt_text":"","src":"https:\/\/i0.wp.com\/www.grieta.org.mx\/wp-content\/uploads\/2018\/03\/14524434_1106112876131411_958039263622046936_o.jpg?resize=350%2C200","width":350,"height":200,"srcset":"https:\/\/i0.wp.com\/www.grieta.org.mx\/wp-content\/uploads\/2018\/03\/14524434_1106112876131411_958039263622046936_o.jpg?resize=350%2C200 1x, https:\/\/i0.wp.com\/www.grieta.org.mx\/wp-content\/uploads\/2018\/03\/14524434_1106112876131411_958039263622046936_o.jpg?resize=525%2C300 1.5x, https:\/\/i0.wp.com\/www.grieta.org.mx\/wp-content\/uploads\/2018\/03\/14524434_1106112876131411_958039263622046936_o.jpg?resize=700%2C400 2x"},"classes":[]}],"_links":{"self":[{"href":"http:\/\/www.grieta.org.mx\/index.php\/wp-json\/wp\/v2\/posts\/4933","targetHints":{"allow":["GET"]}}],"collection":[{"href":"http:\/\/www.grieta.org.mx\/index.php\/wp-json\/wp\/v2\/posts"}],"about":[{"href":"http:\/\/www.grieta.org.mx\/index.php\/wp-json\/wp\/v2\/types\/post"}],"author":[{"embeddable":true,"href":"http:\/\/www.grieta.org.mx\/index.php\/wp-json\/wp\/v2\/users\/2"}],"replies":[{"embeddable":true,"href":"http:\/\/www.grieta.org.mx\/index.php\/wp-json\/wp\/v2\/comments?post=4933"}],"version-history":[{"count":1,"href":"http:\/\/www.grieta.org.mx\/index.php\/wp-json\/wp\/v2\/posts\/4933\/revisions"}],"predecessor-version":[{"id":4939,"href":"http:\/\/www.grieta.org.mx\/index.php\/wp-json\/wp\/v2\/posts\/4933\/revisions\/4939"}],"wp:featuredmedia":[{"embeddable":true,"href":"http:\/\/www.grieta.org.mx\/index.php\/wp-json\/wp\/v2\/media\/21928"}],"wp:attachment":[{"href":"http:\/\/www.grieta.org.mx\/index.php\/wp-json\/wp\/v2\/media?parent=4933"}],"wp:term":[{"taxonomy":"category","embeddable":true,"href":"http:\/\/www.grieta.org.mx\/index.php\/wp-json\/wp\/v2\/categories?post=4933"},{"taxonomy":"post_tag","embeddable":true,"href":"http:\/\/www.grieta.org.mx\/index.php\/wp-json\/wp\/v2\/tags?post=4933"}],"curies":[{"name":"wp","href":"https:\/\/api.w.org\/{rel}","templated":true}]}}