{"id":49311,"date":"2020-05-12T23:49:11","date_gmt":"2020-05-13T04:49:11","guid":{"rendered":"http:\/\/www.grieta.org.mx\/?p=49311"},"modified":"2020-05-15T23:53:11","modified_gmt":"2020-05-16T04:53:11","slug":"fallece-por-covid-19-tercer-interno-de-la-carcel-de-mexicali-hay-mas-de-280-sospechosos-baja-california","status":"publish","type":"post","link":"http:\/\/www.grieta.org.mx\/index.php\/2020\/05\/12\/fallece-por-covid-19-tercer-interno-de-la-carcel-de-mexicali-hay-mas-de-280-sospechosos-baja-california\/","title":{"rendered":"Fallece por Covid-19 tercer interno de la c\u00e1rcel de Mexicali; Hay m\u00e1s de 280 sospechosos (Baja California)"},"content":{"rendered":"<p>Lindero Norte \/ Jorge Heras y Antonio Heras.<\/p>\n<p><img loading=\"lazy\" decoding=\"async\" src=\"https:\/\/i1.wp.com\/linderonorte.com\/wp-content\/uploads\/2020\/05\/IMG_20200512_230235.jpg?w=1564&#038;ssl=1\" width=\"1564\" height=\"1564\" class=\"alignnone size-full\" \/><\/p>\n<p>*Familiares denuncian trato inhumano y violaci\u00f3n al derecho a la salud pues estuvo 11 d\u00edas sin atenci\u00f3n m\u00e9dica<\/p>\n<div class=\"jetpack-video-wrapper\"><iframe loading=\"lazy\" title=\"Fallece por Covid 19 tercer interno de la c\u00e1rcel de Mexicali; Hay m\u00e1s de 280 sospechosos\" width=\"1170\" height=\"658\" src=\"https:\/\/www.youtube.com\/embed\/n9oMiYf46To?feature=oembed\" frameborder=\"0\" allow=\"accelerometer; autoplay; clipboard-write; encrypted-media; gyroscope; picture-in-picture\" allowfullscreen><\/iframe><\/div>\n<p>Mexicali.- Un interno del Centro de Reinserci\u00f3n Social de Mexicali muri\u00f3 a causa de coronavirus, de acuerdo al alta por defunci\u00f3n.<\/p>\n<p>Seg\u00fan el expediente 268564, de la Secretaria de Salud P\u00fablica de Baja Californiq, Sergio Campos, ingres\u00f3 al Hospital General de Mexicali el viernes 9 de mayo y falleci\u00f3 a las 16:30 horas del 11 de mayo por Sars Cov 2.<\/p>\n<p>Los familiares de la v\u00edctima denunciaron la desatenci\u00f3n de las autoridades estatales en perjuicio del de la salud de Sergio, de 43 a\u00f1os de edad. Adem\u00e1s que nunca fueron notificados de su traslado al Hospital ni de la atenci\u00f3n que estaba recibiendo hasta que les notificaron su muerte durante la tarde del lunes.<\/p>\n<p>En una celda con 30 internos, Sergio tuvo un cuadro de fiebre durante 11 d\u00edas pero nunca recibi\u00f3 atenci\u00f3n m\u00e9dica y solo le dijeron que tomara paracetamol, se\u00f1alaron sus hijas, Nayeli Judith y Cecilia en entrevista a Lindero Norte.<\/p>\n<p>El 11 de mayo fuimos a la c\u00e1rcel y nos informaron que nuestro pap\u00e1 estaba bien, pero ya hab\u00eda fallecido en el Hospital General, expresaron al exterior de las oficinas del Servicio M\u00e9xico Forense (SEMEFO) mientras esperaban la entrega del cad\u00e1ver de su padre.<\/p>\n<p>Es un trato inhumano que se les da en la c\u00e1rcel, quieren tapar el sol con un dedo y no se atreven a decir la verdad de que hay m\u00e1s contagios, acusaron al tiempo de advertir que los internos se quejan de la enfermedad pero \u00abno hacen nada las autoridades\u2019. <\/p>\n<p>Es la cuarta v\u00edctima de internos en c\u00e1rceles del Centro Estatal del Sistema Penitenciario que dirige el exdelegado del IMSS, Salvador Morales Riubi, quien fue dirigente estatal del PAN, asesor de alcaldes de Tijuana y diputado local de la fracci\u00f3n parlamentaria de ese partido que gobern\u00f3 Baja California de 1989 a 2019.<\/p>\n<p>Los internos muertos por Covid es una mujer del Centro de Reinserci\u00f3n de Tijuana que falleci\u00f3 sin atenci\u00f3n m\u00e9dica otros dos presos de Mexicali. En dos casos la Comisi\u00f3n Estatal de Derechos Humanos inicio investigaci\u00f3n por violaci\u00f3n de derechos fundamentales.<\/p>\n<p>La Comisi\u00f3n Estatal de Derechos Himanos abri\u00f3 11 expedientes sobre este tipo de casos en las c\u00e1rceles de Bajs California.<\/p>\n<p>Hace una semana, el Secretario de Salud, Alonso P\u00e9rez Rico asegur\u00f3 que hab\u00eda 39 personas consideradas sospechosos de Covid19 en el Cereso de Mezicali porque son los que se encontraban en la celda de Luis Enrique y Miguel Alberto (ambos fallecieron con el cuadro cl\u00ednico se Covid19, pero no les hicieron la prueba); sin embargo, el funcionario estatal se\u00f1al\u00f3 que 280 internos de la c\u00e1rcel tuvieron contacto con ellos en la diferentes \u00e1reas del Cereso. <\/p>\n<p><a href=\"https:\/\/linderonorte.com\/2020\/05\/12\/fallece-por-covid-19-tercer-interno-de-la-carcel-de-mexicali-hay-mas-de-280-sospechosos\/\" rel=\"noopener noreferrer\" target=\"_blank\">https:\/\/linderonorte.com\/2020\/05\/12\/fallece-por-covid-19-tercer-interno-de-la-carcel-de-mexicali-hay-mas-de-280-sospechosos\/<\/a><\/p>\n","protected":false},"excerpt":{"rendered":"<p>Lindero Norte \/ Jorge Heras y Antonio Heras. *Familiares denuncian trato inhumano y violaci\u00f3n al derecho a la salud pues estuvo 11 d\u00edas sin atenci\u00f3n m\u00e9dica Mexicali.- Un interno del &hellip; <a href=\"http:\/\/www.grieta.org.mx\/index.php\/2020\/05\/12\/fallece-por-covid-19-tercer-interno-de-la-carcel-de-mexicali-hay-mas-de-280-sospechosos-baja-california\/\" class=\"more-link\">Leer m\u00e1s<\/a><\/p>\n","protected":false},"author":2,"featured_media":21928,"comment_status":"closed","ping_status":"closed","sticky":false,"template":"","format":"standard","meta":{"ngg_post_thumbnail":0,"_jetpack_newsletter_access":"","_jetpack_dont_email_post_to_subs":false,"_jetpack_newsletter_tier_id":0,"_jetpack_memberships_contains_paywalled_content":false,"_jetpack_memberships_contains_paid_content":false,"footnotes":""},"categories":[5,80,3263,2],"tags":[],"class_list":["post-49311","post","type-post","status-publish","format-standard","has-post-thumbnail","hentry","category-baja-california","category-cintillo","category-crisis-covid-19-en-baja-california","category-noticias-nacionales","entry"],"jetpack_featured_media_url":"http:\/\/www.grieta.org.mx\/wp-content\/uploads\/2018\/03\/14524434_1106112876131411_958039263622046936_o.jpg","jetpack_sharing_enabled":true,"jetpack_shortlink":"https:\/\/wp.me\/p7ZJR4-cPl","jetpack_likes_enabled":false,"jetpack-related-posts":[{"id":48463,"url":"http:\/\/www.grieta.org.mx\/index.php\/2020\/05\/01\/crisis-de-salud-en-penitenciarias-de-baja-california-mueren-2-internos-y-2-custodios-en-mexicali-por-covid-19\/","url_meta":{"origin":49311,"position":0},"title":"Crisis de salud en penitenciarias de Baja California: mueren 2 internos y 2 custodios en Mexicali por Covid-19","author":"grieta","date":"1 mayo, 2020","format":false,"excerpt":"Lindero Norte \/ Antonio Heras. *Sin atenci\u00f3n m\u00e9dica, muere una mujer en penitenciaria de Tijusna Jorge Heras y Antonio Heras\/Lindero Norte Mexicali.- Con insuficiencia respiratoria aguda y bajo sospecha de Covid-19, Miguel Alberto es una de las v\u00edctimas fatales que se registran en el Centro de Reinserci\u00f3n Social de Mexicali.\u2026","rel":"","context":"En &quot;Baja California&quot;","block_context":{"text":"Baja California","link":"http:\/\/www.grieta.org.mx\/index.php\/category\/noticias-nacionales\/baja-california\/"},"img":{"alt_text":"","src":"https:\/\/i0.wp.com\/www.grieta.org.mx\/wp-content\/uploads\/2018\/03\/14524434_1106112876131411_958039263622046936_o.jpg?resize=350%2C200","width":350,"height":200,"srcset":"https:\/\/i0.wp.com\/www.grieta.org.mx\/wp-content\/uploads\/2018\/03\/14524434_1106112876131411_958039263622046936_o.jpg?resize=350%2C200 1x, https:\/\/i0.wp.com\/www.grieta.org.mx\/wp-content\/uploads\/2018\/03\/14524434_1106112876131411_958039263622046936_o.jpg?resize=525%2C300 1.5x, https:\/\/i0.wp.com\/www.grieta.org.mx\/wp-content\/uploads\/2018\/03\/14524434_1106112876131411_958039263622046936_o.jpg?resize=700%2C400 2x"},"classes":[]},{"id":50110,"url":"http:\/\/www.grieta.org.mx\/index.php\/2020\/05\/28\/atienden-a-100-pacientes-covid-19-a-38-grados-en-hospital-general-de-mexicali-baja-california\/","url_meta":{"origin":49311,"position":1},"title":"Atienden a 100 pacientes Covid-19 a 38 grados en Hospital General de Mexicali (Baja California)","author":"grieta","date":"28 mayo, 2020","format":false,"excerpt":"Lindero Norte \/ Antonio Heras *Protesta personal de salud por falla en sistema de aire acondicionado Mexicali.- Con una temperatura de 38 grados cent\u00edgrados, personal cl\u00ednico del Hospital General de Mexicali trabaj\u00f3 bajo protesta por desperfectos del equipo de aire acondicionado. En este nosocomio de la capital de Baja California\u2026","rel":"","context":"En &quot;Baja California&quot;","block_context":{"text":"Baja California","link":"http:\/\/www.grieta.org.mx\/index.php\/category\/noticias-nacionales\/baja-california\/"},"img":{"alt_text":"","src":"https:\/\/i0.wp.com\/www.grieta.org.mx\/wp-content\/uploads\/2018\/03\/14524434_1106112876131411_958039263622046936_o.jpg?resize=350%2C200","width":350,"height":200,"srcset":"https:\/\/i0.wp.com\/www.grieta.org.mx\/wp-content\/uploads\/2018\/03\/14524434_1106112876131411_958039263622046936_o.jpg?resize=350%2C200 1x, https:\/\/i0.wp.com\/www.grieta.org.mx\/wp-content\/uploads\/2018\/03\/14524434_1106112876131411_958039263622046936_o.jpg?resize=525%2C300 1.5x, https:\/\/i0.wp.com\/www.grieta.org.mx\/wp-content\/uploads\/2018\/03\/14524434_1106112876131411_958039263622046936_o.jpg?resize=700%2C400 2x"},"classes":[]},{"id":46796,"url":"http:\/\/www.grieta.org.mx\/index.php\/2020\/03\/21\/denuncian-enfermeras-de-mexicali-que-trabajan-sin-material-de-proteccion-sanitaria-baja-california\/","url_meta":{"origin":49311,"position":2},"title":"Denuncian enfermeras de Mexicali que trabajan sin material de protecci\u00f3n sanitaria (Baja California)","author":"grieta","date":"21 marzo, 2020","format":false,"excerpt":"Lindero Norte \/ Antonio Heras. Mexicali.- Personal de enfermer\u00eda de Baja California denunciaron que carecen de insumos y material para atender a pacientes de hospitales del sector Salud. Enfermeras del Hospital Materno Infantil de Isesalud y de la cl\u00ednica 30 del Instituto Mexicano del Seguro Social coincidieron en se\u00f1alar que\u2026","rel":"","context":"En &quot;Baja California&quot;","block_context":{"text":"Baja California","link":"http:\/\/www.grieta.org.mx\/index.php\/category\/noticias-nacionales\/baja-california\/"},"img":{"alt_text":"","src":"https:\/\/i0.wp.com\/www.grieta.org.mx\/wp-content\/uploads\/2020\/03\/images-2020-03-20T081423.884.jpeg?resize=350%2C200","width":350,"height":200,"srcset":"https:\/\/i0.wp.com\/www.grieta.org.mx\/wp-content\/uploads\/2020\/03\/images-2020-03-20T081423.884.jpeg?resize=350%2C200 1x, https:\/\/i0.wp.com\/www.grieta.org.mx\/wp-content\/uploads\/2020\/03\/images-2020-03-20T081423.884.jpeg?resize=525%2C300 1.5x, https:\/\/i0.wp.com\/www.grieta.org.mx\/wp-content\/uploads\/2020\/03\/images-2020-03-20T081423.884.jpeg?resize=700%2C400 2x"},"classes":[]},{"id":56241,"url":"http:\/\/www.grieta.org.mx\/index.php\/2021\/01\/02\/denuncian-muerte-de-haitiana-por-covid-19-sin-atencion-medica-en-mexicali-baja-california\/","url_meta":{"origin":49311,"position":3},"title":"Denuncian muerte de haitiana por Covid 19 sin atenci\u00f3n m\u00e9dica en Mexicali (Baja California)","author":"grieta","date":"2 enero, 2021","format":false,"excerpt":"Lindero Norte \/ Antonio Heras. Mexicali.-Una mujer haitiana falleci\u00f3 en el estacionamiento de una cl\u00ednica de la Cruz Roja de Mexicali en espera de ser atendida por s\u00edntomas de covid 19. El deceso se produjo durante la tarde de este viernes en las instalaciones de la Cruz Roja en la\u2026","rel":"","context":"En &quot;Baja California&quot;","block_context":{"text":"Baja California","link":"http:\/\/www.grieta.org.mx\/index.php\/category\/noticias-nacionales\/baja-california\/"},"img":{"alt_text":"","src":"https:\/\/i0.wp.com\/www.grieta.org.mx\/wp-content\/uploads\/2018\/03\/14524434_1106112876131411_958039263622046936_o.jpg?resize=350%2C200","width":350,"height":200,"srcset":"https:\/\/i0.wp.com\/www.grieta.org.mx\/wp-content\/uploads\/2018\/03\/14524434_1106112876131411_958039263622046936_o.jpg?resize=350%2C200 1x, https:\/\/i0.wp.com\/www.grieta.org.mx\/wp-content\/uploads\/2018\/03\/14524434_1106112876131411_958039263622046936_o.jpg?resize=525%2C300 1.5x, https:\/\/i0.wp.com\/www.grieta.org.mx\/wp-content\/uploads\/2018\/03\/14524434_1106112876131411_958039263622046936_o.jpg?resize=700%2C400 2x"},"classes":[]},{"id":47596,"url":"http:\/\/www.grieta.org.mx\/index.php\/2020\/04\/03\/mexicali-el-mas-afectado-por-covid19-en-bc-curva-de-contagio-similar-a-la-de-wuhan-china-isesalud-baja-california\/","url_meta":{"origin":49311,"position":4},"title":"Mexicali, el m\u00e1s afectado por COVID19 en BC; curva de contagio similar a la de Wuhan, China: Isesalud (Baja California)","author":"grieta","date":"3 abril, 2020","format":false,"excerpt":"Lindero Norte \/ Jorge Heras. Mexicali.- Con 2 muertos y 32 personas contagiadas por COVID-19, el municipio de Mexicali es el que representa mayor problema y preocupaci\u00f3n para las autoridades sanitarias de Baja California. En la video conferencia matutina del Gobierno del Estado, el secretario de Salud, Alonso P\u00e9rez Rico\u2026","rel":"","context":"En &quot;Baja California&quot;","block_context":{"text":"Baja California","link":"http:\/\/www.grieta.org.mx\/index.php\/category\/noticias-nacionales\/baja-california\/"},"img":{"alt_text":"","src":"https:\/\/i0.wp.com\/www.grieta.org.mx\/wp-content\/uploads\/2018\/03\/14524434_1106112876131411_958039263622046936_o.jpg?resize=350%2C200","width":350,"height":200,"srcset":"https:\/\/i0.wp.com\/www.grieta.org.mx\/wp-content\/uploads\/2018\/03\/14524434_1106112876131411_958039263622046936_o.jpg?resize=350%2C200 1x, https:\/\/i0.wp.com\/www.grieta.org.mx\/wp-content\/uploads\/2018\/03\/14524434_1106112876131411_958039263622046936_o.jpg?resize=525%2C300 1.5x, https:\/\/i0.wp.com\/www.grieta.org.mx\/wp-content\/uploads\/2018\/03\/14524434_1106112876131411_958039263622046936_o.jpg?resize=700%2C400 2x"},"classes":[]},{"id":48140,"url":"http:\/\/www.grieta.org.mx\/index.php\/2020\/04\/23\/pruebas-de-covid-19-son-insuficientes-en-mexicali-y-no-hay-equipo-para-afrontar-el-virus-colegios-de-medicos-baja-california\/","url_meta":{"origin":49311,"position":5},"title":"Pruebas de COVID-19 son insuficientes en Mexicali y no hay equipo para afrontar el virus: Colegios de M\u00e9dicos (Baja California)","author":"grieta","date":"23 abril, 2020","format":false,"excerpt":"Animal Pol\u00edtico \/ Luis Arellano (Pregonero Baja California) Colegios de M\u00e9dicos en Mexicali enviaron un documento al gobierno de Baja California y al federal, para que se les de equipo de seguridad para trabajar en el combate al COVID-19. Cuartoscuro. Presidentes y representantes de Colegios de M\u00e9dicos en Mexicali, mediante\u2026","rel":"","context":"En &quot;Baja California&quot;","block_context":{"text":"Baja California","link":"http:\/\/www.grieta.org.mx\/index.php\/category\/noticias-nacionales\/baja-california\/"},"img":{"alt_text":"","src":"https:\/\/i0.wp.com\/www.grieta.org.mx\/wp-content\/uploads\/2020\/04\/a-1.jpeg?resize=350%2C200","width":350,"height":200,"srcset":"https:\/\/i0.wp.com\/www.grieta.org.mx\/wp-content\/uploads\/2020\/04\/a-1.jpeg?resize=350%2C200 1x, https:\/\/i0.wp.com\/www.grieta.org.mx\/wp-content\/uploads\/2020\/04\/a-1.jpeg?resize=525%2C300 1.5x, https:\/\/i0.wp.com\/www.grieta.org.mx\/wp-content\/uploads\/2020\/04\/a-1.jpeg?resize=700%2C400 2x, https:\/\/i0.wp.com\/www.grieta.org.mx\/wp-content\/uploads\/2020\/04\/a-1.jpeg?resize=1050%2C600 3x"},"classes":[]}],"_links":{"self":[{"href":"http:\/\/www.grieta.org.mx\/index.php\/wp-json\/wp\/v2\/posts\/49311","targetHints":{"allow":["GET"]}}],"collection":[{"href":"http:\/\/www.grieta.org.mx\/index.php\/wp-json\/wp\/v2\/posts"}],"about":[{"href":"http:\/\/www.grieta.org.mx\/index.php\/wp-json\/wp\/v2\/types\/post"}],"author":[{"embeddable":true,"href":"http:\/\/www.grieta.org.mx\/index.php\/wp-json\/wp\/v2\/users\/2"}],"replies":[{"embeddable":true,"href":"http:\/\/www.grieta.org.mx\/index.php\/wp-json\/wp\/v2\/comments?post=49311"}],"version-history":[{"count":1,"href":"http:\/\/www.grieta.org.mx\/index.php\/wp-json\/wp\/v2\/posts\/49311\/revisions"}],"predecessor-version":[{"id":49312,"href":"http:\/\/www.grieta.org.mx\/index.php\/wp-json\/wp\/v2\/posts\/49311\/revisions\/49312"}],"wp:featuredmedia":[{"embeddable":true,"href":"http:\/\/www.grieta.org.mx\/index.php\/wp-json\/wp\/v2\/media\/21928"}],"wp:attachment":[{"href":"http:\/\/www.grieta.org.mx\/index.php\/wp-json\/wp\/v2\/media?parent=49311"}],"wp:term":[{"taxonomy":"category","embeddable":true,"href":"http:\/\/www.grieta.org.mx\/index.php\/wp-json\/wp\/v2\/categories?post=49311"},{"taxonomy":"post_tag","embeddable":true,"href":"http:\/\/www.grieta.org.mx\/index.php\/wp-json\/wp\/v2\/tags?post=49311"}],"curies":[{"name":"wp","href":"https:\/\/api.w.org\/{rel}","templated":true}]}}