{"id":49256,"date":"2020-04-22T16:42:26","date_gmt":"2020-04-22T21:42:26","guid":{"rendered":"http:\/\/www.grieta.org.mx\/?p=49256"},"modified":"2020-05-15T16:54:37","modified_gmt":"2020-05-15T21:54:37","slug":"edecanes-de-la-feria-de-san-marcos-piden-apoyo-ante-el-covid-19-aguascalientes","status":"publish","type":"post","link":"http:\/\/www.grieta.org.mx\/index.php\/2020\/04\/22\/edecanes-de-la-feria-de-san-marcos-piden-apoyo-ante-el-covid-19-aguascalientes\/","title":{"rendered":"Edecanes de la Feria de San Marcos piden apoyo ante el Covid-19 (Aguascalientes)"},"content":{"rendered":"<p>Mariana Orozco\/Debate<br \/>\n22 abril 2020<\/p>\n<blockquote><p>Edecanes y modelos que laboraban en la Feria Nacional de San Marcos, en Aguascalientes, protestan por un apoyo ante la contingencia por la pandemia<\/p><\/blockquote>\n<p><img loading=\"lazy\" decoding=\"async\" data-attachment-id=\"49257\" data-permalink=\"http:\/\/www.grieta.org.mx\/index.php\/2020\/04\/22\/edecanes-de-la-feria-de-san-marcos-piden-apoyo-ante-el-covid-19-aguascalientes\/edecanes\/\" data-orig-file=\"http:\/\/www.grieta.org.mx\/wp-content\/uploads\/2020\/05\/edecanes.png\" data-orig-size=\"961,517\" data-comments-opened=\"0\" data-image-meta=\"{&quot;aperture&quot;:&quot;0&quot;,&quot;credit&quot;:&quot;&quot;,&quot;camera&quot;:&quot;&quot;,&quot;caption&quot;:&quot;&quot;,&quot;created_timestamp&quot;:&quot;0&quot;,&quot;copyright&quot;:&quot;&quot;,&quot;focal_length&quot;:&quot;0&quot;,&quot;iso&quot;:&quot;0&quot;,&quot;shutter_speed&quot;:&quot;0&quot;,&quot;title&quot;:&quot;&quot;,&quot;orientation&quot;:&quot;0&quot;}\" data-image-title=\"edecanes\" data-image-description=\"\" data-image-caption=\"\" data-medium-file=\"http:\/\/www.grieta.org.mx\/wp-content\/uploads\/2020\/05\/edecanes-300x161.png\" data-large-file=\"http:\/\/www.grieta.org.mx\/wp-content\/uploads\/2020\/05\/edecanes.png\" class=\"aligncenter wp-image-49257\" src=\"http:\/\/www.grieta.org.mx\/wp-content\/uploads\/2020\/05\/edecanes.png\" alt=\"\" width=\"800\" height=\"430\" srcset=\"http:\/\/www.grieta.org.mx\/wp-content\/uploads\/2020\/05\/edecanes.png 961w, http:\/\/www.grieta.org.mx\/wp-content\/uploads\/2020\/05\/edecanes-300x161.png 300w, http:\/\/www.grieta.org.mx\/wp-content\/uploads\/2020\/05\/edecanes-768x413.png 768w, http:\/\/www.grieta.org.mx\/wp-content\/uploads\/2020\/05\/edecanes-929x500.png 929w\" sizes=\"auto, (max-width: 800px) 100vw, 800px\" \/><\/p>\n<p>Aguascalientes. &#8211; Edecanes y modelos que trabajan en la Feria Nacional de San Marcos, en el estado de Aguascalientes, se manifestaron para solicitar apoyo ya que ante la contingencia por el Covid-19, perdieron su manera de obtener ingresos.<\/p>\n<p>Algunas mujeres decidieron ir a protestar luego de que ante la pandemia por el Coronavirus, muchos eventos con gran clongomeraci\u00f3n de gente como es la Feria Nacional de San Marcos tuviera que suspenderse por las medidas preventivas que implementaron las autoridades federales, con el objetivo de evitar contagios del virus.<\/p>\n<p>Las edecanes protestaron frente a Palacio de Gobierno, luego de que por la cancelaci\u00f3n de la Feria perdieran su empleo siendo esta la manera de llevar un sustento a sus familias, se\u00f1alan en un video que circula en internet.<\/p>\n<p>A trav\u00e9s de una bocina y con micr\u00f3fono en mano, las muejeres solicitan apoyo de parte del Gobierno de Aguascalientes, pues mencionan que las cuentas se tienen que seguir pagando y los recibos continuan llegando.<\/p>\n<p>&#8220;No nos estan dando ning\u00fan apoyo, ning\u00fan descuento por parte de los servicios, ni alimentos ni absolutamente nada, es por lo que estamos pidiendo apoyo al Gobernador&#8221; se\u00f1al\u00f3 una de las edecanes a trav\u00e9s del micr\u00f3fono.<\/p>\n<p>En algunas de las pancartas que traen las modelos se puede leer &#8216;Necesitamos de su apoyo&#8217;, &#8216;Nuestras familias dependen de nosotros&#8217;, &#8216;Somos el rostro de Aguascalientes&#8217;, entre otros con los que solicitaron la ayuda por parte del mandatario estatal.<\/p>\n<p>&#8220;Yo aporto gastos a mi casa, entonces ahorita es imposibles, los ahorros que teniamos pues ya se fueron, es por que estamos solicitando el apoyo hoy en d\u00eda&#8221; se\u00f1ala otra de las edecanes de acuerdo a los medios locales.<\/p>\n<p>Seg\u00fan los medios locales, la Feria Nacional de San Marcos del 2019 rompi\u00f3 record en cuanto al derrame econ\u00f3mico que se registr\u00f3 inform\u00f3 el entonces Secretario de Turismo, Jorge Lopez Mart\u00edn, con un reporte de m\u00e1s de 107.8 millones de pesos solo en huespedes de hoteles.<\/p>\n<p>Conforme a los medios locales, las mujeres se\u00f1alan que este es uno de los acontecimientos m\u00e1s esperados del a\u00f1o pues el ingreso que les deja es bastante, mencionan las edecanes que en un evento normal ganan entre 500 y mil pesos por d\u00eda, mientras que en un solo d\u00eda de la Feria ganan 2 mil pesos por trabajar de edecan.<\/p>\n<p>Solicitan el apoyo ya que se\u00f1alan que muchas de ellas son madres, son esposas y brindan aportaci\u00f3n econ\u00f3mica en su casa, adem\u00e1s de pagar cuentas y gastos, de acuerdo a los medios locales.<\/p>\n<p><a href=\"https:\/\/www.debate.com.mx\/estados\/Edecanes-de-la-Feria-de-San-Marcos-piden-apoyo-ante-el-Covid-19-20200422-0123.html\" rel=\"noopener noreferrer\" target=\"_blank\">https:\/\/www.debate.com.mx\/estados\/Edecanes-de-la-Feria-de-San-Marcos-piden-apoyo-ante-el-Covid-19-20200422-0123.html<\/a><\/p>\n","protected":false},"excerpt":{"rendered":"<p>Mariana Orozco\/Debate 22 abril 2020 Edecanes y modelos que laboraban en la Feria Nacional de San Marcos, en Aguascalientes, protestan por un apoyo ante la contingencia por la pandemia Aguascalientes. &hellip; <a href=\"http:\/\/www.grieta.org.mx\/index.php\/2020\/04\/22\/edecanes-de-la-feria-de-san-marcos-piden-apoyo-ante-el-covid-19-aguascalientes\/\" class=\"more-link\">Leer m\u00e1s<\/a><\/p>\n","protected":false},"author":2,"featured_media":49257,"comment_status":"closed","ping_status":"closed","sticky":false,"template":"","format":"standard","meta":{"ngg_post_thumbnail":0,"_jetpack_newsletter_access":"","_jetpack_dont_email_post_to_subs":false,"_jetpack_newsletter_tier_id":0,"_jetpack_memberships_contains_paywalled_content":false,"_jetpack_memberships_contains_paid_content":false,"footnotes":""},"categories":[4,80,3290,910,1373,2,83],"tags":[3366,2841,766],"class_list":["post-49256","post","type-post","status-publish","format-standard","has-post-thumbnail","hentry","category-aguascalientes","category-cintillo","category-covid-19-en-aguascalientes","category-explotacion-y-precariedad-laboral","category-explotacion-y-precariedad-laboral-en-aguascalientes","category-noticias-nacionales","category-temas-nacionales","tag-covd-19","tag-explotacion-y-precariedad-laboral","tag-manifestaciones","entry"],"jetpack_featured_media_url":"http:\/\/www.grieta.org.mx\/wp-content\/uploads\/2020\/05\/edecanes.png","jetpack_sharing_enabled":true,"jetpack_shortlink":"https:\/\/wp.me\/p7ZJR4-cOs","jetpack_likes_enabled":false,"jetpack-related-posts":[{"id":49053,"url":"http:\/\/www.grieta.org.mx\/index.php\/2020\/04\/24\/quieren-apoyos-por-covid-19-en-aguascalientes-se-manifiestan-musicos-gente-sin-agua-y-trabajadoras-sexuales\/","url_meta":{"origin":49256,"position":0},"title":"Quieren apoyos por COVID-19: En Aguascalientes se manifiestan m\u00fasicos, gente sin agua y trabajadoras sexuales","author":"grieta","date":"24 abril, 2020","format":false,"excerpt":"Francisco Corona Trejo\/La Jornada Aguascalientes 24\/04\/2020 Tan s\u00f3lo va la mitad del viernes 24 de abril, d\u00eda que tradicionalmente ser\u00eda de fiesta por su naturaleza previa a los festejos de San Marcos en plena verbena abrile\u00f1a de Aguascalientes, y ya hubo tres manifestaciones diferentes en el centro de Aguascalientes debido\u2026","rel":"","context":"En &quot;Aguascalientes&quot;","block_context":{"text":"Aguascalientes","link":"http:\/\/www.grieta.org.mx\/index.php\/category\/noticias-nacionales\/aguascalientes\/"},"img":{"alt_text":"","src":"https:\/\/i0.wp.com\/www.grieta.org.mx\/wp-content\/uploads\/2020\/05\/photo5557507267084003254.jpg?resize=350%2C200","width":350,"height":200,"srcset":"https:\/\/i0.wp.com\/www.grieta.org.mx\/wp-content\/uploads\/2020\/05\/photo5557507267084003254.jpg?resize=350%2C200 1x, https:\/\/i0.wp.com\/www.grieta.org.mx\/wp-content\/uploads\/2020\/05\/photo5557507267084003254.jpg?resize=525%2C300 1.5x, https:\/\/i0.wp.com\/www.grieta.org.mx\/wp-content\/uploads\/2020\/05\/photo5557507267084003254.jpg?resize=700%2C400 2x"},"classes":[]},{"id":49266,"url":"http:\/\/www.grieta.org.mx\/index.php\/2020\/04\/25\/otro-lado-de-la-pandemia-covid-19-musicos-de-aguascalientes-piden-ser-escuchados\/","url_meta":{"origin":49256,"position":1},"title":"OTRO LADO DE LA PANDEMIA COVID-19: M\u00daSICOS DE AGUASCALIENTES PIDEN SER ESCUCHADOS","author":"grieta","date":"25 abril, 2020","format":false,"excerpt":"Adri\u00e1n Javier Flores Nieves\/La Jornada Aguascalientes 25 abril 2020 Foto tomada de La Jornada Aguascalientes Cientos de m\u00fasicos exigen que se les tome en cuenta por parte de los gobiernos ya que llevan m\u00e1s de un mes sin trabajo Adem\u00e1s de las presentaciones en vivo, los m\u00fasicos tambi\u00e9n impart\u00edan clases\u2026","rel":"","context":"En &quot;Aguascalientes&quot;","block_context":{"text":"Aguascalientes","link":"http:\/\/www.grieta.org.mx\/index.php\/category\/noticias-nacionales\/aguascalientes\/"},"img":{"alt_text":"","src":"https:\/\/i0.wp.com\/www.grieta.org.mx\/wp-content\/uploads\/2020\/05\/49744594166_78044bf6aa_c.jpg?resize=350%2C200","width":350,"height":200,"srcset":"https:\/\/i0.wp.com\/www.grieta.org.mx\/wp-content\/uploads\/2020\/05\/49744594166_78044bf6aa_c.jpg?resize=350%2C200 1x, https:\/\/i0.wp.com\/www.grieta.org.mx\/wp-content\/uploads\/2020\/05\/49744594166_78044bf6aa_c.jpg?resize=525%2C300 1.5x, https:\/\/i0.wp.com\/www.grieta.org.mx\/wp-content\/uploads\/2020\/05\/49744594166_78044bf6aa_c.jpg?resize=700%2C400 2x"},"classes":[]},{"id":49250,"url":"http:\/\/www.grieta.org.mx\/index.php\/2020\/04\/21\/en-aguascalientes-meseros-piden-ser-incluidos-en-apoyos-economicos\/","url_meta":{"origin":49256,"position":2},"title":"En Aguascalientes, meseros piden ser incluidos en apoyos econ\u00f3micos","author":"grieta","date":"21 abril, 2020","format":false,"excerpt":"Gabriel Soriano\/La Jornada Aguascalientes 21 abril 2020 Sin ingresos quedaron los meseros al prohibir la realizaci\u00f3n de eventos Gobierno del Estado prometi\u00f3 hacerle entrega a la brevedad de apoyos econ\u00f3micos Meseros que son contratados por eventos se manifiestan afuera del Palacio de Gobierno, pues ante la baja actividad en el\u2026","rel":"","context":"En &quot;Aguascalientes&quot;","block_context":{"text":"Aguascalientes","link":"http:\/\/www.grieta.org.mx\/index.php\/category\/noticias-nacionales\/aguascalientes\/"},"img":{"alt_text":"","src":"https:\/\/i0.wp.com\/www.grieta.org.mx\/wp-content\/uploads\/2020\/05\/48791281107_90b9f4861e_c.jpg?resize=350%2C200","width":350,"height":200,"srcset":"https:\/\/i0.wp.com\/www.grieta.org.mx\/wp-content\/uploads\/2020\/05\/48791281107_90b9f4861e_c.jpg?resize=350%2C200 1x, https:\/\/i0.wp.com\/www.grieta.org.mx\/wp-content\/uploads\/2020\/05\/48791281107_90b9f4861e_c.jpg?resize=525%2C300 1.5x, https:\/\/i0.wp.com\/www.grieta.org.mx\/wp-content\/uploads\/2020\/05\/48791281107_90b9f4861e_c.jpg?resize=700%2C400 2x"},"classes":[]},{"id":34016,"url":"http:\/\/www.grieta.org.mx\/index.php\/2019\/05\/29\/aguascalientes-supero-en-desempleo-a-zacatecas-san-luis-y-jalisco\/","url_meta":{"origin":49256,"position":3},"title":"Aguascalientes Super\u00f3 En Desempleo A Zacatecas, San Luis Y Jalisco","author":"grieta","date":"29 mayo, 2019","format":false,"excerpt":"Fabiola Cornejo\/Ultranoticias Para Aguascalientes La tasa de desempleo en abril pasado se ubic\u00f3 por encima de estados vecinos como Zacatecas, San Luis Potos\u00ed y Jalisco. De acuerdo para el INEGI, el mes de abril, Aguascalientes cerr\u00f3 con una desocupaci\u00f3n del 3.4%, mientras en Zacatecas fue del 3.2%, Jalisco 3.2% y\u2026","rel":"","context":"En &quot;Aguascalientes&quot;","block_context":{"text":"Aguascalientes","link":"http:\/\/www.grieta.org.mx\/index.php\/category\/noticias-nacionales\/aguascalientes\/"},"img":{"alt_text":"","src":"https:\/\/i0.wp.com\/www.grieta.org.mx\/wp-content\/uploads\/2019\/05\/a1.jpg?resize=350%2C200","width":350,"height":200,"srcset":"https:\/\/i0.wp.com\/www.grieta.org.mx\/wp-content\/uploads\/2019\/05\/a1.jpg?resize=350%2C200 1x, https:\/\/i0.wp.com\/www.grieta.org.mx\/wp-content\/uploads\/2019\/05\/a1.jpg?resize=525%2C300 1.5x, https:\/\/i0.wp.com\/www.grieta.org.mx\/wp-content\/uploads\/2019\/05\/a1.jpg?resize=700%2C400 2x, https:\/\/i0.wp.com\/www.grieta.org.mx\/wp-content\/uploads\/2019\/05\/a1.jpg?resize=1050%2C600 3x"},"classes":[]},{"id":51375,"url":"http:\/\/www.grieta.org.mx\/index.php\/2020\/06\/22\/durante-pandemia-se-han-perdido-17-mil-empleos-en-aguascalientes\/","url_meta":{"origin":49256,"position":4},"title":"Durante pandemia se han perdido 17 mil empleos en Aguascalientes","author":"grieta","date":"22 junio, 2020","format":false,"excerpt":"Camila Ayala Espinosa\/El Economista 22 junio 2020 El Colegio de Economistas de Aguascalientes advirti\u00f3 que si se llega a dar un segundo brote de la pandemia del Covid-19 podr\u00eda mermarse m\u00e1s el panorama laboral de la entidad; adem\u00e1s, por toda la contingencia sanitaria para las mujeres la inserci\u00f3n a los\u2026","rel":"","context":"En &quot;Aguascalientes&quot;","block_context":{"text":"Aguascalientes","link":"http:\/\/www.grieta.org.mx\/index.php\/category\/noticias-nacionales\/aguascalientes\/"},"img":{"alt_text":"","src":"","width":0,"height":0},"classes":[]},{"id":49263,"url":"http:\/\/www.grieta.org.mx\/index.php\/2020\/04\/25\/lo-que-exigen-trabajadoras-de-las-violetas-al-municipio-de-aguascalientes-durante-el-paro-del-covid-19\/","url_meta":{"origin":49256,"position":5},"title":"LO QUE EXIGEN TRABAJADORAS DE LAS VIOLETAS AL MUNICIPIO DE AGUASCALIENTES DURANTE EL PARO DEL COVID-19","author":"grieta","date":"25 abril, 2020","format":false,"excerpt":"Claudia Rodr\u00edguez Loera\/La Jornada Aguascalientes 25 abril 2020 Foto tomada de La Jornada Aguascalientes Logran recursos econ\u00f3micos, despensas y pago de recibos de agua Estimular\u00e1n a quienes estudian o quieren capacitarse La ma\u00f1ana de este viernes un grupo de trabajadoras de bares y antros de la zona de tolerancia de\u2026","rel":"","context":"En &quot;Aguascalientes&quot;","block_context":{"text":"Aguascalientes","link":"http:\/\/www.grieta.org.mx\/index.php\/category\/noticias-nacionales\/aguascalientes\/"},"img":{"alt_text":"","src":"https:\/\/i0.wp.com\/www.grieta.org.mx\/wp-content\/uploads\/2020\/05\/photo_2020-04-24_22-20-51.jpg?resize=350%2C200","width":350,"height":200,"srcset":"https:\/\/i0.wp.com\/www.grieta.org.mx\/wp-content\/uploads\/2020\/05\/photo_2020-04-24_22-20-51.jpg?resize=350%2C200 1x, https:\/\/i0.wp.com\/www.grieta.org.mx\/wp-content\/uploads\/2020\/05\/photo_2020-04-24_22-20-51.jpg?resize=525%2C300 1.5x, https:\/\/i0.wp.com\/www.grieta.org.mx\/wp-content\/uploads\/2020\/05\/photo_2020-04-24_22-20-51.jpg?resize=700%2C400 2x"},"classes":[]}],"_links":{"self":[{"href":"http:\/\/www.grieta.org.mx\/index.php\/wp-json\/wp\/v2\/posts\/49256","targetHints":{"allow":["GET"]}}],"collection":[{"href":"http:\/\/www.grieta.org.mx\/index.php\/wp-json\/wp\/v2\/posts"}],"about":[{"href":"http:\/\/www.grieta.org.mx\/index.php\/wp-json\/wp\/v2\/types\/post"}],"author":[{"embeddable":true,"href":"http:\/\/www.grieta.org.mx\/index.php\/wp-json\/wp\/v2\/users\/2"}],"replies":[{"embeddable":true,"href":"http:\/\/www.grieta.org.mx\/index.php\/wp-json\/wp\/v2\/comments?post=49256"}],"version-history":[{"count":1,"href":"http:\/\/www.grieta.org.mx\/index.php\/wp-json\/wp\/v2\/posts\/49256\/revisions"}],"predecessor-version":[{"id":49258,"href":"http:\/\/www.grieta.org.mx\/index.php\/wp-json\/wp\/v2\/posts\/49256\/revisions\/49258"}],"wp:featuredmedia":[{"embeddable":true,"href":"http:\/\/www.grieta.org.mx\/index.php\/wp-json\/wp\/v2\/media\/49257"}],"wp:attachment":[{"href":"http:\/\/www.grieta.org.mx\/index.php\/wp-json\/wp\/v2\/media?parent=49256"}],"wp:term":[{"taxonomy":"category","embeddable":true,"href":"http:\/\/www.grieta.org.mx\/index.php\/wp-json\/wp\/v2\/categories?post=49256"},{"taxonomy":"post_tag","embeddable":true,"href":"http:\/\/www.grieta.org.mx\/index.php\/wp-json\/wp\/v2\/tags?post=49256"}],"curies":[{"name":"wp","href":"https:\/\/api.w.org\/{rel}","templated":true}]}}