{"id":49250,"date":"2020-04-21T16:23:01","date_gmt":"2020-04-21T21:23:01","guid":{"rendered":"http:\/\/www.grieta.org.mx\/?p=49250"},"modified":"2020-05-15T16:29:53","modified_gmt":"2020-05-15T21:29:53","slug":"en-aguascalientes-meseros-piden-ser-incluidos-en-apoyos-economicos","status":"publish","type":"post","link":"http:\/\/www.grieta.org.mx\/index.php\/2020\/04\/21\/en-aguascalientes-meseros-piden-ser-incluidos-en-apoyos-economicos\/","title":{"rendered":"En Aguascalientes, meseros piden ser incluidos en apoyos econ\u00f3micos"},"content":{"rendered":"<p>Gabriel Soriano\/La Jornada Aguascalientes<br \/>\n21 abril 2020<\/p>\n<p><img loading=\"lazy\" decoding=\"async\" data-attachment-id=\"49251\" data-permalink=\"http:\/\/www.grieta.org.mx\/index.php\/2020\/04\/21\/en-aguascalientes-meseros-piden-ser-incluidos-en-apoyos-economicos\/48791281107_90b9f4861e_c\/\" data-orig-file=\"http:\/\/www.grieta.org.mx\/wp-content\/uploads\/2020\/05\/48791281107_90b9f4861e_c.jpg\" data-orig-size=\"750,500\" data-comments-opened=\"0\" data-image-meta=\"{&quot;aperture&quot;:&quot;0&quot;,&quot;credit&quot;:&quot;&quot;,&quot;camera&quot;:&quot;&quot;,&quot;caption&quot;:&quot;&quot;,&quot;created_timestamp&quot;:&quot;0&quot;,&quot;copyright&quot;:&quot;&quot;,&quot;focal_length&quot;:&quot;0&quot;,&quot;iso&quot;:&quot;0&quot;,&quot;shutter_speed&quot;:&quot;0&quot;,&quot;title&quot;:&quot;&quot;,&quot;orientation&quot;:&quot;0&quot;}\" data-image-title=\"48791281107_90b9f4861e_c\" data-image-description=\"\" data-image-caption=\"\" data-medium-file=\"http:\/\/www.grieta.org.mx\/wp-content\/uploads\/2020\/05\/48791281107_90b9f4861e_c-300x200.jpg\" data-large-file=\"http:\/\/www.grieta.org.mx\/wp-content\/uploads\/2020\/05\/48791281107_90b9f4861e_c.jpg\" src=\"http:\/\/www.grieta.org.mx\/wp-content\/uploads\/2020\/05\/48791281107_90b9f4861e_c.jpg\" alt=\"\" width=\"750\" height=\"500\" class=\"aligncenter size-full wp-image-49251\" srcset=\"http:\/\/www.grieta.org.mx\/wp-content\/uploads\/2020\/05\/48791281107_90b9f4861e_c.jpg 750w, http:\/\/www.grieta.org.mx\/wp-content\/uploads\/2020\/05\/48791281107_90b9f4861e_c-300x200.jpg 300w\" sizes=\"auto, (max-width: 750px) 100vw, 750px\" \/><\/p>\n<blockquote><p>Sin ingresos quedaron los meseros al prohibir la realizaci\u00f3n de eventos<br \/>\nGobierno del Estado prometi\u00f3 hacerle entrega a la brevedad de apoyos econ\u00f3micos<\/p><\/blockquote>\n<p>Meseros que son contratados por eventos se manifiestan afuera del Palacio de Gobierno, pues ante la baja actividad en el estado se quedaron sin alg\u00fan ingreso. Fueron atendidos por autoridades estatales prometi\u00e9ndoles la entrega de apoyos a la brevedad. A la manifestaci\u00f3n se le unieron m\u00fasicos y otras personas de trabajos informales.<\/p>\n<p>Ayer lunes 20 de abril, posterior a las 10:00 de la ma\u00f1ana, un grupo de personas se reuni\u00f3 frente al palacio de gobierno pues tambi\u00e9n ped\u00edan ser considerados en la entrega de apoyo pues ante la baja actividad se han quedado sin ning\u00fan ingreso.<\/p>\n<p>Este grupo de meseros laboraba por eventos, principalmente en sindicatos, sin embargo, al no haber actividad de este tipo en la ciudad baj\u00f3 dr\u00e1sticamente sus ingresos por lo que se les ha complicado comprar alimentos y pagar los recibos. <\/p>\n<p>A pesar de que ambos niveles de gobierno ya hab\u00edan anunciado la entrega de despensas y otra clase de apoyos, los protestantes afirmaron que a sus familias no ha llegado nada.<\/p>\n<p>Por esa raz\u00f3n, ped\u00edan estos meseros ser considerados en la entrega de apoyos econ\u00f3micos a aquellas personas que quedaron desempleadas.<\/p>\n<p>Seg\u00fan una de las protestantes, se\u00f1alaron que dentro de los meseros que solicitaban apoyo se encontraban madres solteras, personas con discapacidad: \u201cIncluso falleci\u00f3 una compa\u00f1era por la misma presi\u00f3n de dinero, le dio un infarto, por lo mismo que no tenemos un ingreso\u201d.<\/p>\n<p>Al ser atendidos por las autoridades estatales, se les extern\u00f3 que ya se entregaron los apoyos por lo que se les pidi\u00f3 que se anotaran en una lista para posteriormente hacerles llegar lo que solicitan.<\/p>\n<p><a href=\"https:\/\/www.lja.mx\/2020\/04\/en-aguascalientes-meseros-piden-ser-incluidos-en-apoyos-economicos\/\" rel=\"noopener noreferrer\" target=\"_blank\">https:\/\/www.lja.mx\/2020\/04\/en-aguascalientes-meseros-piden-ser-incluidos-en-apoyos-economicos\/<\/a><\/p>\n","protected":false},"excerpt":{"rendered":"<p>Gabriel Soriano\/La Jornada Aguascalientes 21 abril 2020 Sin ingresos quedaron los meseros al prohibir la realizaci\u00f3n de eventos Gobierno del Estado prometi\u00f3 hacerle entrega a la brevedad de apoyos econ\u00f3micos &hellip; <a href=\"http:\/\/www.grieta.org.mx\/index.php\/2020\/04\/21\/en-aguascalientes-meseros-piden-ser-incluidos-en-apoyos-economicos\/\" class=\"more-link\">Leer m\u00e1s<\/a><\/p>\n","protected":false},"author":2,"featured_media":49251,"comment_status":"closed","ping_status":"closed","sticky":false,"template":"","format":"standard","meta":{"ngg_post_thumbnail":0,"_jetpack_newsletter_access":"","_jetpack_dont_email_post_to_subs":false,"_jetpack_newsletter_tier_id":0,"_jetpack_memberships_contains_paywalled_content":false,"_jetpack_memberships_contains_paid_content":false,"footnotes":""},"categories":[4,80,3290,910,1373,2,83],"tags":[3241,2841,3365],"class_list":["post-49250","post","type-post","status-publish","format-standard","has-post-thumbnail","hentry","category-aguascalientes","category-cintillo","category-covid-19-en-aguascalientes","category-explotacion-y-precariedad-laboral","category-explotacion-y-precariedad-laboral-en-aguascalientes","category-noticias-nacionales","category-temas-nacionales","tag-covid-19","tag-explotacion-y-precariedad-laboral","tag-perdida-de-empleo","entry"],"jetpack_featured_media_url":"http:\/\/www.grieta.org.mx\/wp-content\/uploads\/2020\/05\/48791281107_90b9f4861e_c.jpg","jetpack_sharing_enabled":true,"jetpack_shortlink":"https:\/\/wp.me\/p7ZJR4-cOm","jetpack_likes_enabled":false,"jetpack-related-posts":[{"id":49263,"url":"http:\/\/www.grieta.org.mx\/index.php\/2020\/04\/25\/lo-que-exigen-trabajadoras-de-las-violetas-al-municipio-de-aguascalientes-durante-el-paro-del-covid-19\/","url_meta":{"origin":49250,"position":0},"title":"LO QUE EXIGEN TRABAJADORAS DE LAS VIOLETAS AL MUNICIPIO DE AGUASCALIENTES DURANTE EL PARO DEL COVID-19","author":"grieta","date":"25 abril, 2020","format":false,"excerpt":"Claudia Rodr\u00edguez Loera\/La Jornada Aguascalientes 25 abril 2020 Foto tomada de La Jornada Aguascalientes Logran recursos econ\u00f3micos, despensas y pago de recibos de agua Estimular\u00e1n a quienes estudian o quieren capacitarse La ma\u00f1ana de este viernes un grupo de trabajadoras de bares y antros de la zona de tolerancia de\u2026","rel":"","context":"En &quot;Aguascalientes&quot;","block_context":{"text":"Aguascalientes","link":"http:\/\/www.grieta.org.mx\/index.php\/category\/noticias-nacionales\/aguascalientes\/"},"img":{"alt_text":"","src":"https:\/\/i0.wp.com\/www.grieta.org.mx\/wp-content\/uploads\/2020\/05\/photo_2020-04-24_22-20-51.jpg?resize=350%2C200","width":350,"height":200,"srcset":"https:\/\/i0.wp.com\/www.grieta.org.mx\/wp-content\/uploads\/2020\/05\/photo_2020-04-24_22-20-51.jpg?resize=350%2C200 1x, https:\/\/i0.wp.com\/www.grieta.org.mx\/wp-content\/uploads\/2020\/05\/photo_2020-04-24_22-20-51.jpg?resize=525%2C300 1.5x, https:\/\/i0.wp.com\/www.grieta.org.mx\/wp-content\/uploads\/2020\/05\/photo_2020-04-24_22-20-51.jpg?resize=700%2C400 2x"},"classes":[]},{"id":49053,"url":"http:\/\/www.grieta.org.mx\/index.php\/2020\/04\/24\/quieren-apoyos-por-covid-19-en-aguascalientes-se-manifiestan-musicos-gente-sin-agua-y-trabajadoras-sexuales\/","url_meta":{"origin":49250,"position":1},"title":"Quieren apoyos por COVID-19: En Aguascalientes se manifiestan m\u00fasicos, gente sin agua y trabajadoras sexuales","author":"grieta","date":"24 abril, 2020","format":false,"excerpt":"Francisco Corona Trejo\/La Jornada Aguascalientes 24\/04\/2020 Tan s\u00f3lo va la mitad del viernes 24 de abril, d\u00eda que tradicionalmente ser\u00eda de fiesta por su naturaleza previa a los festejos de San Marcos en plena verbena abrile\u00f1a de Aguascalientes, y ya hubo tres manifestaciones diferentes en el centro de Aguascalientes debido\u2026","rel":"","context":"En &quot;Aguascalientes&quot;","block_context":{"text":"Aguascalientes","link":"http:\/\/www.grieta.org.mx\/index.php\/category\/noticias-nacionales\/aguascalientes\/"},"img":{"alt_text":"","src":"https:\/\/i0.wp.com\/www.grieta.org.mx\/wp-content\/uploads\/2020\/05\/photo5557507267084003254.jpg?resize=350%2C200","width":350,"height":200,"srcset":"https:\/\/i0.wp.com\/www.grieta.org.mx\/wp-content\/uploads\/2020\/05\/photo5557507267084003254.jpg?resize=350%2C200 1x, https:\/\/i0.wp.com\/www.grieta.org.mx\/wp-content\/uploads\/2020\/05\/photo5557507267084003254.jpg?resize=525%2C300 1.5x, https:\/\/i0.wp.com\/www.grieta.org.mx\/wp-content\/uploads\/2020\/05\/photo5557507267084003254.jpg?resize=700%2C400 2x"},"classes":[]},{"id":49407,"url":"http:\/\/www.grieta.org.mx\/index.php\/2020\/04\/29\/piden-familias-de-aguascalientes-apoyos-en-despensa-para-poder-aislarse-ante-pandemia-por-covid-19\/","url_meta":{"origin":49250,"position":2},"title":"PIDEN FAMILIAS DE AGUASCALIENTES APOYOS EN DESPENSA PARA PODER AISLARSE ANTE PANDEMIA POR COVID-19","author":"grieta","date":"29 abril, 2020","format":false,"excerpt":"Gabriel Soriano\/La Jornada Aguascalientes 29 abril 2020 Al no tener alg\u00fan ingreso, se les ha complicado la compra de despensa, pago de recibos e incluso la compra de medicamentos No hay fecha establecida para hacerles llegar el apoyo Esta semana, la organizaci\u00f3n civil C\u00e1ritas tambi\u00e9n se sum\u00f3 a los esfuerzos\u2026","rel":"","context":"En &quot;Aguascalientes&quot;","block_context":{"text":"Aguascalientes","link":"http:\/\/www.grieta.org.mx\/index.php\/category\/noticias-nacionales\/aguascalientes\/"},"img":{"alt_text":"","src":"https:\/\/i0.wp.com\/www.grieta.org.mx\/wp-content\/uploads\/2020\/05\/49827400928_b292679833_c.jpg?resize=350%2C200","width":350,"height":200,"srcset":"https:\/\/i0.wp.com\/www.grieta.org.mx\/wp-content\/uploads\/2020\/05\/49827400928_b292679833_c.jpg?resize=350%2C200 1x, https:\/\/i0.wp.com\/www.grieta.org.mx\/wp-content\/uploads\/2020\/05\/49827400928_b292679833_c.jpg?resize=525%2C300 1.5x, https:\/\/i0.wp.com\/www.grieta.org.mx\/wp-content\/uploads\/2020\/05\/49827400928_b292679833_c.jpg?resize=700%2C400 2x"},"classes":[]},{"id":34016,"url":"http:\/\/www.grieta.org.mx\/index.php\/2019\/05\/29\/aguascalientes-supero-en-desempleo-a-zacatecas-san-luis-y-jalisco\/","url_meta":{"origin":49250,"position":3},"title":"Aguascalientes Super\u00f3 En Desempleo A Zacatecas, San Luis Y Jalisco","author":"grieta","date":"29 mayo, 2019","format":false,"excerpt":"Fabiola Cornejo\/Ultranoticias Para Aguascalientes La tasa de desempleo en abril pasado se ubic\u00f3 por encima de estados vecinos como Zacatecas, San Luis Potos\u00ed y Jalisco. De acuerdo para el INEGI, el mes de abril, Aguascalientes cerr\u00f3 con una desocupaci\u00f3n del 3.4%, mientras en Zacatecas fue del 3.2%, Jalisco 3.2% y\u2026","rel":"","context":"En &quot;Aguascalientes&quot;","block_context":{"text":"Aguascalientes","link":"http:\/\/www.grieta.org.mx\/index.php\/category\/noticias-nacionales\/aguascalientes\/"},"img":{"alt_text":"","src":"https:\/\/i0.wp.com\/www.grieta.org.mx\/wp-content\/uploads\/2019\/05\/a1.jpg?resize=350%2C200","width":350,"height":200,"srcset":"https:\/\/i0.wp.com\/www.grieta.org.mx\/wp-content\/uploads\/2019\/05\/a1.jpg?resize=350%2C200 1x, https:\/\/i0.wp.com\/www.grieta.org.mx\/wp-content\/uploads\/2019\/05\/a1.jpg?resize=525%2C300 1.5x, https:\/\/i0.wp.com\/www.grieta.org.mx\/wp-content\/uploads\/2019\/05\/a1.jpg?resize=700%2C400 2x, https:\/\/i0.wp.com\/www.grieta.org.mx\/wp-content\/uploads\/2019\/05\/a1.jpg?resize=1050%2C600 3x"},"classes":[]},{"id":49437,"url":"http:\/\/www.grieta.org.mx\/index.php\/2020\/04\/30\/en-aguascalientes-trabajadores-del-ramo-automotriz-no-reciben-el-100-de-sus-salarios\/","url_meta":{"origin":49250,"position":4},"title":"EN AGUASCALIENTES, TRABAJADORES DEL RAMO AUTOMOTRIZ NO RECIBEN EL 100% DE SUS SALARIOS","author":"grieta","date":"30 abril, 2020","format":false,"excerpt":"Gabriel Soriano\/La Jornada Aguascalientes 30 abril 2020 FTA respalda la petici\u00f3n del gobernador para que se reactive el ramo pues no a todos los trabajadores se les ha pagado al 100% Se reanudar\u00e1n actividades con respecto al trabajo de proveedores La Federaci\u00f3n de Trabajadores de Aguascalientes (FTA) respalda la petici\u00f3n\u2026","rel":"","context":"En &quot;Aguascalientes&quot;","block_context":{"text":"Aguascalientes","link":"http:\/\/www.grieta.org.mx\/index.php\/category\/noticias-nacionales\/aguascalientes\/"},"img":{"alt_text":"","src":"https:\/\/i0.wp.com\/www.grieta.org.mx\/wp-content\/uploads\/2020\/05\/12178465393_c58b70a62f_c.jpg?resize=350%2C200","width":350,"height":200,"srcset":"https:\/\/i0.wp.com\/www.grieta.org.mx\/wp-content\/uploads\/2020\/05\/12178465393_c58b70a62f_c.jpg?resize=350%2C200 1x, https:\/\/i0.wp.com\/www.grieta.org.mx\/wp-content\/uploads\/2020\/05\/12178465393_c58b70a62f_c.jpg?resize=525%2C300 1.5x, https:\/\/i0.wp.com\/www.grieta.org.mx\/wp-content\/uploads\/2020\/05\/12178465393_c58b70a62f_c.jpg?resize=700%2C400 2x"},"classes":[]},{"id":50376,"url":"http:\/\/www.grieta.org.mx\/index.php\/2020\/06\/04\/nissan-despide-300-personas-en-aguascalientes\/","url_meta":{"origin":49250,"position":5},"title":"Nissan despide 300 personas en Aguascalientes","author":"grieta","date":"4 junio, 2020","format":false,"excerpt":"Jennifer Gonz\u00e1lez\/Expansi\u00f3n 4 junio 2020 500 personas dejar\u00e1n de trabajar en la planta de Nissan y en el sector de autopartes a partir de este lunes, informaron organizaciones sindicales. M\u00e9xico es el mayor proveedor de partes y componentes automotrices para Estados Unidos. (gerenme\/Getty Images\/iStockphoto) La armadora japonesa Nissan, que emplea\u2026","rel":"","context":"En &quot;CINTILLO&quot;","block_context":{"text":"CINTILLO","link":"http:\/\/www.grieta.org.mx\/index.php\/category\/cintillo\/"},"img":{"alt_text":"","src":"https:\/\/i0.wp.com\/www.grieta.org.mx\/wp-content\/uploads\/2020\/06\/autopartes.jpg?resize=350%2C200","width":350,"height":200,"srcset":"https:\/\/i0.wp.com\/www.grieta.org.mx\/wp-content\/uploads\/2020\/06\/autopartes.jpg?resize=350%2C200 1x, https:\/\/i0.wp.com\/www.grieta.org.mx\/wp-content\/uploads\/2020\/06\/autopartes.jpg?resize=525%2C300 1.5x, https:\/\/i0.wp.com\/www.grieta.org.mx\/wp-content\/uploads\/2020\/06\/autopartes.jpg?resize=700%2C400 2x, https:\/\/i0.wp.com\/www.grieta.org.mx\/wp-content\/uploads\/2020\/06\/autopartes.jpg?resize=1050%2C600 3x, https:\/\/i0.wp.com\/www.grieta.org.mx\/wp-content\/uploads\/2020\/06\/autopartes.jpg?resize=1400%2C800 4x"},"classes":[]}],"_links":{"self":[{"href":"http:\/\/www.grieta.org.mx\/index.php\/wp-json\/wp\/v2\/posts\/49250","targetHints":{"allow":["GET"]}}],"collection":[{"href":"http:\/\/www.grieta.org.mx\/index.php\/wp-json\/wp\/v2\/posts"}],"about":[{"href":"http:\/\/www.grieta.org.mx\/index.php\/wp-json\/wp\/v2\/types\/post"}],"author":[{"embeddable":true,"href":"http:\/\/www.grieta.org.mx\/index.php\/wp-json\/wp\/v2\/users\/2"}],"replies":[{"embeddable":true,"href":"http:\/\/www.grieta.org.mx\/index.php\/wp-json\/wp\/v2\/comments?post=49250"}],"version-history":[{"count":1,"href":"http:\/\/www.grieta.org.mx\/index.php\/wp-json\/wp\/v2\/posts\/49250\/revisions"}],"predecessor-version":[{"id":49252,"href":"http:\/\/www.grieta.org.mx\/index.php\/wp-json\/wp\/v2\/posts\/49250\/revisions\/49252"}],"wp:featuredmedia":[{"embeddable":true,"href":"http:\/\/www.grieta.org.mx\/index.php\/wp-json\/wp\/v2\/media\/49251"}],"wp:attachment":[{"href":"http:\/\/www.grieta.org.mx\/index.php\/wp-json\/wp\/v2\/media?parent=49250"}],"wp:term":[{"taxonomy":"category","embeddable":true,"href":"http:\/\/www.grieta.org.mx\/index.php\/wp-json\/wp\/v2\/categories?post=49250"},{"taxonomy":"post_tag","embeddable":true,"href":"http:\/\/www.grieta.org.mx\/index.php\/wp-json\/wp\/v2\/tags?post=49250"}],"curies":[{"name":"wp","href":"https:\/\/api.w.org\/{rel}","templated":true}]}}