{"id":49231,"date":"2020-04-20T10:34:28","date_gmt":"2020-04-20T15:34:28","guid":{"rendered":"http:\/\/www.grieta.org.mx\/?p=49231"},"modified":"2020-05-15T10:40:53","modified_gmt":"2020-05-15T15:40:53","slug":"en-aguascalientes-guardia-nacional-regulara-entradas-en-edificios-del-issea-e-imss-durante-pandemia-por-covid-19","status":"publish","type":"post","link":"http:\/\/www.grieta.org.mx\/index.php\/2020\/04\/20\/en-aguascalientes-guardia-nacional-regulara-entradas-en-edificios-del-issea-e-imss-durante-pandemia-por-covid-19\/","title":{"rendered":"EN AGUASCALIENTES, GUARDIA NACIONAL REGULAR\u00c1 ENTRADAS EN EDIFICIOS DEL ISSEA E IMSS DURANTE PANDEMIA POR COVID-19"},"content":{"rendered":"<p>Gabriel Soriano\/La Jornada Aguascalientes<br \/>\n20 abril 2020<\/p>\n<p><img loading=\"lazy\" decoding=\"async\" data-attachment-id=\"49232\" data-permalink=\"http:\/\/www.grieta.org.mx\/index.php\/2020\/04\/20\/en-aguascalientes-guardia-nacional-regulara-entradas-en-edificios-del-issea-e-imss-durante-pandemia-por-covid-19\/49559390197_3f077ed1d9_c\/\" data-orig-file=\"http:\/\/www.grieta.org.mx\/wp-content\/uploads\/2020\/05\/49559390197_3f077ed1d9_c.jpg\" data-orig-size=\"750,500\" data-comments-opened=\"0\" data-image-meta=\"{&quot;aperture&quot;:&quot;0&quot;,&quot;credit&quot;:&quot;&quot;,&quot;camera&quot;:&quot;&quot;,&quot;caption&quot;:&quot;&quot;,&quot;created_timestamp&quot;:&quot;0&quot;,&quot;copyright&quot;:&quot;&quot;,&quot;focal_length&quot;:&quot;0&quot;,&quot;iso&quot;:&quot;0&quot;,&quot;shutter_speed&quot;:&quot;0&quot;,&quot;title&quot;:&quot;&quot;,&quot;orientation&quot;:&quot;0&quot;}\" data-image-title=\"49559390197_3f077ed1d9_c\" data-image-description=\"\" data-image-caption=\"\" data-medium-file=\"http:\/\/www.grieta.org.mx\/wp-content\/uploads\/2020\/05\/49559390197_3f077ed1d9_c-300x200.jpg\" data-large-file=\"http:\/\/www.grieta.org.mx\/wp-content\/uploads\/2020\/05\/49559390197_3f077ed1d9_c.jpg\" class=\"aligncenter size-full wp-image-49232\" src=\"http:\/\/www.grieta.org.mx\/wp-content\/uploads\/2020\/05\/49559390197_3f077ed1d9_c.jpg\" alt=\"\" width=\"750\" height=\"500\" srcset=\"http:\/\/www.grieta.org.mx\/wp-content\/uploads\/2020\/05\/49559390197_3f077ed1d9_c.jpg 750w, http:\/\/www.grieta.org.mx\/wp-content\/uploads\/2020\/05\/49559390197_3f077ed1d9_c-300x200.jpg 300w\" sizes=\"auto, (max-width: 750px) 100vw, 750px\" \/><\/p>\n<blockquote><p>Mil 600 elementos de la Guardia Nacional participar\u00e1n en este operativo en todo el pa\u00eds<br \/>\nEl objetivo es evitar las conglomeraciones de personas en espacios cerrados<\/p><\/blockquote>\n<p>A partir de hoy, 20 de abril, en hospitales y unidades del Instituto de Servicios de Salud del Estado de Aguascalientes (Issea) habr\u00e1 presencia de elementos de la Guardia Nacional en las entradas regulando el acceso esto como medida preventiva ante el Covid-19.<\/p>\n<p>Aunque la Secretar\u00eda de Salud en el \u00e1mbito federal a\u00fan no han considerado pertinente declarar el estado de fase 3, en Aguascalientes se tomar\u00e1n medidas que reforzar\u00e1n la prevenci\u00f3n de la propagaci\u00f3n de la pandemia.<\/p>\n<p>Se ha pedido a todos los trabajadores del Issea que se identifiquen al ingresar a cualquier instalaci\u00f3n de dicho organismo, ya sea administrativa, hospitales y centros de salud, esto debido a que a partir de hoy se tendr\u00e1 el apoyo por parte de la Guardia Nacional para regular la entrada de personas a las instalaciones y as\u00ed impedir que se re\u00fanan varias personas en un solo lugar.<\/p>\n<p>Desde la semana pasada, la Guardia Nacional ya comenzaba a hacerse presente en unidades y hospitales del Instituto Mexicano del Seguro Social (IMSS) del pa\u00eds. Seg\u00fan informes oficiales, mil 600 elementos de la Guardia Nacional los que participar\u00e1n en la vigilancia de los hospitales del IMSS, en coordinaci\u00f3n con la Secretar\u00eda de Defensa, Seguridad y Protecci\u00f3n Ciudadana.<\/p>\n<p>En el hospital del Instituto de Seguridad y Servicios Sociales de los Trabajadores del Estado (Issste), desde hace varias semanas el personal es quienes han regulado la entrada de los pacientes y de personal m\u00e9dico para evitar conglomeraciones al interior de las instalaciones. Con base en las fuentes oficiales, hasta el momento no se tiene previsto participaci\u00f3n de la Guardia Nacional en sus instalaciones.<\/p>\n<p><a href=\"https:\/\/www.lja.mx\/2020\/04\/en-aguascalientes-guardia-nacional-regulara-entradas-en-edificios-del-issea-e-imss-durante-pandemia-por-covid-19\/\" target=\"_blank\" rel=\"noopener noreferrer\">https:\/\/www.lja.mx\/2020\/04\/en-aguascalientes-guardia-nacional-regulara-entradas-en-edificios-del-issea-e-imss-durante-pandemia-por-covid-19\/<\/a><\/p>\n","protected":false},"excerpt":{"rendered":"<p>Gabriel Soriano\/La Jornada Aguascalientes 20 abril 2020 Mil 600 elementos de la Guardia Nacional participar\u00e1n en este operativo en todo el pa\u00eds El objetivo es evitar las conglomeraciones de personas &hellip; <a href=\"http:\/\/www.grieta.org.mx\/index.php\/2020\/04\/20\/en-aguascalientes-guardia-nacional-regulara-entradas-en-edificios-del-issea-e-imss-durante-pandemia-por-covid-19\/\" class=\"more-link\">Leer m\u00e1s<\/a><\/p>\n","protected":false},"author":2,"featured_media":49232,"comment_status":"closed","ping_status":"closed","sticky":false,"template":"","format":"standard","meta":{"ngg_post_thumbnail":0,"_jetpack_newsletter_access":"","_jetpack_dont_email_post_to_subs":false,"_jetpack_newsletter_tier_id":0,"_jetpack_memberships_contains_paywalled_content":false,"_jetpack_memberships_contains_paid_content":false,"footnotes":""},"categories":[4,80,3290,912,3135,2,83],"tags":[3241,2295,614],"class_list":["post-49231","post","type-post","status-publish","format-standard","has-post-thumbnail","hentry","category-aguascalientes","category-cintillo","category-covid-19-en-aguascalientes","category-militarizacion","category-militarizacion-en-aguascalientes","category-noticias-nacionales","category-temas-nacionales","tag-covid-19","tag-guardia-nacional","tag-militarizacion","entry"],"jetpack_featured_media_url":"http:\/\/www.grieta.org.mx\/wp-content\/uploads\/2020\/05\/49559390197_3f077ed1d9_c.jpg","jetpack_sharing_enabled":true,"jetpack_shortlink":"https:\/\/wp.me\/p7ZJR4-cO3","jetpack_likes_enabled":false,"jetpack-related-posts":[{"id":42244,"url":"http:\/\/www.grieta.org.mx\/index.php\/2019\/12\/12\/entregan-instalaciones-para-la-guardia-nacional-en-la-puerta-de-acceso-norte-de-aguascalientes\/","url_meta":{"origin":49231,"position":0},"title":"ENTREGAN INSTALACIONES PARA LA GUARDIA NACIONAL EN LA PUERTA DE ACCESO NORTE DE AGUASCALIENTES","author":"grieta","date":"12 diciembre, 2019","format":false,"excerpt":"Redacci\u00f3n\/La Jornada Aguascalientes 12 diciembre 2019 Se fortalece la seguridad en los l\u00edmites con Zacatecas Permanentes recorridos disuasivos en conjunto con la polic\u00eda en cada cabecera municipal Como parte de las acciones para fortalecer la seguridad en Aguascalientes, la Secretar\u00eda de Seguridad de P\u00fablica del Estado efectu\u00f3 la entrega de\u2026","rel":"","context":"En &quot;Aguascalientes&quot;","block_context":{"text":"Aguascalientes","link":"http:\/\/www.grieta.org.mx\/index.php\/category\/noticias-nacionales\/aguascalientes\/"},"img":{"alt_text":"","src":"https:\/\/i0.wp.com\/www.grieta.org.mx\/wp-content\/uploads\/2019\/12\/49206769387_1efa5100d9_c.jpg?resize=350%2C200","width":350,"height":200,"srcset":"https:\/\/i0.wp.com\/www.grieta.org.mx\/wp-content\/uploads\/2019\/12\/49206769387_1efa5100d9_c.jpg?resize=350%2C200 1x, https:\/\/i0.wp.com\/www.grieta.org.mx\/wp-content\/uploads\/2019\/12\/49206769387_1efa5100d9_c.jpg?resize=525%2C300 1.5x, https:\/\/i0.wp.com\/www.grieta.org.mx\/wp-content\/uploads\/2019\/12\/49206769387_1efa5100d9_c.jpg?resize=700%2C400 2x"},"classes":[]},{"id":52322,"url":"http:\/\/www.grieta.org.mx\/index.php\/2020\/07\/29\/protestan-pacientes-con-vih-en-aguascalientes-exigen-tratamientos\/","url_meta":{"origin":49231,"position":1},"title":"Protestan pacientes con VIH en Aguascalientes; exigen tratamientos","author":"grieta","date":"29 julio, 2020","format":false,"excerpt":"La Jornada\/Head Topics M\u00e9xico 29 julio 2020 Se han cancelado todas las consultas m\u00e9dicas para nosotros, nuestra salud est\u00e1 en riesgo' expuso Gonz\u00e1lez Muro dirigente del CAVA Foto: Claudio Bola\u00f1os Pacientes con VIH se manifestaron, enmascarados, a las puertas del Instituto de Servicios de Salud del Estado (ISSEA) para exigir\u2026","rel":"","context":"En &quot;Aguascalientes&quot;","block_context":{"text":"Aguascalientes","link":"http:\/\/www.grieta.org.mx\/index.php\/category\/noticias-nacionales\/aguascalientes\/"},"img":{"alt_text":"","src":"https:\/\/i0.wp.com\/www.grieta.org.mx\/wp-content\/uploads\/2020\/08\/vih.png?resize=350%2C200","width":350,"height":200,"srcset":"https:\/\/i0.wp.com\/www.grieta.org.mx\/wp-content\/uploads\/2020\/08\/vih.png?resize=350%2C200 1x, https:\/\/i0.wp.com\/www.grieta.org.mx\/wp-content\/uploads\/2020\/08\/vih.png?resize=525%2C300 1.5x, https:\/\/i0.wp.com\/www.grieta.org.mx\/wp-content\/uploads\/2020\/08\/vih.png?resize=700%2C400 2x"},"classes":[]},{"id":45420,"url":"http:\/\/www.grieta.org.mx\/index.php\/2020\/02\/10\/firmo-municipio-de-aguascalientes-convenio-para-mando-unico\/","url_meta":{"origin":49231,"position":2},"title":"FIRM\u00d3 MUNICIPIO DE AGUASCALIENTES CONVENIO PARA MANDO \u00daNICO","author":"grieta","date":"10 febrero, 2020","format":false,"excerpt":"Claudia Rodr\u00edguez Loera 10 febrero 2020 Se respetar\u00e1 el esquema de Mando \u00danico y las estrategias de la Guardia Nacional Ya est\u00e1n en Aguascalientes las 160 patrullas nuevas La alcaldesa de Aguascalientes, Teresa Jim\u00e9nez Esquivel, anunci\u00f3 la firma del convenio para trabajar a trav\u00e9s del esquema de Mando \u00danico con\u2026","rel":"","context":"En &quot;Aguascalientes&quot;","block_context":{"text":"Aguascalientes","link":"http:\/\/www.grieta.org.mx\/index.php\/category\/noticias-nacionales\/aguascalientes\/"},"img":{"alt_text":"","src":"https:\/\/i0.wp.com\/www.grieta.org.mx\/wp-content\/uploads\/2020\/03\/Guardia-Nacional.jpg?resize=350%2C200","width":350,"height":200,"srcset":"https:\/\/i0.wp.com\/www.grieta.org.mx\/wp-content\/uploads\/2020\/03\/Guardia-Nacional.jpg?resize=350%2C200 1x, https:\/\/i0.wp.com\/www.grieta.org.mx\/wp-content\/uploads\/2020\/03\/Guardia-Nacional.jpg?resize=525%2C300 1.5x, https:\/\/i0.wp.com\/www.grieta.org.mx\/wp-content\/uploads\/2020\/03\/Guardia-Nacional.jpg?resize=700%2C400 2x"},"classes":[]},{"id":15207,"url":"http:\/\/www.grieta.org.mx\/index.php\/2016\/06\/09\/militarizacion-en-aguascalientes\/","url_meta":{"origin":49231,"position":3},"title":"Militarizaci\u00f3n en Aguascalientes","author":"grieta","date":"9 junio, 2016","format":false,"excerpt":"09\/06\/16. Fortalecer\u00e1 Ej\u00e9rcito presencia en Aguascalientes SDP Noticias","rel":"","context":"En &quot;Aguascalientes&quot;","block_context":{"text":"Aguascalientes","link":"http:\/\/www.grieta.org.mx\/index.php\/category\/noticias-nacionales\/aguascalientes\/"},"img":{"alt_text":"","src":"https:\/\/i0.wp.com\/www.grieta.org.mx\/wp-content\/uploads\/2018\/03\/14524434_1106112876131411_958039263622046936_o.jpg?resize=350%2C200","width":350,"height":200,"srcset":"https:\/\/i0.wp.com\/www.grieta.org.mx\/wp-content\/uploads\/2018\/03\/14524434_1106112876131411_958039263622046936_o.jpg?resize=350%2C200 1x, https:\/\/i0.wp.com\/www.grieta.org.mx\/wp-content\/uploads\/2018\/03\/14524434_1106112876131411_958039263622046936_o.jpg?resize=525%2C300 1.5x, https:\/\/i0.wp.com\/www.grieta.org.mx\/wp-content\/uploads\/2018\/03\/14524434_1106112876131411_958039263622046936_o.jpg?resize=700%2C400 2x"},"classes":[]},{"id":54753,"url":"http:\/\/www.grieta.org.mx\/index.php\/2020\/09\/07\/12-trabajadores-de-la-salud-han-muerto-por-covid-19-en-aguascalientes-pero-existe-un-subregistro\/","url_meta":{"origin":49231,"position":4},"title":"12 TRABAJADORES DE LA SALUD HAN MUERTO POR COVID-19 EN AGUASCALIENTES, PERO EXISTE UN SUBREGISTRO","author":"grieta","date":"7 septiembre, 2020","format":false,"excerpt":"Adrian Javier Flores Nieves\/La Jornada Aguascalientes 7 septiembre 2020 No se ha logrado recopilar toda la informaci\u00f3n de las p\u00e9rdidas en el gremio de salud aguascalentense, s\u00f3lo del IMSS y del Issste No tenemos la indisposici\u00f3n, estamos dispuestos, no vamos a dar un paso atr\u00e1s, pero no tenemos tanto personal\u2026","rel":"","context":"En &quot;Aguascalientes&quot;","block_context":{"text":"Aguascalientes","link":"http:\/\/www.grieta.org.mx\/index.php\/category\/noticias-nacionales\/aguascalientes\/"},"img":{"alt_text":"","src":"https:\/\/i0.wp.com\/www.grieta.org.mx\/wp-content\/uploads\/2020\/11\/medicos-covid.jpg?resize=350%2C200","width":350,"height":200},"classes":[]},{"id":45438,"url":"http:\/\/www.grieta.org.mx\/index.php\/2020\/02\/15\/instalaran-camaras-de-vigilancia-en-escuelas-marginales-de-aguascalientes\/","url_meta":{"origin":49231,"position":5},"title":"INSTALAR\u00c1N C\u00c1MARAS DE VIGILANCIA EN ESCUELAS MARGINALES DE AGUASCALIENTES","author":"grieta","date":"15 febrero, 2020","format":false,"excerpt":"Adrian Javier Flores Nieves\/La Jornada Aguascalientes 15 febrero 2020 Primero se tendr\u00e1 que trabajar en la conectividad de las c\u00e1maras para su coordinaci\u00f3n con el C4 y, posteriormente, con el C5. Para mejorar el patrullaje en las escuelas, adem\u00e1s de las corporaciones estatales y municipales de polic\u00edas, se est\u00e1 viendo\u2026","rel":"","context":"En &quot;Aguascalientes&quot;","block_context":{"text":"Aguascalientes","link":"http:\/\/www.grieta.org.mx\/index.php\/category\/noticias-nacionales\/aguascalientes\/"},"img":{"alt_text":"","src":"https:\/\/i0.wp.com\/www.grieta.org.mx\/wp-content\/uploads\/2020\/03\/43616840972_57519ba00a_c.jpg?resize=350%2C200","width":350,"height":200,"srcset":"https:\/\/i0.wp.com\/www.grieta.org.mx\/wp-content\/uploads\/2020\/03\/43616840972_57519ba00a_c.jpg?resize=350%2C200 1x, https:\/\/i0.wp.com\/www.grieta.org.mx\/wp-content\/uploads\/2020\/03\/43616840972_57519ba00a_c.jpg?resize=525%2C300 1.5x, https:\/\/i0.wp.com\/www.grieta.org.mx\/wp-content\/uploads\/2020\/03\/43616840972_57519ba00a_c.jpg?resize=700%2C400 2x"},"classes":[]}],"_links":{"self":[{"href":"http:\/\/www.grieta.org.mx\/index.php\/wp-json\/wp\/v2\/posts\/49231","targetHints":{"allow":["GET"]}}],"collection":[{"href":"http:\/\/www.grieta.org.mx\/index.php\/wp-json\/wp\/v2\/posts"}],"about":[{"href":"http:\/\/www.grieta.org.mx\/index.php\/wp-json\/wp\/v2\/types\/post"}],"author":[{"embeddable":true,"href":"http:\/\/www.grieta.org.mx\/index.php\/wp-json\/wp\/v2\/users\/2"}],"replies":[{"embeddable":true,"href":"http:\/\/www.grieta.org.mx\/index.php\/wp-json\/wp\/v2\/comments?post=49231"}],"version-history":[{"count":1,"href":"http:\/\/www.grieta.org.mx\/index.php\/wp-json\/wp\/v2\/posts\/49231\/revisions"}],"predecessor-version":[{"id":49234,"href":"http:\/\/www.grieta.org.mx\/index.php\/wp-json\/wp\/v2\/posts\/49231\/revisions\/49234"}],"wp:featuredmedia":[{"embeddable":true,"href":"http:\/\/www.grieta.org.mx\/index.php\/wp-json\/wp\/v2\/media\/49232"}],"wp:attachment":[{"href":"http:\/\/www.grieta.org.mx\/index.php\/wp-json\/wp\/v2\/media?parent=49231"}],"wp:term":[{"taxonomy":"category","embeddable":true,"href":"http:\/\/www.grieta.org.mx\/index.php\/wp-json\/wp\/v2\/categories?post=49231"},{"taxonomy":"post_tag","embeddable":true,"href":"http:\/\/www.grieta.org.mx\/index.php\/wp-json\/wp\/v2\/tags?post=49231"}],"curies":[{"name":"wp","href":"https:\/\/api.w.org\/{rel}","templated":true}]}}