{"id":49183,"date":"2019-10-14T18:08:12","date_gmt":"2019-10-14T23:08:12","guid":{"rendered":"http:\/\/www.grieta.org.mx\/?p=49183"},"modified":"2020-05-14T18:13:24","modified_gmt":"2020-05-14T23:13:24","slug":"pueblos-indigenas-de-chihuahua-demandan-agua-alimentos-y-respeto-a-su-autonomia","status":"publish","type":"post","link":"http:\/\/www.grieta.org.mx\/index.php\/2019\/10\/14\/pueblos-indigenas-de-chihuahua-demandan-agua-alimentos-y-respeto-a-su-autonomia\/","title":{"rendered":"Pueblos ind\u00edgenas de Chihuahua demandan agua, alimentos y respeto a su autonom\u00eda"},"content":{"rendered":"<p>Ra\u00edchali<\/p>\n<p><img loading=\"lazy\" decoding=\"async\" data-attachment-id=\"49184\" data-permalink=\"http:\/\/www.grieta.org.mx\/index.php\/2019\/10\/14\/pueblos-indigenas-de-chihuahua-demandan-agua-alimentos-y-respeto-a-su-autonomia\/foto-1-etnias-de-chihuahua-raichali\/\" data-orig-file=\"http:\/\/www.grieta.org.mx\/wp-content\/uploads\/2020\/05\/Foto-1-Etnias-de-Chihuahua-Raichali.jpg\" data-orig-size=\"1024,683\" data-comments-opened=\"0\" data-image-meta=\"{&quot;aperture&quot;:&quot;0&quot;,&quot;credit&quot;:&quot;&quot;,&quot;camera&quot;:&quot;&quot;,&quot;caption&quot;:&quot;&quot;,&quot;created_timestamp&quot;:&quot;0&quot;,&quot;copyright&quot;:&quot;&quot;,&quot;focal_length&quot;:&quot;0&quot;,&quot;iso&quot;:&quot;0&quot;,&quot;shutter_speed&quot;:&quot;0&quot;,&quot;title&quot;:&quot;&quot;,&quot;orientation&quot;:&quot;1&quot;}\" data-image-title=\"Foto-1-Etnias-de-Chihuahua-Raichali\" data-image-description=\"\" data-image-caption=\"\" data-medium-file=\"http:\/\/www.grieta.org.mx\/wp-content\/uploads\/2020\/05\/Foto-1-Etnias-de-Chihuahua-Raichali-300x200.jpg\" data-large-file=\"http:\/\/www.grieta.org.mx\/wp-content\/uploads\/2020\/05\/Foto-1-Etnias-de-Chihuahua-Raichali-1024x683.jpg\" class=\"aligncenter  wp-image-49184\" src=\"http:\/\/www.grieta.org.mx\/wp-content\/uploads\/2020\/05\/Foto-1-Etnias-de-Chihuahua-Raichali.jpg\" alt=\"\" width=\"796\" height=\"531\" srcset=\"http:\/\/www.grieta.org.mx\/wp-content\/uploads\/2020\/05\/Foto-1-Etnias-de-Chihuahua-Raichali.jpg 1024w, http:\/\/www.grieta.org.mx\/wp-content\/uploads\/2020\/05\/Foto-1-Etnias-de-Chihuahua-Raichali-300x200.jpg 300w, http:\/\/www.grieta.org.mx\/wp-content\/uploads\/2020\/05\/Foto-1-Etnias-de-Chihuahua-Raichali-768x512.jpg 768w, http:\/\/www.grieta.org.mx\/wp-content\/uploads\/2020\/05\/Foto-1-Etnias-de-Chihuahua-Raichali-750x500.jpg 750w\" sizes=\"auto, (max-width: 796px) 100vw, 796px\" \/><\/p>\n<p>Chihuahua \u2013 Los cuatro pueblos originarios de Chihuahua, \u00f3dami, rar\u00e1muri, o\u2019boa y warij\u00f3, han demandado al Estado el respeto a su autonom\u00eda, fuentes de empleo que les permita permanecer en su comunidad, y acceso a servicios b\u00e1sicos como agua y alimentos.<\/p>\n<p>Aunque las necesidades var\u00edan por comunidad y etnia, estos tres temas han sido recurrentes durante el proceso de consulta que actualmente est\u00e1 en proceso en 20 municipios. As\u00ed lo dio a conocer el director de Derechos de los Pueblos Ind\u00edgenas, V\u00edctor Mart\u00ednez, quien destac\u00f3 que en las comunidades existe un gran inter\u00e9s por participar en el desarrollo de pol\u00edticas p\u00fablicas.<\/p>\n<h3>AGUA Y ALIMENTOS, CADA VEZ M\u00c1S ESCASOS<\/h3>\n<p>En algunas comunidades el problema es que llovi\u00f3 tarde, en otras, que el temporal lleg\u00f3 con granizo, al final el resultado es el mismo: la producci\u00f3n de alimentos no ser\u00e1 suficiente.<\/p>\n<p>Durante el proceso de consulta, detall\u00f3, todas las comunidades coinciden en que, de nuevo, el pr\u00f3ximo a\u00f1o no tendr\u00e1n suficiente comida. Uno de los municipios m\u00e1s afectados ser\u00e1 Guadalupe y Calvo, espec\u00edficamente en Baborigame.<\/p>\n<p>\u201cVemos que en algunos lugares se sec\u00f3 el ma\u00edz porque no llovi\u00f3 a tiempo, hay otros en donde llovi\u00f3, la milpa iba bien, pero el granizo lo tumb\u00f3. Hay preocupaci\u00f3n porque se prev\u00e9 una carencia de alimentos, otra vez\u201d.<\/p>\n<p>A esa problem\u00e1tica se suma la necesidad de acceder al servicio de agua potable cerca de sus casas, lo que les permitir\u00eda desarrollar huertos y corrales de gallinas para la producci\u00f3n de m\u00e1s alimentos.<\/p>\n<p>Expres\u00f3 que acercar el agua a las comunidades tambi\u00e9n les ayudar\u00eda a disminuir las enfermedades gastrointestinales que afectan principalmente a ni\u00f1os, ni\u00f1as y adultos mayores.<\/p>\n<h3>DERECHO A LA AUTONOM\u00cdA<\/h3>\n<p>En los recorridos del equipo de la Comisi\u00f3n Estatal para los Pueblos Ind\u00edgenas (Coepi) se han detectado situaciones como la intromisi\u00f3n de los ayuntamientos en el nombramiento de autoridades ind\u00edgenas.<\/p>\n<p>Uno de esos casos, explic\u00f3 Mart\u00ednez, es el municipio de Morelos, en donde las personas consultadas expresaron que es el Ayuntamiento el que nombra a los gobernadores ind\u00edgenas.<\/p>\n<p>Batopilas es otro caso similar. Ah\u00ed, la denuncia fue que la Coepi, antes Coordinadora Estatal de la Tarahuamara, hac\u00eda los nombramientos y, al llegar con la consulta, lo primero que les preguntaron fue cu\u00e1ndo iban a ir para elegir a sus autoridades.<\/p>\n<p>En esa misma l\u00ednea, una exigencia recurrente es el reconocimiento de su derecho a la autonom\u00eda en la organizaci\u00f3n interna de cada comunidad y el respeto al espacio com\u00fan y a su territorio.<\/p>\n<p>\u201cUn com\u00fan: la demanda al respeto a sus autoridades, a su propia forma de organizarse, s\u00ed hay inter\u00e9s de participar, de conservar su territorio y espacios comunes\u201d.<\/p>\n<h3>EXIGEN FUENTES DE EMPLEO<\/h3>\n<p>Otra de las denuncias m\u00e1s sentidas entre las comunidades ind\u00edgenas es la falta de empleo, lo que los orilla a migrar para salir adelante.<\/p>\n<p>La principal preocupaci\u00f3n, detall\u00f3 \u00e9l funcionario, es que al terminarse le programa de empleo temporal del gobierno federal, tambi\u00e9n perdieron una fuente de ingresos importante y la posibilidad de trabajar en proyectos que ayuden a las comunidades.<\/p>\n<p>\u201cEl trabajo es una demanda fuerte. Dicen que no quieren salir fuera pero no les queda de otra. Les parec\u00eda, por ejemplo, que el programa de empleo temporal iba m\u00e1s acorde a los intereses y necesidades porque ten\u00edan un ingreso seguro\u201d.<\/p>\n<p>El impacto que han tenido las comunidades por la cancelaci\u00f3n de programas federales con el gobierno de Andr\u00e9s Manuel L\u00f3pez Obrador, se puede observar en el reclamo de los ind\u00edgenas que iniciaron en junio con las marcha del hambre por trabajo.<\/p>\n<p>La demanda de los representantes de 20 comunidades de Guachochi y Bocoyna, es que eliminaron programas como Procampo, Prospera, as\u00ed como becas para las mujeres entre 45 y 55 a\u00f1os que ya no tienen hijos en edad escolar.<\/p>\n<h3>SOBRE LA CONSULTA<\/h3>\n<p>La consulta a los pueblos originarios inici\u00f3 en 2017 como parte del Plan Estatal de Desarrollo, el cual establece que se debe trabajar con respeto a los derechos de las comunidades ind\u00edgenas.<\/p>\n<p>El objetivo, inform\u00f3 el director, es armonizar la ley estatal con los par\u00e1metros nacionales y los tratados internacionales que ha suscrito M\u00e9xico, entre ellos el Convenio 169.<\/p>\n<p>A la fecha se han realizado dos consultas. La primera fue para la reforma de los art\u00edculos 8, 9 y 10 de la constituci\u00f3n local, para ampliar el derecho a la participaci\u00f3n y consulta.<\/p>\n<p>La segunda corresponde a la ley de consulta, la cual esperan que sea el mecanismo que garantice a los pueblos originarios que tendr\u00e1n voz y voto en los proyectos que les pueda impactar tanto positiva como negativamente, por ejemplo, el desarrollo de megaproyectos.<\/p>\n<p>En la cancha del poder legislativo tambi\u00e9n hay una reforma al C\u00f3digo Municipal para que cada Ayuntamiento cuente en su estructura con una representaci\u00f3n ind\u00edgena.<\/p>\n<p>\u201cHay inter\u00e9s de participar, vemos que el tema de consulta no es un tema prioritario en las comunidades, pero para quienes hacemos pol\u00edtica p\u00fablica deben marcarse bien los caminos. S\u00ed el informar, s\u00ed el sensibilizar, pero tambi\u00e9n tienes que obligar a que se respeten los derechos y eso s\u00f3lo lo vamos a lograr con la ley\u201d.<\/p>\n<p>Las reuniones se han realizado en las sedes que las comunidades han determinado en los municipios de Madera, Tem\u00f3sachi, Guerrero, Moris, Bocoyna, Cuauht\u00e9moc, Delicias, Meoqui, Parral, Balleza, Guachochi, Unique, Morelos, Batopilas,Carich\u00ed, Chihuahua, Ju\u00e1rez, Uruachi, Ch\u00ednipas y Guadalupe y Calvo.<\/p>\n<p><a href=\"https:\/\/raichali.com\/2019\/10\/14\/3252\/\">https:\/\/raichali.com\/2019\/10\/14\/3252\/<\/a>&nbsp;<\/p>\n<p>&nbsp;<\/p>\n","protected":false},"excerpt":{"rendered":"<p>Ra\u00edchali Chihuahua \u2013 Los cuatro pueblos originarios de Chihuahua, \u00f3dami, rar\u00e1muri, o\u2019boa y warij\u00f3, han demandado al Estado el respeto a su autonom\u00eda, fuentes de empleo que les permita permanecer &hellip; <a href=\"http:\/\/www.grieta.org.mx\/index.php\/2019\/10\/14\/pueblos-indigenas-de-chihuahua-demandan-agua-alimentos-y-respeto-a-su-autonomia\/\" class=\"more-link\">Leer m\u00e1s<\/a><\/p>\n","protected":false},"author":2,"featured_media":49184,"comment_status":"closed","ping_status":"closed","sticky":false,"template":"","format":"standard","meta":{"ngg_post_thumbnail":0,"_jetpack_newsletter_access":"","_jetpack_dont_email_post_to_subs":false,"_jetpack_newsletter_tier_id":0,"_jetpack_memberships_contains_paywalled_content":false,"_jetpack_memberships_contains_paid_content":false,"footnotes":""},"categories":[12,1029,2662],"tags":[1715],"class_list":["post-49183","post","type-post","status-publish","format-standard","has-post-thumbnail","hentry","category-chihuahua","category-conflictos-y-resistencias-del-pueblo-raramuri","category-lucha-y-resistencia-de-los-pueblos-originarios-de-chihuahua","tag-pueblo-raramuri","entry"],"jetpack_featured_media_url":"http:\/\/www.grieta.org.mx\/wp-content\/uploads\/2020\/05\/Foto-1-Etnias-de-Chihuahua-Raichali.jpg","jetpack_sharing_enabled":true,"jetpack_shortlink":"https:\/\/wp.me\/p7ZJR4-cNh","jetpack_likes_enabled":false,"jetpack-related-posts":[{"id":40732,"url":"http:\/\/www.grieta.org.mx\/index.php\/2019\/10\/26\/plasman-en-mural-los-rostros-de-tres-defensores-indigenas-del-medio-ambiente-en-chihuahua\/","url_meta":{"origin":49183,"position":0},"title":"Plasman en mural los rostros de tres defensores ind\u00edgenas del medio ambiente en Chihuahua","author":"grieta","date":"26 octubre, 2019","format":false,"excerpt":"Patricia Mayorga\/Proceso CIUDAD DE M\u00c9XICO (apro).- Los rostros de Juli\u00e1n Carrillo Mart\u00ednez, Isidro Baldenegro L\u00f3pez y Juan Ontiveros Ramos, defensores ind\u00edgenas del medio ambiente, fueron plasmados en un mural en las instalaciones de la organizaci\u00f3n Alianza Sierra Madre, en la capital de Chihuahua. Los muralistas Antonio Leal Bejarano \u2018Terremoto\u2019 y\u2026","rel":"","context":"En &quot;Chihuahua&quot;","block_context":{"text":"Chihuahua","link":"http:\/\/www.grieta.org.mx\/index.php\/category\/noticias-nacionales\/chihuahua\/"},"img":{"alt_text":"","src":"https:\/\/i0.wp.com\/www.grieta.org.mx\/wp-content\/uploads\/2019\/10\/Alianza-Sierra-Madre-OK-870x522.jpg?resize=350%2C200","width":350,"height":200,"srcset":"https:\/\/i0.wp.com\/www.grieta.org.mx\/wp-content\/uploads\/2019\/10\/Alianza-Sierra-Madre-OK-870x522.jpg?resize=350%2C200 1x, https:\/\/i0.wp.com\/www.grieta.org.mx\/wp-content\/uploads\/2019\/10\/Alianza-Sierra-Madre-OK-870x522.jpg?resize=525%2C300 1.5x, https:\/\/i0.wp.com\/www.grieta.org.mx\/wp-content\/uploads\/2019\/10\/Alianza-Sierra-Madre-OK-870x522.jpg?resize=700%2C400 2x"},"classes":[]},{"id":59724,"url":"http:\/\/www.grieta.org.mx\/index.php\/2021\/06\/09\/hambruna-y-sequia-hacen-emigrar-a-indigenas-de-sus-pueblos-chihuahua\/","url_meta":{"origin":49183,"position":1},"title":"Hambruna y sequ\u00eda hacen emigrar a ind\u00edgenas de sus pueblos (Chihuahua)","author":"grieta","date":"9 junio, 2021","format":false,"excerpt":"La mayor\u00eda de los rar\u00e1muris se establecen en albergues en Parral, donde ya no hay cupo; siguen bajando de las partes altas de la sierra Mariano Rubio | El Sol de Parral Parral, Chih.-\u00a0La sequ\u00eda y la hambruna obligan a ind\u00edgenas a migrar desde Guadalupe y Calvo, a ciudades del\u2026","rel":"","context":"En &quot;Chihuahua&quot;","block_context":{"text":"Chihuahua","link":"http:\/\/www.grieta.org.mx\/index.php\/category\/noticias-nacionales\/chihuahua\/"},"img":{"alt_text":"","src":"https:\/\/i0.wp.com\/www.grieta.org.mx\/wp-content\/uploads\/2021\/06\/MIGRACION-FOTO-CORTESIA-HUGO-MORENO-del-municipio-de-Balleza3.jpg?resize=350%2C200","width":350,"height":200,"srcset":"https:\/\/i0.wp.com\/www.grieta.org.mx\/wp-content\/uploads\/2021\/06\/MIGRACION-FOTO-CORTESIA-HUGO-MORENO-del-municipio-de-Balleza3.jpg?resize=350%2C200 1x, https:\/\/i0.wp.com\/www.grieta.org.mx\/wp-content\/uploads\/2021\/06\/MIGRACION-FOTO-CORTESIA-HUGO-MORENO-del-municipio-de-Balleza3.jpg?resize=525%2C300 1.5x, https:\/\/i0.wp.com\/www.grieta.org.mx\/wp-content\/uploads\/2021\/06\/MIGRACION-FOTO-CORTESIA-HUGO-MORENO-del-municipio-de-Balleza3.jpg?resize=700%2C400 2x"},"classes":[]},{"id":40465,"url":"http:\/\/www.grieta.org.mx\/index.php\/2019\/10\/25\/a-un-ano-del-asesinato-del-defensor-raramuri-julian-carrillo-su-familia-sigue-desplazada-chihuahua\/","url_meta":{"origin":49183,"position":2},"title":"A un a\u00f1o del asesinato del defensor rar\u00e1muri Juli\u00e1n Carrillo, su familia sigue desplazada (Chihuahua)","author":"grieta","date":"25 octubre, 2019","format":false,"excerpt":"Alberto Pradilla\/Animal Pol\u00edtico Juli\u00e1n Carrillo, de 54 a\u00f1os, defensor rar\u00e1muri de la comunidad Coloradas de la Virgen, Chihuahua, fue asesinado hace exactamente un a\u00f1o. Su muerte fue la \u00faltima de una serie de homicidios en los que se ensa\u00f1aron con su familia. El 5 de febrero de 2016, su hijo\u2026","rel":"","context":"En &quot;Chihuahua&quot;","block_context":{"text":"Chihuahua","link":"http:\/\/www.grieta.org.mx\/index.php\/category\/noticias-nacionales\/chihuahua\/"},"img":{"alt_text":"","src":"https:\/\/i0.wp.com\/www.grieta.org.mx\/wp-content\/uploads\/2019\/10\/8-1024x683-1.jpg?resize=350%2C200","width":350,"height":200,"srcset":"https:\/\/i0.wp.com\/www.grieta.org.mx\/wp-content\/uploads\/2019\/10\/8-1024x683-1.jpg?resize=350%2C200 1x, https:\/\/i0.wp.com\/www.grieta.org.mx\/wp-content\/uploads\/2019\/10\/8-1024x683-1.jpg?resize=525%2C300 1.5x, https:\/\/i0.wp.com\/www.grieta.org.mx\/wp-content\/uploads\/2019\/10\/8-1024x683-1.jpg?resize=700%2C400 2x, https:\/\/i0.wp.com\/www.grieta.org.mx\/wp-content\/uploads\/2019\/10\/8-1024x683-1.jpg?resize=1050%2C600 3x"},"classes":[]},{"id":35189,"url":"http:\/\/www.grieta.org.mx\/index.php\/2019\/05\/17\/comunidad-raramuri-se-defiende-de-intento-de-desalojo-y-director-de-asentamientos-abandona-reunion-chihuahua\/","url_meta":{"origin":49183,"position":3},"title":"Comunidad rar\u00e1muri se defiende de intento de desalojo y director de asentamientos abandona reuni\u00f3n (Chihuahua)","author":"grieta","date":"17 mayo, 2019","format":false,"excerpt":"RA\u00cdCHALI El director de la asociaci\u00f3n civil Asentamientos Tarahumares, Eleazar S\u00e1nchez abandon\u00f3 el di\u00e1logo con los habitantes del asentamiento Carlos D\u00edaz Infante porque se negaron a comprarle las casas en las que viven desde hace m\u00e1s de 20 a\u00f1os. S\u00e1nchez convoc\u00f3 este jueves a una reuni\u00f3n en el asentamiento rar\u00e1muri\u2026","rel":"","context":"En &quot;Chihuahua&quot;","block_context":{"text":"Chihuahua","link":"http:\/\/www.grieta.org.mx\/index.php\/category\/noticias-nacionales\/chihuahua\/"},"img":{"alt_text":"","src":"https:\/\/i0.wp.com\/www.grieta.org.mx\/wp-content\/uploads\/2019\/06\/Asentamientos-tarahumaras.jpg?resize=350%2C200","width":350,"height":200,"srcset":"https:\/\/i0.wp.com\/www.grieta.org.mx\/wp-content\/uploads\/2019\/06\/Asentamientos-tarahumaras.jpg?resize=350%2C200 1x, https:\/\/i0.wp.com\/www.grieta.org.mx\/wp-content\/uploads\/2019\/06\/Asentamientos-tarahumaras.jpg?resize=525%2C300 1.5x"},"classes":[]},{"id":59731,"url":"http:\/\/www.grieta.org.mx\/index.php\/2021\/06\/05\/los-ecos-de-indignacion-indigena-mogotavo-exige-justicia-chihuahua\/","url_meta":{"origin":49183,"position":4},"title":"Los ecos de indignaci\u00f3n ind\u00edgena: Mog\u00f3tavo exige justicia (Chihuahua)","author":"grieta","date":"5 junio, 2021","format":false,"excerpt":"Ni el sol abrasador, la dura jornada de pie o la presencia de elementos de seguridad estatal, fueron impedimentos para que los pueblos originarios de la Sierra Tarahumara reclamaran con danzas, m\u00fasica y un esp\u00edritu de uni\u00f3n, el respeto a su territorio que se ve amenazado por empresarios y actores\u2026","rel":"","context":"En &quot;Chihuahua&quot;","block_context":{"text":"Chihuahua","link":"http:\/\/www.grieta.org.mx\/index.php\/category\/noticias-nacionales\/chihuahua\/"},"img":{"alt_text":"","src":"https:\/\/i0.wp.com\/www.grieta.org.mx\/wp-content\/uploads\/2021\/06\/untitled-197-1024x683-1.jpg?resize=350%2C200","width":350,"height":200,"srcset":"https:\/\/i0.wp.com\/www.grieta.org.mx\/wp-content\/uploads\/2021\/06\/untitled-197-1024x683-1.jpg?resize=350%2C200 1x, https:\/\/i0.wp.com\/www.grieta.org.mx\/wp-content\/uploads\/2021\/06\/untitled-197-1024x683-1.jpg?resize=525%2C300 1.5x, https:\/\/i0.wp.com\/www.grieta.org.mx\/wp-content\/uploads\/2021\/06\/untitled-197-1024x683-1.jpg?resize=700%2C400 2x"},"classes":[]},{"id":35171,"url":"http:\/\/www.grieta.org.mx\/index.php\/2019\/02\/21\/entra-lengua-pima-en-proceso-de-extincion-guarojio-tepehuan-y-raramuri-bajo-amenaza-chihuahua\/","url_meta":{"origin":49183,"position":5},"title":"Entra lengua pima en proceso de extinci\u00f3n; guaroj\u00edo, tepehu\u00e1n y rar\u00e1muri, bajo amenaza (Chihuahua)","author":"grieta","date":"21 febrero, 2019","format":false,"excerpt":"Adriana Alejandra Esquivel, texto, fotos y entrevistas\/ RA\u00cdCHALI En conjunto, las cuatro lenguas maternas que se hablan en Chihuahua est\u00e1n amenazadas. La pima est\u00e1 en etapa moribunda, la guaroj\u00edo ya s\u00f3lo se encuentra en tres municipios, mientras que la rar\u00e1muri y tepehu\u00e1n est\u00e1n divididas en bolsones con vitalidad alta y\u2026","rel":"","context":"En &quot;Chihuahua&quot;","block_context":{"text":"Chihuahua","link":"http:\/\/www.grieta.org.mx\/index.php\/category\/noticias-nacionales\/chihuahua\/"},"img":{"alt_text":"","src":"https:\/\/i0.wp.com\/www.grieta.org.mx\/wp-content\/uploads\/2019\/06\/IMG_3775-1024x683.jpg?resize=350%2C200","width":350,"height":200,"srcset":"https:\/\/i0.wp.com\/www.grieta.org.mx\/wp-content\/uploads\/2019\/06\/IMG_3775-1024x683.jpg?resize=350%2C200 1x, https:\/\/i0.wp.com\/www.grieta.org.mx\/wp-content\/uploads\/2019\/06\/IMG_3775-1024x683.jpg?resize=525%2C300 1.5x, https:\/\/i0.wp.com\/www.grieta.org.mx\/wp-content\/uploads\/2019\/06\/IMG_3775-1024x683.jpg?resize=700%2C400 2x"},"classes":[]}],"_links":{"self":[{"href":"http:\/\/www.grieta.org.mx\/index.php\/wp-json\/wp\/v2\/posts\/49183","targetHints":{"allow":["GET"]}}],"collection":[{"href":"http:\/\/www.grieta.org.mx\/index.php\/wp-json\/wp\/v2\/posts"}],"about":[{"href":"http:\/\/www.grieta.org.mx\/index.php\/wp-json\/wp\/v2\/types\/post"}],"author":[{"embeddable":true,"href":"http:\/\/www.grieta.org.mx\/index.php\/wp-json\/wp\/v2\/users\/2"}],"replies":[{"embeddable":true,"href":"http:\/\/www.grieta.org.mx\/index.php\/wp-json\/wp\/v2\/comments?post=49183"}],"version-history":[{"count":1,"href":"http:\/\/www.grieta.org.mx\/index.php\/wp-json\/wp\/v2\/posts\/49183\/revisions"}],"predecessor-version":[{"id":49185,"href":"http:\/\/www.grieta.org.mx\/index.php\/wp-json\/wp\/v2\/posts\/49183\/revisions\/49185"}],"wp:featuredmedia":[{"embeddable":true,"href":"http:\/\/www.grieta.org.mx\/index.php\/wp-json\/wp\/v2\/media\/49184"}],"wp:attachment":[{"href":"http:\/\/www.grieta.org.mx\/index.php\/wp-json\/wp\/v2\/media?parent=49183"}],"wp:term":[{"taxonomy":"category","embeddable":true,"href":"http:\/\/www.grieta.org.mx\/index.php\/wp-json\/wp\/v2\/categories?post=49183"},{"taxonomy":"post_tag","embeddable":true,"href":"http:\/\/www.grieta.org.mx\/index.php\/wp-json\/wp\/v2\/tags?post=49183"}],"curies":[{"name":"wp","href":"https:\/\/api.w.org\/{rel}","templated":true}]}}