{"id":49173,"date":"2020-05-11T17:29:25","date_gmt":"2020-05-11T22:29:25","guid":{"rendered":"http:\/\/www.grieta.org.mx\/?p=49173"},"modified":"2020-05-14T17:38:32","modified_gmt":"2020-05-14T22:38:32","slug":"suspenden-reubicacion-de-pobladores-de-campeche-por-el-tren-maya","status":"publish","type":"post","link":"http:\/\/www.grieta.org.mx\/index.php\/2020\/05\/11\/suspenden-reubicacion-de-pobladores-de-campeche-por-el-tren-maya\/","title":{"rendered":"Suspenden reubicaci\u00f3n de pobladores de Campeche por el Tren Maya"},"content":{"rendered":"<p><img loading=\"lazy\" decoding=\"async\" data-attachment-id=\"49174\" data-permalink=\"http:\/\/www.grieta.org.mx\/index.php\/2020\/05\/11\/suspenden-reubicacion-de-pobladores-de-campeche-por-el-tren-maya\/ruta-del-tren-maya-especial-1_0_21_677_421\/\" data-orig-file=\"http:\/\/www.grieta.org.mx\/wp-content\/uploads\/2020\/05\/ruta-del-tren-maya-especial-1_0_21_677_421-e1589495660951.jpeg\" data-orig-size=\"800,498\" data-comments-opened=\"0\" data-image-meta=\"{&quot;aperture&quot;:&quot;0&quot;,&quot;credit&quot;:&quot;&quot;,&quot;camera&quot;:&quot;&quot;,&quot;caption&quot;:&quot;&quot;,&quot;created_timestamp&quot;:&quot;0&quot;,&quot;copyright&quot;:&quot;&quot;,&quot;focal_length&quot;:&quot;0&quot;,&quot;iso&quot;:&quot;0&quot;,&quot;shutter_speed&quot;:&quot;0&quot;,&quot;title&quot;:&quot;&quot;,&quot;orientation&quot;:&quot;0&quot;}\" data-image-title=\"ruta-del-tren-maya-especial-1_0_21_677_421\" data-image-description=\"\" data-image-caption=\"\" data-medium-file=\"http:\/\/www.grieta.org.mx\/wp-content\/uploads\/2020\/05\/ruta-del-tren-maya-especial-1_0_21_677_421-300x187.jpeg\" data-large-file=\"http:\/\/www.grieta.org.mx\/wp-content\/uploads\/2020\/05\/ruta-del-tren-maya-especial-1_0_21_677_421-e1589495660951.jpeg\" src=\"http:\/\/www.grieta.org.mx\/wp-content\/uploads\/2020\/05\/ruta-del-tren-maya-especial-1_0_21_677_421-e1589495660951.jpeg\" alt=\"\" width=\"800\" height=\"498\" class=\"aligncenter size-full wp-image-49174\" \/><\/p>\n<p>Informe Fracto<\/p>\n<blockquote><p>La medida es temporal y el pr\u00f3ximo 15 de junio el Juzgado Primero de Distrito de Campeche deber\u00e1 decidir si la mantiene.<\/p><\/blockquote>\n<p>El proceso de reubicaci\u00f3n de pobladores de la ciudad de Campeche por el proyecto del Tren Maya ser\u00e1 suspendido durante la contingencia del COVID-19 (coronavirus), inform\u00f3 a trav\u00e9s de un comunicado el asesor jur\u00eddico del Colectivo Tres Colonias, Carlos Escoffi\u00e9.<\/p>\n<p>Como se ha publicado previamente en Informe Fracto, pese a la emergencia sanitaria, el Fondo Nacional de Fomento al Turismo (FONATUR) y la oficina para M\u00e9xico del Programa de Naciones Unidas para los Asentamientos Humanos (ONU-Habitat), inici\u00f3 el proceso de censos y reuniones con habitantes de los barrios Santa Luc\u00eda, Camino Real y La Ermita, localizados en la capital campechana, para iniciar el proceso de relocalizaci\u00f3n como parte de la construcci\u00f3n del mencionado proyecto ferroviario.<\/p>\n<p>Las y los habitantes manifestaron que esas medidas los pon\u00edan en riesgo de contagio del virus y de sufrir un \u201cdesalojo forzoso\u201d durante la contingencia, por lo cual el pasado 17 de abril interpusieron una demanda de amparo contra el Gobierno Federal.<\/p>\n<p>Finalmente, el pasado 5 de mayo el Juzgado Primero de Distrito en Campeche orden\u00f3 detener las entrevistas, reuniones y censos realizados por distintas autoridades federales durante el per\u00edodo de emergencia sanitaria.<\/p>\n<p>\u201cNo existen motivos para considerar que el proceso de relocalizaci\u00f3n se realice durante la pandemia, sobre todo por el temor y el estr\u00e9s adicional que le est\u00e1 generando a la poblaci\u00f3n\u201d, indic\u00f3 Carlos Escoffi\u00e9 a trav\u00e9s del bolet\u00edn.<\/p>\n<p>De acuerdo con el comunicado, con esta suspensi\u00f3n el Juzgado Primero garantiza que no se contin\u00fae con el proceso de censos y entrevistas que se requieren para el proceso denominado de relocalizaci\u00f3n, el cual es acusado por las y los vecinos de ser \u201cun proceso de desalojo forzoso disfrazado\u201d. La acci\u00f3n es temporal y el pr\u00f3ximo 15 de junio la autoridad judicial deber\u00e1 decidir si mantiene la medida de protecci\u00f3n. <\/p>\n<p><a href=\"https:\/\/informefracto.com\/voz-de-la-peninsula\/suspenden-reubicacion-de-pobladores-de-campeche-por-el-tren-maya\/\" rel=\"noopener noreferrer\" target=\"_blank\">https:\/\/informefracto.com\/voz-de-la-peninsula\/suspenden-reubicacion-de-pobladores-de-campeche-por-el-tren-maya\/<\/a><\/p>\n","protected":false},"excerpt":{"rendered":"<p>Informe Fracto La medida es temporal y el pr\u00f3ximo 15 de junio el Juzgado Primero de Distrito de Campeche deber\u00e1 decidir si la mantiene. El proceso de reubicaci\u00f3n de pobladores &hellip; <a href=\"http:\/\/www.grieta.org.mx\/index.php\/2020\/05\/11\/suspenden-reubicacion-de-pobladores-de-campeche-por-el-tren-maya\/\" class=\"more-link\">Leer m\u00e1s<\/a><\/p>\n","protected":false},"author":2,"featured_media":49174,"comment_status":"closed","ping_status":"closed","sticky":false,"template":"","format":"standard","meta":{"ngg_post_thumbnail":0,"_jetpack_newsletter_access":"","_jetpack_dont_email_post_to_subs":false,"_jetpack_newsletter_tier_id":0,"_jetpack_memberships_contains_paywalled_content":false,"_jetpack_memberships_contains_paid_content":false,"footnotes":""},"categories":[11,80,3280,3279,3272,3,922,926,944,952,2,28,1877,1875,1876,2026,36],"tags":[3241,3337,1878],"class_list":["post-49173","post","type-post","status-publish","format-standard","has-post-thumbnail","hentry","category-campeche","category-cintillo","category-cocid-19-en-campeche","category-covid-19-en-quintana-roo","category-covid-19-en-yucatan","category-megaproyectos","category-megaproyectos-estados","category-mp-campeche","category-mp-quintana-roo","category-mp-yucatan","category-noticias-nacionales","category-quintana-roo","category-resistencia-al-tren-maya-en-la-peninsula-de-yucatan-campeche","category-resistencia-al-tren-maya-en-la-peninsula-de-yucatan","category-resistencia-al-tren-maya-en-la-peninsula-de-yucatan-quintana-roo","category-tren-maya","category-yucatan","tag-covid-19","tag-reubicacion","tag-tren-maya","entry"],"jetpack_featured_media_url":"http:\/\/www.grieta.org.mx\/wp-content\/uploads\/2020\/05\/ruta-del-tren-maya-especial-1_0_21_677_421-e1589495660951.jpeg","jetpack_sharing_enabled":true,"jetpack_shortlink":"https:\/\/wp.me\/p7ZJR4-cN7","jetpack_likes_enabled":false,"jetpack-related-posts":[{"id":47874,"url":"http:\/\/www.grieta.org.mx\/index.php\/2020\/04\/13\/las-vias-torcidas-del-tren-maya-video\/","url_meta":{"origin":49173,"position":0},"title":"Las v\u00edas torcidas del tren maya (Video)","author":"grieta","date":"13 abril, 2020","format":false,"excerpt":"https:\/\/www.youtube.com\/watch?v=k8FRX9eT0YY","rel":"","context":"En &quot;16. Pueblo Maya&quot;","block_context":{"text":"16. Pueblo Maya","link":"http:\/\/www.grieta.org.mx\/index.php\/category\/espejos-de-la-resistencia\/16-pueblo-maya\/"},"img":{"alt_text":"","src":"https:\/\/i0.wp.com\/www.grieta.org.mx\/wp-content\/uploads\/2020\/04\/ViasTorcidasTrenMaya.png?resize=350%2C200","width":350,"height":200,"srcset":"https:\/\/i0.wp.com\/www.grieta.org.mx\/wp-content\/uploads\/2020\/04\/ViasTorcidasTrenMaya.png?resize=350%2C200 1x, https:\/\/i0.wp.com\/www.grieta.org.mx\/wp-content\/uploads\/2020\/04\/ViasTorcidasTrenMaya.png?resize=525%2C300 1.5x, https:\/\/i0.wp.com\/www.grieta.org.mx\/wp-content\/uploads\/2020\/04\/ViasTorcidasTrenMaya.png?resize=700%2C400 2x"},"classes":[]},{"id":35945,"url":"http:\/\/www.grieta.org.mx\/index.php\/2019\/07\/05\/expansion-de-megaproyectos-en-la-peninsula-de-yucatan-video\/","url_meta":{"origin":49173,"position":1},"title":"Expansi\u00f3n de Megaproyectos en la Pen\u00ednsula de Yucat\u00e1n (Video)","author":"grieta","date":"5 julio, 2019","format":false,"excerpt":"https:\/\/youtu.be\/qLBARIAaBsI","rel":"","context":"En &quot;Campeche&quot;","block_context":{"text":"Campeche","link":"http:\/\/www.grieta.org.mx\/index.php\/category\/noticias-nacionales\/campeche\/"},"img":{"alt_text":"","src":"https:\/\/i0.wp.com\/img.youtube.com\/vi\/qLBARIAaBsI\/0.jpg?resize=350%2C200","width":350,"height":200},"classes":[]},{"id":42990,"url":"http:\/\/www.grieta.org.mx\/index.php\/2020\/01\/09\/no-habra-indemnizacion-para-pobladores-de-china-solo-titulos-de-propiedad-campeche\/","url_meta":{"origin":49173,"position":2},"title":"No habr\u00e1 indemnizaci\u00f3n para pobladores de Chin\u00e1, s\u00f3lo t\u00edtulos de propiedad (Campeche)","author":"grieta","date":"9 enero, 2020","format":false,"excerpt":"Jairo Maga\u00f1a \/Foto: Fernando Eloy \/ La Jornada Maya San Francisco Maga\u00f1a Pobladores de Chin\u00e1, Campeche, manifestaron su inconformidad ante el proyecto del Tren Maya debido a que a\u00fan no saben cu\u00e1l ser\u00e1 el procedimiento respecto a los que podr\u00edan ser desalojados, si habr\u00e1 indemnizaci\u00f3n y que pasar\u00e1 con los\u2026","rel":"","context":"En &quot;Campeche&quot;","block_context":{"text":"Campeche","link":"http:\/\/www.grieta.org.mx\/index.php\/category\/noticias-nacionales\/campeche\/"},"img":{"alt_text":"","src":"https:\/\/i0.wp.com\/www.grieta.org.mx\/wp-content\/uploads\/2020\/01\/TrenMallaChina.jpg?resize=350%2C200","width":350,"height":200,"srcset":"https:\/\/i0.wp.com\/www.grieta.org.mx\/wp-content\/uploads\/2020\/01\/TrenMallaChina.jpg?resize=350%2C200 1x, https:\/\/i0.wp.com\/www.grieta.org.mx\/wp-content\/uploads\/2020\/01\/TrenMallaChina.jpg?resize=525%2C300 1.5x"},"classes":[]},{"id":48940,"url":"http:\/\/www.grieta.org.mx\/index.php\/2020\/05\/11\/interponen-queja-ante-la-cndh-contra-obras-del-tren-maya\/","url_meta":{"origin":49173,"position":3},"title":"Interponen queja ante la CNDH contra obras del Tren Maya","author":"grieta","date":"11 mayo, 2020","format":false,"excerpt":"Lilia Balam \/ Informe Fracto Colectivos ind\u00edgenas y organizaciones civiles argumentaron que continuar con la construcci\u00f3n del proyecto durante la pandemia vulnera los derechos de los pobladores de la regi\u00f3n. Colectivos ind\u00edgenas y organizaciones civiles de la Pen\u00ednsula de Yucat\u00e1n interpusieron una queja ante la Comisi\u00f3n Nacional de los Derechos\u2026","rel":"","context":"En &quot;Campeche&quot;","block_context":{"text":"Campeche","link":"http:\/\/www.grieta.org.mx\/index.php\/category\/noticias-nacionales\/campeche\/"},"img":{"alt_text":"","src":"https:\/\/i0.wp.com\/www.grieta.org.mx\/wp-content\/uploads\/2020\/05\/tren_maya.jpg1_-640x360-1-e1589284542406.jpg?resize=350%2C200","width":350,"height":200,"srcset":"https:\/\/i0.wp.com\/www.grieta.org.mx\/wp-content\/uploads\/2020\/05\/tren_maya.jpg1_-640x360-1-e1589284542406.jpg?resize=350%2C200 1x, https:\/\/i0.wp.com\/www.grieta.org.mx\/wp-content\/uploads\/2020\/05\/tren_maya.jpg1_-640x360-1-e1589284542406.jpg?resize=525%2C300 1.5x, https:\/\/i0.wp.com\/www.grieta.org.mx\/wp-content\/uploads\/2020\/05\/tren_maya.jpg1_-640x360-1-e1589284542406.jpg?resize=700%2C400 2x"},"classes":[]},{"id":49176,"url":"http:\/\/www.grieta.org.mx\/index.php\/2020\/05\/14\/cndh-pide-suspender-de-manera-urgente-obras-del-tren-maya\/","url_meta":{"origin":49173,"position":4},"title":"CNDH pide suspender de manera urgente obras del Tren Maya","author":"grieta","date":"14 mayo, 2020","format":false,"excerpt":"Lilia Balam \/ Informe Fracto El organismo emiti\u00f3 medidas cautelares al FONATUR para detener las actividades no esenciales relacionadas con el proyecto ferroviario, pues las obras vulnerar\u00edan los derechos de la poblaci\u00f3n. La Comisi\u00f3n Nacional de los Derechos Humanos (CNDH), solicit\u00f3 al Fondo Nacional de Fomento al Turismo (FONATUR), suspender\u2026","rel":"","context":"En &quot;Campeche&quot;","block_context":{"text":"Campeche","link":"http:\/\/www.grieta.org.mx\/index.php\/category\/noticias-nacionales\/campeche\/"},"img":{"alt_text":"","src":"https:\/\/i0.wp.com\/www.grieta.org.mx\/wp-content\/uploads\/2020\/05\/Tren_Maya_CNDH-1536x1003-e1589496540443.jpg?resize=350%2C200","width":350,"height":200,"srcset":"https:\/\/i0.wp.com\/www.grieta.org.mx\/wp-content\/uploads\/2020\/05\/Tren_Maya_CNDH-1536x1003-e1589496540443.jpg?resize=350%2C200 1x, https:\/\/i0.wp.com\/www.grieta.org.mx\/wp-content\/uploads\/2020\/05\/Tren_Maya_CNDH-1536x1003-e1589496540443.jpg?resize=525%2C300 1.5x, https:\/\/i0.wp.com\/www.grieta.org.mx\/wp-content\/uploads\/2020\/05\/Tren_Maya_CNDH-1536x1003-e1589496540443.jpg?resize=700%2C400 2x"},"classes":[]},{"id":45360,"url":"http:\/\/www.grieta.org.mx\/index.php\/2020\/02\/27\/no-estamos-peleando-la-suspension-provisional-del-tren-maya-sino-la-definitiva-cruz-rueda\/","url_meta":{"origin":49173,"position":5},"title":"&#8220;No estamos peleando la suspensi\u00f3n provisional del Tren Maya, sino la definitiva&#8221;: Cruz Rueda","author":"grieta","date":"27 febrero, 2020","format":false,"excerpt":"Impugnaci\u00f3n de Presidencia \"no nos quita el sue\u00f1o\" Abraham Bote \/Foto: Tomada de Twitter \/La Jornada Maya M\u00e9rida, Yucat\u00e1n Respecto a la impugnaci\u00f3n que realiz\u00f3 la Presidencia de la Rep\u00fablica y el apoderado de la Naci\u00f3n Financiera (Nafin), contra la suspensi\u00f3n provisional del proyecto de Tren Maya, la asesora jur\u00eddica\u2026","rel":"","context":"En &quot;16. Pueblo Maya&quot;","block_context":{"text":"16. Pueblo Maya","link":"http:\/\/www.grieta.org.mx\/index.php\/category\/espejos-de-la-resistencia\/16-pueblo-maya\/"},"img":{"alt_text":"","src":"https:\/\/i0.wp.com\/www.grieta.org.mx\/wp-content\/uploads\/2020\/02\/TrenMallaCampeche.png?resize=350%2C200","width":350,"height":200,"srcset":"https:\/\/i0.wp.com\/www.grieta.org.mx\/wp-content\/uploads\/2020\/02\/TrenMallaCampeche.png?resize=350%2C200 1x, https:\/\/i0.wp.com\/www.grieta.org.mx\/wp-content\/uploads\/2020\/02\/TrenMallaCampeche.png?resize=525%2C300 1.5x, https:\/\/i0.wp.com\/www.grieta.org.mx\/wp-content\/uploads\/2020\/02\/TrenMallaCampeche.png?resize=700%2C400 2x"},"classes":[]}],"_links":{"self":[{"href":"http:\/\/www.grieta.org.mx\/index.php\/wp-json\/wp\/v2\/posts\/49173","targetHints":{"allow":["GET"]}}],"collection":[{"href":"http:\/\/www.grieta.org.mx\/index.php\/wp-json\/wp\/v2\/posts"}],"about":[{"href":"http:\/\/www.grieta.org.mx\/index.php\/wp-json\/wp\/v2\/types\/post"}],"author":[{"embeddable":true,"href":"http:\/\/www.grieta.org.mx\/index.php\/wp-json\/wp\/v2\/users\/2"}],"replies":[{"embeddable":true,"href":"http:\/\/www.grieta.org.mx\/index.php\/wp-json\/wp\/v2\/comments?post=49173"}],"version-history":[{"count":1,"href":"http:\/\/www.grieta.org.mx\/index.php\/wp-json\/wp\/v2\/posts\/49173\/revisions"}],"predecessor-version":[{"id":49175,"href":"http:\/\/www.grieta.org.mx\/index.php\/wp-json\/wp\/v2\/posts\/49173\/revisions\/49175"}],"wp:featuredmedia":[{"embeddable":true,"href":"http:\/\/www.grieta.org.mx\/index.php\/wp-json\/wp\/v2\/media\/49174"}],"wp:attachment":[{"href":"http:\/\/www.grieta.org.mx\/index.php\/wp-json\/wp\/v2\/media?parent=49173"}],"wp:term":[{"taxonomy":"category","embeddable":true,"href":"http:\/\/www.grieta.org.mx\/index.php\/wp-json\/wp\/v2\/categories?post=49173"},{"taxonomy":"post_tag","embeddable":true,"href":"http:\/\/www.grieta.org.mx\/index.php\/wp-json\/wp\/v2\/tags?post=49173"}],"curies":[{"name":"wp","href":"https:\/\/api.w.org\/{rel}","templated":true}]}}