{"id":4909,"date":"2015-07-24T00:06:07","date_gmt":"2015-07-24T00:06:07","guid":{"rendered":"http:\/\/50.22.11.12\/~grietaor\/?p=4909"},"modified":"2016-03-26T00:16:05","modified_gmt":"2016-03-26T00:16:05","slug":"vecinos-del-fraccionamiento-santiago-bloquean-avenida-en-protesta-por-gasolinera","status":"publish","type":"post","link":"http:\/\/www.grieta.org.mx\/index.php\/2015\/07\/24\/vecinos-del-fraccionamiento-santiago-bloquean-avenida-en-protesta-por-gasolinera\/","title":{"rendered":"Vecinos del Fraccionamiento Santiago bloquean avenida en protesta por gasolinera"},"content":{"rendered":"<p>Cecilia Conde\/AM Quer\u00e9taro<\/p>\n<p>La edificaci\u00f3n de una gasolinera en avenida 5 de febrero no contaba con las medidas de seguridad que marca el reglamento para la construcci\u00f3n en la capital<\/p>\n<p>Personal de la administraci\u00f3n municipal de Quer\u00e9taro suspendi\u00f3 la obra de la construcci\u00f3n de la gasolinera que se pretend\u00eda ubicar en avenida 5 de Febrero y la desviaci\u00f3n a la carretera a Tlacote, debido a que no contaba con las medidas de seguridad que marca la normatividad para la construcci\u00f3n, as\u00ed lo se\u00f1al\u00f3 el secretario de Gobierno del municipio de Quer\u00e9taro, Gustavo Zepeda.<\/p>\n<p>Cabe se\u00f1alar que el jueves pasado, el director de Desarrollo Urbano del municipio, Miguel \u00c1ngel Bucio Reta, declar\u00f3 que esa construcci\u00f3n contaba con todos los permisos y estudios requeridos.<\/p>\n<p>\u201cLa direcci\u00f3n de Desarrollo Urbano decidi\u00f3 la suspensi\u00f3n temporal y en su caso ser\u00e1 objeto de un proceso determinado para respecto a la propia gasolinera que no contaba con las medidas de seguridad correspondientes\u201d, subray\u00f3.<\/p>\n<p>As\u00ed mismo, se\u00f1al\u00f3 que si bien esa construcci\u00f3n contaba con el permiso para construirse, se ten\u00eda que verificar si cumpl\u00eda con las medidas de seguridad para la obra, aunque no precis\u00f3 qu\u00e9 medidas no cumpli\u00f3, ya que afirm\u00f3 que ese tema le corresponde a otra direcci\u00f3n.<\/p>\n<p>En tanto, el director de Desarrollo Urbano del municipio hab\u00eda referido el jueves pasado que esa obra contaba con los vistos buenos de la Unidad Municipal de Protecci\u00f3n Civil, la Secretar\u00eda de Seguridad P\u00fablica del Municipio, la delegaci\u00f3n de la Comisi\u00f3n Federal de Electricidad y Petr\u00f3leos Mexicanos (Pemex).<\/p>\n<p>\u201cEsta secretar\u00eda, a trav\u00e9s de un servidor, solicit\u00f3 la colaboraci\u00f3n del secretario de Desarrollo Sustentable para que verificara la legalidad en cuanto a los permisos que la propia gasolinera contiene y tambi\u00e9n las condiciones y seguridad de la obra que se est\u00e1 ejecutando\u201d, subray\u00f3 el secretario de Gobierno.<\/p>\n<p>Se\u00f1al\u00f3 que derivado del bloqueo que realizaron los integrantes de la Asociaci\u00f3n de Colonos del Fraccionamiento Santiago en las laterales de 5 de Febrero y la carretera a Tlacote este mi\u00e9rcoles por la ma\u00f1ana, personal de esa secretar\u00eda acudi\u00f3 para establecer negociaciones con los vecinos de la zona. Adem\u00e1s, puntualiz\u00f3 que contin\u00faa la mesa de di\u00e1logo con los vecinos.<\/p>\n<p>\u201cNosotros hemos generado una mesa de di\u00e1logo con la propia asociaci\u00f3n de colonos, estaremos platicando de forma continua y sobre todo dando seguimiento a los temas con la propia direcci\u00f3n de gobernaci\u00f3n para tranquilidad de los vecinos y habitantes de la zona\u201d, subray\u00f3.<\/p>\n<p>Sobre el nombre del propietario de esa Estaci\u00f3n Tlacote, S.A. de C.V., el funcionario p\u00fablico refiri\u00f3 que no pod\u00eda proporcionar esa informaci\u00f3n, sino que se ten\u00eda que solicitar v\u00eda acceso a la informaci\u00f3n. Igualmente sobre las peticiones de los colonos del fraccionamiento Santiago en cuanto a los dict\u00e1menes de Protecci\u00f3n Civil, Pemex y de impacto vial, tambi\u00e9n asever\u00f3 que lo tienen que solicitar v\u00eda acceso a la informaci\u00f3n.<\/p>\n<p>\u201cSon datos reservados, cualquier tema (debe ser referido a la Unidad) de Acceso a la Informaci\u00f3n; finalmente el propietario es un particular y tambi\u00e9n ellos tienen derecho a salvaguardar su nombre\u201d, recalc\u00f3 el funcionario.<\/p>\n<p>Gustavo Zepeda no dio datos sobre cu\u00e1nto podr\u00eda durar esta clausura o si es definitiva, ya que recalc\u00f3 que los encargados del tema son de la Secretar\u00eda de Desarrollo Sustentable y la Direcci\u00f3n de Desarrollo Urbano.<\/p>\n<p><a href=\"http:\/\/amqueretaro.com\/queretaro\/2015\/07\/24\/suspenden-construccion-de-gasolinera-en-5-de-febrero\" target=\"_blank\">amqueretaro.com\/queretaro\/2015\/07\/24\/suspenden-construccion-de-gasolinera-en-5-de-febrero<\/a><\/p>\n","protected":false},"excerpt":{"rendered":"<p>Cecilia Conde\/AM Quer\u00e9taro La edificaci\u00f3n de una gasolinera en avenida 5 de febrero no contaba con las medidas de seguridad que marca el reglamento para la construcci\u00f3n en la capital &hellip; <a href=\"http:\/\/www.grieta.org.mx\/index.php\/2015\/07\/24\/vecinos-del-fraccionamiento-santiago-bloquean-avenida-en-protesta-por-gasolinera\/\" class=\"more-link\">Leer m\u00e1s<\/a><\/p>\n","protected":false},"author":2,"featured_media":21928,"comment_status":"closed","ping_status":"open","sticky":false,"template":"","format":"standard","meta":{"ngg_post_thumbnail":0,"_jetpack_newsletter_access":"","_jetpack_dont_email_post_to_subs":false,"_jetpack_newsletter_tier_id":0,"_jetpack_memberships_contains_paywalled_content":false,"_jetpack_memberships_contains_paid_content":false,"footnotes":""},"categories":[80,359],"tags":[377,180],"class_list":["post-4909","post","type-post","status-publish","format-standard","has-post-thumbnail","hentry","category-cintillo","category-queretaro","tag-cambio-de-uso-de-suelo","tag-protesta","entry"],"jetpack_featured_media_url":"http:\/\/www.grieta.org.mx\/wp-content\/uploads\/2018\/03\/14524434_1106112876131411_958039263622046936_o.jpg","jetpack_sharing_enabled":true,"jetpack_shortlink":"https:\/\/wp.me\/p7ZJR4-1hb","jetpack_likes_enabled":false,"jetpack-related-posts":[{"id":4895,"url":"http:\/\/www.grieta.org.mx\/index.php\/2016\/03\/16\/protestas-contra-gasolineras-en-queretaro\/","url_meta":{"origin":4909,"position":0},"title":"Protestas contra gasolineras en Quer\u00e9taro","author":"grieta","date":"16 marzo, 2016","format":false,"excerpt":"16\/03\/16. Vecinos de Tequisquiapan rechazan gasolinera El Universal 29\/02\/16. Habitantes de El Porvenir luchan por evitar la construcci\u00f3n de una gasolinera AM Quer\u00e9taro 22\/11\/15. Contin\u00faan acciones en el Fraccionamiento Santiago contra gasolinera AM Quer\u00e9taro 15\/11\/15. Vecinos de la colonia El Porvenir protestan contra gasolinera Tribuna de Quer\u00e9taro 16\/10\/15. Colonos de\u2026","rel":"","context":"En &quot;NOTICIAS NACIONALES&quot;","block_context":{"text":"NOTICIAS NACIONALES","link":"http:\/\/www.grieta.org.mx\/index.php\/category\/noticias-nacionales\/"},"img":{"alt_text":"","src":"https:\/\/i0.wp.com\/www.grieta.org.mx\/wp-content\/uploads\/2018\/03\/14524434_1106112876131411_958039263622046936_o.jpg?resize=350%2C200","width":350,"height":200,"srcset":"https:\/\/i0.wp.com\/www.grieta.org.mx\/wp-content\/uploads\/2018\/03\/14524434_1106112876131411_958039263622046936_o.jpg?resize=350%2C200 1x, https:\/\/i0.wp.com\/www.grieta.org.mx\/wp-content\/uploads\/2018\/03\/14524434_1106112876131411_958039263622046936_o.jpg?resize=525%2C300 1.5x, https:\/\/i0.wp.com\/www.grieta.org.mx\/wp-content\/uploads\/2018\/03\/14524434_1106112876131411_958039263622046936_o.jpg?resize=700%2C400 2x"},"classes":[]},{"id":4903,"url":"http:\/\/www.grieta.org.mx\/index.php\/2015\/11\/22\/continuan-acciones-en-el-fraccionamiento-santiago-contra-gasolinera\/","url_meta":{"origin":4909,"position":1},"title":"Contin\u00faan acciones en el Fraccionamiento Santiago contra gasolinera","author":"grieta","date":"22 noviembre, 2015","format":false,"excerpt":"Cecilia Conde\/AM Quer\u00e9taro Ser\u00e1 la administraci\u00f3n municipal quien decida si clausura o no esa gasolinera, ya que esa autoridad fue la que otorg\u00f3 los permisos durante la pasada administraci\u00f3n Vecinos del contin\u00faan con acciones para detener la apertura de la gasolinera, la cual se encuentra casi terminada en su construcci\u00f3n.\u2026","rel":"","context":"En &quot;CINTILLO&quot;","block_context":{"text":"CINTILLO","link":"http:\/\/www.grieta.org.mx\/index.php\/category\/cintillo\/"},"img":{"alt_text":"","src":"https:\/\/i0.wp.com\/www.grieta.org.mx\/wp-content\/uploads\/2018\/03\/14524434_1106112876131411_958039263622046936_o.jpg?resize=350%2C200","width":350,"height":200,"srcset":"https:\/\/i0.wp.com\/www.grieta.org.mx\/wp-content\/uploads\/2018\/03\/14524434_1106112876131411_958039263622046936_o.jpg?resize=350%2C200 1x, https:\/\/i0.wp.com\/www.grieta.org.mx\/wp-content\/uploads\/2018\/03\/14524434_1106112876131411_958039263622046936_o.jpg?resize=525%2C300 1.5x, https:\/\/i0.wp.com\/www.grieta.org.mx\/wp-content\/uploads\/2018\/03\/14524434_1106112876131411_958039263622046936_o.jpg?resize=700%2C400 2x"},"classes":[]},{"id":4906,"url":"http:\/\/www.grieta.org.mx\/index.php\/2015\/11\/15\/vecinos-de-la-colonia-el-porvenir-protestan-contra-gasolinera\/","url_meta":{"origin":4909,"position":2},"title":"Vecinos de la colonia El Porvenir protestan contra gasolinera","author":"grieta","date":"15 noviembre, 2015","format":false,"excerpt":"Aurora Vizca\u00edno Ruiz\/Tribuna de Quer\u00e9taro Anteriormente hab\u00edan conseguido la clausura de la gasolinera. Sin embargo, los sellos fueron removidos y la obra prosigui\u00f3 Habitantes de la calle Felipe \u00c1ngeles, en la colonia El Porvenir, se manifestaron nuevamente en contra de la instalaci\u00f3n y construcci\u00f3n de una gasolinera. \u201cAntes hab\u00eda \u00e1reas\u2026","rel":"","context":"En &quot;CINTILLO&quot;","block_context":{"text":"CINTILLO","link":"http:\/\/www.grieta.org.mx\/index.php\/category\/cintillo\/"},"img":{"alt_text":"","src":"https:\/\/i0.wp.com\/www.grieta.org.mx\/wp-content\/uploads\/2018\/03\/14524434_1106112876131411_958039263622046936_o.jpg?resize=350%2C200","width":350,"height":200,"srcset":"https:\/\/i0.wp.com\/www.grieta.org.mx\/wp-content\/uploads\/2018\/03\/14524434_1106112876131411_958039263622046936_o.jpg?resize=350%2C200 1x, https:\/\/i0.wp.com\/www.grieta.org.mx\/wp-content\/uploads\/2018\/03\/14524434_1106112876131411_958039263622046936_o.jpg?resize=525%2C300 1.5x, https:\/\/i0.wp.com\/www.grieta.org.mx\/wp-content\/uploads\/2018\/03\/14524434_1106112876131411_958039263622046936_o.jpg?resize=700%2C400 2x"},"classes":[]},{"id":4908,"url":"http:\/\/www.grieta.org.mx\/index.php\/2015\/09\/10\/se-manifiestan-vecinos-en-corregidora-por-gasolinera-cercana-a-3-escuelas\/","url_meta":{"origin":4909,"position":3},"title":"Se manifiestan vecinos en Corregidora por gasolinera cercana a 3 escuelas","author":"grieta","date":"10 septiembre, 2015","format":false,"excerpt":"Montserrat M\u00e1rquez\/AM Quer\u00e9taro Inconformes denunciaron que el predio en Corregidora destinado para una gasolinera tiene una suspensi\u00f3n de la Semarnat que proh\u00edbe su puesta en marcha y operaci\u00f3n La ma\u00f1ana de este jueves, vecinos de la colonia Reforma Agraria mostraron su inconformidad ante la construcci\u00f3n de una gasolinera sobre Boulevard\u2026","rel":"","context":"En &quot;CINTILLO&quot;","block_context":{"text":"CINTILLO","link":"http:\/\/www.grieta.org.mx\/index.php\/category\/cintillo\/"},"img":{"alt_text":"","src":"https:\/\/i0.wp.com\/www.grieta.org.mx\/wp-content\/uploads\/2018\/03\/14524434_1106112876131411_958039263622046936_o.jpg?resize=350%2C200","width":350,"height":200,"srcset":"https:\/\/i0.wp.com\/www.grieta.org.mx\/wp-content\/uploads\/2018\/03\/14524434_1106112876131411_958039263622046936_o.jpg?resize=350%2C200 1x, https:\/\/i0.wp.com\/www.grieta.org.mx\/wp-content\/uploads\/2018\/03\/14524434_1106112876131411_958039263622046936_o.jpg?resize=525%2C300 1.5x, https:\/\/i0.wp.com\/www.grieta.org.mx\/wp-content\/uploads\/2018\/03\/14524434_1106112876131411_958039263622046936_o.jpg?resize=700%2C400 2x"},"classes":[]},{"id":4899,"url":"http:\/\/www.grieta.org.mx\/index.php\/2016\/02\/29\/habitantes-de-el-porvenir-luchan-por-evitar-la-construccion-de-una-gasolinera\/","url_meta":{"origin":4909,"position":4},"title":"Habitantes de El Porvenir luchan por evitar la construcci\u00f3n de una gasolinera","author":"grieta","date":"29 febrero, 2016","format":false,"excerpt":"Esmeralda Trueba\/AM Quer\u00e9taro Hace dos a\u00f1os, los vecinos de la colonia El Porvenir Quer\u00e9taro contaban con un parque con \u00e1rea verde, sin embargo, un d\u00eda de forma inesperada arrib\u00f3 maquinaria a la zona, derribando este espacio dejando una gasolinera en su lugar, lo que provoc\u00f3 la inconformidad de cientos de\u2026","rel":"","context":"En &quot;CINTILLO&quot;","block_context":{"text":"CINTILLO","link":"http:\/\/www.grieta.org.mx\/index.php\/category\/cintillo\/"},"img":{"alt_text":"","src":"https:\/\/i0.wp.com\/www.grieta.org.mx\/wp-content\/uploads\/2018\/03\/14524434_1106112876131411_958039263622046936_o.jpg?resize=350%2C200","width":350,"height":200,"srcset":"https:\/\/i0.wp.com\/www.grieta.org.mx\/wp-content\/uploads\/2018\/03\/14524434_1106112876131411_958039263622046936_o.jpg?resize=350%2C200 1x, https:\/\/i0.wp.com\/www.grieta.org.mx\/wp-content\/uploads\/2018\/03\/14524434_1106112876131411_958039263622046936_o.jpg?resize=525%2C300 1.5x, https:\/\/i0.wp.com\/www.grieta.org.mx\/wp-content\/uploads\/2018\/03\/14524434_1106112876131411_958039263622046936_o.jpg?resize=700%2C400 2x"},"classes":[]},{"id":4896,"url":"http:\/\/www.grieta.org.mx\/index.php\/2016\/03\/16\/vecinos-de-tequisquiapan-rechazan-gasolinera\/","url_meta":{"origin":4909,"position":5},"title":"Vecinos de Tequisquiapan rechazan gasolinera","author":"grieta","date":"16 marzo, 2016","format":false,"excerpt":"Norma Ayala\/El Universal Habitantes del municipio de Tequisquiapan expresaron su inconformidad por la instalaci\u00f3n de una gasolinera, la numero 10 en el ayuntamiento, pues acusaron que la distribuidora de combustible pone en riesgo a alrededor de 460 familias de la zona, y a m\u00e1s de 2 mil alumnos, ya que\u2026","rel":"","context":"En &quot;CINTILLO&quot;","block_context":{"text":"CINTILLO","link":"http:\/\/www.grieta.org.mx\/index.php\/category\/cintillo\/"},"img":{"alt_text":"","src":"https:\/\/i0.wp.com\/www.grieta.org.mx\/wp-content\/uploads\/2018\/03\/14524434_1106112876131411_958039263622046936_o.jpg?resize=350%2C200","width":350,"height":200,"srcset":"https:\/\/i0.wp.com\/www.grieta.org.mx\/wp-content\/uploads\/2018\/03\/14524434_1106112876131411_958039263622046936_o.jpg?resize=350%2C200 1x, https:\/\/i0.wp.com\/www.grieta.org.mx\/wp-content\/uploads\/2018\/03\/14524434_1106112876131411_958039263622046936_o.jpg?resize=525%2C300 1.5x, https:\/\/i0.wp.com\/www.grieta.org.mx\/wp-content\/uploads\/2018\/03\/14524434_1106112876131411_958039263622046936_o.jpg?resize=700%2C400 2x"},"classes":[]}],"_links":{"self":[{"href":"http:\/\/www.grieta.org.mx\/index.php\/wp-json\/wp\/v2\/posts\/4909","targetHints":{"allow":["GET"]}}],"collection":[{"href":"http:\/\/www.grieta.org.mx\/index.php\/wp-json\/wp\/v2\/posts"}],"about":[{"href":"http:\/\/www.grieta.org.mx\/index.php\/wp-json\/wp\/v2\/types\/post"}],"author":[{"embeddable":true,"href":"http:\/\/www.grieta.org.mx\/index.php\/wp-json\/wp\/v2\/users\/2"}],"replies":[{"embeddable":true,"href":"http:\/\/www.grieta.org.mx\/index.php\/wp-json\/wp\/v2\/comments?post=4909"}],"version-history":[{"count":1,"href":"http:\/\/www.grieta.org.mx\/index.php\/wp-json\/wp\/v2\/posts\/4909\/revisions"}],"predecessor-version":[{"id":4914,"href":"http:\/\/www.grieta.org.mx\/index.php\/wp-json\/wp\/v2\/posts\/4909\/revisions\/4914"}],"wp:featuredmedia":[{"embeddable":true,"href":"http:\/\/www.grieta.org.mx\/index.php\/wp-json\/wp\/v2\/media\/21928"}],"wp:attachment":[{"href":"http:\/\/www.grieta.org.mx\/index.php\/wp-json\/wp\/v2\/media?parent=4909"}],"wp:term":[{"taxonomy":"category","embeddable":true,"href":"http:\/\/www.grieta.org.mx\/index.php\/wp-json\/wp\/v2\/categories?post=4909"},{"taxonomy":"post_tag","embeddable":true,"href":"http:\/\/www.grieta.org.mx\/index.php\/wp-json\/wp\/v2\/tags?post=4909"}],"curies":[{"name":"wp","href":"https:\/\/api.w.org\/{rel}","templated":true}]}}