{"id":49013,"date":"2020-05-07T23:48:44","date_gmt":"2020-05-08T04:48:44","guid":{"rendered":"http:\/\/www.grieta.org.mx\/?p=49013"},"modified":"2020-05-13T00:17:20","modified_gmt":"2020-05-13T05:17:20","slug":"estos-migrantes-sobrevivieron-al-trailer-de-la-muerte-de-texas-ahora-el-coronavirus-los-lleva-al-limite","status":"publish","type":"post","link":"http:\/\/www.grieta.org.mx\/index.php\/2020\/05\/07\/estos-migrantes-sobrevivieron-al-trailer-de-la-muerte-de-texas-ahora-el-coronavirus-los-lleva-al-limite\/","title":{"rendered":"Estos migrantes sobrevivieron al \u2018tr\u00e1iler de la muerte\u2019 de Texas&#8230; Ahora el coronavirus los lleva al l\u00edmite"},"content":{"rendered":"<p><img loading=\"lazy\" decoding=\"async\" data-attachment-id=\"49022\" data-permalink=\"http:\/\/www.grieta.org.mx\/index.php\/2020\/05\/07\/estos-migrantes-sobrevivieron-al-trailer-de-la-muerte-de-texas-ahora-el-coronavirus-los-lleva-al-limite\/foto_1_3\/\" data-orig-file=\"http:\/\/www.grieta.org.mx\/wp-content\/uploads\/2020\/05\/foto_1_3.jpg\" data-orig-size=\"1200,675\" data-comments-opened=\"0\" data-image-meta=\"{&quot;aperture&quot;:&quot;0&quot;,&quot;credit&quot;:&quot;&quot;,&quot;camera&quot;:&quot;&quot;,&quot;caption&quot;:&quot;&quot;,&quot;created_timestamp&quot;:&quot;0&quot;,&quot;copyright&quot;:&quot;&quot;,&quot;focal_length&quot;:&quot;0&quot;,&quot;iso&quot;:&quot;0&quot;,&quot;shutter_speed&quot;:&quot;0&quot;,&quot;title&quot;:&quot;&quot;,&quot;orientation&quot;:&quot;0&quot;}\" data-image-title=\"foto_1_3\" data-image-description=\"\" data-image-caption=\"\" data-medium-file=\"http:\/\/www.grieta.org.mx\/wp-content\/uploads\/2020\/05\/foto_1_3-300x169.jpg\" data-large-file=\"http:\/\/www.grieta.org.mx\/wp-content\/uploads\/2020\/05\/foto_1_3-1024x576.jpg\" class=\"aligncenter wp-image-49022\" src=\"http:\/\/www.grieta.org.mx\/wp-content\/uploads\/2020\/05\/foto_1_3.jpg\" alt=\"\" width=\"800\" height=\"450\" srcset=\"http:\/\/www.grieta.org.mx\/wp-content\/uploads\/2020\/05\/foto_1_3.jpg 1200w, http:\/\/www.grieta.org.mx\/wp-content\/uploads\/2020\/05\/foto_1_3-300x169.jpg 300w, http:\/\/www.grieta.org.mx\/wp-content\/uploads\/2020\/05\/foto_1_3-768x432.jpg 768w, http:\/\/www.grieta.org.mx\/wp-content\/uploads\/2020\/05\/foto_1_3-1024x576.jpg 1024w, http:\/\/www.grieta.org.mx\/wp-content\/uploads\/2020\/05\/foto_1_3-889x500.jpg 889w\" sizes=\"auto, (max-width: 800px) 100vw, 800px\" \/><\/p>\n<p>Dami\u00e0 Bonmat\u00ed\/ VANGUARDIA MX<\/p>\n<p><strong>Son v\u00edctimas de la peor tragedia de tr\u00e1fico humano en m\u00e1s de una d\u00e9cada en Estados Unidos. Sobrevivieron al \u2018tr\u00e1iler de la muerte\u2019 de San Antonio, donde 10 inmigrantes murieron en 2017, pero retornaron a sus pueblos mexicanos con problemas respiratorios cr\u00f3nicos, deudas y una pobreza a\u00fan m\u00e1s inasumible. La pandemia del coronavirus los lleva, una vez m\u00e1s, al l\u00edmite de la supervivencia<\/strong><\/p>\n<p>Ellos mismos lo llaman el\u00a0<em>tr\u00e1iler de la muerte<\/em>. El 23 de julio de 2017, un empleado de un establecimiento de\u00a0<a href=\"https:\/\/www.walmart.com.mx\/\"><strong>Walmart en San Antonio\u00a0<\/strong><\/a>alert\u00f3 a la polic\u00eda sobre el tr\u00e1iler estacionado en el aparcamiento. De su interior hab\u00eda salido una persona que ped\u00eda agua.<\/p>\n<p>Cuando llegaron las autoridades, encontraron a decenas de inmigrantes corriendo, a otros inconscientes en el suelo, y a varios sin vida en\u00a0<strong>el interior del cami\u00f3n comercial.\u00a0<\/strong><\/p>\n<p>El tr\u00e1iler hab\u00eda viajado durante horas desde la frontera de<strong>\u00a0Laredo hasta San Antonio<\/strong>\u00a0con decenas de personas a bordo &#8211;algunos recuerdan m\u00e1s de cien&#8211; hacinadas, en un veh\u00edculo sin ventilaci\u00f3n y sin aire acondicionado. Era su entrada a\u00a0<strong>Estados Unidos.\u00a0<\/strong><\/p>\n<p>Diez personas murieron en la que se considera la peor tragedia de tr\u00e1fico humano en m\u00e1s de una d\u00e9cada en el pa\u00eds. Decenas\u00a0<strong>sobrevivieron<\/strong>.<\/p>\n<p>Los que despertaron de la pesadilla se encontraron una realidad peor de la que trataban de huir al migrar, que ahora se agrava m\u00e1s. Sobrevivieron al<strong>\u00a0calor extremo, la asfixia y el coma pero, desde entonces, arrastran problemas de salud, traumas, deudas y pobreza extrema.\u00a0<\/strong><\/p>\n<p>Dejaron de medicarse y huyeron de los m\u00e9dicos. Ahora, en mitad de la pandemia, son enfermos cr\u00f3nicos y no tienen con qu\u00e9 comprar comida.<\/p>\n<p><strong>Manuel Mart\u00ednez Esparza<\/strong>\u00a0ha estado pidiendo dinero prestado para comprar comida para \u00e9l y su esposa durante la crisis del coronavirus.\u00a0<em>\u201cEstoy pidiendo a la gente del otro lado que todav\u00eda trabajaba un poco\u201d,\u00a0<\/em>cuenta por tel\u00e9fono desde\u00a0<strong>M\u00e9xico<\/strong>.<em>\u00a0\u201cPero eso tambi\u00e9n se va acabar\u201d<\/em>, augura.<\/p>\n<div class=\"field--quote\">\n<blockquote><p>&#8220;Un sentimiento muy feo dentro que no se me quita con nada\u201d<\/p><\/blockquote>\n<\/div>\n<div class=\"field--author-quote\">\n<p>MANUEL<\/p>\n<p>\u201cEl otro lado\u201d es Estados Unidos. \u201cEl otro lado\u201d son inmigrantes tambi\u00e9n azotados por la pandemia y que eran, hasta ahora, el ox\u00edgeno para familias como la de Mart\u00ednez, que subsisten en una aldea remota del estado de Zacatecas.<\/p>\n<p>Varios bancos mexicanos estiman una ca\u00edda del 17% de las remesas este a\u00f1o, e incluso m\u00e1s, en estados como Zacatecas. En estos pueblos y aldeas, el norte no es un punto cardinal. Es un deseo fuerte y clavado en los huesos que se transmite de padres a hijos, entre amigos y vecinos, que sella y separa familias, y que est\u00e1 presente de por vida.<\/p>\n<p>Cuando visitamos la zona en oto\u00f1o de 2019, no hab\u00eda familia ni vecino que no tuviera a un hombre en Estados Unidos o que no hubiera estado all\u00ed de manera clandestina varias veces durante su vida.<\/p>\n<p>Manuel Mart\u00ednez Esparza y su hermano Ricardo no fueron la excepci\u00f3n, y probaron suerte el verano de 2017. Ricardo ten\u00eda 23 a\u00f1os y era el m\u00e1s peque\u00f1o de los hermanos. Hab\u00eda visto c\u00f3mo los mayores se hab\u00edan ido a Estados Unidos y c\u00f3mo Manuel iba y ven\u00eda de mojado desde hac\u00eda m\u00e1s de una d\u00e9cada. Le dijo que quer\u00eda irse tambi\u00e9n.<\/p>\n<p>El padre, Isidro Mart\u00ednez, sent\u00eda que perd\u00eda a su \u00faltimo hijo en casa y su principal sost\u00e9n econ\u00f3mico, pero se endeud\u00f3 para reunir dinero para los dos. Miles de d\u00f3lares. \u201c\u00c9l era el que nos arrimaba de comer siempre, est\u00e1 uno al d\u00eda aqu\u00ed\u201d, cuenta en la \u00fanica sombra del peque\u00f1o cementerio municipal en el que est\u00e1 enterrado Ricardo, entre malas hierbas y flores secas.<\/p>\n<figure id=\"attachment_49016\" aria-describedby=\"caption-attachment-49016\" style=\"width: 800px\" class=\"wp-caption aligncenter\"><img loading=\"lazy\" decoding=\"async\" data-attachment-id=\"49016\" data-permalink=\"http:\/\/www.grieta.org.mx\/index.php\/2020\/05\/07\/estos-migrantes-sobrevivieron-al-trailer-de-la-muerte-de-texas-ahora-el-coronavirus-los-lleva-al-limite\/foto_2_48\/\" data-orig-file=\"http:\/\/www.grieta.org.mx\/wp-content\/uploads\/2020\/05\/foto_2_48.jpg\" data-orig-size=\"980,735\" data-comments-opened=\"0\" data-image-meta=\"{&quot;aperture&quot;:&quot;0&quot;,&quot;credit&quot;:&quot;&quot;,&quot;camera&quot;:&quot;&quot;,&quot;caption&quot;:&quot;&quot;,&quot;created_timestamp&quot;:&quot;0&quot;,&quot;copyright&quot;:&quot;&quot;,&quot;focal_length&quot;:&quot;0&quot;,&quot;iso&quot;:&quot;0&quot;,&quot;shutter_speed&quot;:&quot;0&quot;,&quot;title&quot;:&quot;&quot;,&quot;orientation&quot;:&quot;0&quot;}\" data-image-title=\"foto_2_48\" data-image-description=\"\" data-image-caption=\"&lt;p&gt;Isidro Mart\u00ednez mira la tumba de su hijo menor, Ricardo, quien muri\u00f3 en el tr\u00e1iler de San Antonio. Su otro hijo sali\u00f3 del coma, pero sufre consecuencias f\u00edsicas y mentales por la tragedia. Fotos: Dami\u00e0 Bonmat\u00ed&lt;\/p&gt;\n\" data-medium-file=\"http:\/\/www.grieta.org.mx\/wp-content\/uploads\/2020\/05\/foto_2_48-300x225.jpg\" data-large-file=\"http:\/\/www.grieta.org.mx\/wp-content\/uploads\/2020\/05\/foto_2_48.jpg\" class=\"wp-image-49016\" src=\"http:\/\/www.grieta.org.mx\/wp-content\/uploads\/2020\/05\/foto_2_48.jpg\" alt=\"\" width=\"800\" height=\"600\" srcset=\"http:\/\/www.grieta.org.mx\/wp-content\/uploads\/2020\/05\/foto_2_48.jpg 980w, http:\/\/www.grieta.org.mx\/wp-content\/uploads\/2020\/05\/foto_2_48-300x225.jpg 300w, http:\/\/www.grieta.org.mx\/wp-content\/uploads\/2020\/05\/foto_2_48-768x576.jpg 768w, http:\/\/www.grieta.org.mx\/wp-content\/uploads\/2020\/05\/foto_2_48-667x500.jpg 667w\" sizes=\"auto, (max-width: 800px) 100vw, 800px\" \/><figcaption id=\"caption-attachment-49016\" class=\"wp-caption-text\">Isidro Mart\u00ednez mira la tumba de su hijo menor, Ricardo, quien muri\u00f3 en el tr\u00e1iler de San Antonio. Su otro hijo sali\u00f3 del coma, pero sufre consecuencias f\u00edsicas y mentales por la tragedia. Fotos: Dami\u00e0 Bonmat\u00ed<\/figcaption><\/figure>\n<p>Todo fue muy r\u00e1pido: el autob\u00fas, el cruce, la casa de seguridad y el ride para San Antonio. En las redes de tr\u00e1fico humano no hay opci\u00f3n de elegir. A ellos les toc\u00f3 ese trayecto.<\/p>\n<p>Manuel y Ricardo se vieron en Laredo, Texas, entrando a un enorme tr\u00e1iler blanco, lleno de gente, sin refrigeraci\u00f3n ni luz. La gente empez\u00f3 a quejarse. Les faltaba el aire, se asfixiaban de calor. Lo \u00faltimo que recuerda Manuel es estar abrazado a su hermano.<\/p>\n<p>\u201cSolo nos dec\u00edamos mi hermano y yo que aguant\u00e1ramos, aguant\u00e1ramos hasta llegar a San Antonio. Ya me sent\u00ed desesperado. Ya no supe en qu\u00e9 momento me desmay\u00e9 y ya no supe ni de m\u00ed ni de \u00e9l\u201d.<\/p>\n<p>Su hermano muri\u00f3 y \u00e9l pas\u00f3 casi 12 semanas en el hospital, dos de ellas en coma. Abogados de inmigraci\u00f3n de Texas visitaron a supervivientes como Manuel en el hospital de San Antonio: iniciaron para ellos los tr\u00e1mites de visa, que deber\u00edan darles en cuesti\u00f3n de meses un estatus legal en Estados Unidos por ser supervivientes de un crimen federal. Ning\u00fan familiar pod\u00eda cuidarlo en Texas, as\u00ed que Manuel decidi\u00f3 volverse a M\u00e9xico.<\/p>\n<p>Cuando lo visitamos hace unos meses, apuraba una caja de ibuprofeno que le quedaba. Compraba cuando pod\u00eda.<\/p>\n<p>Mart\u00ednez Esparza se hab\u00eda ido a dormir tarde la noche anterior. Estuvo vendiendo caramelos hasta que desapareci\u00f3 el \u00faltimo cliente y se mitig\u00f3 el ruido de la feria. Su cama era un agujero duro, entre hierros y cajas, debajo del mostrador de un cami\u00f3n de dulces que iba de fiesta en fiesta. Las ferias de pueblos y aldeas de Zacatecas y San Luis Potos\u00ed eran su \u00fanico modo de supervivencia.<\/p>\n<p>Cuenta que arrastra casi siempre un resfriado, porque en estas zonas de calor traicionero por el desierto, la noche sorprende con el fr\u00edo. Pero el resfriado es lo de menos.<\/p>\n<p>Manuel siente taquicardias y dolores de cabeza a menudo; cojea, le duele la espalda, le estiran las cicatrices y le falta el aire cuando hace mucho calor o hay muy poco espacio. Tiene 33 a\u00f1os, pero camina como si tuviera el doble.<\/p>\n<figure id=\"attachment_49017\" aria-describedby=\"caption-attachment-49017\" style=\"width: 800px\" class=\"wp-caption aligncenter\"><img loading=\"lazy\" decoding=\"async\" data-attachment-id=\"49017\" data-permalink=\"http:\/\/www.grieta.org.mx\/index.php\/2020\/05\/07\/estos-migrantes-sobrevivieron-al-trailer-de-la-muerte-de-texas-ahora-el-coronavirus-los-lleva-al-limite\/foto_3_31\/\" data-orig-file=\"http:\/\/www.grieta.org.mx\/wp-content\/uploads\/2020\/05\/foto_3_31.jpg\" data-orig-size=\"980,735\" data-comments-opened=\"0\" data-image-meta=\"{&quot;aperture&quot;:&quot;0&quot;,&quot;credit&quot;:&quot;&quot;,&quot;camera&quot;:&quot;&quot;,&quot;caption&quot;:&quot;&quot;,&quot;created_timestamp&quot;:&quot;0&quot;,&quot;copyright&quot;:&quot;&quot;,&quot;focal_length&quot;:&quot;0&quot;,&quot;iso&quot;:&quot;0&quot;,&quot;shutter_speed&quot;:&quot;0&quot;,&quot;title&quot;:&quot;&quot;,&quot;orientation&quot;:&quot;0&quot;}\" data-image-title=\"foto_3_31\" data-image-description=\"\" data-image-caption=\"&lt;p&gt;El mexicano Manuel Mart\u00ednez Esparza, quien arrastra problemas de salud, dorm\u00eda bajo el mostrador del estante de dulces.&lt;\/p&gt;\n\" data-medium-file=\"http:\/\/www.grieta.org.mx\/wp-content\/uploads\/2020\/05\/foto_3_31-300x225.jpg\" data-large-file=\"http:\/\/www.grieta.org.mx\/wp-content\/uploads\/2020\/05\/foto_3_31.jpg\" class=\"wp-image-49017\" src=\"http:\/\/www.grieta.org.mx\/wp-content\/uploads\/2020\/05\/foto_3_31.jpg\" alt=\"\" width=\"800\" height=\"600\" srcset=\"http:\/\/www.grieta.org.mx\/wp-content\/uploads\/2020\/05\/foto_3_31.jpg 980w, http:\/\/www.grieta.org.mx\/wp-content\/uploads\/2020\/05\/foto_3_31-300x225.jpg 300w, http:\/\/www.grieta.org.mx\/wp-content\/uploads\/2020\/05\/foto_3_31-768x576.jpg 768w, http:\/\/www.grieta.org.mx\/wp-content\/uploads\/2020\/05\/foto_3_31-667x500.jpg 667w\" sizes=\"auto, (max-width: 800px) 100vw, 800px\" \/><figcaption id=\"caption-attachment-49017\" class=\"wp-caption-text\">El mexicano Manuel Mart\u00ednez Esparza, quien arrastra problemas de salud, dorm\u00eda bajo el mostrador del estante de dulces.<\/figcaption><\/figure>\n<p>En el hospital de Texas recibi\u00f3 terapia psicol\u00f3gica y, al volver a M\u00e9xico, ten\u00eda que seguir haci\u00e9ndola. Pero nunca ha vuelto. No la puede pagar.<\/p>\n<p>\u201cDe mis sentimientos por dentro, no soy el mismo. Como si no fuera yo. Hay muchas cosas que a veces son como para re\u00edrse&#8230; y yo no encuentro la diversi\u00f3n en las cosas\u201d. Su esposa se molesta porque no le alegran ni las bodas ni las fiestas ni las quincea\u00f1eras. Pero a \u00e9l no le nace.<\/p>\n<p>Tambi\u00e9n dej\u00f3 de ir al hospital hace m\u00e1s de un a\u00f1o. \u201cEra medicina muy cara para seguirme tratando\u201d, dice. Se le sumaba el precio de la consulta m\u00e9dica, que le costaba como seis d\u00edas de trabajo, y el viaje hasta la ciudad de Aguascalientes, a un par de horas de su pueblo.<\/p>\n<figure id=\"attachment_49018\" aria-describedby=\"caption-attachment-49018\" style=\"width: 800px\" class=\"wp-caption aligncenter\"><img loading=\"lazy\" decoding=\"async\" data-attachment-id=\"49018\" data-permalink=\"http:\/\/www.grieta.org.mx\/index.php\/2020\/05\/07\/estos-migrantes-sobrevivieron-al-trailer-de-la-muerte-de-texas-ahora-el-coronavirus-los-lleva-al-limite\/foto_4_24\/\" data-orig-file=\"http:\/\/www.grieta.org.mx\/wp-content\/uploads\/2020\/05\/foto_4_24.jpg\" data-orig-size=\"980,735\" data-comments-opened=\"0\" data-image-meta=\"{&quot;aperture&quot;:&quot;0&quot;,&quot;credit&quot;:&quot;&quot;,&quot;camera&quot;:&quot;&quot;,&quot;caption&quot;:&quot;&quot;,&quot;created_timestamp&quot;:&quot;0&quot;,&quot;copyright&quot;:&quot;&quot;,&quot;focal_length&quot;:&quot;0&quot;,&quot;iso&quot;:&quot;0&quot;,&quot;shutter_speed&quot;:&quot;0&quot;,&quot;title&quot;:&quot;&quot;,&quot;orientation&quot;:&quot;0&quot;}\" data-image-title=\"foto_4_24\" data-image-description=\"\" data-image-caption=\"&lt;p&gt;Manuel Mart\u00ednez Esparza, quien perdi\u00f3 a su hermano en la tragedia y qued\u00f3 en coma, subsist\u00eda vendiendo dulces en fiestas populares antes de la pandemia de coronavirus.&lt;\/p&gt;\n\" data-medium-file=\"http:\/\/www.grieta.org.mx\/wp-content\/uploads\/2020\/05\/foto_4_24-300x225.jpg\" data-large-file=\"http:\/\/www.grieta.org.mx\/wp-content\/uploads\/2020\/05\/foto_4_24.jpg\" class=\"wp-image-49018\" src=\"http:\/\/www.grieta.org.mx\/wp-content\/uploads\/2020\/05\/foto_4_24.jpg\" alt=\"\" width=\"800\" height=\"600\" srcset=\"http:\/\/www.grieta.org.mx\/wp-content\/uploads\/2020\/05\/foto_4_24.jpg 980w, http:\/\/www.grieta.org.mx\/wp-content\/uploads\/2020\/05\/foto_4_24-300x225.jpg 300w, http:\/\/www.grieta.org.mx\/wp-content\/uploads\/2020\/05\/foto_4_24-768x576.jpg 768w, http:\/\/www.grieta.org.mx\/wp-content\/uploads\/2020\/05\/foto_4_24-667x500.jpg 667w\" sizes=\"auto, (max-width: 800px) 100vw, 800px\" \/><figcaption id=\"caption-attachment-49018\" class=\"wp-caption-text\">Manuel Mart\u00ednez Esparza, quien perdi\u00f3 a su hermano en la tragedia y qued\u00f3 en coma, subsist\u00eda vendiendo dulces en fiestas populares antes de la pandemia de coronavirus.<\/figcaption><\/figure>\n<blockquote><p>Me agito, se me va la respiraci\u00f3n\u201d<br \/>\nJORGE<\/p><\/blockquote>\n<p>Con problemas de salud y sin empleo, un primo le dej\u00f3 trabajar vendiendo dulces en los mercados. Ganaba unos 150 pesos al d\u00eda (7 d\u00f3lares). En marzo de 2020, vendi\u00f3 en una feria en San Luis Potos\u00ed. Esos fueron sus \u00faltimos ingresos y las pocas remesas que recibi\u00f3 desde Estados Unidos se est\u00e1n acabando.<\/p>\n<p>No tienen m\u00e1s dinero para comprar despensa para la pr\u00f3xima semana y todav\u00eda menos medicamentos para \u00e9l, un enfermo cr\u00f3nico, que arrastra problemas respiratorios desde la tragedia del tr\u00e1iler.<\/p>\n<p>Lo \u00fanico que le generaba cierta ilusi\u00f3n era la idea de lograr una visa U para poder volver a Estados Unidos y, simplemente, sobrevivir. \u201cPero el coronavirus nos tiene muy mal, no podemos hacer nada\u201d.<\/p>\n<p>Le desespera. Han pasado casi tres a\u00f1os desde el accidente. La abogada le dec\u00eda que los procesos van lentos. Pero ahora ni eso: \u201cNo me contesta\u201d.<\/p>\n<p>Las visas U, destinadas a v\u00edctimas de violencia en territorio estadounidense, arrastran enormes retrasos en sus procesos de tramitaci\u00f3n, hasta cinco a\u00f1os, seg\u00fan datos entregados al Congreso de Estados Unidos. Algunos supervivientes fueron llevados directamente del hospital a las oficinas de ICE para testificar sobre la tragedia y participar en la investigaci\u00f3n.<\/p>\n<figure id=\"attachment_49019\" aria-describedby=\"caption-attachment-49019\" style=\"width: 800px\" class=\"wp-caption aligncenter\"><img loading=\"lazy\" decoding=\"async\" data-attachment-id=\"49019\" data-permalink=\"http:\/\/www.grieta.org.mx\/index.php\/2020\/05\/07\/estos-migrantes-sobrevivieron-al-trailer-de-la-muerte-de-texas-ahora-el-coronavirus-los-lleva-al-limite\/foto_5_21\/\" data-orig-file=\"http:\/\/www.grieta.org.mx\/wp-content\/uploads\/2020\/05\/foto_5_21.jpg\" data-orig-size=\"980,735\" data-comments-opened=\"0\" data-image-meta=\"{&quot;aperture&quot;:&quot;0&quot;,&quot;credit&quot;:&quot;&quot;,&quot;camera&quot;:&quot;&quot;,&quot;caption&quot;:&quot;&quot;,&quot;created_timestamp&quot;:&quot;0&quot;,&quot;copyright&quot;:&quot;&quot;,&quot;focal_length&quot;:&quot;0&quot;,&quot;iso&quot;:&quot;0&quot;,&quot;shutter_speed&quot;:&quot;0&quot;,&quot;title&quot;:&quot;&quot;,&quot;orientation&quot;:&quot;0&quot;}\" data-image-title=\"foto_5_21\" data-image-description=\"\" data-image-caption=\"&lt;p&gt;El migrante Jos\u00e9 Rodr\u00edguez Aspeitia muri\u00f3 en la tragedia de Texas y sus restos descansan en el cementerio municipal San Antonio, en Palo Alto El Llano, Aguascalientes.&lt;\/p&gt;\n\" data-medium-file=\"http:\/\/www.grieta.org.mx\/wp-content\/uploads\/2020\/05\/foto_5_21-300x225.jpg\" data-large-file=\"http:\/\/www.grieta.org.mx\/wp-content\/uploads\/2020\/05\/foto_5_21.jpg\" class=\"wp-image-49019\" src=\"http:\/\/www.grieta.org.mx\/wp-content\/uploads\/2020\/05\/foto_5_21.jpg\" alt=\"\" width=\"800\" height=\"600\" srcset=\"http:\/\/www.grieta.org.mx\/wp-content\/uploads\/2020\/05\/foto_5_21.jpg 980w, http:\/\/www.grieta.org.mx\/wp-content\/uploads\/2020\/05\/foto_5_21-300x225.jpg 300w, http:\/\/www.grieta.org.mx\/wp-content\/uploads\/2020\/05\/foto_5_21-768x576.jpg 768w, http:\/\/www.grieta.org.mx\/wp-content\/uploads\/2020\/05\/foto_5_21-667x500.jpg 667w\" sizes=\"auto, (max-width: 800px) 100vw, 800px\" \/><figcaption id=\"caption-attachment-49019\" class=\"wp-caption-text\">El migrante Jos\u00e9 Rodr\u00edguez Aspeitia muri\u00f3 en la tragedia de Texas y sus restos descansan en el cementerio municipal San Antonio, en Palo Alto El Llano, Aguascalientes.<\/figcaption><\/figure>\n<p>El abogado Michael McCrum, que represent\u00f3 a varios inmigrantes durante la investigaci\u00f3n criminal, explica que el gobierno necesitaba testigos para enjuiciar al conductor del tr\u00e1iler James Matthew Bradley Jr. ICE dej\u00f3 sobre la mesa la opci\u00f3n de las visas U, pero nunca fue una promesa firme.<\/p>\n<p>Pese a eso, las cinco familias de supervivientes con las que hablamos, poco conocedoras del sistema migratorio, vieron esas visas como una promesa. Los abogados a\u00fan contestan a algunos de ellos para aconsejarles paciencia; otros llaman sin recibir respuesta de sus representantes legales.<\/p>\n<p>A Jorge de Santos siempre le ha costado llorar. Incluso ahora. Esta \u00faltima semana de abril comenz\u00f3 a vaciar su casa para conseguir comida: vendi\u00f3 un televisor, un refrigerador, un tel\u00e9fono y sus herramientas de trabajo. \u201cPara estas semanas en adelante, Dios sabe\u201d, dice.<\/p>\n<p>\u201cYo fui el \u00faltimo que me sub\u00ed al tr\u00e1iler. Y no me quer\u00eda subir, la mera verdad, porque no me gustaba a m\u00ed ver mucha gente. \u00bfC\u00f3mo iban a pasar a tanta gente?. Y dije, \u2018si me quedo, si me hacen algo los coyotes\u2026\u201d, recuerda.<\/p>\n<p>\u201cEmpec\u00e9 a ver personas que rezaban y que dec\u00edan que se quer\u00edan matar. Uno se imagina, \u2018pues yo tambi\u00e9n me voy a morir aqu\u00ed\u2019. Yo lo \u00fanico que hice, me puse en cuclillas, me sent\u00e9 y le ped\u00ed a Dios lo que Dios quiera\u201d. Los sobrevivientes calculan que el tr\u00e1iler transit\u00f3 entre dos y tres horas, entre Laredo y San Antonio, pero De Santos perdi\u00f3 la consciencia antes.<\/p>\n<p>La ausencia de noticias sobre la visa U es el \u00fanico tema que le saca las l\u00e1grimas.<\/p>\n<p>\u201cLe he dicho a mis hermanos que yo no tengo miedo de volver. Yo quisiera que me dieran mi visa. Yo ya voy de viejo&#8230; pero [mis hijos] que todav\u00eda est\u00e1n chiquitos, que aprovechen sus papeles\u201d. No hay miedo si se vive, como \u00e9l, en una casa prestada, a medio terminar, en la que vive con su esposa y dos de sus tres hijos en el estado de Aguascalientes.<\/p>\n<p>\u201cAqu\u00ed est\u00e1 muy canijo\u201d, dec\u00eda. Lograba muy pocos trabajos en la construcci\u00f3n. \u201cA veces no tengo. Yo digo: \u00bfcompro pa\u00f1ales o compro pastillas? Mejor le compro pa\u00f1ales al ni\u00f1o, o su leche\u201d.<\/p>\n<p>Al tel\u00e9fono, durante la pandemia, el relato de su situaci\u00f3n econ\u00f3mica suena todav\u00eda m\u00e1s extremo. Su \u00faltimo trabajo fue hace semanas, para un vecino, \u201candaba echando barditas y poniendo un tabique\u201d, por lo que gan\u00f3 1,000 pesos (40 d\u00f3lares) en dos d\u00edas. Han pasado tres semanas, y ya no le queda de eso ni de las cosas de la casa que revendi\u00f3.<\/p>\n<p>Tiene tres hijos, hasta ahora casi no trabajaba y su esposa tampoco ten\u00eda empleo. Su salud es precaria desde la tragedia de San Antonio pero dej\u00f3 de tomar la medicaci\u00f3n y de ir a las citas m\u00e9dicas.<\/p>\n<p>\u201cSe me afectaron los ri\u00f1ones. Cuando camino, me agito, se me va la respiraci\u00f3n. A veces tengo como mareos, como cansado\u201d. Conserva cientos de p\u00e1ginas de reportes m\u00e9dicos en ingl\u00e9s, un idioma que \u00e9l no habla.<\/p>\n<p>Lo que dicen los informes es que fue un fuerte golpe de calor lo que llev\u00f3 a De Santos al coma y a sufrir una coagulaci\u00f3n intravascular diseminada y fallo renal. Los documentos indican que el paciente deb\u00eda seguir citas m\u00e9dicas constantes, un tratamiento m\u00e9dico, terapias f\u00edsicas y una dieta severa.<\/p>\n<p>La noche de la tragedia, la doctora Jessica Solis-McCarthy, estaba de guardia en la sala de emergencias de UT Health San Antonio. Dice que los efectos de un golpe de calor son impredecibles a largo plazo. Pero pueden incluir problemas renales, respiratorios y motrices.<\/p>\n<p>Sus cuerpos estuvieron sobrecalentados y sin ox\u00edgeno demasiado tiempo. Tanto ella como los documentos subrayan la preocupaci\u00f3n de los doctores por no conocer nada de los historiales m\u00e9dicos de los pacientes y por la dificultad de tratamiento debido a sus estatus migratorios.<\/p>\n<p>\u201cYo ten\u00eda mi dieta y la romp\u00ed, mi dieta. Por lo mismo, que no ajusta uno\u201d, dice De Santos, de 44 a\u00f1os, cuya preocupaci\u00f3n ahora es poner comida sobre la mesa de la casa, sea cual sea.<\/p>\n<p>Pese a las explicaciones de su abogada, Santos no entiende c\u00f3mo una visa para v\u00edctimas de un crimen puede tardar tanto pero su salud, dice, no le permite volver a emigrar clandestinamente y le toca esperar.<\/p>\n<p>Otros no pudieron o no supieron esperar.<\/p>\n<p>La tumba de Jos\u00e9 Rodr\u00edguez Aspeitia en el cementerio municipal de Palo Alto lleva la inscripci\u00f3n \u201crecuerdo de su esposa e hijos\u201d, pero no es suficiente para dejar de pensar en emigrar. El lugar se llama cementerio de San Antonio.<\/p>\n<p>La mayor\u00eda en el pueblo se sabe de memoria su historia: Aspetia y su esposa vivieron durante a\u00f1os en las Carolinas, en Estados Unidos, criaron a sus hijos estadounidenses, pero se volvieron al pueblo. Cuando el dinero empez\u00f3 a escasear, Aspeitia quiso volverse a trabajar a Estados Unidos. Pero, a sus 34 a\u00f1os, se convirti\u00f3 en uno de los diez muertos del tr\u00e1iler.<\/p>\n<p>Del pueblo, Palo Alto, Aguascalientes, salieron varias de las v\u00edctimas de ese tr\u00e1iler: Jos\u00e9 Rodr\u00edguez Aspetia muri\u00f3, otros quedaron heridos y algunos se escaparon de la escena antes de que llegaran las autoridades.<\/p>\n<p>Algunos regresaron a Aguascalientes pero, sin trabajo ni visa U ni esperanzas de futuro, volvieron a pagar a los coyotes y volvieron a cruzar ilegalmente la frontera.<\/p>\n<figure id=\"attachment_49020\" aria-describedby=\"caption-attachment-49020\" style=\"width: 800px\" class=\"wp-caption aligncenter\"><img loading=\"lazy\" decoding=\"async\" data-attachment-id=\"49020\" data-permalink=\"http:\/\/www.grieta.org.mx\/index.php\/2020\/05\/07\/estos-migrantes-sobrevivieron-al-trailer-de-la-muerte-de-texas-ahora-el-coronavirus-los-lleva-al-limite\/foto_6_17\/\" data-orig-file=\"http:\/\/www.grieta.org.mx\/wp-content\/uploads\/2020\/05\/foto_6_17.jpg\" data-orig-size=\"980,735\" data-comments-opened=\"0\" data-image-meta=\"{&quot;aperture&quot;:&quot;0&quot;,&quot;credit&quot;:&quot;&quot;,&quot;camera&quot;:&quot;&quot;,&quot;caption&quot;:&quot;&quot;,&quot;created_timestamp&quot;:&quot;0&quot;,&quot;copyright&quot;:&quot;&quot;,&quot;focal_length&quot;:&quot;0&quot;,&quot;iso&quot;:&quot;0&quot;,&quot;shutter_speed&quot;:&quot;0&quot;,&quot;title&quot;:&quot;&quot;,&quot;orientation&quot;:&quot;0&quot;}\" data-image-title=\"foto_6_17\" data-image-description=\"\" data-image-caption=\"&lt;p&gt;Jos\u00e9 Luis Moreno, padre de uno de los sobrevientes de la tragedia que huyeron del lugar de los hechos y se qued\u00f3 en Estados Unidos viviendo en las sombras.&lt;\/p&gt;\n\" data-medium-file=\"http:\/\/www.grieta.org.mx\/wp-content\/uploads\/2020\/05\/foto_6_17-300x225.jpg\" data-large-file=\"http:\/\/www.grieta.org.mx\/wp-content\/uploads\/2020\/05\/foto_6_17.jpg\" class=\"wp-image-49020\" src=\"http:\/\/www.grieta.org.mx\/wp-content\/uploads\/2020\/05\/foto_6_17.jpg\" alt=\"\" width=\"800\" height=\"600\" srcset=\"http:\/\/www.grieta.org.mx\/wp-content\/uploads\/2020\/05\/foto_6_17.jpg 980w, http:\/\/www.grieta.org.mx\/wp-content\/uploads\/2020\/05\/foto_6_17-300x225.jpg 300w, http:\/\/www.grieta.org.mx\/wp-content\/uploads\/2020\/05\/foto_6_17-768x576.jpg 768w, http:\/\/www.grieta.org.mx\/wp-content\/uploads\/2020\/05\/foto_6_17-667x500.jpg 667w\" sizes=\"auto, (max-width: 800px) 100vw, 800px\" \/><figcaption id=\"caption-attachment-49020\" class=\"wp-caption-text\">Jos\u00e9 Luis Moreno, padre de uno de los sobrevientes de la tragedia que huyeron del lugar de los hechos y se qued\u00f3 en Estados Unidos viviendo en las sombras.<\/figcaption><\/figure>\n<p>\u201cSe obsesionaron. Ven a los otros marcharse y tambi\u00e9n quieren irse de aqu\u00ed\u201d, dijo Jos\u00e9 Luis Moreno, padre de uno de los sobrevivientes de la tragedia. \u00c9l mismo trabaj\u00f3 clandestinamente en Estados Unidos de joven y, al igual que \u00e9l, la mayor\u00eda de hombres migraron de este pueblo seco, de calles sin asfaltar, y casas humildes interrumpidas por paredes de hormig\u00f3n y balcones met\u00e1licos pagados por las remesas.<\/p>\n<p>Del mismo pueblo salieron Juan Daniel Tiscare\u00f1o y su amigo \u00edntimo Jos\u00e9 Rodr\u00edguez Espitia, tambi\u00e9n muerto en el tr\u00e1iler. Tiscare\u00f1o sobrevivi\u00f3 y fue devuelto a M\u00e9xico mientras esperaba su visa U.<\/p>\n<p>Pero la peque\u00f1a casa prestada en la que viv\u00eda con su esposa, Galilea, y su hijo de 4 a\u00f1os en su pueblo natal se convirti\u00f3 en una jaula para \u00e9l. Y su pueblo y sus estados aleda\u00f1os, en un lugar donde casi no encontraba trabajo y se le acumulaban las deudas por el viaje fallido que termin\u00f3 en San Antonio.<\/p>\n<p>En las madrugadas gritaba al dormir, las pesadillas le despertaban, le dol\u00eda el pecho y su hermano adolescente lo devolv\u00eda a casa borracho y llorando, gimiendo que no soportaba tanto tormento, seg\u00fan relataron tres de sus familiares directos.<\/p>\n<blockquote><p>Desde que era peque\u00f1o quer\u00eda esto\u201d<br \/>\nJUAN DANIEL<\/p><\/blockquote>\n<p>Con 24 a\u00f1os, solo encontr\u00f3 una soluci\u00f3n. Sin avisar a su madre, para que no temiera un nuevo accidente, el pasado julio de 2019 Tiscare\u00f1o volvi\u00f3 a cruzar a Estados Unidos, donde actualmente hace trabajos manuales sin papeles, primero en Texas y ahora en el medio oeste americano.<\/p>\n<p>Dice que en Estados Unidos no pasa el hambre del pueblo y puede mandar dinero a su familia. Ya ha pagado una deuda de 7,000 d\u00f3lares a los coyotes y todav\u00eda le falta devolver unos miles m\u00e1s por el viaje a San Antonio que acab\u00f3 en tragedia.<\/p>\n<p>En diciembre de 2019 viv\u00eda en Texas con varios t\u00edos que iban y ven\u00edan a Estados Unidos desde que \u00e9l era ni\u00f1o. \u201cVoy a tratar de tumbar la casa que tengo en M\u00e9xico. La voy a tumbar y hacerla nueva\u201d, dijo cenando una hamburguesa en un Whataburger 24 horas.<\/p>\n<p>Pero la oscuridad del tr\u00e1iler no desaparece para \u00e9l: cada vez le duele m\u00e1s la espalda, le falta el aire cuando est\u00e1 en sitios cerrados y ve rel\u00e1mpagos cada vez que orina. Ha ido al hospital pero nunca ha dicho que \u00e9l sobrevivi\u00f3 al tr\u00e1iler de la muerte.<\/p>\n<p>Otros sobrevivientes, que no quisieron ser entrevistados, huyeron de la escena del crimen la noche del 23 de julio de 2017. Nunca se atrevieron a ir al m\u00e9dico para no ser detectados y subsisten con problemas respiratorios y motrices.<\/p>\n<p>Tiscare\u00f1o intenta pasar desapercibido en estos pueblos peque\u00f1os de Estados Unidos. En la pandemia sigue trabajando, con mascarilla, recolectando en los campos del medio oeste.<\/p>\n<p>\u201cDesde que era peque\u00f1o quer\u00eda esto, venir a Estados Unidos. He visto que mis t\u00edos tienen buen futuro viniendo para ac\u00e1. Tienen sus buenas casas, buenos coches y vuelven a M\u00e9xico y viven bien\u201d.<\/p>\n<p>Antes de la pandemia ya intentaba salir lo m\u00ednimo de casa. Lleva un su\u00e9ter con capucha y gorra para que las autoridades de Estados Unidos no se percaten de que est\u00e1 de vuelta, que vuelve a perseguir un sue\u00f1o del que ha o\u00eddo y visto desde ni\u00f1o.<\/p>\n<figure id=\"attachment_49021\" aria-describedby=\"caption-attachment-49021\" style=\"width: 800px\" class=\"wp-caption aligncenter\"><img loading=\"lazy\" decoding=\"async\" data-attachment-id=\"49021\" data-permalink=\"http:\/\/www.grieta.org.mx\/index.php\/2020\/05\/07\/estos-migrantes-sobrevivieron-al-trailer-de-la-muerte-de-texas-ahora-el-coronavirus-los-lleva-al-limite\/foto_7_17\/\" data-orig-file=\"http:\/\/www.grieta.org.mx\/wp-content\/uploads\/2020\/05\/foto_7_17.jpg\" data-orig-size=\"980,735\" data-comments-opened=\"0\" data-image-meta=\"{&quot;aperture&quot;:&quot;0&quot;,&quot;credit&quot;:&quot;&quot;,&quot;camera&quot;:&quot;&quot;,&quot;caption&quot;:&quot;&quot;,&quot;created_timestamp&quot;:&quot;0&quot;,&quot;copyright&quot;:&quot;&quot;,&quot;focal_length&quot;:&quot;0&quot;,&quot;iso&quot;:&quot;0&quot;,&quot;shutter_speed&quot;:&quot;0&quot;,&quot;title&quot;:&quot;&quot;,&quot;orientation&quot;:&quot;0&quot;}\" data-image-title=\"foto_7_17\" data-image-description=\"\" data-image-caption=\"&lt;p&gt;Muchos de los fallecidos y los sobrevivientes del tr\u00e1iler de San Antonio salieron de aldeas y pueblos de los estados de Aguascalientes y Zacatecas, en el centro de M\u00e9xico, una de las zonas m\u00e1s pobres del pa\u00eds y desde donde han salido muchos inmigrantes.&lt;\/p&gt;\n\" data-medium-file=\"http:\/\/www.grieta.org.mx\/wp-content\/uploads\/2020\/05\/foto_7_17-300x225.jpg\" data-large-file=\"http:\/\/www.grieta.org.mx\/wp-content\/uploads\/2020\/05\/foto_7_17.jpg\" class=\"wp-image-49021\" src=\"http:\/\/www.grieta.org.mx\/wp-content\/uploads\/2020\/05\/foto_7_17.jpg\" alt=\"\" width=\"800\" height=\"600\" srcset=\"http:\/\/www.grieta.org.mx\/wp-content\/uploads\/2020\/05\/foto_7_17.jpg 980w, http:\/\/www.grieta.org.mx\/wp-content\/uploads\/2020\/05\/foto_7_17-300x225.jpg 300w, http:\/\/www.grieta.org.mx\/wp-content\/uploads\/2020\/05\/foto_7_17-768x576.jpg 768w, http:\/\/www.grieta.org.mx\/wp-content\/uploads\/2020\/05\/foto_7_17-667x500.jpg 667w\" sizes=\"auto, (max-width: 800px) 100vw, 800px\" \/><figcaption id=\"caption-attachment-49021\" class=\"wp-caption-text\">Muchos de los fallecidos y los sobrevivientes del tr\u00e1iler de San Antonio salieron de aldeas y pueblos de los estados de Aguascalientes y Zacatecas, en el centro de M\u00e9xico, una de las zonas m\u00e1s pobres del pa\u00eds y desde donde han salido muchos inmigrantes.<\/figcaption><\/figure>\n<p>Un culpable en prisi\u00f3n<\/p>\n<p>En varias entrevistas por tel\u00e9fono a principios de 2020, el conductor del cami\u00f3n, James Matthew Bradley Jr., aseguraba estar arrepentido por la tragedia fatal. Insist\u00eda en que fue amenazado de muerte para transportar a los migrantes a San Antonio, Texas.<\/p>\n<p>\u201cEn el Walmart, todos empezaron a salir del tr\u00e1iler, estaban por todas partes, ca\u00eddos en el suelo, pidiendo agua, me intentaban decir cosas, pero no s\u00e9 hablar espa\u00f1ol, s\u00e9 cuatro o cinco palabras\u201d, explic\u00f3 desde la prisi\u00f3n federal en la que cumple condena. \u201cLlam\u00e9 a mi esposa y le dije lo que hab\u00eda pasado, y llegaron los oficiales\u201d.<\/p>\n<p>El 20 de abril de 2018, Bradley Jr. fue condenado a cadena perpetua por la muerte de diez inmigrantes en el tr\u00e1iler y el transporte ilegal de decenas m\u00e1s. En el juicio se desdijo de la versi\u00f3n inicial que dio a la polic\u00eda, cuando explic\u00f3 que descubri\u00f3 los cuerpos al llegar a San Antonio. Tampoco aclar\u00f3 qu\u00e9 hac\u00eda en la frontera, en Laredo, Texas, si no ten\u00eda ning\u00fan encargo comercial all\u00ed.<\/p>\n<p>ICE confirm\u00f3 que la tragedia de San Antonio es el crimen de tr\u00e1fico humano m\u00e1s mort\u00edfero en m\u00e1s de una d\u00e9cada, pero no contest\u00f3 cu\u00e1ntas v\u00edctimas est\u00e1n en proceso de visa U o la han logrado.<\/p>\n<p>*****<\/p>\n<p>Este reportaje es parte de Reporting the Border, un programa del International Center for Journalists en alianza con el Border Center for Journalists and Bloggers, que financi\u00f3 el reporteo en Texas y M\u00e9xico en el segundo semestre de 2019.<br \/>\nLa periodista local Jennifer Gonz\u00e1lez particip\u00f3 en la producci\u00f3n de esta historia.<\/p>\n<p><a href=\"https:\/\/vanguardia.com.mx\/articulo\/estos-migrantes-sobrevivieron-al-trailer-de-la-muerte-de-texas-ahora-el-coronavirus-los\" target=\"_blank\" rel=\"noopener noreferrer\">https:\/\/vanguardia.com.mx\/articulo\/estos-migrantes-sobrevivieron-al-trailer-de-la-muerte-de-texas-ahora-el-coronavirus-los<\/a><\/p>\n<\/div>\n<p><a href=\"https:\/\/vanguardia.com.mx\/articulo\/estos-migrantes-sobrevivieron-al-trailer-de-la-muerte-de-texas-ahora-el-coronavirus-los\" target=\"_blank\" rel=\"noopener noreferrer\">https:\/\/vanguardia.com.mx\/articulo\/estos-migrantes-sobrevivieron-al-trailer-de-la-muerte-de-texas-ahora-el-coronavirus-los<\/a><\/p>\n","protected":false},"excerpt":{"rendered":"<p>Dami\u00e0 Bonmat\u00ed\/ VANGUARDIA MX Son v\u00edctimas de la peor tragedia de tr\u00e1fico humano en m\u00e1s de una d\u00e9cada en Estados Unidos. Sobrevivieron al \u2018tr\u00e1iler de la muerte\u2019 de San Antonio, &hellip; <a href=\"http:\/\/www.grieta.org.mx\/index.php\/2020\/05\/07\/estos-migrantes-sobrevivieron-al-trailer-de-la-muerte-de-texas-ahora-el-coronavirus-los-lleva-al-limite\/\" class=\"more-link\">Leer m\u00e1s<\/a><\/p>\n","protected":false},"author":2,"featured_media":49022,"comment_status":"closed","ping_status":"closed","sticky":false,"template":"","format":"standard","meta":{"ngg_post_thumbnail":0,"_jetpack_newsletter_access":"","_jetpack_dont_email_post_to_subs":false,"_jetpack_newsletter_tier_id":0,"_jetpack_memberships_contains_paywalled_content":false,"_jetpack_memberships_contains_paid_content":false,"footnotes":""},"categories":[4,80,86,370,1188,1614,1971,2,29,83,76],"tags":[3198,3307,158,3348],"class_list":["post-49013","post","type-post","status-publish","format-standard","has-post-thumbnail","hentry","category-aguascalientes","category-cintillo","category-migrantes","category-migrantes-analisis","category-migrantes-en-aguascalientes","category-migrantes-en-san-luis-potosi","category-migrantes-y-migracion-en-zacatecas","category-noticias-nacionales","category-san-luis-potosi","category-temas-nacionales","category-zacatecas","tag-covid19","tag-mexicanos","tag-migrantes","tag-sobrevivientes","entry"],"jetpack_featured_media_url":"http:\/\/www.grieta.org.mx\/wp-content\/uploads\/2020\/05\/foto_1_3.jpg","jetpack_sharing_enabled":true,"jetpack_shortlink":"https:\/\/wp.me\/p7ZJR4-cKx","jetpack_likes_enabled":false,"jetpack-related-posts":[{"id":41759,"url":"http:\/\/www.grieta.org.mx\/index.php\/2019\/11\/19\/comision-de-busqueda-atiende-39-reportes-san-luis-potosi\/","url_meta":{"origin":49013,"position":0},"title":"Comisi\u00f3n de B\u00fasqueda atiende 39 reportes (San Luis Potos\u00ed)","author":"grieta","date":"19 noviembre, 2019","format":false,"excerpt":"29 son del caso Pirasol; hace 10 a\u00f1os que desapareci\u00f3 un autob\u00fas con trabajadores y siguen desaparecidos Mayra Trist\u00e1n\/El Sol de San Luis La Comisi\u00f3n Estatal de B\u00fasqueda tiene reporte de 39 personas desparecidas en San Luis Potos\u00ed, de las cuales, 10 son migrantes mexicanos y centroamericanos, inform\u00f3 Jes\u00fas Ju\u00e1rez\u2026","rel":"","context":"En &quot;CINTILLO&quot;","block_context":{"text":"CINTILLO","link":"http:\/\/www.grieta.org.mx\/index.php\/category\/cintillo\/"},"img":{"alt_text":"","src":"https:\/\/i0.wp.com\/www.grieta.org.mx\/wp-content\/uploads\/2019\/12\/desaparecidos.png?resize=350%2C200","width":350,"height":200,"srcset":"https:\/\/i0.wp.com\/www.grieta.org.mx\/wp-content\/uploads\/2019\/12\/desaparecidos.png?resize=350%2C200 1x, https:\/\/i0.wp.com\/www.grieta.org.mx\/wp-content\/uploads\/2019\/12\/desaparecidos.png?resize=525%2C300 1.5x, https:\/\/i0.wp.com\/www.grieta.org.mx\/wp-content\/uploads\/2019\/12\/desaparecidos.png?resize=700%2C400 2x"},"classes":[]},{"id":10624,"url":"http:\/\/www.grieta.org.mx\/index.php\/2015\/10\/10\/rescatan-a-41-migrantes-en-san-luis-potosi\/","url_meta":{"origin":49013,"position":1},"title":"Rescatan a 41 migrantes en San Luis Potos\u00ed","author":"grieta","date":"10 octubre, 2015","format":false,"excerpt":"SAN LUIS POTOS\u00cd.- Polic\u00edas estatales y federales rescataron a 41 migrantes de nacionalidad centroamericana que estaban privados de su libertad y en condiciones de maltrato en una casa del municipio de Cerritos. Con el apoyo de param\u00e9dicos los elementos policiales bridaron auxilio a 27 hombres, 12 mujeres y 2 menores,\u2026","rel":"","context":"En &quot;CINTILLO&quot;","block_context":{"text":"CINTILLO","link":"http:\/\/www.grieta.org.mx\/index.php\/category\/cintillo\/"},"img":{"alt_text":"","src":"https:\/\/i0.wp.com\/www.grieta.org.mx\/wp-content\/uploads\/2018\/03\/14524434_1106112876131411_958039263622046936_o.jpg?resize=350%2C200","width":350,"height":200,"srcset":"https:\/\/i0.wp.com\/www.grieta.org.mx\/wp-content\/uploads\/2018\/03\/14524434_1106112876131411_958039263622046936_o.jpg?resize=350%2C200 1x, https:\/\/i0.wp.com\/www.grieta.org.mx\/wp-content\/uploads\/2018\/03\/14524434_1106112876131411_958039263622046936_o.jpg?resize=525%2C300 1.5x, https:\/\/i0.wp.com\/www.grieta.org.mx\/wp-content\/uploads\/2018\/03\/14524434_1106112876131411_958039263622046936_o.jpg?resize=700%2C400 2x"},"classes":[]},{"id":35779,"url":"http:\/\/www.grieta.org.mx\/index.php\/2019\/07\/03\/rescatan-durante-mayo-a-mas-de-400-migrantes-en-slp-san-luis-potosi\/","url_meta":{"origin":49013,"position":2},"title":"Rescatan durante mayo a m\u00e1s de 400 migrantes en SLP (San Luis Potos\u00ed)","author":"grieta","date":"3 julio, 2019","format":false,"excerpt":"Fotograf\u00eda: Pulso Martha Arriaga \/ Pulso Durante mayo, el Instituto Nacional de Migraci\u00f3n (INM) en San Luis Potos\u00ed rescat\u00f3 a 402 migrantes, mismos que fueron repatriados a pa\u00edses como Honduras, Guatemala y El Salvador. Yolanda Camacho Zapata, representante del INM, coment\u00f3 que la mayor\u00eda siguen siendo hondure\u00f1os que buscan llegar\u2026","rel":"","context":"En &quot;CINTILLO&quot;","block_context":{"text":"CINTILLO","link":"http:\/\/www.grieta.org.mx\/index.php\/category\/cintillo\/"},"img":{"alt_text":"","src":"https:\/\/i0.wp.com\/www.grieta.org.mx\/wp-content\/uploads\/2019\/07\/Rescatan-durante-mayo-a-m%C3%A1s-de-400-migrantes-en-SLP-jul.jpg?resize=350%2C200","width":350,"height":200,"srcset":"https:\/\/i0.wp.com\/www.grieta.org.mx\/wp-content\/uploads\/2019\/07\/Rescatan-durante-mayo-a-m%C3%A1s-de-400-migrantes-en-SLP-jul.jpg?resize=350%2C200 1x, https:\/\/i0.wp.com\/www.grieta.org.mx\/wp-content\/uploads\/2019\/07\/Rescatan-durante-mayo-a-m%C3%A1s-de-400-migrantes-en-SLP-jul.jpg?resize=525%2C300 1.5x"},"classes":[]},{"id":34046,"url":"http:\/\/www.grieta.org.mx\/index.php\/2019\/05\/30\/aseguran-a-85-migrantes-en-tamaulipas\/","url_meta":{"origin":49013,"position":3},"title":"Aseguran a 85 migrantes en Tamaulipas","author":"grieta","date":"30 mayo, 2019","format":false,"excerpt":"Antonio Hern\u00e1ndez \/ Milenio Salieron de Ciudad Valles, San Luis Potos\u00ed en un autob\u00fas for\u00e1neo con destino a Reynosa, frontera de Tamaulipas. Elementos de la Polic\u00eda Federal aseguraron a 85 indocumentados que viajaban en un autob\u00fas que ten\u00eda como destino llegar a Reynosa. Entre los migrantes hay ni\u00f1os de brazos,\u2026","rel":"","context":"En &quot;CINTILLO&quot;","block_context":{"text":"CINTILLO","link":"http:\/\/www.grieta.org.mx\/index.php\/category\/cintillo\/"},"img":{"alt_text":"","src":"https:\/\/i0.wp.com\/www.grieta.org.mx\/wp-content\/uploads\/2019\/06\/Aseguran-a-85-migrantes-en-Tamaulipas-jun.jpg?resize=350%2C200","width":350,"height":200,"srcset":"https:\/\/i0.wp.com\/www.grieta.org.mx\/wp-content\/uploads\/2019\/06\/Aseguran-a-85-migrantes-en-Tamaulipas-jun.jpg?resize=350%2C200 1x, https:\/\/i0.wp.com\/www.grieta.org.mx\/wp-content\/uploads\/2019\/06\/Aseguran-a-85-migrantes-en-Tamaulipas-jun.jpg?resize=525%2C300 1.5x, https:\/\/i0.wp.com\/www.grieta.org.mx\/wp-content\/uploads\/2019\/06\/Aseguran-a-85-migrantes-en-Tamaulipas-jun.jpg?resize=700%2C400 2x"},"classes":[]},{"id":60676,"url":"http:\/\/www.grieta.org.mx\/index.php\/2021\/07\/18\/se-los-traga-la-tierra-desaparecen-menores-migrantes-al-cruzar-slp\/","url_meta":{"origin":49013,"position":4},"title":"Se los traga la tierra, desaparecen menores migrantes al cruzar SLP","author":"grieta","date":"18 julio, 2021","format":false,"excerpt":"Juan Hern\u00e1ndez\/Quadrat\u00edn San Luis Potos\u00ed 18 julio 2021 Al menos 10 menores de entre 12 y 17 a\u00f1os, nacidos en Honduras y El Salvador, han desaparecido en su paso por San Luis Potos\u00ed en el transcurso de este a\u00f1o. La Fiscal\u00eda Especializada en Derechos Humanos mantiene activas las fichas de\u2026","rel":"","context":"En &quot;CINTILLO&quot;","block_context":{"text":"CINTILLO","link":"http:\/\/www.grieta.org.mx\/index.php\/category\/cintillo\/"},"img":{"alt_text":"","src":"https:\/\/i0.wp.com\/www.grieta.org.mx\/wp-content\/uploads\/2021\/07\/ninos-mig.jpeg?resize=350%2C200","width":350,"height":200,"srcset":"https:\/\/i0.wp.com\/www.grieta.org.mx\/wp-content\/uploads\/2021\/07\/ninos-mig.jpeg?resize=350%2C200 1x, https:\/\/i0.wp.com\/www.grieta.org.mx\/wp-content\/uploads\/2021\/07\/ninos-mig.jpeg?resize=525%2C300 1.5x, https:\/\/i0.wp.com\/www.grieta.org.mx\/wp-content\/uploads\/2021\/07\/ninos-mig.jpeg?resize=700%2C400 2x, https:\/\/i0.wp.com\/www.grieta.org.mx\/wp-content\/uploads\/2021\/07\/ninos-mig.jpeg?resize=1050%2C600 3x"},"classes":[]},{"id":10617,"url":"http:\/\/www.grieta.org.mx\/index.php\/2015\/12\/30\/violencia-contra-migrantes-en-slp\/","url_meta":{"origin":49013,"position":5},"title":"Violencia contra migrantes en SLP","author":"grieta","date":"30 diciembre, 2015","format":false,"excerpt":"15\/10\/15. \u201cAlerta llegada de bandas que atacan a migrantes\u201dPulso SLP 10\/10\/15. Rescatan a 41 migrantes en San Luis Potos\u00edEl Mexicano","rel":"","context":"En &quot;San Luis Potos\u00ed&quot;","block_context":{"text":"San Luis Potos\u00ed","link":"http:\/\/www.grieta.org.mx\/index.php\/category\/noticias-nacionales\/san-luis-potosi\/"},"img":{"alt_text":"","src":"https:\/\/i0.wp.com\/www.grieta.org.mx\/wp-content\/uploads\/2018\/03\/14524434_1106112876131411_958039263622046936_o.jpg?resize=350%2C200","width":350,"height":200,"srcset":"https:\/\/i0.wp.com\/www.grieta.org.mx\/wp-content\/uploads\/2018\/03\/14524434_1106112876131411_958039263622046936_o.jpg?resize=350%2C200 1x, https:\/\/i0.wp.com\/www.grieta.org.mx\/wp-content\/uploads\/2018\/03\/14524434_1106112876131411_958039263622046936_o.jpg?resize=525%2C300 1.5x, https:\/\/i0.wp.com\/www.grieta.org.mx\/wp-content\/uploads\/2018\/03\/14524434_1106112876131411_958039263622046936_o.jpg?resize=700%2C400 2x"},"classes":[]}],"_links":{"self":[{"href":"http:\/\/www.grieta.org.mx\/index.php\/wp-json\/wp\/v2\/posts\/49013","targetHints":{"allow":["GET"]}}],"collection":[{"href":"http:\/\/www.grieta.org.mx\/index.php\/wp-json\/wp\/v2\/posts"}],"about":[{"href":"http:\/\/www.grieta.org.mx\/index.php\/wp-json\/wp\/v2\/types\/post"}],"author":[{"embeddable":true,"href":"http:\/\/www.grieta.org.mx\/index.php\/wp-json\/wp\/v2\/users\/2"}],"replies":[{"embeddable":true,"href":"http:\/\/www.grieta.org.mx\/index.php\/wp-json\/wp\/v2\/comments?post=49013"}],"version-history":[{"count":1,"href":"http:\/\/www.grieta.org.mx\/index.php\/wp-json\/wp\/v2\/posts\/49013\/revisions"}],"predecessor-version":[{"id":49024,"href":"http:\/\/www.grieta.org.mx\/index.php\/wp-json\/wp\/v2\/posts\/49013\/revisions\/49024"}],"wp:featuredmedia":[{"embeddable":true,"href":"http:\/\/www.grieta.org.mx\/index.php\/wp-json\/wp\/v2\/media\/49022"}],"wp:attachment":[{"href":"http:\/\/www.grieta.org.mx\/index.php\/wp-json\/wp\/v2\/media?parent=49013"}],"wp:term":[{"taxonomy":"category","embeddable":true,"href":"http:\/\/www.grieta.org.mx\/index.php\/wp-json\/wp\/v2\/categories?post=49013"},{"taxonomy":"post_tag","embeddable":true,"href":"http:\/\/www.grieta.org.mx\/index.php\/wp-json\/wp\/v2\/tags?post=49013"}],"curies":[{"name":"wp","href":"https:\/\/api.w.org\/{rel}","templated":true}]}}