{"id":48939,"date":"2020-05-10T08:31:17","date_gmt":"2020-05-10T13:31:17","guid":{"rendered":"http:\/\/www.grieta.org.mx\/?p=48939"},"modified":"2020-05-12T08:35:32","modified_gmt":"2020-05-12T13:35:32","slug":"se-manifiesta-fundenl-en-puentes-peatonales-nuevo-leon","status":"publish","type":"post","link":"http:\/\/www.grieta.org.mx\/index.php\/2020\/05\/10\/se-manifiesta-fundenl-en-puentes-peatonales-nuevo-leon\/","title":{"rendered":"Se manifiesta FUNDENL en puentes peatonales (Nuevo Le\u00f3n)"},"content":{"rendered":"<figure id=\"attachment_48945\" aria-describedby=\"caption-attachment-48945\" style=\"width: 800px\" class=\"wp-caption aligncenter\"><img loading=\"lazy\" decoding=\"async\" data-attachment-id=\"48945\" data-permalink=\"http:\/\/www.grieta.org.mx\/index.php\/2020\/05\/10\/se-manifiesta-fundenl-en-puentes-peatonales-nuevo-leon\/fundenl\/\" data-orig-file=\"http:\/\/www.grieta.org.mx\/wp-content\/uploads\/2020\/05\/fundenl.jpg\" data-orig-size=\"1280,960\" data-comments-opened=\"0\" data-image-meta=\"{&quot;aperture&quot;:&quot;0&quot;,&quot;credit&quot;:&quot;&quot;,&quot;camera&quot;:&quot;&quot;,&quot;caption&quot;:&quot;&quot;,&quot;created_timestamp&quot;:&quot;0&quot;,&quot;copyright&quot;:&quot;&quot;,&quot;focal_length&quot;:&quot;0&quot;,&quot;iso&quot;:&quot;0&quot;,&quot;shutter_speed&quot;:&quot;0&quot;,&quot;title&quot;:&quot;&quot;,&quot;orientation&quot;:&quot;0&quot;}\" data-image-title=\"fundenl\" data-image-description=\"\" data-image-caption=\"&lt;p&gt;Aseguraron que la contingencia sanitaria no deber\u00eda ser un obst\u00e1culo para seguir busc\u00e1ndolas.&lt;\/p&gt;\n\" data-medium-file=\"http:\/\/www.grieta.org.mx\/wp-content\/uploads\/2020\/05\/fundenl-300x225.jpg\" data-large-file=\"http:\/\/www.grieta.org.mx\/wp-content\/uploads\/2020\/05\/fundenl-1024x768.jpg\" class=\"wp-image-48945\" src=\"http:\/\/www.grieta.org.mx\/wp-content\/uploads\/2020\/05\/fundenl.jpg\" alt=\"\" width=\"800\" height=\"600\" srcset=\"http:\/\/www.grieta.org.mx\/wp-content\/uploads\/2020\/05\/fundenl.jpg 1280w, http:\/\/www.grieta.org.mx\/wp-content\/uploads\/2020\/05\/fundenl-300x225.jpg 300w, http:\/\/www.grieta.org.mx\/wp-content\/uploads\/2020\/05\/fundenl-768x576.jpg 768w, http:\/\/www.grieta.org.mx\/wp-content\/uploads\/2020\/05\/fundenl-1024x768.jpg 1024w, http:\/\/www.grieta.org.mx\/wp-content\/uploads\/2020\/05\/fundenl-667x500.jpg 667w\" sizes=\"auto, (max-width: 800px) 100vw, 800px\" \/><figcaption id=\"caption-attachment-48945\" class=\"wp-caption-text\">Aseguraron que la contingencia sanitaria no deber\u00eda ser un obst\u00e1culo para seguir busc\u00e1ndolas.<\/figcaption><\/figure>\n<p>C\u00e9sar L\u00f3pez\/ EL PORVENIR<\/p>\n<p>Aseguraron que la contingencia sanitaria no deber\u00eda ser un obst\u00e1culo para seguir busc\u00e1ndolas.<\/p>\n<p>&#8220;Desparecidos \u00bfd\u00f3nde est\u00e1n?, fuerza madres de FUNDENL&#8221;, eran las leyendas que se pod\u00edan apreciar en las mantas.<\/p>\n<p>La organizaci\u00f3n Fuerzas Unidas por Nuestros Desaparecidos en Nuevo Le\u00f3n, se moviliz\u00f3 en diferentes puentes peatonales del \u00e1rea metropolitana de Monterrey para alzar la voz por sus familiares desaparecidos.<\/p>\n<p>Tradicionalmente la organizaci\u00f3n realiza una marcha cada 10 de mayo, sin embargo, por la contingencia esto no pudo ser posible por lo que realizaron dicho acto con las debidas precauciones para que su voz no pasara por desapercibida este a\u00f1o.<\/p>\n<p>Puentes peatonales de avenida Revoluci\u00f3n, Morones Prieto, Garza Sada, fueron algunos de los puntos donde se colocaron mantas que conten\u00edan diferentes consignas.<\/p>\n<p>&#8220;Desparecidos \u00bfd\u00f3nde est\u00e1n?, fuerza madres de FUNDENL&#8221;, eran las leyendas que se pod\u00edan apreciar en las mantas.<\/p>\n<p>Asimismo, la organizaci\u00f3n exigi\u00f3 al estado que no cese en la b\u00fasqueda de sus familiares desaparecidos, puntualizando que ellas ml han parado en ning\u00fan momento.<\/p>\n<p>&#8220;El d\u00eda de hoy, 10 de mayo, nuestra marcha se traslada a las redes, un cubrebocas no nos calla. Exigimos la localizaci\u00f3n de nuestras hijas, hijos y dem\u00e1s familiares, as\u00ed como Verdad y Justicia&#8221;, expres\u00f3 el colectivo.<\/p>\n<p>&#8220;Hoy, queremos denunciar que el Estado nos pide no salir de casa, pero los delincuentes siguen en las calles y nos siguen desapareciendo. Nuevo Le\u00f3n, seg\u00fan datos de la Secretar\u00eda de Gobernaci\u00f3n en su publicaci\u00f3n &#8216;Observaciones sobre Violaciones a Derechos Humanos durante Contingencia Sanitaria por COVID-19&#8217; es segundo lugar en casos de Desaparici\u00f3n de Personas&#8221;, puntualizaron.<\/p>\n<p>Por \u00faltimo, se\u00f1alaron que existen muchas obligaciones y tareas pendientes por parte de las instituciones que pudieran trabajar desde sus hogares para encontrar a personas desaparecidas, y aseguraron la contingencia sanitaria no deber\u00eda ser un obst\u00e1culo para seguir busc\u00e1ndolas, y una vez que finalice la pandemia, salir a encontrarlas.<\/p>\n<p>&nbsp;<\/p>\n<p><a href=\"https:\/\/elporvenir.mx\/local\/se-manifiesta-fundenl-en-puentes-peatonales\/85315\" target=\"_blank\" rel=\"noopener noreferrer\">https:\/\/elporvenir.mx\/local\/se-manifiesta-fundenl-en-puentes-peatonales\/85315<\/a><\/p>\n","protected":false},"excerpt":{"rendered":"<p>C\u00e9sar L\u00f3pez\/ EL PORVENIR Aseguraron que la contingencia sanitaria no deber\u00eda ser un obst\u00e1culo para seguir busc\u00e1ndolas. &#8220;Desparecidos \u00bfd\u00f3nde est\u00e1n?, fuerza madres de FUNDENL&#8221;, eran las leyendas que se pod\u00edan &hellip; <a href=\"http:\/\/www.grieta.org.mx\/index.php\/2020\/05\/10\/se-manifiesta-fundenl-en-puentes-peatonales-nuevo-leon\/\" class=\"more-link\">Leer m\u00e1s<\/a><\/p>\n","protected":false},"author":2,"featured_media":48945,"comment_status":"closed","ping_status":"closed","sticky":false,"template":"","format":"standard","meta":{"ngg_post_thumbnail":0,"_jetpack_newsletter_access":"","_jetpack_dont_email_post_to_subs":false,"_jetpack_newsletter_tier_id":0,"_jetpack_memberships_contains_paywalled_content":false,"_jetpack_memberships_contains_paid_content":false,"footnotes":""},"categories":[80,3266,87,1043,2,24,83],"tags":[3344,121,3343],"class_list":["post-48939","post","type-post","status-publish","format-standard","has-post-thumbnail","hentry","category-cintillo","category-covid-19-en-nuevo-leon","category-desaparecidos","category-desaparecidos-en-nuevo-leon","category-noticias-nacionales","category-nuevo-leon","category-temas-nacionales","tag-busqueda","tag-desaparecidos","tag-familiares","entry"],"jetpack_featured_media_url":"http:\/\/www.grieta.org.mx\/wp-content\/uploads\/2020\/05\/fundenl.jpg","jetpack_sharing_enabled":true,"jetpack_shortlink":"https:\/\/wp.me\/p7ZJR4-cJl","jetpack_likes_enabled":false,"jetpack-related-posts":[{"id":48951,"url":"http:\/\/www.grieta.org.mx\/index.php\/2020\/05\/10\/protestan-en-redes-por-desaparecidos-de-nuevo-leon\/","url_meta":{"origin":48939,"position":0},"title":"Protestan en redes por desaparecidos de Nuevo Le\u00f3n","author":"grieta","date":"10 mayo, 2020","format":false,"excerpt":"Ante la contingencia por el covid-19, FUNDENL realiz\u00f3 una \u201cmarcha\u201d en redes sociales exigiendo al Gobierno del Estado no parar con la b\u00fasqueda de las personas desaparecidas. Kevin Recio\/ MILENIO La organizaci\u00f3n no gubernamental Fuerzas Unidas por Nuestros Desaparecidos en Nuevo Le\u00f3n, (FUNDENL) \u201cmarch\u00f3\u201d en redes sociales exigiendo al Estado\u2026","rel":"","context":"En &quot;CINTILLO&quot;","block_context":{"text":"CINTILLO","link":"http:\/\/www.grieta.org.mx\/index.php\/category\/cintillo\/"},"img":{"alt_text":"","src":"https:\/\/i0.wp.com\/www.grieta.org.mx\/wp-content\/uploads\/2020\/05\/desaparecidos-archivos.jpg?resize=350%2C200","width":350,"height":200,"srcset":"https:\/\/i0.wp.com\/www.grieta.org.mx\/wp-content\/uploads\/2020\/05\/desaparecidos-archivos.jpg?resize=350%2C200 1x, https:\/\/i0.wp.com\/www.grieta.org.mx\/wp-content\/uploads\/2020\/05\/desaparecidos-archivos.jpg?resize=525%2C300 1.5x, https:\/\/i0.wp.com\/www.grieta.org.mx\/wp-content\/uploads\/2020\/05\/desaparecidos-archivos.jpg?resize=700%2C400 2x"},"classes":[]},{"id":48961,"url":"http:\/\/www.grieta.org.mx\/index.php\/2020\/05\/12\/demanda-fundenl-que-siga-viva-su-lucha-y-alcanzar-justicia-nuevo-leon\/","url_meta":{"origin":48939,"position":1},"title":"Demanda FUNDENL que siga viva su lucha y alcanzar justicia (Nuevo Le\u00f3n)","author":"grieta","date":"12 mayo, 2020","format":false,"excerpt":"Al sentirse olvidados por las autoridades de justicia. EL PORVENIR Al sentirse olvidados por las autoridades de justicia, integrantes de la Fundaci\u00f3n de FUNDENL, en b\u00fasqueda por los desparecidos, demandan que sus lucha siga viva, en especial por la fe de que se les haga justicia. En este tema Lety\u2026","rel":"","context":"En &quot;CINTILLO&quot;","block_context":{"text":"CINTILLO","link":"http:\/\/www.grieta.org.mx\/index.php\/category\/cintillo\/"},"img":{"alt_text":"","src":"https:\/\/i0.wp.com\/www.grieta.org.mx\/wp-content\/uploads\/2020\/05\/cover8.jpg?resize=350%2C200","width":350,"height":200,"srcset":"https:\/\/i0.wp.com\/www.grieta.org.mx\/wp-content\/uploads\/2020\/05\/cover8.jpg?resize=350%2C200 1x, https:\/\/i0.wp.com\/www.grieta.org.mx\/wp-content\/uploads\/2020\/05\/cover8.jpg?resize=525%2C300 1.5x, https:\/\/i0.wp.com\/www.grieta.org.mx\/wp-content\/uploads\/2020\/05\/cover8.jpg?resize=700%2C400 2x, https:\/\/i0.wp.com\/www.grieta.org.mx\/wp-content\/uploads\/2020\/05\/cover8.jpg?resize=1050%2C600 3x"},"classes":[]},{"id":4894,"url":"http:\/\/www.grieta.org.mx\/index.php\/2016\/08\/05\/desaparecidos-en-nuevo-leon\/","url_meta":{"origin":48939,"position":2},"title":"Desaparecidos en Nuevo Le\u00f3n","author":"grieta","date":"5 agosto, 2016","format":false,"excerpt":"03\/08\/16. Empeora situaci\u00f3n de v\u00edctimas de desaparici\u00f3n en Nuevo Le\u00f3nVanguardia Mx 10\/06\/16. Familias de Nuevo Le\u00f3n piden localizar a padres desaparecidos Vanguardia Mx 10\/01\/16. Realizan evento en memoria de desaparecidos en NL La Jornada 19\/11\/15. En Nuevo Le\u00f3n, 173 casos de desaparici\u00f3n que involucran a 314 v\u00edctimas Desinform\u00e9monos 08\/11\/15. En\u2026","rel":"","context":"En &quot;Desaparecidos&quot;","block_context":{"text":"Desaparecidos","link":"http:\/\/www.grieta.org.mx\/index.php\/category\/temas-nacionales\/desaparecidos\/"},"img":{"alt_text":"","src":"https:\/\/i0.wp.com\/www.grieta.org.mx\/wp-content\/uploads\/2018\/03\/14524434_1106112876131411_958039263622046936_o.jpg?resize=350%2C200","width":350,"height":200,"srcset":"https:\/\/i0.wp.com\/www.grieta.org.mx\/wp-content\/uploads\/2018\/03\/14524434_1106112876131411_958039263622046936_o.jpg?resize=350%2C200 1x, https:\/\/i0.wp.com\/www.grieta.org.mx\/wp-content\/uploads\/2018\/03\/14524434_1106112876131411_958039263622046936_o.jpg?resize=525%2C300 1.5x, https:\/\/i0.wp.com\/www.grieta.org.mx\/wp-content\/uploads\/2018\/03\/14524434_1106112876131411_958039263622046936_o.jpg?resize=700%2C400 2x"},"classes":[]},{"id":28398,"url":"http:\/\/www.grieta.org.mx\/index.php\/2019\/01\/16\/critican-que-fiscalia-de-nl-no-invierta-en-investigadores-nuevo-leon\/","url_meta":{"origin":48939,"position":3},"title":"Critican que Fiscal\u00eda de NL no invierta en investigadores (Nuevo Le\u00f3n)","author":"grieta","date":"16 enero, 2019","format":false,"excerpt":"Melva Frutos \/ Posta NUEVO LE\u00d3N.- Fuerzas Unidas por Nuestros Desaparecidos en Nuevo Le\u00f3n (FUNDENL) reproch\u00f3 que la Fiscal\u00eda\u00a0General busque contratar 291 empleados administrativos y s\u00f3lo siete para puestos para an\u00e1lisis e inteligencia. En recientes declaraciones, el fiscal general de Nuevo Le\u00f3n, Gustavo Adolfo Guerrero, ha comentado que derivado de\u2026","rel":"","context":"En &quot;CINTILLO&quot;","block_context":{"text":"CINTILLO","link":"http:\/\/www.grieta.org.mx\/index.php\/category\/cintillo\/"},"img":{"alt_text":"","src":"https:\/\/i0.wp.com\/www.grieta.org.mx\/wp-content\/uploads\/2018\/03\/14524434_1106112876131411_958039263622046936_o.jpg?resize=350%2C200","width":350,"height":200,"srcset":"https:\/\/i0.wp.com\/www.grieta.org.mx\/wp-content\/uploads\/2018\/03\/14524434_1106112876131411_958039263622046936_o.jpg?resize=350%2C200 1x, https:\/\/i0.wp.com\/www.grieta.org.mx\/wp-content\/uploads\/2018\/03\/14524434_1106112876131411_958039263622046936_o.jpg?resize=525%2C300 1.5x, https:\/\/i0.wp.com\/www.grieta.org.mx\/wp-content\/uploads\/2018\/03\/14524434_1106112876131411_958039263622046936_o.jpg?resize=700%2C400 2x"},"classes":[]},{"id":5127,"url":"http:\/\/www.grieta.org.mx\/index.php\/2015\/03\/22\/hay-mas-de-10-mil-desaparecidos-fundenl\/","url_meta":{"origin":48939,"position":4},"title":"Hay m\u00e1s de 10 mil desaparecidos: Fundenl","author":"grieta","date":"22 marzo, 2015","format":false,"excerpt":"Milenio Daniela Garc\u00eda Monterrey. C\u00e1lculos de Fuerzas Unidas por Nuestros Desaparecidos de Nuevo Le\u00f3n (Fundenl) e informaci\u00f3n que les ha llegado por parte de familiares de desaparecidos y personal de la mismas fuerzas policiacas indican que la cifra de desaparecidos en el estado ascender\u00eda a 10 mil personas, contrario a\u2026","rel":"","context":"En &quot;CINTILLO&quot;","block_context":{"text":"CINTILLO","link":"http:\/\/www.grieta.org.mx\/index.php\/category\/cintillo\/"},"img":{"alt_text":"","src":"https:\/\/i0.wp.com\/www.grieta.org.mx\/wp-content\/uploads\/2018\/03\/14524434_1106112876131411_958039263622046936_o.jpg?resize=350%2C200","width":350,"height":200,"srcset":"https:\/\/i0.wp.com\/www.grieta.org.mx\/wp-content\/uploads\/2018\/03\/14524434_1106112876131411_958039263622046936_o.jpg?resize=350%2C200 1x, https:\/\/i0.wp.com\/www.grieta.org.mx\/wp-content\/uploads\/2018\/03\/14524434_1106112876131411_958039263622046936_o.jpg?resize=525%2C300 1.5x, https:\/\/i0.wp.com\/www.grieta.org.mx\/wp-content\/uploads\/2018\/03\/14524434_1106112876131411_958039263622046936_o.jpg?resize=700%2C400 2x"},"classes":[]},{"id":19297,"url":"http:\/\/www.grieta.org.mx\/index.php\/2016\/08\/03\/empeora-situacion-de-victimas-de-desaparicion-en-nuevo-leon\/","url_meta":{"origin":48939,"position":5},"title":"Empeora situaci\u00f3n de v\u00edctimas de desaparici\u00f3n en Nuevo Le\u00f3n","author":"grieta","date":"3 agosto, 2016","format":false,"excerpt":"Aracely Chantaka Para los familiares de desaparecidos en la entidad, la situaci\u00f3n de atenci\u00f3n para sus casos ha empeorado por parte de la Procuradur\u00eda General de Justicia en el estado, en relaci\u00f3n con el sexenio anterior Monterrey, Nuevo Le\u00f3n.- Para los familiares de desaparecidos en la entidad, la situaci\u00f3n de\u2026","rel":"","context":"En &quot;CINTILLO&quot;","block_context":{"text":"CINTILLO","link":"http:\/\/www.grieta.org.mx\/index.php\/category\/cintillo\/"},"img":{"alt_text":"","src":"https:\/\/i0.wp.com\/www.grieta.org.mx\/wp-content\/uploads\/2018\/03\/14524434_1106112876131411_958039263622046936_o.jpg?resize=350%2C200","width":350,"height":200,"srcset":"https:\/\/i0.wp.com\/www.grieta.org.mx\/wp-content\/uploads\/2018\/03\/14524434_1106112876131411_958039263622046936_o.jpg?resize=350%2C200 1x, https:\/\/i0.wp.com\/www.grieta.org.mx\/wp-content\/uploads\/2018\/03\/14524434_1106112876131411_958039263622046936_o.jpg?resize=525%2C300 1.5x, https:\/\/i0.wp.com\/www.grieta.org.mx\/wp-content\/uploads\/2018\/03\/14524434_1106112876131411_958039263622046936_o.jpg?resize=700%2C400 2x"},"classes":[]}],"_links":{"self":[{"href":"http:\/\/www.grieta.org.mx\/index.php\/wp-json\/wp\/v2\/posts\/48939","targetHints":{"allow":["GET"]}}],"collection":[{"href":"http:\/\/www.grieta.org.mx\/index.php\/wp-json\/wp\/v2\/posts"}],"about":[{"href":"http:\/\/www.grieta.org.mx\/index.php\/wp-json\/wp\/v2\/types\/post"}],"author":[{"embeddable":true,"href":"http:\/\/www.grieta.org.mx\/index.php\/wp-json\/wp\/v2\/users\/2"}],"replies":[{"embeddable":true,"href":"http:\/\/www.grieta.org.mx\/index.php\/wp-json\/wp\/v2\/comments?post=48939"}],"version-history":[{"count":1,"href":"http:\/\/www.grieta.org.mx\/index.php\/wp-json\/wp\/v2\/posts\/48939\/revisions"}],"predecessor-version":[{"id":48946,"href":"http:\/\/www.grieta.org.mx\/index.php\/wp-json\/wp\/v2\/posts\/48939\/revisions\/48946"}],"wp:featuredmedia":[{"embeddable":true,"href":"http:\/\/www.grieta.org.mx\/index.php\/wp-json\/wp\/v2\/media\/48945"}],"wp:attachment":[{"href":"http:\/\/www.grieta.org.mx\/index.php\/wp-json\/wp\/v2\/media?parent=48939"}],"wp:term":[{"taxonomy":"category","embeddable":true,"href":"http:\/\/www.grieta.org.mx\/index.php\/wp-json\/wp\/v2\/categories?post=48939"},{"taxonomy":"post_tag","embeddable":true,"href":"http:\/\/www.grieta.org.mx\/index.php\/wp-json\/wp\/v2\/tags?post=48939"}],"curies":[{"name":"wp","href":"https:\/\/api.w.org\/{rel}","templated":true}]}}