{"id":48907,"date":"2020-05-07T19:21:21","date_gmt":"2020-05-08T00:21:21","guid":{"rendered":"http:\/\/www.grieta.org.mx\/?p=48907"},"modified":"2020-05-10T19:24:31","modified_gmt":"2020-05-11T00:24:31","slug":"oaxaca-tiran-a-la-basura-residuos-infecciosos-demandan-vigilancia","status":"publish","type":"post","link":"http:\/\/www.grieta.org.mx\/index.php\/2020\/05\/07\/oaxaca-tiran-a-la-basura-residuos-infecciosos-demandan-vigilancia\/","title":{"rendered":"Oaxaca tiran a la basura residuos infecciosos, demandan vigilancia"},"content":{"rendered":"<p>P\u00e1gina 3 \/ Jaime Guerrero.<\/p>\n<p><img loading=\"lazy\" decoding=\"async\" data-attachment-id=\"48908\" data-permalink=\"http:\/\/www.grieta.org.mx\/index.php\/2020\/05\/07\/oaxaca-tiran-a-la-basura-residuos-infecciosos-demandan-vigilancia\/residus\/\" data-orig-file=\"http:\/\/www.grieta.org.mx\/wp-content\/uploads\/2020\/05\/residus.jpg\" data-orig-size=\"2048,1360\" data-comments-opened=\"0\" data-image-meta=\"{&quot;aperture&quot;:&quot;0&quot;,&quot;credit&quot;:&quot;&quot;,&quot;camera&quot;:&quot;&quot;,&quot;caption&quot;:&quot;&quot;,&quot;created_timestamp&quot;:&quot;0&quot;,&quot;copyright&quot;:&quot;&quot;,&quot;focal_length&quot;:&quot;0&quot;,&quot;iso&quot;:&quot;0&quot;,&quot;shutter_speed&quot;:&quot;0&quot;,&quot;title&quot;:&quot;&quot;,&quot;orientation&quot;:&quot;0&quot;}\" data-image-title=\"residus\" data-image-description=\"\" data-image-caption=\"\" data-medium-file=\"http:\/\/www.grieta.org.mx\/wp-content\/uploads\/2020\/05\/residus-300x199.jpg\" data-large-file=\"http:\/\/www.grieta.org.mx\/wp-content\/uploads\/2020\/05\/residus-1024x680.jpg\" class=\"aligncenter wp-image-48908\" src=\"http:\/\/www.grieta.org.mx\/wp-content\/uploads\/2020\/05\/residus.jpg\" alt=\"\" width=\"800\" height=\"531\" srcset=\"http:\/\/www.grieta.org.mx\/wp-content\/uploads\/2020\/05\/residus.jpg 2048w, http:\/\/www.grieta.org.mx\/wp-content\/uploads\/2020\/05\/residus-300x199.jpg 300w, http:\/\/www.grieta.org.mx\/wp-content\/uploads\/2020\/05\/residus-768x510.jpg 768w, http:\/\/www.grieta.org.mx\/wp-content\/uploads\/2020\/05\/residus-1024x680.jpg 1024w, http:\/\/www.grieta.org.mx\/wp-content\/uploads\/2020\/05\/residus-753x500.jpg 753w\" sizes=\"auto, (max-width: 800px) 100vw, 800px\" \/><\/p>\n<p>Luego de que la direcci\u00f3n de Servicios Municipales del Ayuntamiento de Oaxaca de Ju\u00e1rez reportara que hospitales y cl\u00ednicas descuidan la separaci\u00f3n de basura de residuos biol\u00f3gicos-infecciosos, al incrementarse el n\u00famero de cubrebocas usados entre los desperdicios, el diputado de Morena, Ericel G\u00f3mez Nucamendi, demand\u00f3 a las autoridades estatales vigilar, inspeccionar y cumplir con el manejo de los residuos biol\u00f3gico-infecciosos en los hospitales, laboratorios y centros de salud ante el estado de Emergencia Sanitaria Nacional por la COVID-19.<\/p>\n<p>A trav\u00e9s de un punto de acuerdo presentado en la sesi\u00f3n de la diputaci\u00f3n permanente, el legislador advirti\u00f3 que la falta de separaci\u00f3n de los residuos biol\u00f3gico-infecciosos representa un peligro latente para recolectores y pepenadores, as\u00ed como para la poblaci\u00f3n en general.<\/p>\n<p>En el documento que no fue le\u00eddo, solo turnado a Comisiones, G\u00f3mez Nucamendi,pide al Gobernador del Estado a que instruya de manera inmediata a los titulares de la secretar\u00edas de Medio Ambiente, Energ\u00edas y Desarrollo Sustentable y de Salud de Oaxaca para que observen, inspeccionen y hagan cumplir la Norma Oficial Mexicana: Nom- 087-Ecol-SSA- 2002.<\/p>\n<p>En la exposici\u00f3n de motivos, el morenista refiri\u00f3 que ese lineamiento establece los requisitos esenciales para la separaci\u00f3n, envasado, almacenamiento, recolecci\u00f3n, transporte, tratamiento, y disposici\u00f3n de los residuos biol\u00f3gico- infecciosos en los hospitales, laboratorios cl\u00ednicos y centros de salud, tanto p\u00fablicos como privados.<\/p>\n<p>\u201cRecientemente, la direcci\u00f3n de Servicios Municipales del Ayuntamiento de Oaxaca de Ju\u00e1rez dio a conocer que hospitales y cl\u00ednicas descuidan el cuidado en la separaci\u00f3n de basura, lo que ha incrementado el n\u00famero de cubrebocas usados entre los desperdicios. Esto representa un peligro latente para recolectores y pepenadores, as\u00ed como para la poblaci\u00f3n en general\u201d, expone.<\/p>\n<p>El documento recuerda que anteriormente los residuos se tiraban en bolsas de pl\u00e1stico transparentes que permit\u00edan visibilizar el contenido de las mismas. Sin embargo, ahora se depositan en bolsas negras que impiden distinguir los residuos peligrosos e infecciosos.<\/p>\n<p>Son considerados Residuos Peligrosos Biol\u00f3gico-Infecciosos: la sangre l\u00edquida y los derivados de \u00e9sta, as\u00ed como recipientes desechables que la contengan, cultivos y cepas de agentes biol\u00f3gico- infecciosos, generados en procesos de diagn\u00f3stico e investigaci\u00f3n y los utensilios desechables utilizados para contener, transferir, inocular y mezclar cultivos de estos agentes, expone el punto de acuerdo.<\/p>\n<p>Tambi\u00e9n, los residuos patol\u00f3gicos que incluyen tejidos, \u00f3rganos y otras piezas anat\u00f3micas que no est\u00e9n en formol, as\u00ed como muestras biol\u00f3gicas para el an\u00e1lisis y cad\u00e1veres de investigaci\u00f3n, agrega.<\/p>\n<p>De igual forma, residuos no anat\u00f3micos: materiales de curaci\u00f3n, saturados con sangre, fluidos corporales o secreciones de pacientes. Objetos punzo cortantes como jeringas desechables, agujas hipod\u00e9rmicas, de sutura, de acupuntura y para tatuajes, navajas, lancetas, bistur\u00eds, estiletes de cat\u00e9ter, entre otros.<\/p>\n<p>Los materiales de curaci\u00f3n empapados, saturados o goteando sangre, o cualquiera de los siguientes fluidos corporales: l\u00edquido sinovial, peric\u00e1rdico, pleural, c\u00e9falo raqu\u00eddeo o peritoneal.<\/p>\n<p>As\u00ed como materiales desechables que contengan esputo, secreciones pulmonares o cualquier material para contener \u00e9stos, de pacientes con sospecha de tuberculosis o secreciones de pacientes con sospecha, o diagn\u00f3stico de enfermedades hemorr\u00e1gicas y otras enfermedades infecciosas emergentes.<\/p>\n<p><a href=\"https:\/\/pagina3.mx\/2020\/05\/hospitales-dejan-residuos-infecciosos\/\" target=\"_blank\" rel=\"noopener noreferrer\">https:\/\/pagina3.mx\/2020\/05\/hospitales-dejan-residuos-infecciosos\/<\/a><\/p>\n","protected":false},"excerpt":{"rendered":"<p>P\u00e1gina 3 \/ Jaime Guerrero. Luego de que la direcci\u00f3n de Servicios Municipales del Ayuntamiento de Oaxaca de Ju\u00e1rez reportara que hospitales y cl\u00ednicas descuidan la separaci\u00f3n de basura de &hellip; <a href=\"http:\/\/www.grieta.org.mx\/index.php\/2020\/05\/07\/oaxaca-tiran-a-la-basura-residuos-infecciosos-demandan-vigilancia\/\" class=\"more-link\">Leer m\u00e1s<\/a><\/p>\n","protected":false},"author":2,"featured_media":48908,"comment_status":"closed","ping_status":"closed","sticky":false,"template":"","format":"standard","meta":{"ngg_post_thumbnail":0,"_jetpack_newsletter_access":"","_jetpack_dont_email_post_to_subs":false,"_jetpack_newsletter_tier_id":0,"_jetpack_memberships_contains_paywalled_content":false,"_jetpack_memberships_contains_paid_content":false,"footnotes":""},"categories":[80,3262,1728,2,25],"tags":[],"class_list":["post-48907","post","type-post","status-publish","format-standard","has-post-thumbnail","hentry","category-cintillo","category-crisis-covid-19-en-oaxaca","category-crisis-del-sector-salud-en-oaxaca","category-noticias-nacionales","category-oaxaca","entry"],"jetpack_featured_media_url":"http:\/\/www.grieta.org.mx\/wp-content\/uploads\/2020\/05\/residus.jpg","jetpack_sharing_enabled":true,"jetpack_shortlink":"https:\/\/wp.me\/p7ZJR4-cIP","jetpack_likes_enabled":false,"jetpack-related-posts":[{"id":49784,"url":"http:\/\/www.grieta.org.mx\/index.php\/2020\/05\/21\/automovilistas-reportan-residuos-biologicos-en-la-mexico-puebla\/","url_meta":{"origin":48907,"position":0},"title":"AUTOMOVILISTAS REPORTAN RESIDUOS BIOL\u00d3GICOS EN LA M\u00c9XICO-PUEBLA","author":"grieta","date":"21 mayo, 2020","format":false,"excerpt":"Imagen tomada de: www.reporteindigo.com Reporte \u00cdndigo Entre los materiales hallados se encuentran; batas, cubrebocas, gorros, deshechos de cirug\u00edas y residuos de laboratorios como muestras de sangre Cajas y bolsas con Residuos Patol\u00f3gicos Biol\u00f3gicos Infecciosos (RPBI) fueron localizados la ma\u00f1ana de este jueves en los carriles de la autopista M\u00e9xico-Puebla, reportaron\u2026","rel":"","context":"En &quot;CINTILLO&quot;","block_context":{"text":"CINTILLO","link":"http:\/\/www.grieta.org.mx\/index.php\/category\/cintillo\/"},"img":{"alt_text":"","src":"https:\/\/i0.wp.com\/www.grieta.org.mx\/wp-content\/uploads\/2020\/05\/AUTOMOVILISTAS-REPORTAN-RESIDUOS-BIOL%C3%93GICOS-EN-LA-M%C3%89XICO-PUEBLA-cdmx-may.jpg?resize=350%2C200","width":350,"height":200},"classes":[]},{"id":71806,"url":"http:\/\/www.grieta.org.mx\/index.php\/2025\/05\/26\/hospital-del-issste-en-puerto-vallarta-se-encuentra-en-el-abandono-jalisco\/","url_meta":{"origin":48907,"position":1},"title":"Hospital del ISSSTE en Puerto Vallarta se encuentra en el abandono (Jalisco)","author":"grieta","date":"26 mayo, 2025","format":false,"excerpt":"Imagen: Tribuna de la Bah\u00eda Miguel Gonz\u00e1lez Guerra \/ Tribuna de la Bah\u00eda La Cl\u00ednica Hospital ISSSTE Puerto Vallarta (Instituto de Seguridad y Servicios Sociales de los Trabajadores del Estado) se encuentra visiblemente en el abandono, Denuncias Ciudadanas llegadas a CPS Noticias-Tribuna de la Bah\u00eda dan cuenta de la suciedad,\u2026","rel":"","context":"En &quot;CINTILLO&quot;","block_context":{"text":"CINTILLO","link":"http:\/\/www.grieta.org.mx\/index.php\/category\/cintillo\/"},"img":{"alt_text":"","src":"https:\/\/i0.wp.com\/www.grieta.org.mx\/wp-content\/uploads\/2025\/06\/hospital-issste-abandonado.jpg?resize=350%2C200","width":350,"height":200,"srcset":"https:\/\/i0.wp.com\/www.grieta.org.mx\/wp-content\/uploads\/2025\/06\/hospital-issste-abandonado.jpg?resize=350%2C200 1x, https:\/\/i0.wp.com\/www.grieta.org.mx\/wp-content\/uploads\/2025\/06\/hospital-issste-abandonado.jpg?resize=525%2C300 1.5x, https:\/\/i0.wp.com\/www.grieta.org.mx\/wp-content\/uploads\/2025\/06\/hospital-issste-abandonado.jpg?resize=700%2C400 2x, https:\/\/i0.wp.com\/www.grieta.org.mx\/wp-content\/uploads\/2025\/06\/hospital-issste-abandonado.jpg?resize=1050%2C600 3x"},"classes":[]},{"id":60855,"url":"http:\/\/www.grieta.org.mx\/index.php\/2021\/07\/31\/oaxaca-a-punto-del-semaforo-rojo-y-con-19-hospitales-saturados\/","url_meta":{"origin":48907,"position":2},"title":"Oaxaca, a punto del sem\u00e1foro rojo y con 19 hospitales saturados","author":"grieta","date":"31 julio, 2021","format":false,"excerpt":"Proceso \/ Pedro Mat\u00edas. Oaxaca se encuentra en la antesala del sem\u00e1foro epidemiol\u00f3gico rojo, al registrar dos mil 454 casos activos de coronavirus y 19 de sus hospitales con una ocupaci\u00f3n de 100%. OAXACA, Oax. (proceso.com.mx).\u2013 Oaxaca se encuentra en la antesala del sem\u00e1foro epidemiol\u00f3gico rojo, al registrar dos mil\u2026","rel":"","context":"En &quot;CINTILLO&quot;","block_context":{"text":"CINTILLO","link":"http:\/\/www.grieta.org.mx\/index.php\/category\/cintillo\/"},"img":{"alt_text":"","src":"https:\/\/i0.wp.com\/www.grieta.org.mx\/wp-content\/uploads\/2021\/08\/1.jpg?resize=350%2C200","width":350,"height":200,"srcset":"https:\/\/i0.wp.com\/www.grieta.org.mx\/wp-content\/uploads\/2021\/08\/1.jpg?resize=350%2C200 1x, https:\/\/i0.wp.com\/www.grieta.org.mx\/wp-content\/uploads\/2021\/08\/1.jpg?resize=525%2C300 1.5x, https:\/\/i0.wp.com\/www.grieta.org.mx\/wp-content\/uploads\/2021\/08\/1.jpg?resize=700%2C400 2x"},"classes":[]},{"id":54057,"url":"http:\/\/www.grieta.org.mx\/index.php\/2020\/10\/06\/a-pesar-del-semaforo-amarillo-en-oaxaca-hospitales-covid-se-reportan-al-tope-de-su-capacidad\/","url_meta":{"origin":48907,"position":3},"title":"A pesar del sem\u00e1foro amarillo en Oaxaca, hospitales COVID se reportan al tope de su capacidad","author":"grieta","date":"6 octubre, 2020","format":false,"excerpt":"Noticias \/ Nadia Altamirano. Oaxaca report\u00f3 ayer una de sus cifras m\u00e1s bajas de nuevos contagios durante la pandemia, de COVID-19, pero su ocupaci\u00f3n hospitalaria se increment\u00f3 en un cuatro por ciento y hospitales como el de la Ni\u00f1ez Oaxaque\u00f1a o el General de Tehuantepec se mantienen al tope de\u2026","rel":"","context":"En &quot;CINTILLO&quot;","block_context":{"text":"CINTILLO","link":"http:\/\/www.grieta.org.mx\/index.php\/category\/cintillo\/"},"img":{"alt_text":"","src":"https:\/\/i0.wp.com\/www.grieta.org.mx\/wp-content\/uploads\/2020\/10\/1-1.jpg?resize=350%2C200","width":350,"height":200,"srcset":"https:\/\/i0.wp.com\/www.grieta.org.mx\/wp-content\/uploads\/2020\/10\/1-1.jpg?resize=350%2C200 1x, https:\/\/i0.wp.com\/www.grieta.org.mx\/wp-content\/uploads\/2020\/10\/1-1.jpg?resize=525%2C300 1.5x, https:\/\/i0.wp.com\/www.grieta.org.mx\/wp-content\/uploads\/2020\/10\/1-1.jpg?resize=700%2C400 2x, https:\/\/i0.wp.com\/www.grieta.org.mx\/wp-content\/uploads\/2020\/10\/1-1.jpg?resize=1050%2C600 3x"},"classes":[]},{"id":56379,"url":"http:\/\/www.grieta.org.mx\/index.php\/2021\/01\/22\/incontenibles-los-casos-de-covid19-20-hospitales-colapsados-y-solo-quedan-254-camas-disponibles-oaxaca\/","url_meta":{"origin":48907,"position":4},"title":"Incontenibles los casos de covid19; 20 hospitales colapsados y solo quedan 254 camas disponibles (Oaxaca)","author":"grieta","date":"22 enero, 2021","format":false,"excerpt":"P\u00e1gina 3 \/ Pedro Mat\u00edas. OAXACA, Oax.- Los Servicios de Salud de Oaxaca confirmaron que 20 hospitales de los 26 que forman la red de hospitales covid19 se encuentran colapsados al 100% de su capacidad, lo que significa una ocupaci\u00f3n de camas del 62.3%. El jefe de la Unidad de\u2026","rel":"","context":"En &quot;CINTILLO&quot;","block_context":{"text":"CINTILLO","link":"http:\/\/www.grieta.org.mx\/index.php\/category\/cintillo\/"},"img":{"alt_text":"","src":"https:\/\/i0.wp.com\/www.grieta.org.mx\/wp-content\/uploads\/2021\/01\/A-2.jpg?resize=350%2C200","width":350,"height":200,"srcset":"https:\/\/i0.wp.com\/www.grieta.org.mx\/wp-content\/uploads\/2021\/01\/A-2.jpg?resize=350%2C200 1x, https:\/\/i0.wp.com\/www.grieta.org.mx\/wp-content\/uploads\/2021\/01\/A-2.jpg?resize=525%2C300 1.5x, https:\/\/i0.wp.com\/www.grieta.org.mx\/wp-content\/uploads\/2021\/01\/A-2.jpg?resize=700%2C400 2x, https:\/\/i0.wp.com\/www.grieta.org.mx\/wp-content\/uploads\/2021\/01\/A-2.jpg?resize=1050%2C600 3x"},"classes":[]},{"id":56376,"url":"http:\/\/www.grieta.org.mx\/index.php\/2021\/01\/19\/exigen-semaforo-rojo-en-oaxaca-covid-19-fuera-de-control\/","url_meta":{"origin":48907,"position":5},"title":"Exigen sem\u00e1foro rojo en Oaxaca: Covid-19 fuera de control","author":"grieta","date":"19 enero, 2021","format":false,"excerpt":"P\u00e1gina 3 \/ Pedro Mat\u00edas. *Alrededor de 20 Colegios M\u00e9dicos calificaron de \u201cinaudita la actitud irresponsable\u201d de los gobiernos de Alejandro Murat y de Oswaldo Garc\u00eda Jarqu\u00edn. | *Cuestionaron que prioricen \u201cla politiquer\u00eda y la econom\u00eda por encima de la salud p\u00fablica\u201d. | *Los hospitales est\u00e1n colapsados OAXACA, Oax.- Oaxaca\u2026","rel":"","context":"En &quot;CINTILLO&quot;","block_context":{"text":"CINTILLO","link":"http:\/\/www.grieta.org.mx\/index.php\/category\/cintillo\/"},"img":{"alt_text":"","src":"https:\/\/i0.wp.com\/www.grieta.org.mx\/wp-content\/uploads\/2021\/01\/1-9.jpg?resize=350%2C200","width":350,"height":200,"srcset":"https:\/\/i0.wp.com\/www.grieta.org.mx\/wp-content\/uploads\/2021\/01\/1-9.jpg?resize=350%2C200 1x, https:\/\/i0.wp.com\/www.grieta.org.mx\/wp-content\/uploads\/2021\/01\/1-9.jpg?resize=525%2C300 1.5x"},"classes":[]}],"_links":{"self":[{"href":"http:\/\/www.grieta.org.mx\/index.php\/wp-json\/wp\/v2\/posts\/48907","targetHints":{"allow":["GET"]}}],"collection":[{"href":"http:\/\/www.grieta.org.mx\/index.php\/wp-json\/wp\/v2\/posts"}],"about":[{"href":"http:\/\/www.grieta.org.mx\/index.php\/wp-json\/wp\/v2\/types\/post"}],"author":[{"embeddable":true,"href":"http:\/\/www.grieta.org.mx\/index.php\/wp-json\/wp\/v2\/users\/2"}],"replies":[{"embeddable":true,"href":"http:\/\/www.grieta.org.mx\/index.php\/wp-json\/wp\/v2\/comments?post=48907"}],"version-history":[{"count":1,"href":"http:\/\/www.grieta.org.mx\/index.php\/wp-json\/wp\/v2\/posts\/48907\/revisions"}],"predecessor-version":[{"id":48909,"href":"http:\/\/www.grieta.org.mx\/index.php\/wp-json\/wp\/v2\/posts\/48907\/revisions\/48909"}],"wp:featuredmedia":[{"embeddable":true,"href":"http:\/\/www.grieta.org.mx\/index.php\/wp-json\/wp\/v2\/media\/48908"}],"wp:attachment":[{"href":"http:\/\/www.grieta.org.mx\/index.php\/wp-json\/wp\/v2\/media?parent=48907"}],"wp:term":[{"taxonomy":"category","embeddable":true,"href":"http:\/\/www.grieta.org.mx\/index.php\/wp-json\/wp\/v2\/categories?post=48907"},{"taxonomy":"post_tag","embeddable":true,"href":"http:\/\/www.grieta.org.mx\/index.php\/wp-json\/wp\/v2\/tags?post=48907"}],"curies":[{"name":"wp","href":"https:\/\/api.w.org\/{rel}","templated":true}]}}