{"id":48841,"date":"2020-05-08T14:10:32","date_gmt":"2020-05-08T19:10:32","guid":{"rendered":"http:\/\/www.grieta.org.mx\/?p=48841"},"modified":"2020-05-09T14:27:10","modified_gmt":"2020-05-09T19:27:10","slug":"suspenden-obra-de-grupo-posadas-en-chemuyil-logran-ambientalistas-cese-provisional-de-la-construccion-de-complejo-hotelero-a-un-lado-de-xcacel-xcacelito","status":"publish","type":"post","link":"http:\/\/www.grieta.org.mx\/index.php\/2020\/05\/08\/suspenden-obra-de-grupo-posadas-en-chemuyil-logran-ambientalistas-cese-provisional-de-la-construccion-de-complejo-hotelero-a-un-lado-de-xcacel-xcacelito\/","title":{"rendered":"Suspenden obra de Grupo Posadas en Chemuyil: Logran ambientalistas cese provisional de la construcci\u00f3n de complejo hotelero a un lado de Xcacel-Xcacelito"},"content":{"rendered":"<p><img loading=\"lazy\" decoding=\"async\" data-attachment-id=\"48846\" data-permalink=\"http:\/\/www.grieta.org.mx\/index.php\/2020\/05\/08\/suspenden-obra-de-grupo-posadas-en-chemuyil-logran-ambientalistas-cese-provisional-de-la-construccion-de-complejo-hotelero-a-un-lado-de-xcacel-xcacelito\/suspenden\/\" data-orig-file=\"http:\/\/www.grieta.org.mx\/wp-content\/uploads\/2020\/05\/Suspenden.png\" data-orig-size=\"738,382\" data-comments-opened=\"0\" data-image-meta=\"{&quot;aperture&quot;:&quot;0&quot;,&quot;credit&quot;:&quot;&quot;,&quot;camera&quot;:&quot;&quot;,&quot;caption&quot;:&quot;&quot;,&quot;created_timestamp&quot;:&quot;0&quot;,&quot;copyright&quot;:&quot;&quot;,&quot;focal_length&quot;:&quot;0&quot;,&quot;iso&quot;:&quot;0&quot;,&quot;shutter_speed&quot;:&quot;0&quot;,&quot;title&quot;:&quot;&quot;,&quot;orientation&quot;:&quot;0&quot;}\" data-image-title=\"Suspenden\" data-image-description=\"\" data-image-caption=\"\" data-medium-file=\"http:\/\/www.grieta.org.mx\/wp-content\/uploads\/2020\/05\/Suspenden-300x155.png\" data-large-file=\"http:\/\/www.grieta.org.mx\/wp-content\/uploads\/2020\/05\/Suspenden.png\" src=\"http:\/\/www.grieta.org.mx\/wp-content\/uploads\/2020\/05\/Suspenden.png\" alt=\"\" width=\"738\" height=\"382\" class=\"aligncenter size-full wp-image-48846\" srcset=\"http:\/\/www.grieta.org.mx\/wp-content\/uploads\/2020\/05\/Suspenden.png 738w, http:\/\/www.grieta.org.mx\/wp-content\/uploads\/2020\/05\/Suspenden-300x155.png 300w\" sizes=\"auto, (max-width: 738px) 100vw, 738px\" \/><\/p>\n<p>Sara\u00ed Santill\u00e1n \/ Noticaribe<\/p>\n<p>CHEMUYIL, MX.- Asociaciones ambientalistas de Quintana Roo obtuvieron una suspensi\u00f3n provisional de la obra de construcci\u00f3n de Grupo Posadas en la bah\u00eda de Chemuyil y Chemuyilito, junto al Santuario de la Tortuga Marina Xcacel-Xcacelito.<\/p>\n<p>De acuerdo con Araceli Dom\u00ednguez, fundadora de Grupo Ecologista del Mayab A.C., agrupaciones como Salvemos al Manglar Tajamar, Red de Tulum Sostenible y MOCE Yax Cuxtal, presentaron un amparo contra la Profepa, Semarnat y la Secretar\u00eda del Trabajo por la omisi\u00f3n en el cumplimiento de sus obligaciones en la devastaci\u00f3n que realiza Grupo Posadas de la zona costera de Chemuyil y Chemuyilito, y la p\u00e9rdida del h\u00e1bitat de la tortuga marina, as\u00ed como el enorme riesgo de afectaci\u00f3n al Santuario de Xcacel-Xcacelito.<\/p>\n<p>Aunque el amparo fue admitido por el Juez S\u00e9ptimo de Distrito, se neg\u00f3 la suspensi\u00f3n de la obra, por lo que ingresaron una queja que el Tercer Tribunal Colegiado resolvi\u00f3 este viernes otorgando una suspensi\u00f3n provisional de los trabajos, por incumplir el decreto presidencial de parar actividades no esenciales en el pa\u00eds, debido a la pandemia por Coronavirus COVID-19.<\/p>\n<p>\u201cSe conform\u00f3 un frente com\u00fan de varias organizaciones ambientalistas y de numerosos ciudadanos a t\u00edtulo personal en el Estado de Quintana Roo, entre ellas, Salvemos Manglar Tajamar, Grupo Gema del Mayab, Red de Tulum Sostenible y MOCE Yax Cuxtal, quienes presentaron un amparo, contra la Secretar\u00eda de Trabajo y Previsi\u00f3n Social del Estado de Quintana Roo, as\u00ed como de Servicios Estatales de Salud del Estado de Quintana Roo, y otras dependencias gubernamentales por omisi\u00f3n de dar respuesta, atender y dar seguimiento y\/o desarrollar las actuaciones administrativas necesarias para constatar los hechos en materia de la denuncia e iniciar los procedimientos de inspecci\u00f3n y vigilancia, de los trabajos de desmonte y remoci\u00f3n en el predio ubicado en las Bah\u00edas de Chemuyil y Chemuyilito\u201d, expuso la ambientalista.<\/p>\n<p>El documento expone que \u201cSE CONCEDE LA SUSPENSI\u00d3N, respecto de los actos atribuidos a la Secretar\u00eda del Trabajo y Previsi\u00f3n Social con sede en Canc\u00fan, Quintana Roo y Secretario de Salud del Estado de Quintana Roo, consistentes en la orden de inspecci\u00f3n, clausura de los trabajos o actividades de construcci\u00f3n, limpieza, desmonte y\/o remoci\u00f3n que se llevan a cabo en el predio ubicado en las bah\u00edas de Chemuyil y Chemuyilito, particularmente en las coordenadas geogr\u00e1ficas: 20\u00b0 20\u2019 45.66\u201d LN y 87 0 20\u2019 21.40\u201d LO y 200 20\u2019 59.23\u201d LN y 87\u00b0 20\u2019 14.9\u201d LO en el Estado de Quintana Roo, por vulnerar presuntivamente el decreto de suspensi\u00f3n de labores en virtud de la actual pandemia de salud, as\u00ed como la omisi\u00f3n de sancionar las medidas y acciones sanitarias de prevenci\u00f3n y contenci\u00f3n a fin de evitar la propagaci\u00f3n del virus COVID 19; cuya naturaleza no esencial, adem\u00e1s, se relaciona con un posible menoscabo y\/o deterioro medio ambiental.\u201d<\/p>\n<p>Araceli Dom\u00ednguez se\u00f1al\u00f3 que aunque la suspensi\u00f3n se da por incumplir par\u00e1metros de salud p\u00fablica, tendr\u00e1n m\u00e1s tiempo para continuar con los procesos legales contra la empresa hotelera Grupo Posadas, que comete actos ecocidas en la zona, pues adem\u00e1s de devastar manglar, selva, modifica de manera agresiva la zona costera, da\u00f1ando el lecho marino y la vida silvestre, pues ha detenido la llegada de tortugas durante la temporada de desove 2020, como han documentado ambientalistas desde julio de 2019.<\/p>\n<p>La Semarnat aprob\u00f3, durante los sexenios de Felipe Calder\u00f3n y Enrique Pe\u00f1a Nieto a Grupo Posadas la construcci\u00f3n de dos hoteles de lujo con un total de 855 habitaciones, a un costado de Xcacel-Xcacelito, zona, como ya se mencion\u00f3, de selva, manglar, arrecifes y cenotes, aunque fue el a\u00f1o pasado que la empresa hotelera anunci\u00f3 que se contemplaba la apertura de los complejos Live Aqua Beach Resort Tulkal, de 340 cuartos y el Fiesta Americana All Inclusive Tulkal, con 515 habitaciones para 2021. <\/p>\n<p><a href=\"https:\/\/noticaribe.com.mx\/2020\/05\/08\/suspenden-obra-de-grupo-posadas-en-chemuyil-logran-ambientalistas-cese-provisional-de-la-construccion-de-complejo-hotelero-a-un-lado-de-xcacel-xcacelito\/\" rel=\"noopener noreferrer\" target=\"_blank\">https:\/\/noticaribe.com.mx\/2020\/05\/08\/suspenden-obra-de-grupo-posadas-en-chemuyil-logran-ambientalistas-cese-provisional-de-la-construccion-de-complejo-hotelero-a-un-lado-de-xcacel-xcacelito\/<\/a><\/p>\n","protected":false},"excerpt":{"rendered":"<p>Sara\u00ed Santill\u00e1n \/ Noticaribe CHEMUYIL, MX.- Asociaciones ambientalistas de Quintana Roo obtuvieron una suspensi\u00f3n provisional de la obra de construcci\u00f3n de Grupo Posadas en la bah\u00eda de Chemuyil y Chemuyilito, &hellip; <a href=\"http:\/\/www.grieta.org.mx\/index.php\/2020\/05\/08\/suspenden-obra-de-grupo-posadas-en-chemuyil-logran-ambientalistas-cese-provisional-de-la-construccion-de-complejo-hotelero-a-un-lado-de-xcacel-xcacelito\/\" class=\"more-link\">Leer m\u00e1s<\/a><\/p>\n","protected":false},"author":2,"featured_media":48846,"comment_status":"closed","ping_status":"closed","sticky":false,"template":"","format":"standard","meta":{"ngg_post_thumbnail":0,"_jetpack_newsletter_access":"","_jetpack_dont_email_post_to_subs":false,"_jetpack_newsletter_tier_id":0,"_jetpack_memberships_contains_paywalled_content":false,"_jetpack_memberships_contains_paid_content":false,"footnotes":""},"categories":[80,3279,2749,2,28],"tags":[3241,386,1645],"class_list":["post-48841","post","type-post","status-publish","format-standard","has-post-thumbnail","hentry","category-cintillo","category-covid-19-en-quintana-roo","category-destruccion-y-contaminacion-ambiental-en-quintana-roo","category-noticias-nacionales","category-quintana-roo","tag-covid-19","tag-devastacion","tag-industria-hotelera","entry"],"jetpack_featured_media_url":"http:\/\/www.grieta.org.mx\/wp-content\/uploads\/2020\/05\/Suspenden.png","jetpack_sharing_enabled":true,"jetpack_shortlink":"https:\/\/wp.me\/p7ZJR4-cHL","jetpack_likes_enabled":false,"jetpack-related-posts":[{"id":51553,"url":"http:\/\/www.grieta.org.mx\/index.php\/2020\/06\/25\/les-vale-orden-de-suspension-de-un-juez-con-gente-armada-y-pese-a-suspension-grupo-posadas-sigue-obra-en-chemuyil-junto-a-xcacel-xcacelito\/","url_meta":{"origin":48841,"position":0},"title":"Les vale orden de suspensi\u00f3n de un juez: Con gente armada y pese a suspensi\u00f3n, Grupo Posadas sigue obra en Chemuyil, junto a Xcacel-Xcacelito","author":"grieta","date":"25 junio, 2020","format":false,"excerpt":"Agencia SIM \/ Noticaribe TULUM, MX.- A pesar de que un juez orden\u00f3 la suspensi\u00f3n de este proyecto, lo que aparece indicado con un sello en el lugar, Grupo Posadas mantiene la construcci\u00f3n de un hotel en la bah\u00eda de Chemuyil, con guardias que portan armas largas. As\u00ed qued\u00f3 documentado\u2026","rel":"","context":"En &quot;CINTILLO&quot;","block_context":{"text":"CINTILLO","link":"http:\/\/www.grieta.org.mx\/index.php\/category\/cintillo\/"},"img":{"alt_text":"","src":"https:\/\/i0.wp.com\/www.grieta.org.mx\/wp-content\/uploads\/2020\/07\/ContinuaConstruccionHotel.png?resize=350%2C200","width":350,"height":200,"srcset":"https:\/\/i0.wp.com\/www.grieta.org.mx\/wp-content\/uploads\/2020\/07\/ContinuaConstruccionHotel.png?resize=350%2C200 1x, https:\/\/i0.wp.com\/www.grieta.org.mx\/wp-content\/uploads\/2020\/07\/ContinuaConstruccionHotel.png?resize=525%2C300 1.5x"},"classes":[]},{"id":50519,"url":"http:\/\/www.grieta.org.mx\/index.php\/2020\/06\/07\/ninos-de-tulum-se-unen-a-batalla-legal-para-frenar-devastacion-en-xcacel-xcacelito\/","url_meta":{"origin":48841,"position":1},"title":"Ni\u00f1os de Tulum se unen a \u2018batalla\u2019 legal para frenar devastaci\u00f3n en Xcacel-Xcacelito","author":"grieta","date":"7 junio, 2020","format":false,"excerpt":"Noticaribe TULUM, MX.- La poblaci\u00f3n infantil de Tulum se involucr\u00f3 en la defensa social y legal para detener el desarrollo tur\u00edstico de Chemuyil, cerca del santuario de la tortuga marina de Xcacel-Xcacelito, y evita da\u00f1os mayores por medio de un amparo. De acuerdo con informaci\u00f3n proporcionada por el comit\u00e9 estatal\u2026","rel":"","context":"En &quot;CINTILLO&quot;","block_context":{"text":"CINTILLO","link":"http:\/\/www.grieta.org.mx\/index.php\/category\/cintillo\/"},"img":{"alt_text":"","src":"https:\/\/i0.wp.com\/www.grieta.org.mx\/wp-content\/uploads\/2020\/06\/NinosTulum.png?resize=350%2C200","width":350,"height":200,"srcset":"https:\/\/i0.wp.com\/www.grieta.org.mx\/wp-content\/uploads\/2020\/06\/NinosTulum.png?resize=350%2C200 1x, https:\/\/i0.wp.com\/www.grieta.org.mx\/wp-content\/uploads\/2020\/06\/NinosTulum.png?resize=525%2C300 1.5x"},"classes":[]},{"id":38496,"url":"http:\/\/www.grieta.org.mx\/index.php\/2019\/08\/29\/pacifica-marcha-en-pro-defensa-del-santuario-de-la-tortuga-marina-xcacel-xcacelito-quintana-roo\/","url_meta":{"origin":48841,"position":2},"title":"Pac\u00edfica marcha en pro defensa del Santuario de la Tortuga Marina Xcacel-Xcacelito.(Quintana Roo)","author":"grieta","date":"29 agosto, 2019","format":false,"excerpt":"Noticias Canal10 En defensa de Xcacel-Xcacelito, alrededor de las 13:00 horas de este jueves un contingente cercano a doscientos ciudadanos, realizaron una marcha pac\u00edfica que arranc\u00f3 sobre la avenida Sat\u00e9lite, enfilando sobre todo el bulevar Tulum hasta llegar en la Plaza de la Cultura Maya de Palacio Municipal, para exigir\u2026","rel":"","context":"En &quot;CINTILLO&quot;","block_context":{"text":"CINTILLO","link":"http:\/\/www.grieta.org.mx\/index.php\/category\/cintillo\/"},"img":{"alt_text":"","src":"https:\/\/i0.wp.com\/www.grieta.org.mx\/wp-content\/uploads\/2019\/08\/original.jpeg?resize=350%2C200","width":350,"height":200,"srcset":"https:\/\/i0.wp.com\/www.grieta.org.mx\/wp-content\/uploads\/2019\/08\/original.jpeg?resize=350%2C200 1x, https:\/\/i0.wp.com\/www.grieta.org.mx\/wp-content\/uploads\/2019\/08\/original.jpeg?resize=525%2C300 1.5x"},"classes":[]},{"id":45732,"url":"http:\/\/www.grieta.org.mx\/index.php\/2020\/03\/06\/intensifican-destruccion-de-playas-en-xcacel-grupo-posadas-usa-zona-de-anidacion-como-carretera-para-arrasar-con-duna-costera-y-construir-complejo-hotelero\/","url_meta":{"origin":48841,"position":3},"title":"Intensifican destrucci\u00f3n de playas en Xcacel: Grupo Posadas usa zona de anidaci\u00f3n como carretera para arrasar con duna costera y construir complejo hotelero","author":"grieta","date":"6 marzo, 2020","format":false,"excerpt":"Sara\u00ed Santill\u00e1n \/ Noticaribe TULUM, MX.- Defensores del Santuario de la Tortuga Marina Xcacel-Xcacelito denunciaron nuevas irregularidades por parte de la cadena hotelera Grupo Posadas, que ingres\u00f3 seis unidades de maquinaria pesada para arrasar con la duna costera, aplanar la arena y construir bardas, acciones que buscan destruir el espacio\u2026","rel":"","context":"En &quot;CINTILLO&quot;","block_context":{"text":"CINTILLO","link":"http:\/\/www.grieta.org.mx\/index.php\/category\/cintillo\/"},"img":{"alt_text":"","src":"https:\/\/i0.wp.com\/www.grieta.org.mx\/wp-content\/uploads\/2020\/03\/Destruccion-e1583533009721.png?resize=350%2C200","width":350,"height":200,"srcset":"https:\/\/i0.wp.com\/www.grieta.org.mx\/wp-content\/uploads\/2020\/03\/Destruccion-e1583533009721.png?resize=350%2C200 1x, https:\/\/i0.wp.com\/www.grieta.org.mx\/wp-content\/uploads\/2020\/03\/Destruccion-e1583533009721.png?resize=525%2C300 1.5x, https:\/\/i0.wp.com\/www.grieta.org.mx\/wp-content\/uploads\/2020\/03\/Destruccion-e1583533009721.png?resize=700%2C400 2x"},"classes":[]},{"id":36623,"url":"http:\/\/www.grieta.org.mx\/index.php\/2019\/07\/17\/semarnat-aprobo-proyecto-hotelero-que-destruye-el-habitat-de-tortugas-marinas-quintana-roo\/","url_meta":{"origin":48841,"position":4},"title":"Semarnat aprob\u00f3 proyecto hotelero que destruye el h\u00e1bitat de tortugas marinas (Quintana Roo)","author":"grieta","date":"17 julio, 2019","format":false,"excerpt":"Cultura Colectiva\/Fotos Gema del Mayab El proyecto hotelero aprobado por la Semarnat pone en peligro a distintas especies de tortugas marinas, pues es en esa zona donde anidan. Hace un a\u00f1o, cinco organizaciones ambientalistas, el Instituto Nacional de Ecolog\u00eda y Cambio Clim\u00e1tico (INECC), y el Instituto de Ingenier\u00eda de la\u2026","rel":"","context":"En &quot;CINTILLO&quot;","block_context":{"text":"CINTILLO","link":"http:\/\/www.grieta.org.mx\/index.php\/category\/cintillo\/"},"img":{"alt_text":"","src":"https:\/\/i0.wp.com\/www.grieta.org.mx\/wp-content\/uploads\/2019\/07\/Tortuga1-e1563587348336.png?resize=350%2C200","width":350,"height":200,"srcset":"https:\/\/i0.wp.com\/www.grieta.org.mx\/wp-content\/uploads\/2019\/07\/Tortuga1-e1563587348336.png?resize=350%2C200 1x, https:\/\/i0.wp.com\/www.grieta.org.mx\/wp-content\/uploads\/2019\/07\/Tortuga1-e1563587348336.png?resize=525%2C300 1.5x, https:\/\/i0.wp.com\/www.grieta.org.mx\/wp-content\/uploads\/2019\/07\/Tortuga1-e1563587348336.png?resize=700%2C400 2x"},"classes":[]},{"id":68916,"url":"http:\/\/www.grieta.org.mx\/index.php\/2024\/05\/07\/denuncian-derrame-de-cemento-en-la-laguna-por-obras-del-puente-nichupte-quintana-roo\/","url_meta":{"origin":48841,"position":5},"title":"Denuncian derrame de cemento en la laguna por obras del Puente Nichupt\u00e9 (Quintana Roo)","author":"grieta","date":"7 mayo, 2024","format":false,"excerpt":"Notcaribe CANC\u00daN.- Distintos ambientalistas denunciaron ayer, con fotos tomadas con un dron, un derrame de cemento en las obras del puente vehicular que se ubican en la Laguna Nichupt\u00e9. A trav\u00e9s de redes sociales, los activistas compartiendo est\u00e1s fotos que al parecer fueron tomadas por una persona que prefiri\u00f3 mantenerse\u2026","rel":"","context":"En &quot;CINTILLO&quot;","block_context":{"text":"CINTILLO","link":"http:\/\/www.grieta.org.mx\/index.php\/category\/cintillo\/"},"img":{"alt_text":"","src":"https:\/\/i0.wp.com\/www.grieta.org.mx\/wp-content\/uploads\/2024\/05\/Nichupte-e1715791047872.jpg?resize=350%2C200","width":350,"height":200,"srcset":"https:\/\/i0.wp.com\/www.grieta.org.mx\/wp-content\/uploads\/2024\/05\/Nichupte-e1715791047872.jpg?resize=350%2C200 1x, https:\/\/i0.wp.com\/www.grieta.org.mx\/wp-content\/uploads\/2024\/05\/Nichupte-e1715791047872.jpg?resize=525%2C300 1.5x, https:\/\/i0.wp.com\/www.grieta.org.mx\/wp-content\/uploads\/2024\/05\/Nichupte-e1715791047872.jpg?resize=700%2C400 2x"},"classes":[]}],"_links":{"self":[{"href":"http:\/\/www.grieta.org.mx\/index.php\/wp-json\/wp\/v2\/posts\/48841","targetHints":{"allow":["GET"]}}],"collection":[{"href":"http:\/\/www.grieta.org.mx\/index.php\/wp-json\/wp\/v2\/posts"}],"about":[{"href":"http:\/\/www.grieta.org.mx\/index.php\/wp-json\/wp\/v2\/types\/post"}],"author":[{"embeddable":true,"href":"http:\/\/www.grieta.org.mx\/index.php\/wp-json\/wp\/v2\/users\/2"}],"replies":[{"embeddable":true,"href":"http:\/\/www.grieta.org.mx\/index.php\/wp-json\/wp\/v2\/comments?post=48841"}],"version-history":[{"count":1,"href":"http:\/\/www.grieta.org.mx\/index.php\/wp-json\/wp\/v2\/posts\/48841\/revisions"}],"predecessor-version":[{"id":48848,"href":"http:\/\/www.grieta.org.mx\/index.php\/wp-json\/wp\/v2\/posts\/48841\/revisions\/48848"}],"wp:featuredmedia":[{"embeddable":true,"href":"http:\/\/www.grieta.org.mx\/index.php\/wp-json\/wp\/v2\/media\/48846"}],"wp:attachment":[{"href":"http:\/\/www.grieta.org.mx\/index.php\/wp-json\/wp\/v2\/media?parent=48841"}],"wp:term":[{"taxonomy":"category","embeddable":true,"href":"http:\/\/www.grieta.org.mx\/index.php\/wp-json\/wp\/v2\/categories?post=48841"},{"taxonomy":"post_tag","embeddable":true,"href":"http:\/\/www.grieta.org.mx\/index.php\/wp-json\/wp\/v2\/tags?post=48841"}],"curies":[{"name":"wp","href":"https:\/\/api.w.org\/{rel}","templated":true}]}}