{"id":48810,"date":"2020-05-08T11:39:58","date_gmt":"2020-05-08T16:39:58","guid":{"rendered":"http:\/\/www.grieta.org.mx\/?p=48810"},"modified":"2020-05-09T12:06:13","modified_gmt":"2020-05-09T17:06:13","slug":"inspectores-multan-a-artesanos-en-jalisco-y-les-quitan-producto-que-intentaban-cambiar-por-comida","status":"publish","type":"post","link":"http:\/\/www.grieta.org.mx\/index.php\/2020\/05\/08\/inspectores-multan-a-artesanos-en-jalisco-y-les-quitan-producto-que-intentaban-cambiar-por-comida\/","title":{"rendered":"Inspectores multan a artesanos en Jalisco y les quitan producto que intentaban cambiar por comida"},"content":{"rendered":"<p><img loading=\"lazy\" decoding=\"async\" data-attachment-id=\"48811\" data-permalink=\"http:\/\/www.grieta.org.mx\/index.php\/2020\/05\/08\/inspectores-multan-a-artesanos-en-jalisco-y-les-quitan-producto-que-intentaban-cambiar-por-comida\/inspectores-tonala\/\" data-orig-file=\"http:\/\/www.grieta.org.mx\/wp-content\/uploads\/2020\/05\/inspectores-tonala.jpg\" data-orig-size=\"1100,580\" data-comments-opened=\"0\" data-image-meta=\"{&quot;aperture&quot;:&quot;0&quot;,&quot;credit&quot;:&quot;&quot;,&quot;camera&quot;:&quot;&quot;,&quot;caption&quot;:&quot;&quot;,&quot;created_timestamp&quot;:&quot;0&quot;,&quot;copyright&quot;:&quot;&quot;,&quot;focal_length&quot;:&quot;0&quot;,&quot;iso&quot;:&quot;0&quot;,&quot;shutter_speed&quot;:&quot;0&quot;,&quot;title&quot;:&quot;&quot;,&quot;orientation&quot;:&quot;0&quot;}\" data-image-title=\"inspectores-tonala\" data-image-description=\"\" data-image-caption=\"\" data-medium-file=\"http:\/\/www.grieta.org.mx\/wp-content\/uploads\/2020\/05\/inspectores-tonala-300x158.jpg\" data-large-file=\"http:\/\/www.grieta.org.mx\/wp-content\/uploads\/2020\/05\/inspectores-tonala-1024x540.jpg\" class=\"aligncenter wp-image-48811\" src=\"http:\/\/www.grieta.org.mx\/wp-content\/uploads\/2020\/05\/inspectores-tonala.jpg\" alt=\"\" width=\"801\" height=\"422\" srcset=\"http:\/\/www.grieta.org.mx\/wp-content\/uploads\/2020\/05\/inspectores-tonala.jpg 1100w, http:\/\/www.grieta.org.mx\/wp-content\/uploads\/2020\/05\/inspectores-tonala-300x158.jpg 300w, http:\/\/www.grieta.org.mx\/wp-content\/uploads\/2020\/05\/inspectores-tonala-768x405.jpg 768w, http:\/\/www.grieta.org.mx\/wp-content\/uploads\/2020\/05\/inspectores-tonala-1024x540.jpg 1024w, http:\/\/www.grieta.org.mx\/wp-content\/uploads\/2020\/05\/inspectores-tonala-948x500.jpg 948w\" sizes=\"auto, (max-width: 801px) 100vw, 801px\" \/><\/p>\n<p>Foto: Captura de pantalla<\/p>\n<p>Redacci\u00f3n \/ Sin Embargo<\/p>\n<p>Ciudad de M\u00e9xico, 8 de mayo (SinEmbargo).- En medio de la contingencia sanitaria a causa del\u00a0<strong>COVID-19<\/strong>, i<strong>nspectores<\/strong>\u00a0del Ayuntamiento de\u00a0<strong>Tonal\u00e1<\/strong>, en\u00a0<strong>Jalisco<\/strong>,\u00a0<strong>multaron y decomisaron<\/strong>\u00a0la\u00a0<strong>mercanc\u00eda<\/strong>\u00a0de\u00a0<strong>artesanos<\/strong>\u00a0que buscaban intercambiar sus productos por comida ante las bajas ventas provocadas por la pandemia.<\/p>\n<p>A trav\u00e9s de un video que difundi\u00f3 en redes sociales, una de las comerciantes denunci\u00f3 el hecho. \u201c[El producto] se lo llevan los inspectores porque no tenemos un permiso para poder ayudar a los dem\u00e1s\u201d, dijo.<\/p>\n<p>\u201cAmigos de todas las redes sociales, compartan, yo s\u00e9 que este video llega a muchos lados, los artesanos que somos el orgullo de Tonal\u00e1, ahora somos la verg\u00fcenza\u201d, lament\u00f3.<\/p>\n<p>En la videograbaci\u00f3n se observan a varias personas con chaleco (del Ayuntamiento) recoger las artesan\u00edas y colocarlas en cajas para despu\u00e9s llev\u00e1rselas. Adem\u00e1s, la comerciante muestra la multa que los empleados municipales le entregaron.<\/p>\n<p>\u201cAqu\u00ed est\u00e1 la multa que nos hicieron por no tener permiso, por poder ayudar a nuestros amigos, aqu\u00ed se llevan las cosas, con las artesan\u00edas de los trueques, mi tabla tambi\u00e9n se la llevan\u201d, comenta la mujer.<\/p>\n<p><a href=\"https:\/\/www.sinembargo.mx\/08-05-2020\/3782705\">https:\/\/www.sinembargo.mx\/08-05-2020\/3782705<\/a><\/p>\n","protected":false},"excerpt":{"rendered":"<p>Foto: Captura de pantalla Redacci\u00f3n \/ Sin Embargo Ciudad de M\u00e9xico, 8 de mayo (SinEmbargo).- En medio de la contingencia sanitaria a causa del\u00a0COVID-19, inspectores\u00a0del Ayuntamiento de\u00a0Tonal\u00e1, en\u00a0Jalisco,\u00a0multaron y decomisaron\u00a0la\u00a0mercanc\u00eda\u00a0de\u00a0artesanos\u00a0que &hellip; <a href=\"http:\/\/www.grieta.org.mx\/index.php\/2020\/05\/08\/inspectores-multan-a-artesanos-en-jalisco-y-les-quitan-producto-que-intentaban-cambiar-por-comida\/\" class=\"more-link\">Leer m\u00e1s<\/a><\/p>\n","protected":false},"author":2,"featured_media":48811,"comment_status":"closed","ping_status":"closed","sticky":false,"template":"","format":"standard","meta":{"ngg_post_thumbnail":0,"_jetpack_newsletter_access":"","_jetpack_dont_email_post_to_subs":false,"_jetpack_newsletter_tier_id":0,"_jetpack_memberships_contains_paywalled_content":false,"_jetpack_memberships_contains_paid_content":false,"footnotes":""},"categories":[80,3271,910,3289,20,2,83],"tags":[324,2841,1290,3275,3222],"class_list":["post-48810","post","type-post","status-publish","format-standard","has-post-thumbnail","hentry","category-cintillo","category-covid-19-en-jalisco","category-explotacion-y-precariedad-laboral","category-explotacion-y-precariedad-laboral-en-jalisco","category-jalisco","category-noticias-nacionales","category-temas-nacionales","tag-abuso-de-autoridad","tag-explotacion-y-precariedad-laboral","tag-precariedad-laboral","tag-protestas-de-trabajadores","tag-trabajo-precario","entry"],"jetpack_featured_media_url":"http:\/\/www.grieta.org.mx\/wp-content\/uploads\/2020\/05\/inspectores-tonala.jpg","jetpack_sharing_enabled":true,"jetpack_shortlink":"https:\/\/wp.me\/p7ZJR4-cHg","jetpack_likes_enabled":false,"jetpack-related-posts":[{"id":47494,"url":"http:\/\/www.grieta.org.mx\/index.php\/2020\/04\/08\/jalisco-se-ubica-entre-los-6-estados-que-perdieron-mas-empleos-formales-por-covid-19\/","url_meta":{"origin":48810,"position":0},"title":"Jalisco se ubica entre los 6 estados que perdieron m\u00e1s empleos formales por Covid-19","author":"grieta","date":"8 abril, 2020","format":false,"excerpt":"Foto: Cuartoscuro Son 6 empresas del estado las que se ubican en el listado de empresas a nivel nacional con \u201cdestrucci\u00f3n total de empleos\u201d Isabel Bare\u00f1o \/ El Occidental La Secretar\u00eda del Trabajo y Previsi\u00f3n Social del Gobierno de la Rep\u00fablica inform\u00f3 que del 13 de marzo al 6 de\u2026","rel":"","context":"En &quot;CINTILLO&quot;","block_context":{"text":"CINTILLO","link":"http:\/\/www.grieta.org.mx\/index.php\/category\/cintillo\/"},"img":{"alt_text":"","src":"https:\/\/i0.wp.com\/www.grieta.org.mx\/wp-content\/uploads\/2020\/04\/Empleo.jpg?resize=350%2C200","width":350,"height":200,"srcset":"https:\/\/i0.wp.com\/www.grieta.org.mx\/wp-content\/uploads\/2020\/04\/Empleo.jpg?resize=350%2C200 1x, https:\/\/i0.wp.com\/www.grieta.org.mx\/wp-content\/uploads\/2020\/04\/Empleo.jpg?resize=525%2C300 1.5x, https:\/\/i0.wp.com\/www.grieta.org.mx\/wp-content\/uploads\/2020\/04\/Empleo.jpg?resize=700%2C400 2x"},"classes":[]},{"id":47525,"url":"http:\/\/www.grieta.org.mx\/index.php\/2020\/04\/07\/comerciantes-exigen-que-los-dejen-vender-jalisco\/","url_meta":{"origin":48810,"position":1},"title":"Comerciantes exigen que los dejen vender (Jalisco)","author":"grieta","date":"7 abril, 2020","format":false,"excerpt":"Foto: Especial Edgar Flores Alrededor de 70 comerciantes de diferentes tianguis de la Zona Metropolitana de Guadalajara (ZMG), pero mayormente de El Baratillo, se manifestaron ayer a las afueras de palacio de gobierno para exigir a las autoridades que los dejen trabajar, ya que sus negocios son considerados no esenciales\u2026","rel":"","context":"En &quot;CINTILLO&quot;","block_context":{"text":"CINTILLO","link":"http:\/\/www.grieta.org.mx\/index.php\/category\/cintillo\/"},"img":{"alt_text":"","src":"https:\/\/i0.wp.com\/www.grieta.org.mx\/wp-content\/uploads\/2020\/04\/2020-04-07_12-04-19___6858.jpg?resize=350%2C200","width":350,"height":200,"srcset":"https:\/\/i0.wp.com\/www.grieta.org.mx\/wp-content\/uploads\/2020\/04\/2020-04-07_12-04-19___6858.jpg?resize=350%2C200 1x, https:\/\/i0.wp.com\/www.grieta.org.mx\/wp-content\/uploads\/2020\/04\/2020-04-07_12-04-19___6858.jpg?resize=525%2C300 1.5x, https:\/\/i0.wp.com\/www.grieta.org.mx\/wp-content\/uploads\/2020\/04\/2020-04-07_12-04-19___6858.jpg?resize=700%2C400 2x"},"classes":[]},{"id":49692,"url":"http:\/\/www.grieta.org.mx\/index.php\/2020\/05\/20\/exigen-garantias-de-salud-para-trabajadores-de-reclusorios-en-jalisco\/","url_meta":{"origin":48810,"position":2},"title":"Exigen garant\u00edas de salud para trabajadores de reclusorios en Jalisco","author":"grieta","date":"20 mayo, 2020","format":false,"excerpt":"Foto. Pablo Toledo Integrantes del Sindicato Democr\u00e1tico del Sistema Penitenciario del Estado de Jalisco denunciaron tambi\u00e9n la falta de pagos de bonos, discriminaci\u00f3n laboral y la falta de protocolos sanitarios Pablo Toledo \/ UDGTV Guadalajara, Jalisco. Integrantes del Sindicato Democr\u00e1tico del Sistema Penitenciario del Estado de Jalisco entregaron un pliego\u2026","rel":"","context":"En &quot;CINTILLO&quot;","block_context":{"text":"CINTILLO","link":"http:\/\/www.grieta.org.mx\/index.php\/category\/cintillo\/"},"img":{"alt_text":"","src":"https:\/\/i0.wp.com\/www.grieta.org.mx\/wp-content\/uploads\/2020\/05\/reclusorios-de-Jalisco-Pablo-Toledo-696x385.jpeg?resize=350%2C200","width":350,"height":200,"srcset":"https:\/\/i0.wp.com\/www.grieta.org.mx\/wp-content\/uploads\/2020\/05\/reclusorios-de-Jalisco-Pablo-Toledo-696x385.jpeg?resize=350%2C200 1x, https:\/\/i0.wp.com\/www.grieta.org.mx\/wp-content\/uploads\/2020\/05\/reclusorios-de-Jalisco-Pablo-Toledo-696x385.jpeg?resize=525%2C300 1.5x"},"classes":[]},{"id":59151,"url":"http:\/\/www.grieta.org.mx\/index.php\/2021\/04\/27\/trabajadores-de-hospitales-covid-19-se-manifiestan-en-casa-jalisco-por-despido\/","url_meta":{"origin":48810,"position":3},"title":"Trabajadores de hospitales covid-19 se manifiestan en Casa Jalisco por despido","author":"grieta","date":"27 abril, 2021","format":false,"excerpt":"Foto: Medios Roc\u00edo Fonseca \/ UDGTV Esta no es la primera vez que la secretar\u00eda de Salud prescinde de trabajadores que sacaron adelante las \u00e1reas covid-19 en el sector P\u00fablico. El 25 de noviembre una veintena de\u00a0trabajadores del Hospital \u00c1ngel Lea\u00f1o fueron dados de baja del servicio a pesar de\u2026","rel":"","context":"En &quot;CINTILLO&quot;","block_context":{"text":"CINTILLO","link":"http:\/\/www.grieta.org.mx\/index.php\/category\/cintillo\/"},"img":{"alt_text":"","src":"https:\/\/i0.wp.com\/www.grieta.org.mx\/wp-content\/uploads\/2021\/05\/Casa-Jalisco-medios.jpg?resize=350%2C200","width":350,"height":200,"srcset":"https:\/\/i0.wp.com\/www.grieta.org.mx\/wp-content\/uploads\/2021\/05\/Casa-Jalisco-medios.jpg?resize=350%2C200 1x, https:\/\/i0.wp.com\/www.grieta.org.mx\/wp-content\/uploads\/2021\/05\/Casa-Jalisco-medios.jpg?resize=525%2C300 1.5x, https:\/\/i0.wp.com\/www.grieta.org.mx\/wp-content\/uploads\/2021\/05\/Casa-Jalisco-medios.jpg?resize=700%2C400 2x"},"classes":[]},{"id":50793,"url":"http:\/\/www.grieta.org.mx\/index.php\/2020\/06\/10\/empleados-del-siop-piden-auxilio-ante-la-existencia-de-casos-de-covid-19-en-las-oficinas-centrales-jalisco\/","url_meta":{"origin":48810,"position":4},"title":"Empleados del SIOP piden \u201cauxilio\u201d ante la existencia de casos de COVID-19 en las oficinas centrales (Jalisco)","author":"grieta","date":"10 junio, 2020","format":false,"excerpt":"Foto: Ignacio P\u00e9rez Vega Los empleados se\u00f1alaron que en la SIOP no han dejado de trabajar, ya que las obras p\u00fablicas que emprende esa dependencia se han realizado sin detenerse, pese a la emergencia sanitaria Ignacio P\u00e9rez Vega \/ UDGTV Guadalajara, Jalisco.\u00a0Empleados que laboran en las oficinas de la Secretar\u00eda\u2026","rel":"","context":"En &quot;CINTILLO&quot;","block_context":{"text":"CINTILLO","link":"http:\/\/www.grieta.org.mx\/index.php\/category\/cintillo\/"},"img":{"alt_text":"","src":"https:\/\/i0.wp.com\/www.grieta.org.mx\/wp-content\/uploads\/2020\/06\/SIOP-Ignacio-P%C3%A9rez-Vega-e1591835730737-600x451.jpeg?resize=350%2C200","width":350,"height":200,"srcset":"https:\/\/i0.wp.com\/www.grieta.org.mx\/wp-content\/uploads\/2020\/06\/SIOP-Ignacio-P%C3%A9rez-Vega-e1591835730737-600x451.jpeg?resize=350%2C200 1x, https:\/\/i0.wp.com\/www.grieta.org.mx\/wp-content\/uploads\/2020\/06\/SIOP-Ignacio-P%C3%A9rez-Vega-e1591835730737-600x451.jpeg?resize=525%2C300 1.5x"},"classes":[]},{"id":72028,"url":"http:\/\/www.grieta.org.mx\/index.php\/2025\/07\/20\/jornaleras-indigenas-enfrentan-explotacion-en-los-campos-agricolas-de-arandas-jalisco\/","url_meta":{"origin":48810,"position":5},"title":"Jornaleras ind\u00edgenas enfrentan explotaci\u00f3n en los campos agr\u00edcolas de Arandas (Jalisco)","author":"grieta","date":"20 julio, 2025","format":false,"excerpt":"Imagen: Especial Miguel \u00c1ngel Vidal \/ El Diario NTR Mujeres ind\u00edgenas migrantes que laboran como jornaleras agr\u00edcolas en el municipio de Arandas enfrentan condiciones de precariedad laboral, discriminaci\u00f3n y exclusi\u00f3n social, de acuerdo con una investigaci\u00f3n realizada por la acad\u00e9mica Ma. Martha Mu\u00f1oz Dur\u00e1n, del Centro Universitario de los Altos\u2026","rel":"","context":"En &quot;CINTILLO&quot;","block_context":{"text":"CINTILLO","link":"http:\/\/www.grieta.org.mx\/index.php\/category\/cintillo\/"},"img":{"alt_text":"","src":"https:\/\/i0.wp.com\/www.grieta.org.mx\/wp-content\/uploads\/2025\/07\/2025-07-20_03-07-14___7843.jpg?resize=350%2C200","width":350,"height":200,"srcset":"https:\/\/i0.wp.com\/www.grieta.org.mx\/wp-content\/uploads\/2025\/07\/2025-07-20_03-07-14___7843.jpg?resize=350%2C200 1x, https:\/\/i0.wp.com\/www.grieta.org.mx\/wp-content\/uploads\/2025\/07\/2025-07-20_03-07-14___7843.jpg?resize=525%2C300 1.5x, https:\/\/i0.wp.com\/www.grieta.org.mx\/wp-content\/uploads\/2025\/07\/2025-07-20_03-07-14___7843.jpg?resize=700%2C400 2x"},"classes":[]}],"_links":{"self":[{"href":"http:\/\/www.grieta.org.mx\/index.php\/wp-json\/wp\/v2\/posts\/48810","targetHints":{"allow":["GET"]}}],"collection":[{"href":"http:\/\/www.grieta.org.mx\/index.php\/wp-json\/wp\/v2\/posts"}],"about":[{"href":"http:\/\/www.grieta.org.mx\/index.php\/wp-json\/wp\/v2\/types\/post"}],"author":[{"embeddable":true,"href":"http:\/\/www.grieta.org.mx\/index.php\/wp-json\/wp\/v2\/users\/2"}],"replies":[{"embeddable":true,"href":"http:\/\/www.grieta.org.mx\/index.php\/wp-json\/wp\/v2\/comments?post=48810"}],"version-history":[{"count":1,"href":"http:\/\/www.grieta.org.mx\/index.php\/wp-json\/wp\/v2\/posts\/48810\/revisions"}],"predecessor-version":[{"id":48813,"href":"http:\/\/www.grieta.org.mx\/index.php\/wp-json\/wp\/v2\/posts\/48810\/revisions\/48813"}],"wp:featuredmedia":[{"embeddable":true,"href":"http:\/\/www.grieta.org.mx\/index.php\/wp-json\/wp\/v2\/media\/48811"}],"wp:attachment":[{"href":"http:\/\/www.grieta.org.mx\/index.php\/wp-json\/wp\/v2\/media?parent=48810"}],"wp:term":[{"taxonomy":"category","embeddable":true,"href":"http:\/\/www.grieta.org.mx\/index.php\/wp-json\/wp\/v2\/categories?post=48810"},{"taxonomy":"post_tag","embeddable":true,"href":"http:\/\/www.grieta.org.mx\/index.php\/wp-json\/wp\/v2\/tags?post=48810"}],"curies":[{"name":"wp","href":"https:\/\/api.w.org\/{rel}","templated":true}]}}