{"id":4879,"date":"2015-12-16T22:43:23","date_gmt":"2015-12-16T22:43:23","guid":{"rendered":"http:\/\/50.22.11.12\/~grietaor\/?p=4879"},"modified":"2016-03-25T22:44:57","modified_gmt":"2016-03-25T22:44:57","slug":"ejidatarios-bloquean-carretera-a-planta-de-kia-motors-en-nl","status":"publish","type":"post","link":"http:\/\/www.grieta.org.mx\/index.php\/2015\/12\/16\/ejidatarios-bloquean-carretera-a-planta-de-kia-motors-en-nl\/","title":{"rendered":"Ejidatarios bloquean carretera a planta de Kia Motors en NL"},"content":{"rendered":"<p>Milenio<\/p>\n<p>Esther Herrera<\/p>\n<p>Cerca de 30 ejidatarios de La Victoria, en Pesquer\u00eda Nuevo Le\u00f3n, est\u00e1n en riesgo de perder sus cosechas de trigo y forraje por la falta de agua, luego de quedar inhabilitado el canal de riego de la \u00fanica toma de agua que durante m\u00e1s de 80 a\u00f1os se han abastecido.<\/p>\n<p>Se trata de m\u00e1s de 300 hect\u00e1reas de trigo y forraje que representa el sustento de 30 familias del ejido La Victoria.<\/p>\n<p>Hace seis meses, la constructora Materiales Molin, la Secretar\u00eda de Obras P\u00fablicas del Estado y la Secretar\u00eda de Comunicaciones y Transportes (SCT), al iniciar los trabajos de introducci\u00f3n del drenaje pluvial que pasan por la orilla de la entrada del complejo automotriz Kia Motors, el suministro de agua del canal de riego qued\u00f3 deshabilitado.<\/p>\n<p>Tras los retrasos de dicha obra, las autoridades estatales les promet\u00edan a los ejidatarios que en unos d\u00edas quedaba listo, cosa que no ocurri\u00f3.<\/p>\n<p>As\u00ed que la ma\u00f1ana de este mi\u00e9rcoles, 30 ejidatarios decidieron ejercer presi\u00f3n y bloquearon con sus tractores la carretera Mar\u00eda La Flore\u00f1a, \u00fanica v\u00eda de acceso a la planta de Kia Motors.<\/p>\n<p>Aunque fueron 10 minutos, provoc\u00f3 un congestionamiento vial de varios kil\u00f3metros.<\/p>\n<p>Las autoridades municipales intervinieron como mediador e invitaron a los ejidatarios al di\u00e1logo, el cual deriv\u00f3 de un acuerdo donde los representantes de la constructora Materiales Molin y la Secretar\u00eda de Obras P\u00fablicas de Nuevo Le\u00f3n y la Secretar\u00eda de Comunicaciones y Transportes se comprometieron a habilitar nuevamente el canal de riego el pr\u00f3ximo s\u00e1bado a las 10:00 de la ma\u00f1ana.<\/p>\n<p>En la reuni\u00f3n estuvo un representante legal de Kia Motors como testigo del acuerdo.<\/p>\n<p>El secretario del Ayuntamiento del municipio, Ismael Garc\u00eda Garza, explic\u00f3 al t\u00e9rmino de la reuni\u00f3n que sostuvieron en Palacio Municipal, que para construir el drenaje pluvial para la armadora se tuvo que destruir un canal de riego, con el cual los ejidatarios de La Victoria riegan sus cultivos.<\/p>\n<p>Desde hace seis meses les prometieron que lo iban a habilitar pero no lo hicieron, entonces se puso un plazo que no cumplieron, pas\u00f3 el tiempo y ahora desde hace 30 d\u00edas a los ejidatarios se les complic\u00f3 la situaci\u00f3n porque el ambiente est\u00e1 muy seco y la humedad ha ido mermando.\u2019<\/p>\n<p>\u201cEllos (los ejidatarios) no obstruyeron la carretera, estuvieron a un lado de la carretera, pero como fue en la hora pico obviamente se hizo el congestionamiento, pero en 15 y 20 minutos qued\u00f3 desalojado\u201d, a\u00f1adi\u00f3 el secretario del ayuntamiento.<\/p>\n<p>Los ejidatarios acudieron al municipio, \u201cporque ya no le creen ni a Kia ni al Gobierno del Estado ni al contratista, entonces entramos como mediadores\u201d.<\/p>\n<p>El ejido La Victoria est\u00e1 a dos kil\u00f3metros del complejo automotriz Kia Motors, Heriberto Cort\u00e9s Cu\u00e9llar, comisariado del ejido, confi\u00f3 que esta situaci\u00f3n que tiene m\u00e1s de seis meses quede totalmente resuelta porque est\u00e1n en riesgo de perder su cosecha.<\/p>\n<p>La empresa extern\u00f3 su preocupaci\u00f3n por las obras pendientes y manifest\u00f3 su inter\u00e9s por la pronta soluci\u00f3n al problema de interrupci\u00f3n del flujo de agua.<\/p>\n<p>Al tiempo que expres\u00f3 que no tiene participaci\u00f3n o responsabilidad alguna en dichas obras, las cuales son ajenas a las que se realizan en su planta.<\/p>\n<p>La obra de drenaje pluvial forma parte de la mejora a la infraestructura de la carretera Pesquer\u00eda-Santa Mar\u00eda-La Flore\u00f1a, a cargo del Estado de Nuevo Le\u00f3n y de la Secretar\u00eda de Comunicaciones y Transportes.<\/p>\n<p><a href=\"http:\/\/www.milenio.com\/region\/Protesta_ejidatarios_Pesqueria-bloquean_entrada_Kia_Motors_0_647335359.html\" target=\"_blank\">www.milenio.com\/region\/Protesta_ejidatarios_Pesqueria-bloquean_entrada_Kia_Motors_0_647335359.html <\/a><\/p>\n","protected":false},"excerpt":{"rendered":"<p>Milenio Esther Herrera Cerca de 30 ejidatarios de La Victoria, en Pesquer\u00eda Nuevo Le\u00f3n, est\u00e1n en riesgo de perder sus cosechas de trigo y forraje por la falta de agua, &hellip; <a href=\"http:\/\/www.grieta.org.mx\/index.php\/2015\/12\/16\/ejidatarios-bloquean-carretera-a-planta-de-kia-motors-en-nl\/\" class=\"more-link\">Leer m\u00e1s<\/a><\/p>\n","protected":false},"author":2,"featured_media":21928,"comment_status":"closed","ping_status":"open","sticky":false,"template":"","format":"standard","meta":{"ngg_post_thumbnail":0,"_jetpack_newsletter_access":"","_jetpack_dont_email_post_to_subs":false,"_jetpack_newsletter_tier_id":0,"_jetpack_memberships_contains_paywalled_content":false,"_jetpack_memberships_contains_paid_content":false,"footnotes":""},"categories":[80,202],"tags":[375],"class_list":["post-4879","post","type-post","status-publish","format-standard","has-post-thumbnail","hentry","category-cintillo","category-nuevo-leon","tag-kia-motors","entry"],"jetpack_featured_media_url":"http:\/\/www.grieta.org.mx\/wp-content\/uploads\/2018\/03\/14524434_1106112876131411_958039263622046936_o.jpg","jetpack_sharing_enabled":true,"jetpack_shortlink":"https:\/\/wp.me\/p7ZJR4-1gH","jetpack_likes_enabled":false,"jetpack-related-posts":[{"id":4875,"url":"http:\/\/www.grieta.org.mx\/index.php\/2015\/12\/16\/ante-la-falta-de-agua-ejidatarios-bloquean-entrada-a-kia-motors\/","url_meta":{"origin":4879,"position":0},"title":"Ante la falta de agua, ejidatarios bloquean entrada a Kia Motors","author":"grieta","date":"16 diciembre, 2015","format":false,"excerpt":"Multimedios El grupo de hombres asegur\u00f3 que\u00a0las autoridades les prometieron reabrir un canal de riego, pero no lo han cumplido. Pesquer\u00eda.-\u00a0Un grupo de ejidatarios bloque\u00f3 la carretera Mar\u00eda La Flore\u00f1a la ma\u00f1ana de este mi\u00e9rcoles en el municipio de Pesquer\u00eda, Nuevo Le\u00f3n. Esta carretera es el \u00fanico camino que lleva\u2026","rel":"","context":"En &quot;CINTILLO&quot;","block_context":{"text":"CINTILLO","link":"http:\/\/www.grieta.org.mx\/index.php\/category\/cintillo\/"},"img":{"alt_text":"","src":"https:\/\/i0.wp.com\/www.grieta.org.mx\/wp-content\/uploads\/2018\/03\/14524434_1106112876131411_958039263622046936_o.jpg?resize=350%2C200","width":350,"height":200,"srcset":"https:\/\/i0.wp.com\/www.grieta.org.mx\/wp-content\/uploads\/2018\/03\/14524434_1106112876131411_958039263622046936_o.jpg?resize=350%2C200 1x, https:\/\/i0.wp.com\/www.grieta.org.mx\/wp-content\/uploads\/2018\/03\/14524434_1106112876131411_958039263622046936_o.jpg?resize=525%2C300 1.5x, https:\/\/i0.wp.com\/www.grieta.org.mx\/wp-content\/uploads\/2018\/03\/14524434_1106112876131411_958039263622046936_o.jpg?resize=700%2C400 2x"},"classes":[]},{"id":4876,"url":"http:\/\/www.grieta.org.mx\/index.php\/2015\/12\/16\/resistencia-de-ejidatarios-contra-armadora-kia-en-nuevo-leon\/","url_meta":{"origin":4879,"position":1},"title":"Resistencia de ejidatarios contra armadora KIA en Nuevo Le\u00f3n","author":"grieta","date":"16 diciembre, 2015","format":false,"excerpt":"16\/12\/15. Ante la falta de agua, ejidatarios bloquean entrada a Kia Motors Multimedios 16\/12\/15. Ejidatarios bloquean carretera a planta de Kia Motors en NLMilenio","rel":"","context":"En &quot;NOTICIAS NACIONALES&quot;","block_context":{"text":"NOTICIAS NACIONALES","link":"http:\/\/www.grieta.org.mx\/index.php\/category\/noticias-nacionales\/"},"img":{"alt_text":"","src":"https:\/\/i0.wp.com\/www.grieta.org.mx\/wp-content\/uploads\/2018\/03\/14524434_1106112876131411_958039263622046936_o.jpg?resize=350%2C200","width":350,"height":200,"srcset":"https:\/\/i0.wp.com\/www.grieta.org.mx\/wp-content\/uploads\/2018\/03\/14524434_1106112876131411_958039263622046936_o.jpg?resize=350%2C200 1x, https:\/\/i0.wp.com\/www.grieta.org.mx\/wp-content\/uploads\/2018\/03\/14524434_1106112876131411_958039263622046936_o.jpg?resize=525%2C300 1.5x, https:\/\/i0.wp.com\/www.grieta.org.mx\/wp-content\/uploads\/2018\/03\/14524434_1106112876131411_958039263622046936_o.jpg?resize=700%2C400 2x"},"classes":[]},{"id":10033,"url":"http:\/\/www.grieta.org.mx\/index.php\/2016\/04\/08\/nuevo-leon-abre-centro-de-desarrollo-de-tecnologia\/","url_meta":{"origin":4879,"position":2},"title":"Nuevo Le\u00f3n abre centro de desarrollo de tecnolog\u00eda","author":"grieta","date":"8 abril, 2016","format":false,"excerpt":"El Economista El Cl\u00faster Automotriz de Nuevo Le\u00f3n (Claut) inaugur\u00f3 el Centro Automotriz de Desarrollo Tecnol\u00f3gico y de Talento con el objetivo de desarrollar talento especializado en dise\u00f1o, nuevos productos y procesos de manufactura para el sector. Lourdes Flores Monterrey N.L. El Cl\u00faster Automotriz de Nuevo Le\u00f3n (Claut) inaugur\u00f3 el\u2026","rel":"","context":"En &quot;CINTILLO&quot;","block_context":{"text":"CINTILLO","link":"http:\/\/www.grieta.org.mx\/index.php\/category\/cintillo\/"},"img":{"alt_text":"","src":"https:\/\/i0.wp.com\/www.grieta.org.mx\/wp-content\/uploads\/2018\/03\/14524434_1106112876131411_958039263622046936_o.jpg?resize=350%2C200","width":350,"height":200,"srcset":"https:\/\/i0.wp.com\/www.grieta.org.mx\/wp-content\/uploads\/2018\/03\/14524434_1106112876131411_958039263622046936_o.jpg?resize=350%2C200 1x, https:\/\/i0.wp.com\/www.grieta.org.mx\/wp-content\/uploads\/2018\/03\/14524434_1106112876131411_958039263622046936_o.jpg?resize=525%2C300 1.5x, https:\/\/i0.wp.com\/www.grieta.org.mx\/wp-content\/uploads\/2018\/03\/14524434_1106112876131411_958039263622046936_o.jpg?resize=700%2C400 2x"},"classes":[]},{"id":26423,"url":"http:\/\/www.grieta.org.mx\/index.php\/2018\/09\/13\/tio-de-la-gobernadora-de-sonora-se-apodera-del-agua-de-riego-denuncian-ejidatarios\/","url_meta":{"origin":4879,"position":3},"title":"T\u00edo de la gobernadora de Sonora se apodera del agua de riego, denuncian ejidatarios","author":"grieta","date":"13 septiembre, 2018","format":false,"excerpt":"Milton Mart\u00ednez\/ Proceso HERMOSILLO, Son., (apro).- Productores del ejido de Villa de Seris acusaron a Fausto Pavlovich, t\u00edo de la gobernadora Claudia Artemiza Pavlovich Arellano, de apoderarse del agua residual que procesa la planta tratadora de esta capital. El presidente del Comisariado Ejidal de Villa de Seris, Isidro Amavizca, denunci\u00f3\u2026","rel":"","context":"En &quot;CINTILLO&quot;","block_context":{"text":"CINTILLO","link":"http:\/\/www.grieta.org.mx\/index.php\/category\/cintillo\/"},"img":{"alt_text":"","src":"https:\/\/i0.wp.com\/www.grieta.org.mx\/wp-content\/uploads\/2018\/09\/ejidatarios-1078x717.jpg?resize=350%2C200","width":350,"height":200,"srcset":"https:\/\/i0.wp.com\/www.grieta.org.mx\/wp-content\/uploads\/2018\/09\/ejidatarios-1078x717.jpg?resize=350%2C200 1x, https:\/\/i0.wp.com\/www.grieta.org.mx\/wp-content\/uploads\/2018\/09\/ejidatarios-1078x717.jpg?resize=525%2C300 1.5x, https:\/\/i0.wp.com\/www.grieta.org.mx\/wp-content\/uploads\/2018\/09\/ejidatarios-1078x717.jpg?resize=700%2C400 2x, https:\/\/i0.wp.com\/www.grieta.org.mx\/wp-content\/uploads\/2018\/09\/ejidatarios-1078x717.jpg?resize=1050%2C600 3x"},"classes":[]},{"id":19736,"url":"http:\/\/www.grieta.org.mx\/index.php\/2016\/08\/16\/ejidatarios-exigen-a-conagua-aclarar-concesion-de-agua-a-la-termoelectrica\/","url_meta":{"origin":4879,"position":4},"title":"Ejidatarios exigen a Conagua aclarar concesi\u00f3n de agua a la termoel\u00e9ctrica (MORELOS)","author":"grieta","date":"16 agosto, 2016","format":false,"excerpt":"Mario Vega, Morelos. Ejidatarios y comisariados de los ejidos de Tenextepango, Anenecuilco, Moyotepec, San Vicente de Ju\u00e1rez, Tecomalco, El Salitre, Ahuehueyo, Apatlaco y Villa de Ayala, entre otros, se reunieron de emergencia en las instalaciones de la Asociaci\u00f3n de Usuarios del R\u00edo Cuautla (Asurco) donde acordaron emplazar a la Comisi\u00f3n\u2026","rel":"","context":"En &quot;CINTILLO&quot;","block_context":{"text":"CINTILLO","link":"http:\/\/www.grieta.org.mx\/index.php\/category\/cintillo\/"},"img":{"alt_text":"","src":"https:\/\/i0.wp.com\/www.grieta.org.mx\/wp-content\/uploads\/2018\/03\/14524434_1106112876131411_958039263622046936_o.jpg?resize=350%2C200","width":350,"height":200,"srcset":"https:\/\/i0.wp.com\/www.grieta.org.mx\/wp-content\/uploads\/2018\/03\/14524434_1106112876131411_958039263622046936_o.jpg?resize=350%2C200 1x, https:\/\/i0.wp.com\/www.grieta.org.mx\/wp-content\/uploads\/2018\/03\/14524434_1106112876131411_958039263622046936_o.jpg?resize=525%2C300 1.5x, https:\/\/i0.wp.com\/www.grieta.org.mx\/wp-content\/uploads\/2018\/03\/14524434_1106112876131411_958039263622046936_o.jpg?resize=700%2C400 2x"},"classes":[]},{"id":39255,"url":"http:\/\/www.grieta.org.mx\/index.php\/2019\/09\/15\/ejidatarios-afectados-por-derrames-de-huachicol-puebla\/","url_meta":{"origin":4879,"position":5},"title":"Ejidatarios, afectados por derrames de huachicol (Puebla)","author":"Admin","date":"15 septiembre, 2019","format":false,"excerpt":"El\u00ed Santos \/ El Popular Ejidatarios de Actipan de Morelos, junta auxiliar perteneciente al municipio de Acatzingo, aseguraron que no han sido indemnizados luego de sufrir da\u00f1o en sus parcelas por el derrame de combustible derivado de tomas clandestinas. Explicaron que el derrame de hidrocarburo ocasionado por el huachicoleo contamin\u00f3\u2026","rel":"","context":"En &quot;CINTILLO&quot;","block_context":{"text":"CINTILLO","link":"http:\/\/www.grieta.org.mx\/index.php\/category\/cintillo\/"},"img":{"alt_text":"","src":"https:\/\/i0.wp.com\/www.grieta.org.mx\/wp-content\/uploads\/2019\/09\/7a3f93b13b4917a3999ef6066cc5ec59_nota_685x411_thumb.png?resize=350%2C200","width":350,"height":200,"srcset":"https:\/\/i0.wp.com\/www.grieta.org.mx\/wp-content\/uploads\/2019\/09\/7a3f93b13b4917a3999ef6066cc5ec59_nota_685x411_thumb.png?resize=350%2C200 1x, https:\/\/i0.wp.com\/www.grieta.org.mx\/wp-content\/uploads\/2019\/09\/7a3f93b13b4917a3999ef6066cc5ec59_nota_685x411_thumb.png?resize=525%2C300 1.5x"},"classes":[]}],"_links":{"self":[{"href":"http:\/\/www.grieta.org.mx\/index.php\/wp-json\/wp\/v2\/posts\/4879","targetHints":{"allow":["GET"]}}],"collection":[{"href":"http:\/\/www.grieta.org.mx\/index.php\/wp-json\/wp\/v2\/posts"}],"about":[{"href":"http:\/\/www.grieta.org.mx\/index.php\/wp-json\/wp\/v2\/types\/post"}],"author":[{"embeddable":true,"href":"http:\/\/www.grieta.org.mx\/index.php\/wp-json\/wp\/v2\/users\/2"}],"replies":[{"embeddable":true,"href":"http:\/\/www.grieta.org.mx\/index.php\/wp-json\/wp\/v2\/comments?post=4879"}],"version-history":[{"count":1,"href":"http:\/\/www.grieta.org.mx\/index.php\/wp-json\/wp\/v2\/posts\/4879\/revisions"}],"predecessor-version":[{"id":4880,"href":"http:\/\/www.grieta.org.mx\/index.php\/wp-json\/wp\/v2\/posts\/4879\/revisions\/4880"}],"wp:featuredmedia":[{"embeddable":true,"href":"http:\/\/www.grieta.org.mx\/index.php\/wp-json\/wp\/v2\/media\/21928"}],"wp:attachment":[{"href":"http:\/\/www.grieta.org.mx\/index.php\/wp-json\/wp\/v2\/media?parent=4879"}],"wp:term":[{"taxonomy":"category","embeddable":true,"href":"http:\/\/www.grieta.org.mx\/index.php\/wp-json\/wp\/v2\/categories?post=4879"},{"taxonomy":"post_tag","embeddable":true,"href":"http:\/\/www.grieta.org.mx\/index.php\/wp-json\/wp\/v2\/tags?post=4879"}],"curies":[{"name":"wp","href":"https:\/\/api.w.org\/{rel}","templated":true}]}}