{"id":48764,"date":"2020-04-30T03:47:40","date_gmt":"2020-04-30T08:47:40","guid":{"rendered":"http:\/\/www.grieta.org.mx\/?p=48764"},"modified":"2020-05-08T03:50:49","modified_gmt":"2020-05-08T08:50:49","slug":"los-hijos-de-victimas-de-feminicidio-festejan-un-dia-del-nino-esperando-justicia-por-la-muerte-de-sus-madres","status":"publish","type":"post","link":"http:\/\/www.grieta.org.mx\/index.php\/2020\/04\/30\/los-hijos-de-victimas-de-feminicidio-festejan-un-dia-del-nino-esperando-justicia-por-la-muerte-de-sus-madres\/","title":{"rendered":"Los hijos de v\u00edctimas de feminicidio festejan un D\u00eda del Ni\u00f1o esperando justicia por la muerte de sus madres"},"content":{"rendered":"<p><img loading=\"lazy\" decoding=\"async\" data-attachment-id=\"48765\" data-permalink=\"http:\/\/www.grieta.org.mx\/index.php\/2020\/04\/30\/los-hijos-de-victimas-de-feminicidio-festejan-un-dia-del-nino-esperando-justicia-por-la-muerte-de-sus-madres\/los-hijos-de-victimas-de-feminicidio-festejan-un-dia-del-nino-esperando-justicia-por-la-muerte-de-sus-madres-la-ninez-may\/\" data-orig-file=\"http:\/\/www.grieta.org.mx\/wp-content\/uploads\/2020\/05\/Los-hijos-de-v\u00edctimas-de-feminicidio-festejan-un-D\u00eda-del-Ni\u00f1o-esperando-justicia-por-la-muerte-de-sus-madres-la-ni\u00f1ez-may.jpg\" data-orig-size=\"597,381\" data-comments-opened=\"0\" data-image-meta=\"{&quot;aperture&quot;:&quot;0&quot;,&quot;credit&quot;:&quot;&quot;,&quot;camera&quot;:&quot;&quot;,&quot;caption&quot;:&quot;&quot;,&quot;created_timestamp&quot;:&quot;0&quot;,&quot;copyright&quot;:&quot;&quot;,&quot;focal_length&quot;:&quot;0&quot;,&quot;iso&quot;:&quot;0&quot;,&quot;shutter_speed&quot;:&quot;0&quot;,&quot;title&quot;:&quot;&quot;,&quot;orientation&quot;:&quot;1&quot;}\" data-image-title=\"Los hijos de v\u00edctimas de feminicidio festejan un D\u00eda del Ni\u00f1o esperando justicia por la muerte de sus madres la ni\u00f1ez may\" data-image-description=\"\" data-image-caption=\"\" data-medium-file=\"http:\/\/www.grieta.org.mx\/wp-content\/uploads\/2020\/05\/Los-hijos-de-v\u00edctimas-de-feminicidio-festejan-un-D\u00eda-del-Ni\u00f1o-esperando-justicia-por-la-muerte-de-sus-madres-la-ni\u00f1ez-may-300x191.jpg\" data-large-file=\"http:\/\/www.grieta.org.mx\/wp-content\/uploads\/2020\/05\/Los-hijos-de-v\u00edctimas-de-feminicidio-festejan-un-D\u00eda-del-Ni\u00f1o-esperando-justicia-por-la-muerte-de-sus-madres-la-ni\u00f1ez-may.jpg\" class=\"aligncenter  wp-image-48765\" src=\"http:\/\/www.grieta.org.mx\/wp-content\/uploads\/2020\/05\/Los-hijos-de-v\u00edctimas-de-feminicidio-festejan-un-D\u00eda-del-Ni\u00f1o-esperando-justicia-por-la-muerte-de-sus-madres-la-ni\u00f1ez-may.jpg\" alt=\"\" width=\"559\" height=\"357\" srcset=\"http:\/\/www.grieta.org.mx\/wp-content\/uploads\/2020\/05\/Los-hijos-de-v\u00edctimas-de-feminicidio-festejan-un-D\u00eda-del-Ni\u00f1o-esperando-justicia-por-la-muerte-de-sus-madres-la-ni\u00f1ez-may.jpg 597w, http:\/\/www.grieta.org.mx\/wp-content\/uploads\/2020\/05\/Los-hijos-de-v\u00edctimas-de-feminicidio-festejan-un-D\u00eda-del-Ni\u00f1o-esperando-justicia-por-la-muerte-de-sus-madres-la-ni\u00f1ez-may-300x191.jpg 300w\" sizes=\"auto, (max-width: 559px) 100vw, 559px\" \/><br \/>\n<em>Imagen tomada de: www.pacozea.com<\/em><\/p>\n<p>Paco Zea Noticias<\/p>\n<blockquote><p>Colectivos sociales entregaron juguetes a los ni\u00f1os que, sin la presencia de sus madres, intentan salir adelante diariamente<\/p><\/blockquote>\n<p>Una fecha que deber\u00eda de ser festiva y alegre para muchos menores, refleja la ausencia y la falta de justicia para cientos de familia que a lo largo del pa\u00eds lloran la p\u00e9rdida de una madre que no podr\u00e1 celebrar con sus hijos el D\u00eda del Ni\u00f1o.<\/p>\n<p>Las v\u00edctimas invisibles de las autoridades y la sociedad, quienes no han creado para ellos leyes que los protejan ni medidas de apoyo para sus familias, pasar\u00e1n un D\u00eda del Ni\u00f1o esperando justicia por la muerte de sus madres.<\/p>\n<p>Los hijos de v\u00edctimas de feminicidio que quedan en el olvido al sistema de justicia mexicano, fueron apoyados este d\u00eda por el colectivo social Hu\u00e9rfanos por el Feminicidio, quienes en b\u00fasqueda de aliviar un poco la cruda realidad que viven, acudieron a sus hogares a obsequiarles algunos juguetes para intentar vivir con \u00abnormalidad\u00bb esta fecha.<\/p>\n<p>La mayor\u00eda de estos menores quedan, en el mejor de los casos, al cuidado de los abuelos maternos quienes con su dolor y los a\u00f1os encima, hacen todo lo posible por sacar adelante a los peque\u00f1os que en su mayor\u00eda no rebasan los 6 a\u00f1os de edad.<\/p>\n<p>En otros casos, los menores cuyas madres han sido asesinadas quedan bajo el resguardo del propio perpetrador de los cr\u00edmenes, sus padres, quienes huyen con ellos o han sido \u00ababsueltos\u00bb, impunes y apoyados por las omisiones que las propias autoridades dejan en los casos de las v\u00edctimas.<\/p>\n<p>Sandra Soto Az\u00faa, integrante del colectivo, comparte a trav\u00e9s de las redes sociales algunos rostros e historias de estos menores cuyas familias sufren sin la presencia de la figura materna y viven este d\u00eda de manera distinta a los dem\u00e1s peque\u00f1os.<\/p>\n<p>La activista inform\u00f3 que hasta la fecha se han entregado regalos a 15 familias, tanto del Estado de M\u00e9xico como de la Ciudad de M\u00e9xico, entre ellos mu\u00f1ecos de peluche, juguetes did\u00e1cticos, patinetas, carritos, mu\u00f1ecas, entre otros.<\/p>\n<p><a href=\"https:\/\/www.pacozea.com\/los-hijos-de-victimas-de-feminicidio-festejan-un-dia-del-nino-esperando-justicia-por-la-muerte-de-sus-madres\" target=\"_blank\" rel=\"noopener noreferrer\">https:\/\/www.pacozea.com\/los-hijos-de-victimas-de-feminicidio-festejan-un-dia-del-nino-esperando-justicia-por-la-muerte-de-sus-madres<\/a><\/p>\n","protected":false},"excerpt":{"rendered":"<p>Imagen tomada de: www.pacozea.com Paco Zea Noticias Colectivos sociales entregaron juguetes a los ni\u00f1os que, sin la presencia de sus madres, intentan salir adelante diariamente Una fecha que deber\u00eda de &hellip; <a href=\"http:\/\/www.grieta.org.mx\/index.php\/2020\/04\/30\/los-hijos-de-victimas-de-feminicidio-festejan-un-dia-del-nino-esperando-justicia-por-la-muerte-de-sus-madres\/\" class=\"more-link\">Leer m\u00e1s<\/a><\/p>\n","protected":false},"author":2,"featured_media":48765,"comment_status":"closed","ping_status":"closed","sticky":false,"template":"","format":"standard","meta":{"ngg_post_thumbnail":0,"_jetpack_newsletter_access":"","_jetpack_dont_email_post_to_subs":false,"_jetpack_newsletter_tier_id":0,"_jetpack_memberships_contains_paywalled_content":false,"_jetpack_memberships_contains_paid_content":false,"footnotes":""},"categories":[80,1827,83],"tags":[2362],"class_list":["post-48764","post","type-post","status-publish","format-standard","has-post-thumbnail","hentry","category-cintillo","category-la-ninez-en-la-tormenta-capitalista","category-temas-nacionales","tag-la-ninez-en-la-tormenta","entry"],"jetpack_featured_media_url":"http:\/\/www.grieta.org.mx\/wp-content\/uploads\/2020\/05\/Los-hijos-de-v\u00edctimas-de-feminicidio-festejan-un-D\u00eda-del-Ni\u00f1o-esperando-justicia-por-la-muerte-de-sus-madres-la-ni\u00f1ez-may.jpg","jetpack_sharing_enabled":true,"jetpack_shortlink":"https:\/\/wp.me\/p7ZJR4-cGw","jetpack_likes_enabled":false,"jetpack-related-posts":[{"id":38855,"url":"http:\/\/www.grieta.org.mx\/index.php\/2019\/08\/30\/los-cuerpos-de-nuestros-hijos-no-se-evaporaron-fueron-desaparecidos-madres-de-victimas-de-mexicali-baja-california\/","url_meta":{"origin":48764,"position":0},"title":"\u00abLos cuerpos de nuestros hijos no se evaporaron, fueron desaparecidos\u00bb: Madres de v\u00edctimas de Mexicali (Baja California)","author":"grieta","date":"30 agosto, 2019","format":false,"excerpt":"Jorge Heras \/ Lindero Norte Mexicali.- En el marco del D\u00eda Internacional de las V\u00edctimas de Desapariciones Forzadas, un grupo dr mujeres que desze hace 3 d\u00e9cadas est\u00e1n en la exigencia permanente con las autoridades para localizar a sus familiares desaparecidos, se manifestaron una vez m\u00e1s en el Centro C\u00edvico\u2026","rel":"","context":"En &quot;Baja California&quot;","block_context":{"text":"Baja California","link":"http:\/\/www.grieta.org.mx\/index.php\/category\/noticias-nacionales\/baja-california\/"},"img":{"alt_text":"","src":"https:\/\/i0.wp.com\/www.grieta.org.mx\/wp-content\/uploads\/2019\/09\/20190830_102929.jpg?resize=350%2C200","width":350,"height":200,"srcset":"https:\/\/i0.wp.com\/www.grieta.org.mx\/wp-content\/uploads\/2019\/09\/20190830_102929.jpg?resize=350%2C200 1x, https:\/\/i0.wp.com\/www.grieta.org.mx\/wp-content\/uploads\/2019\/09\/20190830_102929.jpg?resize=525%2C300 1.5x, https:\/\/i0.wp.com\/www.grieta.org.mx\/wp-content\/uploads\/2019\/09\/20190830_102929.jpg?resize=700%2C400 2x, https:\/\/i0.wp.com\/www.grieta.org.mx\/wp-content\/uploads\/2019\/09\/20190830_102929.jpg?resize=1050%2C600 3x, https:\/\/i0.wp.com\/www.grieta.org.mx\/wp-content\/uploads\/2019\/09\/20190830_102929.jpg?resize=1400%2C800 4x"},"classes":[]},{"id":48897,"url":"http:\/\/www.grieta.org.mx\/index.php\/2020\/05\/10\/triste-10-de-mayo-para-las-madres-buscadoras-sufren-la-ausencia-de-sus-hijos-sonora\/","url_meta":{"origin":48764,"position":1},"title":"Triste 10 de mayo para las Madres Buscadoras; sufren la ausencia de sus hijos (Sonora)","author":"grieta","date":"10 mayo, 2020","format":false,"excerpt":"Mar\u00eda Jos\u00e9 L\u00f3pez | El Sol de Hermosillo Foto: El Sol de Hermosillo Para las Madres Buscadoras de Sonora el D\u00eda de las Madres no ser\u00e1 una fecha para celebrar, pues optaron por alzar sus voces a las afueras de la Comisi\u00f3n Estatal de Derechos Humanos (CEDH). Desde las 19:30\u2026","rel":"","context":"En &quot;CINTILLO&quot;","block_context":{"text":"CINTILLO","link":"http:\/\/www.grieta.org.mx\/index.php\/category\/cintillo\/"},"img":{"alt_text":"","src":"https:\/\/i0.wp.com\/www.grieta.org.mx\/wp-content\/uploads\/2020\/05\/Vigilia-Madres-buscadoras.jpeg?resize=350%2C200","width":350,"height":200,"srcset":"https:\/\/i0.wp.com\/www.grieta.org.mx\/wp-content\/uploads\/2020\/05\/Vigilia-Madres-buscadoras.jpeg?resize=350%2C200 1x, https:\/\/i0.wp.com\/www.grieta.org.mx\/wp-content\/uploads\/2020\/05\/Vigilia-Madres-buscadoras.jpeg?resize=525%2C300 1.5x, https:\/\/i0.wp.com\/www.grieta.org.mx\/wp-content\/uploads\/2020\/05\/Vigilia-Madres-buscadoras.jpeg?resize=700%2C400 2x"},"classes":[]},{"id":60519,"url":"http:\/\/www.grieta.org.mx\/index.php\/2021\/07\/11\/marchan-en-tecoman-para-que-se-haga-justicia-a-tita-colima\/","url_meta":{"origin":48764,"position":2},"title":"Marchan en Tecom\u00e1n para que se haga justicia a \u201cTita\u201d (Colima)","author":"grieta","date":"11 julio, 2021","format":false,"excerpt":"Foto: El Comentario Yesuni L\u00f3pez Aldape \/ El Comentario Un numeroso contingente de personas exigiendo que se aplique la\u00a0justicia\u00a0en el caso del asesinato de la menor de 16 a\u00f1os\u00a0Martha Leticia,\u00a0Tita, quien falleciera el pasado domingo 4 de julio en su domicilio tras ser ahorcada, march\u00f3 por calles de Tecom\u00e1n. Los\u2026","rel":"","context":"En &quot;CINTILLO&quot;","block_context":{"text":"CINTILLO","link":"http:\/\/www.grieta.org.mx\/index.php\/category\/cintillo\/"},"img":{"alt_text":"","src":"https:\/\/i0.wp.com\/www.grieta.org.mx\/wp-content\/uploads\/2021\/07\/415290769594460e2e485922904f345d.jpg?resize=350%2C200","width":350,"height":200,"srcset":"https:\/\/i0.wp.com\/www.grieta.org.mx\/wp-content\/uploads\/2021\/07\/415290769594460e2e485922904f345d.jpg?resize=350%2C200 1x, https:\/\/i0.wp.com\/www.grieta.org.mx\/wp-content\/uploads\/2021\/07\/415290769594460e2e485922904f345d.jpg?resize=525%2C300 1.5x, https:\/\/i0.wp.com\/www.grieta.org.mx\/wp-content\/uploads\/2021\/07\/415290769594460e2e485922904f345d.jpg?resize=700%2C400 2x"},"classes":[]},{"id":67839,"url":"http:\/\/www.grieta.org.mx\/index.php\/2023\/09\/26\/colima-no-garantiza-la-reparacion-del-dano-a-familiares-de-las-victimas-de-feminicidio\/","url_meta":{"origin":48764,"position":3},"title":"Colima no garantiza la reparaci\u00f3n del da\u00f1o a familiares de las v\u00edctimas de feminicidio","author":"grieta","date":"26 septiembre, 2023","format":false,"excerpt":"Imagen: Tomada de la Red Heidi de Le\u00f3n Guti\u00e9rrez \/ Diario Avanzada Colima, M\u00e9xico, Avanzada (26\/09\/2023).- Para la Comisi\u00f3n Nacional de Derechos Humanos, el Gobierno de Colima tiene pendiente\u00a0garantizar la reparaci\u00f3n del da\u00f1o a las v\u00edctimas indirectas menores de edad del delito de feminicidio. El organismo destaca que en 14\u2026","rel":"","context":"En &quot;CINTILLO&quot;","block_context":{"text":"CINTILLO","link":"http:\/\/www.grieta.org.mx\/index.php\/category\/cintillo\/"},"img":{"alt_text":"","src":"https:\/\/i0.wp.com\/www.grieta.org.mx\/wp-content\/uploads\/2023\/10\/feminicidio-mexico.webp?resize=350%2C200","width":350,"height":200,"srcset":"https:\/\/i0.wp.com\/www.grieta.org.mx\/wp-content\/uploads\/2023\/10\/feminicidio-mexico.webp?resize=350%2C200 1x, https:\/\/i0.wp.com\/www.grieta.org.mx\/wp-content\/uploads\/2023\/10\/feminicidio-mexico.webp?resize=525%2C300 1.5x, https:\/\/i0.wp.com\/www.grieta.org.mx\/wp-content\/uploads\/2023\/10\/feminicidio-mexico.webp?resize=700%2C400 2x"},"classes":[]},{"id":12182,"url":"http:\/\/www.grieta.org.mx\/index.php\/2016\/05\/10\/marchan-madres-de-victimas-en-cuernavaca-exigen-justicia\/","url_meta":{"origin":48764,"position":4},"title":"Marchan madres de v\u00edctimas, en Cuernavaca; exigen justicia","author":"grieta","date":"10 mayo, 2016","format":false,"excerpt":"La Uni\u00f3n de Morelos Madres de v\u00edctimas se manifestaron para exigir justicia en las instalaciones de la Fiscal\u00eda General del Estado (FGE), este martes; tambi\u00e9n realizaron una marcha para llegar a la ofrenda que se localiza en la Plaza de Armas capitalina, en donde pidieron a los tres \u00f3rdenes de\u2026","rel":"","context":"En &quot;Desaparecidos en Morelos&quot;","block_context":{"text":"Desaparecidos en Morelos","link":"http:\/\/www.grieta.org.mx\/index.php\/category\/noticias-nacionales\/morelos\/desaparecidos-en-morelos\/"},"img":{"alt_text":"","src":"https:\/\/i0.wp.com\/www.grieta.org.mx\/wp-content\/uploads\/2018\/03\/14524434_1106112876131411_958039263622046936_o.jpg?resize=350%2C200","width":350,"height":200,"srcset":"https:\/\/i0.wp.com\/www.grieta.org.mx\/wp-content\/uploads\/2018\/03\/14524434_1106112876131411_958039263622046936_o.jpg?resize=350%2C200 1x, https:\/\/i0.wp.com\/www.grieta.org.mx\/wp-content\/uploads\/2018\/03\/14524434_1106112876131411_958039263622046936_o.jpg?resize=525%2C300 1.5x, https:\/\/i0.wp.com\/www.grieta.org.mx\/wp-content\/uploads\/2018\/03\/14524434_1106112876131411_958039263622046936_o.jpg?resize=700%2C400 2x"},"classes":[]},{"id":38812,"url":"http:\/\/www.grieta.org.mx\/index.php\/2019\/08\/30\/no-esperes-que-te-pase-a-ti-en-dia-de-desaparecidos-madres-claman-por-sus-hijos-ausentes-sinaloa\/","url_meta":{"origin":48764,"position":5},"title":"\u201cNo esperes que te pase a ti\u201d, En d\u00eda de desaparecidos, madres claman por sus hijos ausentes (Sinaloa)","author":"grieta","date":"30 agosto, 2019","format":false,"excerpt":"Foto: Revista Espejo En su marcha, las madres de familia alzaban su voz con un mensaje un\u00edsono que dec\u00eda: \u201cVivos se los llevaron, vivos los queremos\u201d. Jorge Cuen \/ Revista Espejo Integrantes de colectivos de b\u00fasqueda de desaparecidos de la localidad iniciaron\u00a0las conmemoraciones del D\u00eda Internacional de las V\u00edctimas de\u2026","rel":"","context":"En &quot;CINTILLO&quot;","block_context":{"text":"CINTILLO","link":"http:\/\/www.grieta.org.mx\/index.php\/category\/cintillo\/"},"img":{"alt_text":"","src":"https:\/\/i0.wp.com\/www.grieta.org.mx\/wp-content\/uploads\/2019\/09\/21becb9d-f3d4-43c7-8efe-dd3ecefd2586-750x422.jpg?resize=350%2C200","width":350,"height":200,"srcset":"https:\/\/i0.wp.com\/www.grieta.org.mx\/wp-content\/uploads\/2019\/09\/21becb9d-f3d4-43c7-8efe-dd3ecefd2586-750x422.jpg?resize=350%2C200 1x, https:\/\/i0.wp.com\/www.grieta.org.mx\/wp-content\/uploads\/2019\/09\/21becb9d-f3d4-43c7-8efe-dd3ecefd2586-750x422.jpg?resize=525%2C300 1.5x, https:\/\/i0.wp.com\/www.grieta.org.mx\/wp-content\/uploads\/2019\/09\/21becb9d-f3d4-43c7-8efe-dd3ecefd2586-750x422.jpg?resize=700%2C400 2x"},"classes":[]}],"_links":{"self":[{"href":"http:\/\/www.grieta.org.mx\/index.php\/wp-json\/wp\/v2\/posts\/48764","targetHints":{"allow":["GET"]}}],"collection":[{"href":"http:\/\/www.grieta.org.mx\/index.php\/wp-json\/wp\/v2\/posts"}],"about":[{"href":"http:\/\/www.grieta.org.mx\/index.php\/wp-json\/wp\/v2\/types\/post"}],"author":[{"embeddable":true,"href":"http:\/\/www.grieta.org.mx\/index.php\/wp-json\/wp\/v2\/users\/2"}],"replies":[{"embeddable":true,"href":"http:\/\/www.grieta.org.mx\/index.php\/wp-json\/wp\/v2\/comments?post=48764"}],"version-history":[{"count":1,"href":"http:\/\/www.grieta.org.mx\/index.php\/wp-json\/wp\/v2\/posts\/48764\/revisions"}],"predecessor-version":[{"id":48766,"href":"http:\/\/www.grieta.org.mx\/index.php\/wp-json\/wp\/v2\/posts\/48764\/revisions\/48766"}],"wp:featuredmedia":[{"embeddable":true,"href":"http:\/\/www.grieta.org.mx\/index.php\/wp-json\/wp\/v2\/media\/48765"}],"wp:attachment":[{"href":"http:\/\/www.grieta.org.mx\/index.php\/wp-json\/wp\/v2\/media?parent=48764"}],"wp:term":[{"taxonomy":"category","embeddable":true,"href":"http:\/\/www.grieta.org.mx\/index.php\/wp-json\/wp\/v2\/categories?post=48764"},{"taxonomy":"post_tag","embeddable":true,"href":"http:\/\/www.grieta.org.mx\/index.php\/wp-json\/wp\/v2\/tags?post=48764"}],"curies":[{"name":"wp","href":"https:\/\/api.w.org\/{rel}","templated":true}]}}