{"id":4876,"date":"2015-12-16T22:40:06","date_gmt":"2015-12-16T22:40:06","guid":{"rendered":"http:\/\/50.22.11.12\/~grietaor\/?p=4876"},"modified":"2016-03-25T22:45:45","modified_gmt":"2016-03-25T22:45:45","slug":"resistencia-de-ejidatarios-contra-armadora-kia-en-nuevo-leon","status":"publish","type":"post","link":"http:\/\/www.grieta.org.mx\/index.php\/2015\/12\/16\/resistencia-de-ejidatarios-contra-armadora-kia-en-nuevo-leon\/","title":{"rendered":"Resistencia de ejidatarios contra armadora KIA en Nuevo Le\u00f3n"},"content":{"rendered":"<p><strong>16\/12\/15. <\/strong><a href=\"http:\/\/grieta.org.mx\/index.php\/2015\/11\/16\/ante-la-falta-de-agua-ejidatarios-bloquean-entrada-a-kia-motors\">Ante la falta de agua, ejidatarios bloquean entrada a Kia Motors<\/a><br \/>\n<em>Multimedios<\/em><\/p>\n<p><strong>16\/12\/15. <\/strong><a href=\"http:\/\/grieta.org.mx\/index.php\/2015\/12\/16\/ejidatarios-bloquean-carretera-a-planta-de-kia-motors-en-nl\">Ejidatarios bloquean carretera a planta de Kia Motors en NL<\/a><br  \/><em>Milenio<\/em><br  \/><\/p>\n","protected":false},"excerpt":{"rendered":"<p>16\/12\/15. Ante la falta de agua, ejidatarios bloquean entrada a Kia Motors Multimedios 16\/12\/15. Ejidatarios bloquean carretera a planta de Kia Motors en NLMilenio<\/p>\n","protected":false},"author":2,"featured_media":21928,"comment_status":"closed","ping_status":"open","sticky":false,"template":"","format":"standard","meta":{"ngg_post_thumbnail":0,"_jetpack_newsletter_access":"","_jetpack_dont_email_post_to_subs":false,"_jetpack_newsletter_tier_id":0,"_jetpack_memberships_contains_paywalled_content":false,"_jetpack_memberships_contains_paid_content":false,"footnotes":""},"categories":[2,24],"tags":[],"class_list":["post-4876","post","type-post","status-publish","format-standard","has-post-thumbnail","hentry","category-noticias-nacionales","category-nuevo-leon","entry"],"jetpack_featured_media_url":"http:\/\/www.grieta.org.mx\/wp-content\/uploads\/2018\/03\/14524434_1106112876131411_958039263622046936_o.jpg","jetpack_sharing_enabled":true,"jetpack_shortlink":"https:\/\/wp.me\/p7ZJR4-1gE","jetpack_likes_enabled":false,"jetpack-related-posts":[{"id":4875,"url":"http:\/\/www.grieta.org.mx\/index.php\/2015\/12\/16\/ante-la-falta-de-agua-ejidatarios-bloquean-entrada-a-kia-motors\/","url_meta":{"origin":4876,"position":0},"title":"Ante la falta de agua, ejidatarios bloquean entrada a Kia Motors","author":"grieta","date":"16 diciembre, 2015","format":false,"excerpt":"Multimedios El grupo de hombres asegur\u00f3 que\u00a0las autoridades les prometieron reabrir un canal de riego, pero no lo han cumplido. Pesquer\u00eda.-\u00a0Un grupo de ejidatarios bloque\u00f3 la carretera Mar\u00eda La Flore\u00f1a la ma\u00f1ana de este mi\u00e9rcoles en el municipio de Pesquer\u00eda, Nuevo Le\u00f3n. Esta carretera es el \u00fanico camino que lleva\u2026","rel":"","context":"En &quot;CINTILLO&quot;","block_context":{"text":"CINTILLO","link":"http:\/\/www.grieta.org.mx\/index.php\/category\/cintillo\/"},"img":{"alt_text":"","src":"https:\/\/i0.wp.com\/www.grieta.org.mx\/wp-content\/uploads\/2018\/03\/14524434_1106112876131411_958039263622046936_o.jpg?resize=350%2C200","width":350,"height":200,"srcset":"https:\/\/i0.wp.com\/www.grieta.org.mx\/wp-content\/uploads\/2018\/03\/14524434_1106112876131411_958039263622046936_o.jpg?resize=350%2C200 1x, https:\/\/i0.wp.com\/www.grieta.org.mx\/wp-content\/uploads\/2018\/03\/14524434_1106112876131411_958039263622046936_o.jpg?resize=525%2C300 1.5x, https:\/\/i0.wp.com\/www.grieta.org.mx\/wp-content\/uploads\/2018\/03\/14524434_1106112876131411_958039263622046936_o.jpg?resize=700%2C400 2x"},"classes":[]},{"id":4879,"url":"http:\/\/www.grieta.org.mx\/index.php\/2015\/12\/16\/ejidatarios-bloquean-carretera-a-planta-de-kia-motors-en-nl\/","url_meta":{"origin":4876,"position":1},"title":"Ejidatarios bloquean carretera a planta de Kia Motors en NL","author":"grieta","date":"16 diciembre, 2015","format":false,"excerpt":"Milenio Esther Herrera Cerca de 30 ejidatarios de La Victoria, en Pesquer\u00eda Nuevo Le\u00f3n, est\u00e1n en riesgo de perder sus cosechas de trigo y forraje por la falta de agua, luego de quedar inhabilitado el canal de riego de la \u00fanica toma de agua que durante m\u00e1s de 80 a\u00f1os\u2026","rel":"","context":"En &quot;CINTILLO&quot;","block_context":{"text":"CINTILLO","link":"http:\/\/www.grieta.org.mx\/index.php\/category\/cintillo\/"},"img":{"alt_text":"","src":"https:\/\/i0.wp.com\/www.grieta.org.mx\/wp-content\/uploads\/2018\/03\/14524434_1106112876131411_958039263622046936_o.jpg?resize=350%2C200","width":350,"height":200,"srcset":"https:\/\/i0.wp.com\/www.grieta.org.mx\/wp-content\/uploads\/2018\/03\/14524434_1106112876131411_958039263622046936_o.jpg?resize=350%2C200 1x, https:\/\/i0.wp.com\/www.grieta.org.mx\/wp-content\/uploads\/2018\/03\/14524434_1106112876131411_958039263622046936_o.jpg?resize=525%2C300 1.5x, https:\/\/i0.wp.com\/www.grieta.org.mx\/wp-content\/uploads\/2018\/03\/14524434_1106112876131411_958039263622046936_o.jpg?resize=700%2C400 2x"},"classes":[]},{"id":3967,"url":"http:\/\/www.grieta.org.mx\/index.php\/2015\/10\/30\/ejidatarios-de-juan-sarabia-quintana-roo-bloquean-carretera-para-exigir-pago\/","url_meta":{"origin":4876,"position":2},"title":"Ejidatarios de Juan Sarabia, Quintana Roo, bloquean carretera para exigir pago.","author":"grieta","date":"30 octubre, 2015","format":false,"excerpt":"30\/10\/15. Ejidatarios bloquean carretera Chetumal-Canc\u00fan para exigir pago de terrenos expropiadosNovedades de Quintana Roo","rel":"","context":"En &quot;NOTICIAS NACIONALES&quot;","block_context":{"text":"NOTICIAS NACIONALES","link":"http:\/\/www.grieta.org.mx\/index.php\/category\/noticias-nacionales\/"},"img":{"alt_text":"","src":"https:\/\/i0.wp.com\/www.grieta.org.mx\/wp-content\/uploads\/2018\/03\/14524434_1106112876131411_958039263622046936_o.jpg?resize=350%2C200","width":350,"height":200,"srcset":"https:\/\/i0.wp.com\/www.grieta.org.mx\/wp-content\/uploads\/2018\/03\/14524434_1106112876131411_958039263622046936_o.jpg?resize=350%2C200 1x, https:\/\/i0.wp.com\/www.grieta.org.mx\/wp-content\/uploads\/2018\/03\/14524434_1106112876131411_958039263622046936_o.jpg?resize=525%2C300 1.5x, https:\/\/i0.wp.com\/www.grieta.org.mx\/wp-content\/uploads\/2018\/03\/14524434_1106112876131411_958039263622046936_o.jpg?resize=700%2C400 2x"},"classes":[]},{"id":65124,"url":"http:\/\/www.grieta.org.mx\/index.php\/2022\/09\/06\/ejidatarios-bloquean-autopista-yucatan\/","url_meta":{"origin":4876,"position":3},"title":"Ejidatarios bloquean autopista ( Yucat\u00e1n)","author":"grieta","date":"6 septiembre, 2022","format":false,"excerpt":"Yucat\u00e1n Ahora Este d\u00eda martes un grupo de ejidatarios bloque\u00f3 la autopista en el entronque que conduce a la comisar\u00eda de X\u00b4Can, municipio de Chemax porque no les construir\u00e1n sus dos ciclopistas. De acuerdo a V\u00edctor Manuel, secretario de consejo de vigilancia del ejido de X\u00b4Can, coment\u00f3 que la empresa\u2026","rel":"","context":"En &quot;CINTILLO&quot;","block_context":{"text":"CINTILLO","link":"http:\/\/www.grieta.org.mx\/index.php\/category\/cintillo\/"},"img":{"alt_text":"","src":"https:\/\/i0.wp.com\/www.grieta.org.mx\/wp-content\/uploads\/2022\/09\/Bloquean-e1662745747528.jpg?resize=350%2C200","width":350,"height":200,"srcset":"https:\/\/i0.wp.com\/www.grieta.org.mx\/wp-content\/uploads\/2022\/09\/Bloquean-e1662745747528.jpg?resize=350%2C200 1x, https:\/\/i0.wp.com\/www.grieta.org.mx\/wp-content\/uploads\/2022\/09\/Bloquean-e1662745747528.jpg?resize=525%2C300 1.5x, https:\/\/i0.wp.com\/www.grieta.org.mx\/wp-content\/uploads\/2022\/09\/Bloquean-e1662745747528.jpg?resize=700%2C400 2x"},"classes":[]},{"id":68153,"url":"http:\/\/www.grieta.org.mx\/index.php\/2023\/11\/06\/bloquean-ejidatarios-de-felipe-carrillo-puerto-carretera-a-merida-en-reclamo-de-indemnizacion-por-tierras-expropiadas-quintana-roo\/","url_meta":{"origin":4876,"position":4},"title":"Bloquean ejidatarios de Felipe Carrillo Puerto carretera a M\u00e9rida en reclamo de indemnizaci\u00f3n por tierras expropiadas (Quintana Roo)","author":"grieta","date":"6 noviembre, 2023","format":false,"excerpt":"Noticaribe FELIPE CARRILLO PUERTO, MX.- Alrededor de 100 ejidatarios de la comunidad de \u201cNuevo Israel\u201d, situada en la v\u00eda corta a M\u00e9rida, iniciaron esta ma\u00f1ana un bloqueo en esta carretera, en demanda de un pago justo de sus propiedades que fueron expropiadas para construcci\u00f3n de dicha vialidad. Fue a eso\u2026","rel":"","context":"En &quot;CINTILLO&quot;","block_context":{"text":"CINTILLO","link":"http:\/\/www.grieta.org.mx\/index.php\/category\/cintillo\/"},"img":{"alt_text":"","src":"https:\/\/i0.wp.com\/www.grieta.org.mx\/wp-content\/uploads\/2023\/11\/BloqueoEjidatarios-e1700525957879.jpg?resize=350%2C200","width":350,"height":200,"srcset":"https:\/\/i0.wp.com\/www.grieta.org.mx\/wp-content\/uploads\/2023\/11\/BloqueoEjidatarios-e1700525957879.jpg?resize=350%2C200 1x, https:\/\/i0.wp.com\/www.grieta.org.mx\/wp-content\/uploads\/2023\/11\/BloqueoEjidatarios-e1700525957879.jpg?resize=525%2C300 1.5x, https:\/\/i0.wp.com\/www.grieta.org.mx\/wp-content\/uploads\/2023\/11\/BloqueoEjidatarios-e1700525957879.jpg?resize=700%2C400 2x"},"classes":[]},{"id":43743,"url":"http:\/\/www.grieta.org.mx\/index.php\/2020\/01\/15\/bloquean-de-nuevo-autopista-siglo-xxi-morelos\/","url_meta":{"origin":4876,"position":5},"title":"Bloquean de nuevo autopista Siglo XXI (Morelos)","author":"grieta","date":"15 enero, 2020","format":false,"excerpt":"Redacci\u00f3n \/ 24 Morelos Nuevamente un grupo de ejidatarios de Jojutla, se colocaron sobre los dos carriles de la autopista Siglo XXI \u201cArco Sur\u201d, para demandar de nueva cuenta a la Secretar\u00eda de Comunicaciones y Transportes (SCT), el pago de indemnizaciones a 45 trabajadores del campo, por el uso de\u2026","rel":"","context":"En &quot;CINTILLO&quot;","block_context":{"text":"CINTILLO","link":"http:\/\/www.grieta.org.mx\/index.php\/category\/cintillo\/"},"img":{"alt_text":"","src":"https:\/\/i0.wp.com\/www.grieta.org.mx\/wp-content\/uploads\/2020\/01\/Autopista-Siglo-XXI-780x405.jpg?resize=350%2C200","width":350,"height":200,"srcset":"https:\/\/i0.wp.com\/www.grieta.org.mx\/wp-content\/uploads\/2020\/01\/Autopista-Siglo-XXI-780x405.jpg?resize=350%2C200 1x, https:\/\/i0.wp.com\/www.grieta.org.mx\/wp-content\/uploads\/2020\/01\/Autopista-Siglo-XXI-780x405.jpg?resize=525%2C300 1.5x, https:\/\/i0.wp.com\/www.grieta.org.mx\/wp-content\/uploads\/2020\/01\/Autopista-Siglo-XXI-780x405.jpg?resize=700%2C400 2x"},"classes":[]}],"_links":{"self":[{"href":"http:\/\/www.grieta.org.mx\/index.php\/wp-json\/wp\/v2\/posts\/4876","targetHints":{"allow":["GET"]}}],"collection":[{"href":"http:\/\/www.grieta.org.mx\/index.php\/wp-json\/wp\/v2\/posts"}],"about":[{"href":"http:\/\/www.grieta.org.mx\/index.php\/wp-json\/wp\/v2\/types\/post"}],"author":[{"embeddable":true,"href":"http:\/\/www.grieta.org.mx\/index.php\/wp-json\/wp\/v2\/users\/2"}],"replies":[{"embeddable":true,"href":"http:\/\/www.grieta.org.mx\/index.php\/wp-json\/wp\/v2\/comments?post=4876"}],"version-history":[{"count":1,"href":"http:\/\/www.grieta.org.mx\/index.php\/wp-json\/wp\/v2\/posts\/4876\/revisions"}],"predecessor-version":[{"id":4881,"href":"http:\/\/www.grieta.org.mx\/index.php\/wp-json\/wp\/v2\/posts\/4876\/revisions\/4881"}],"wp:featuredmedia":[{"embeddable":true,"href":"http:\/\/www.grieta.org.mx\/index.php\/wp-json\/wp\/v2\/media\/21928"}],"wp:attachment":[{"href":"http:\/\/www.grieta.org.mx\/index.php\/wp-json\/wp\/v2\/media?parent=4876"}],"wp:term":[{"taxonomy":"category","embeddable":true,"href":"http:\/\/www.grieta.org.mx\/index.php\/wp-json\/wp\/v2\/categories?post=4876"},{"taxonomy":"post_tag","embeddable":true,"href":"http:\/\/www.grieta.org.mx\/index.php\/wp-json\/wp\/v2\/tags?post=4876"}],"curies":[{"name":"wp","href":"https:\/\/api.w.org\/{rel}","templated":true}]}}