{"id":4875,"date":"2015-12-16T22:39:46","date_gmt":"2015-12-16T22:39:46","guid":{"rendered":"http:\/\/50.22.11.12\/~grietaor\/?p=4875"},"modified":"2016-03-25T22:42:02","modified_gmt":"2016-03-25T22:42:02","slug":"ante-la-falta-de-agua-ejidatarios-bloquean-entrada-a-kia-motors","status":"publish","type":"post","link":"http:\/\/www.grieta.org.mx\/index.php\/2015\/12\/16\/ante-la-falta-de-agua-ejidatarios-bloquean-entrada-a-kia-motors\/","title":{"rendered":"Ante la falta de agua, ejidatarios bloquean entrada a Kia Motors"},"content":{"rendered":"<div class=\"cb-breadcrumbs wrap\">Multimedios<\/div>\n<div class=\"cb-breadcrumbs wrap\"><\/div>\n<div id=\"main\" class=\"clearfix\">\n<article id=\"post-1606051\" class=\"clearfix post-1606051 post type-post status-publish format-standard hentry category-sin-categoria tag-agua tag-despojo tag-ejidatarios tag-kia-motors tag-nuevo-leon tag-pesquerias\">\n<header id=\"cb-standard-featured\">\n<div class=\"cb-entry-header cb-style-standard\"><\/div>\n<\/header>\n<section class=\"entry-content clearfix\">\n<div class=\"epigraph\">\n<div id=\"p172675-m404-403-405\">El grupo de hombres asegur\u00f3 que\u00a0las autoridades les prometieron reabrir un canal de riego, pero no lo han cumplido.<\/div>\n<\/div>\n<div class=\"media\">\n<div id=\"p172675-m367-366-368\" class=\"video-player inline\">\n<div id=\"m371-370-372\" class=\"image\"><img decoding=\"async\" src=\"http:\/\/www.multimedios.com\/files\/article_main\/uploads\/2015\/12\/16\/56719a32921d1.jpeg\" alt=\"ejidatarios\" \/><\/div>\n<div class=\"video-overimage\"><\/div>\n<\/div>\n<\/div>\n<div class=\"article-content\">\n<div class=\"article-body\">\n<div class=\"body\">\n<p id=\"p172675-m389-388-390\"><b>Pesquer\u00eda.-\u00a0<\/b>Un grupo de <b>ejidatarios<\/b> bloque\u00f3 la carretera <b>Mar\u00eda La Flore\u00f1a <\/b>la ma\u00f1ana de este mi\u00e9rcoles en el municipio de <b>Pesquer\u00eda, Nuevo Le\u00f3n.<br \/>\n<\/b><br \/>\nEsta carretera es el \u00fanico camino que lleva a la planta de <b>Kia Motors<\/b>, por lo que afectaron el inicio de la jornada laboral de decenas de trabajadores y empleados de la armadora.<\/p>\n<p id=\"p172675-m462-2-463\">Los <b>ejidatarios <\/b>se quejan de no tener agua y aseguran que las autoridades les prometieron reabrir un canal de riego, pero no han cumplido y esto pone en riesgo su cosecha.<\/p>\n<p>Debido al bloqueo, se gener\u00f3 un congestionamiento vial en la arteria.<\/p>\n<p><b>Fuerza Civil<\/b> intervino y se espera que en cualquier momento quede despejada la zona.<\/p>\n<p><a class=\"autohyperlink\" title=\"http:\/\/www.multimedios.com\/telediario\/local\/falta-agua-ejidatarios-bloquean-entrada.html\" href=\"http:\/\/www.multimedios.com\/telediario\/local\/falta-agua-ejidatarios-bloquean-entrada.html\" target=\"_blank\">www.multimedios.com\/telediario\/local\/falta-agua-ejidatarios-bloquean-entrada.html<\/a><\/p>\n<\/div>\n<\/div>\n<\/div>\n<\/section>\n<\/article>\n<\/div>\n","protected":false},"excerpt":{"rendered":"<p>Multimedios El grupo de hombres asegur\u00f3 que\u00a0las autoridades les prometieron reabrir un canal de riego, pero no lo han cumplido. Pesquer\u00eda.-\u00a0Un grupo de ejidatarios bloque\u00f3 la carretera Mar\u00eda La Flore\u00f1a &hellip; <a href=\"http:\/\/www.grieta.org.mx\/index.php\/2015\/12\/16\/ante-la-falta-de-agua-ejidatarios-bloquean-entrada-a-kia-motors\/\" class=\"more-link\">Leer m\u00e1s<\/a><\/p>\n","protected":false},"author":2,"featured_media":21928,"comment_status":"closed","ping_status":"open","sticky":false,"template":"","format":"standard","meta":{"ngg_post_thumbnail":0,"_jetpack_newsletter_access":"","_jetpack_dont_email_post_to_subs":false,"_jetpack_newsletter_tier_id":0,"_jetpack_memberships_contains_paywalled_content":false,"_jetpack_memberships_contains_paid_content":false,"footnotes":""},"categories":[80,202],"tags":[375],"class_list":["post-4875","post","type-post","status-publish","format-standard","has-post-thumbnail","hentry","category-cintillo","category-nuevo-leon","tag-kia-motors","entry"],"jetpack_featured_media_url":"http:\/\/www.grieta.org.mx\/wp-content\/uploads\/2018\/03\/14524434_1106112876131411_958039263622046936_o.jpg","jetpack_sharing_enabled":true,"jetpack_shortlink":"https:\/\/wp.me\/p7ZJR4-1gD","jetpack_likes_enabled":false,"jetpack-related-posts":[{"id":4876,"url":"http:\/\/www.grieta.org.mx\/index.php\/2015\/12\/16\/resistencia-de-ejidatarios-contra-armadora-kia-en-nuevo-leon\/","url_meta":{"origin":4875,"position":0},"title":"Resistencia de ejidatarios contra armadora KIA en Nuevo Le\u00f3n","author":"grieta","date":"16 diciembre, 2015","format":false,"excerpt":"16\/12\/15. Ante la falta de agua, ejidatarios bloquean entrada a Kia Motors Multimedios 16\/12\/15. Ejidatarios bloquean carretera a planta de Kia Motors en NLMilenio","rel":"","context":"En &quot;NOTICIAS NACIONALES&quot;","block_context":{"text":"NOTICIAS NACIONALES","link":"http:\/\/www.grieta.org.mx\/index.php\/category\/noticias-nacionales\/"},"img":{"alt_text":"","src":"https:\/\/i0.wp.com\/www.grieta.org.mx\/wp-content\/uploads\/2018\/03\/14524434_1106112876131411_958039263622046936_o.jpg?resize=350%2C200","width":350,"height":200,"srcset":"https:\/\/i0.wp.com\/www.grieta.org.mx\/wp-content\/uploads\/2018\/03\/14524434_1106112876131411_958039263622046936_o.jpg?resize=350%2C200 1x, https:\/\/i0.wp.com\/www.grieta.org.mx\/wp-content\/uploads\/2018\/03\/14524434_1106112876131411_958039263622046936_o.jpg?resize=525%2C300 1.5x, https:\/\/i0.wp.com\/www.grieta.org.mx\/wp-content\/uploads\/2018\/03\/14524434_1106112876131411_958039263622046936_o.jpg?resize=700%2C400 2x"},"classes":[]},{"id":4879,"url":"http:\/\/www.grieta.org.mx\/index.php\/2015\/12\/16\/ejidatarios-bloquean-carretera-a-planta-de-kia-motors-en-nl\/","url_meta":{"origin":4875,"position":1},"title":"Ejidatarios bloquean carretera a planta de Kia Motors en NL","author":"grieta","date":"16 diciembre, 2015","format":false,"excerpt":"Milenio Esther Herrera Cerca de 30 ejidatarios de La Victoria, en Pesquer\u00eda Nuevo Le\u00f3n, est\u00e1n en riesgo de perder sus cosechas de trigo y forraje por la falta de agua, luego de quedar inhabilitado el canal de riego de la \u00fanica toma de agua que durante m\u00e1s de 80 a\u00f1os\u2026","rel":"","context":"En &quot;CINTILLO&quot;","block_context":{"text":"CINTILLO","link":"http:\/\/www.grieta.org.mx\/index.php\/category\/cintillo\/"},"img":{"alt_text":"","src":"https:\/\/i0.wp.com\/www.grieta.org.mx\/wp-content\/uploads\/2018\/03\/14524434_1106112876131411_958039263622046936_o.jpg?resize=350%2C200","width":350,"height":200,"srcset":"https:\/\/i0.wp.com\/www.grieta.org.mx\/wp-content\/uploads\/2018\/03\/14524434_1106112876131411_958039263622046936_o.jpg?resize=350%2C200 1x, https:\/\/i0.wp.com\/www.grieta.org.mx\/wp-content\/uploads\/2018\/03\/14524434_1106112876131411_958039263622046936_o.jpg?resize=525%2C300 1.5x, https:\/\/i0.wp.com\/www.grieta.org.mx\/wp-content\/uploads\/2018\/03\/14524434_1106112876131411_958039263622046936_o.jpg?resize=700%2C400 2x"},"classes":[]},{"id":64087,"url":"http:\/\/www.grieta.org.mx\/index.php\/2022\/04\/20\/sinttia-nuevo-sindicato-de-general-motors-en-silao-emplazara-a-huelga\/","url_meta":{"origin":4875,"position":2},"title":"SINTTIA, nuevo sindicato de General Motors en Silao emplazar\u00e1 a Huelga","author":"grieta","date":"20 abril, 2022","format":false,"excerpt":"Con informaci\u00f3n de El Debate, 20 de abril de 2022 Le\u00f3n, Guanajuato.- La relaci\u00f3n entre General Motors en Silao, Guanajuato y el Sindicato Independiente Nacional de Trabajadores y Trabajadoras de la Industria Automotriz (SINTTIA) sigue dando de qu\u00e9 hablar, ambas organizaciones sostuvieron hoy una reuni\u00f3n frente a un juez para\u2026","rel":"","context":"En &quot;CINTILLO&quot;","block_context":{"text":"CINTILLO","link":"http:\/\/www.grieta.org.mx\/index.php\/category\/cintillo\/"},"img":{"alt_text":"","src":"https:\/\/i0.wp.com\/www.grieta.org.mx\/wp-content\/uploads\/2022\/04\/https-_www.debate.com_.mx___export_1650472510148_sites_debate_img_2022_04_20_gm.jpg_346753400.jpg?resize=350%2C200","width":350,"height":200},"classes":[]},{"id":5184,"url":"http:\/\/www.grieta.org.mx\/index.php\/2015\/11\/12\/inicia-boom-de-hoteles-cercanos-a-pesqueria\/","url_meta":{"origin":4875,"position":3},"title":"Inicia boom de hoteles cercanos a Pesquer\u00eda","author":"grieta","date":"12 noviembre, 2015","format":false,"excerpt":"El Economista ADEM\u00c1S APOSTAR\u00c1N POR LOCALES COMERCIALES Cadenas hoteleras preparan inversiones en el \u00e1rea para la construcci\u00f3n y operaci\u00f3n de nuevos establecimientos. LOURDES FLORES Monterrey, NL. El intenso desarrollo industrial que ha ocurrido en la franja entre Apodaca y Pesquer\u00eda a ra\u00edz de la instalaci\u00f3n de KIA Motors, resulta atractivo\u2026","rel":"","context":"En &quot;CINTILLO&quot;","block_context":{"text":"CINTILLO","link":"http:\/\/www.grieta.org.mx\/index.php\/category\/cintillo\/"},"img":{"alt_text":"","src":"https:\/\/i0.wp.com\/www.grieta.org.mx\/wp-content\/uploads\/2018\/03\/14524434_1106112876131411_958039263622046936_o.jpg?resize=350%2C200","width":350,"height":200,"srcset":"https:\/\/i0.wp.com\/www.grieta.org.mx\/wp-content\/uploads\/2018\/03\/14524434_1106112876131411_958039263622046936_o.jpg?resize=350%2C200 1x, https:\/\/i0.wp.com\/www.grieta.org.mx\/wp-content\/uploads\/2018\/03\/14524434_1106112876131411_958039263622046936_o.jpg?resize=525%2C300 1.5x, https:\/\/i0.wp.com\/www.grieta.org.mx\/wp-content\/uploads\/2018\/03\/14524434_1106112876131411_958039263622046936_o.jpg?resize=700%2C400 2x"},"classes":[]},{"id":60090,"url":"http:\/\/www.grieta.org.mx\/index.php\/2021\/06\/04\/sindicatos-del-mundo-respaldan-a-trabajadores-de-general-motors-en-mexico-guanajuato\/","url_meta":{"origin":4875,"position":4},"title":"Sindicatos del mundo respaldan a trabajadores de General Motors en M\u00e9xico (Guanajuato)","author":"grieta","date":"4 junio, 2021","format":false,"excerpt":"IndustriALL, 04 de junio de 2021 4 junio, 2021La federaci\u00f3n mexicana FESIIAAAN convoc\u00f3 a una conferencia de prensa junto a representantes de IndustriALL y sindicatos de Brasil, Canad\u00e1 y Estados Unidos. Manifestaron su apoyo a los trabajadores de General Motors en M\u00e9xico, quienes luchan por un contrato colectivo de trabajo\u2026","rel":"","context":"En &quot;Explotaci\u00f3n y precariedad laboral en Guanajuato&quot;","block_context":{"text":"Explotaci\u00f3n y precariedad laboral en Guanajuato","link":"http:\/\/www.grieta.org.mx\/index.php\/category\/noticias-nacionales\/guanajuato\/explotacion-y-precariedad-laboral-en-guanajuato\/"},"img":{"alt_text":"","src":"https:\/\/i0.wp.com\/www.grieta.org.mx\/wp-content\/uploads\/2018\/03\/14524434_1106112876131411_958039263622046936_o.jpg?resize=350%2C200","width":350,"height":200,"srcset":"https:\/\/i0.wp.com\/www.grieta.org.mx\/wp-content\/uploads\/2018\/03\/14524434_1106112876131411_958039263622046936_o.jpg?resize=350%2C200 1x, https:\/\/i0.wp.com\/www.grieta.org.mx\/wp-content\/uploads\/2018\/03\/14524434_1106112876131411_958039263622046936_o.jpg?resize=525%2C300 1.5x, https:\/\/i0.wp.com\/www.grieta.org.mx\/wp-content\/uploads\/2018\/03\/14524434_1106112876131411_958039263622046936_o.jpg?resize=700%2C400 2x"},"classes":[]},{"id":10033,"url":"http:\/\/www.grieta.org.mx\/index.php\/2016\/04\/08\/nuevo-leon-abre-centro-de-desarrollo-de-tecnologia\/","url_meta":{"origin":4875,"position":5},"title":"Nuevo Le\u00f3n abre centro de desarrollo de tecnolog\u00eda","author":"grieta","date":"8 abril, 2016","format":false,"excerpt":"El Economista El Cl\u00faster Automotriz de Nuevo Le\u00f3n (Claut) inaugur\u00f3 el Centro Automotriz de Desarrollo Tecnol\u00f3gico y de Talento con el objetivo de desarrollar talento especializado en dise\u00f1o, nuevos productos y procesos de manufactura para el sector. Lourdes Flores Monterrey N.L. El Cl\u00faster Automotriz de Nuevo Le\u00f3n (Claut) inaugur\u00f3 el\u2026","rel":"","context":"En &quot;CINTILLO&quot;","block_context":{"text":"CINTILLO","link":"http:\/\/www.grieta.org.mx\/index.php\/category\/cintillo\/"},"img":{"alt_text":"","src":"https:\/\/i0.wp.com\/www.grieta.org.mx\/wp-content\/uploads\/2018\/03\/14524434_1106112876131411_958039263622046936_o.jpg?resize=350%2C200","width":350,"height":200,"srcset":"https:\/\/i0.wp.com\/www.grieta.org.mx\/wp-content\/uploads\/2018\/03\/14524434_1106112876131411_958039263622046936_o.jpg?resize=350%2C200 1x, https:\/\/i0.wp.com\/www.grieta.org.mx\/wp-content\/uploads\/2018\/03\/14524434_1106112876131411_958039263622046936_o.jpg?resize=525%2C300 1.5x, https:\/\/i0.wp.com\/www.grieta.org.mx\/wp-content\/uploads\/2018\/03\/14524434_1106112876131411_958039263622046936_o.jpg?resize=700%2C400 2x"},"classes":[]}],"_links":{"self":[{"href":"http:\/\/www.grieta.org.mx\/index.php\/wp-json\/wp\/v2\/posts\/4875","targetHints":{"allow":["GET"]}}],"collection":[{"href":"http:\/\/www.grieta.org.mx\/index.php\/wp-json\/wp\/v2\/posts"}],"about":[{"href":"http:\/\/www.grieta.org.mx\/index.php\/wp-json\/wp\/v2\/types\/post"}],"author":[{"embeddable":true,"href":"http:\/\/www.grieta.org.mx\/index.php\/wp-json\/wp\/v2\/users\/2"}],"replies":[{"embeddable":true,"href":"http:\/\/www.grieta.org.mx\/index.php\/wp-json\/wp\/v2\/comments?post=4875"}],"version-history":[{"count":1,"href":"http:\/\/www.grieta.org.mx\/index.php\/wp-json\/wp\/v2\/posts\/4875\/revisions"}],"predecessor-version":[{"id":4877,"href":"http:\/\/www.grieta.org.mx\/index.php\/wp-json\/wp\/v2\/posts\/4875\/revisions\/4877"}],"wp:featuredmedia":[{"embeddable":true,"href":"http:\/\/www.grieta.org.mx\/index.php\/wp-json\/wp\/v2\/media\/21928"}],"wp:attachment":[{"href":"http:\/\/www.grieta.org.mx\/index.php\/wp-json\/wp\/v2\/media?parent=4875"}],"wp:term":[{"taxonomy":"category","embeddable":true,"href":"http:\/\/www.grieta.org.mx\/index.php\/wp-json\/wp\/v2\/categories?post=4875"},{"taxonomy":"post_tag","embeddable":true,"href":"http:\/\/www.grieta.org.mx\/index.php\/wp-json\/wp\/v2\/tags?post=4875"}],"curies":[{"name":"wp","href":"https:\/\/api.w.org\/{rel}","templated":true}]}}