{"id":48652,"date":"2020-05-03T12:05:08","date_gmt":"2020-05-03T17:05:08","guid":{"rendered":"http:\/\/www.grieta.org.mx\/?p=48652"},"modified":"2020-05-06T12:21:33","modified_gmt":"2020-05-06T17:21:33","slug":"sin-plan-ni-reubicacion-tren-maya-desplazara-300-hogares-en-campeche","status":"publish","type":"post","link":"http:\/\/www.grieta.org.mx\/index.php\/2020\/05\/03\/sin-plan-ni-reubicacion-tren-maya-desplazara-300-hogares-en-campeche\/","title":{"rendered":"Sin plan ni reubicaci\u00f3n, Tren Maya desplazar\u00e1 300 hogares en Campeche"},"content":{"rendered":"<p><img loading=\"lazy\" decoding=\"async\" data-attachment-id=\"48653\" data-permalink=\"http:\/\/www.grieta.org.mx\/index.php\/2020\/05\/03\/sin-plan-ni-reubicacion-tren-maya-desplazara-300-hogares-en-campeche\/trenmaya_campeche00-1\/\" data-orig-file=\"http:\/\/www.grieta.org.mx\/wp-content\/uploads\/2020\/05\/trenmaya_campeche00-1-e1588784878770.jpg\" data-orig-size=\"800,533\" data-comments-opened=\"0\" data-image-meta=\"{&quot;aperture&quot;:&quot;0&quot;,&quot;credit&quot;:&quot;&quot;,&quot;camera&quot;:&quot;&quot;,&quot;caption&quot;:&quot;&quot;,&quot;created_timestamp&quot;:&quot;0&quot;,&quot;copyright&quot;:&quot;&quot;,&quot;focal_length&quot;:&quot;0&quot;,&quot;iso&quot;:&quot;0&quot;,&quot;shutter_speed&quot;:&quot;0&quot;,&quot;title&quot;:&quot;&quot;,&quot;orientation&quot;:&quot;0&quot;}\" data-image-title=\"trenmaya_campeche00-1\" data-image-description=\"\" data-image-caption=\"\" data-medium-file=\"http:\/\/www.grieta.org.mx\/wp-content\/uploads\/2020\/05\/trenmaya_campeche00-1-300x200.jpg\" data-large-file=\"http:\/\/www.grieta.org.mx\/wp-content\/uploads\/2020\/05\/trenmaya_campeche00-1-1024x683.jpg\" src=\"http:\/\/www.grieta.org.mx\/wp-content\/uploads\/2020\/05\/trenmaya_campeche00-1-e1588784878770.jpg\" alt=\"\" width=\"800\" height=\"533\" class=\"aligncenter size-full wp-image-48653\" \/><\/p>\n<p>Arturo Contreras \/ Pie de P\u00e1gina \/Foto: Cortes\u00eda Guadalupe Guti\u00e9rrez C\u00e1ceres <\/p>\n<blockquote><p>Guadalupe Guti\u00e9rrez C\u00e1ceres ha vivido toda su vida en la colonia Camino Real, en la ciudad de Campeche. As\u00ed tambi\u00e9n su abuelo, su mam\u00e1, sus hijos y sus nietos. Hace casi 80 a\u00f1os sus antepasados donaron un pedazo de sus terrenos para que por ah\u00ed pasara la v\u00eda del tren. Hoy, por ese trazo quiere entrar el Tren Maya y desalojar con ello a estas familias<\/p><\/blockquote>\n<p>\u201cNosotros no buscamos impedir el Tren Maya. Nosotros buscamos replantear la v\u00eda del tren. Cambiarlo no va a cambiar su finalidad. Se puede hacer afuera de la ciudad\u201d, ataja desde el inicio de la entrevista la se\u00f1ora Guadalupe, una mujer de 63 a\u00f1os que vive en la colonia Camino Real, en la capital de Campeche. <\/p>\n<p>Atr\u00e1s de su casa pasan las v\u00edas f\u00e9rreas. No solo por la de ella, tambi\u00e9n por la casa de sus hermanos y de 300 vecinos m\u00e1s de tres barrios de esta ciudad. \u201cEl tendido f\u00e9rreo, abarca 2 mil 500 metros cuadrados en los que hay  est\u00e9ticas, vulcanizadoras, dentistas, veterinarios, parques y estadios que est\u00e1n a lo largo del tendido f\u00e9rreo\u201d, cuenta por tel\u00e9fono. <\/p>\n<p>Desde noviembre de 2019, cuando la consulta confirm\u00f3 todos los temores del Tren Maya en la regi\u00f3n, las noticias para estas colonias campechanas comenzaron a tornarse sombr\u00edas. En cuesti\u00f3n de meses la palabra reubicaci\u00f3n lleg\u00f3 a todas las casas de Camino Real, Santa Luc\u00eda y La Ermita. <\/p>\n<p>\u2014\u00bfYa les dijeron en d\u00f3nde los podr\u00edan reubicar?<\/p>\n<p>\u201c\u00a1No s\u00e9!\u201d Contesta la se\u00f1ora con una carcajada atorada en la respuesta. \u201cNo s\u00e9, esa es una buena pregunta. No s\u00e9 por d\u00f3nde, pero a donde sea, yo no me quiero ir. Aqu\u00ed murieron mis padres, mis abuelos, aqu\u00ed pas\u00e9 mi infancia. Antes cuando uno se casaba era en su casa. Yo me cas\u00e9 en casa de mis padres, estamos llenos de recuerdos y de tradiciones. No buscamos impedir nada, sino se\u00f1alar que el proceso de reubicaci\u00f3n de nuestras viviendas, lo est\u00e1n haciendo de manera anticonstitucional. Aqu\u00ed ONU-Habitat estuvo desde febrero y eso acordamos, que no quer\u00edamos irnos\u201d.<\/p>\n<p>Despu\u00e9s de esa visita, los vecinos de las tres colonias se reunieron en asamblea para determinar c\u00f3mo actuar\u00edan ante el futuro censo de ONU-Habitat. Desde que el gobierno de L\u00f3pez Obrador arranc\u00f3 el proyecto del Tren Maya ha contado con el apoyo de la Organizaci\u00f3n de las Naciones Unidas. En este caso, a trav\u00e9s de su oficina para la vivienda, ONU-Habitat, plena hacer el proceso de reubicaci\u00f3n m\u00e1s amigable.  <\/p>\n<p>\u201cApenas iniciaron el censo hace unas semanas. Nos avisaron que del 13 al 20 de abril, en plena pandemia, cuando estamos resguardados en casa, van a empezar un censo v\u00eda telef\u00f3nica y casa en casa. Eso es como un acoso psicol\u00f3gico y es violento, creo yo. Estoy en mi casa, resguard\u00e1ndome, sin poder salir, y ellos vienen a hablarme de la relocalizaci\u00f3n consensuada. Desalojo forzado, le digo yo. No traen otra l\u00ednea m\u00e1s que la de el tren va por que va\u201d.<\/p>\n<p>Durante abril, ONU-H\u00e1bitat solo realiz\u00f3 entrevistas telef\u00f3nicas, mientras que en marzo las realiz\u00f3 tomando la sana distancia correspondiente.<\/p>\n<p><img loading=\"lazy\" decoding=\"async\" data-attachment-id=\"48655\" data-permalink=\"http:\/\/www.grieta.org.mx\/index.php\/2020\/05\/03\/sin-plan-ni-reubicacion-tren-maya-desplazara-300-hogares-en-campeche\/trenmayacampeche03\/\" data-orig-file=\"http:\/\/www.grieta.org.mx\/wp-content\/uploads\/2020\/05\/trenmayacampeche03-e1588785254815.jpg\" data-orig-size=\"800,533\" data-comments-opened=\"0\" data-image-meta=\"{&quot;aperture&quot;:&quot;0&quot;,&quot;credit&quot;:&quot;&quot;,&quot;camera&quot;:&quot;&quot;,&quot;caption&quot;:&quot;&quot;,&quot;created_timestamp&quot;:&quot;0&quot;,&quot;copyright&quot;:&quot;&quot;,&quot;focal_length&quot;:&quot;0&quot;,&quot;iso&quot;:&quot;0&quot;,&quot;shutter_speed&quot;:&quot;0&quot;,&quot;title&quot;:&quot;&quot;,&quot;orientation&quot;:&quot;0&quot;}\" data-image-title=\"trenmayacampeche03\" data-image-description=\"\" data-image-caption=\"\" data-medium-file=\"http:\/\/www.grieta.org.mx\/wp-content\/uploads\/2020\/05\/trenmayacampeche03-300x200.jpg\" data-large-file=\"http:\/\/www.grieta.org.mx\/wp-content\/uploads\/2020\/05\/trenmayacampeche03-1024x683.jpg\" src=\"http:\/\/www.grieta.org.mx\/wp-content\/uploads\/2020\/05\/trenmayacampeche03-e1588785254815.jpg\" alt=\"\" width=\"800\" height=\"533\" class=\"aligncenter size-full wp-image-48655\" \/><br \/>\nFoto: Cortes\u00eda Guadalupe Guti\u00e9rrez C\u00e1ceres.<\/p>\n<p>Luchar por la permanencia <\/p>\n<p>La semana pasada se licitaron los dos primeros tramos del Tren Maya: el Palenque \u2013 Esc\u00e1rcega y el Esc\u00e1rcega \u2013 Calkin\u00ed. Este \u00faltimo tramo recorre toda la costa norte de Campeche, pasando por la capital. Esa misma semana, un grupo de organizaciones de defensa del territorio public\u00f3 el caso de la colonia Camino Real para pedir que se detenga todo la construcci\u00f3n del proyecto.<\/p>\n<p>\u201cPrimero quiero decir que se equivocaron con nuestro nombre\u201d, dice por tel\u00e9fono Guadalupe. Escribieron Tres colonias en vez de barrios. Para ella la distinci\u00f3n es fundamental. \u201cLos barrios se fundaron o se hicieron desde la Colonia y una colonia es un asentamiento urbano nuevo. Nosotros somos barrios\u201d, aclara. <\/p>\n<p>\u201cCuando nos empezamos a reunir \u2013unos 11 meses atr\u00e1s\u2013  ninguna autoridad tuvo a bien acercarse. A comienzos de enero, gracias a la iniciativa de unos compa\u00f1eros, hicimos un plant\u00f3n en el palacio de gobierno. Gracias a ese plant\u00f3n se fijaron en nosotros\u201d. Entonces fue que vino una reuni\u00f3n con Xavier Abreu y con Katia Meave, coordinador federal del Tren Maya en Campeche y enlace federal de los programas de bienestar, respectivamente. <\/p>\n<p>\u201cEn esa reuni\u00f3n de febrero nos dimos cuenta que el proyecto ejecutivo no hab\u00eda existido ni exist\u00eda. Nos dijeron con crudeza de que el tren iba a pasar porque iba a pasar. El proyecto va porque va. A boca de ellos nos dec\u00edan que el proyecto ejecutivo no exist\u00eda\u201d, cuenta la se\u00f1ora.<br \/>\nFotograf\u00eda tomada en Calle 102. En \u00e9sta se observa el se\u00f1alamiento del cruce de ferrocarril al fondo, as\u00ed como la presencia de lo que ahora es la avenida \u00c1lvaro Obreg\u00f3n. \/ <\/p>\n<p><img loading=\"lazy\" decoding=\"async\" data-attachment-id=\"48657\" data-permalink=\"http:\/\/www.grieta.org.mx\/index.php\/2020\/05\/03\/sin-plan-ni-reubicacion-tren-maya-desplazara-300-hogares-en-campeche\/captura-de-pantalla-2020-05-03-a-las-20-11-04\/\" data-orig-file=\"http:\/\/www.grieta.org.mx\/wp-content\/uploads\/2020\/05\/Captura-de-Pantalla-2020-05-03-a-las-20.11.04-e1588785384445.png\" data-orig-size=\"800,532\" data-comments-opened=\"0\" data-image-meta=\"{&quot;aperture&quot;:&quot;0&quot;,&quot;credit&quot;:&quot;&quot;,&quot;camera&quot;:&quot;&quot;,&quot;caption&quot;:&quot;&quot;,&quot;created_timestamp&quot;:&quot;0&quot;,&quot;copyright&quot;:&quot;&quot;,&quot;focal_length&quot;:&quot;0&quot;,&quot;iso&quot;:&quot;0&quot;,&quot;shutter_speed&quot;:&quot;0&quot;,&quot;title&quot;:&quot;&quot;,&quot;orientation&quot;:&quot;0&quot;}\" data-image-title=\"Captura-de-Pantalla-2020-05-03-a-las-20.11.04\" data-image-description=\"\" data-image-caption=\"\" data-medium-file=\"http:\/\/www.grieta.org.mx\/wp-content\/uploads\/2020\/05\/Captura-de-Pantalla-2020-05-03-a-las-20.11.04-300x199.png\" data-large-file=\"http:\/\/www.grieta.org.mx\/wp-content\/uploads\/2020\/05\/Captura-de-Pantalla-2020-05-03-a-las-20.11.04-1024x681.png\" src=\"http:\/\/www.grieta.org.mx\/wp-content\/uploads\/2020\/05\/Captura-de-Pantalla-2020-05-03-a-las-20.11.04-e1588785384445.png\" alt=\"\" width=\"800\" height=\"532\" class=\"aligncenter size-full wp-image-48657\" \/><br \/>\nFoto: Cortes\u00eda Guadalupe Guti\u00e9rrez C\u00e1ceres <\/p>\n<p>Tres barrios con historia<\/p>\n<p>El Camino Real que actualmente es ocupado por la v\u00eda del tren que lleva a la ciudad de Calkin\u00ed y eventualmente a la de M\u00e9rida, fue nombrado as\u00ed al paso de la emperatriz Carlota. En esos momentos, recuerda la se\u00f1ora C\u00e1ceres, estos eran los linderos de la ciudad, que permanecieron as\u00ed por d\u00e9cadas, hasta 1940, cuando llegaron las v\u00edas del tren. Despu\u00e9s de esas fechas, la ciudad desbord\u00f3 sus l\u00edmites y las v\u00edas quedaron atrapadas al interior de la mancha urbana. <\/p>\n<p>En uno de los barrios, el que est\u00e1 m\u00e1s al norte y queda a un lado de la costa, habita una colonia de pescadores. La inmediatez de su casa a su centro de trabajo es maravillosa, cuenta la se\u00f1ora C\u00e1ceres. \u201cCuando hay una urgencia, salen a resguardar sus redes, sus barcos, sus motores, pero si como quiere el gobierno nos mueven, nos relocalizan, como dice ONU-Habitat, yo creo que ellos perder\u00edan sus fuentes de trabajo. Somos colonias bien consolidadas, no somos ningunos invasores\u201d.<\/p>\n<p>\u201cTengo 63 a\u00f1os. Yo aqu\u00ed nac\u00ed y aqu\u00ed crec\u00ed, fui vecina de este barrio y soy campechana orgullosamente. En la familia tenemos los documentos de las tierras de 1893 y certificados de cuando donamos nuestros terrenos en 1940 para el paso del tren. \u2018Ferrocarril de M\u00e9xico agradece a esta familia haber donado parte de su predio para el resguardo de v\u00eda y derecho de v\u00eda\u2019 \u2013lee en voz alta, despu\u00e9s, reclama\u2013  nosotros \u00e9ramos poseedores de la tierra antes del ferrocarril, y ahora nos quieren sacar\u201d.<br \/>\nSacar el tren de la ciudad <\/p>\n<p>Cuando Guadalupe era ni\u00f1a, recuerda que el gobierno lleg\u00f3 a instalar una tuber\u00eda de aguas negras. Los trabajadores excavaron y encontraron grandes sistemas de cuevas subterr\u00e1neas. Ninguna sorpresa en la pen\u00ednsula de Yucat\u00e1n, donde el tipo de suelo calc\u00e1reo favorece la formaci\u00f3n de estos socavones.<\/p>\n<p>\u201cFue hace como 40 o 50 a\u00f1os. Apuntalaron la cueva y volvieron a rellenar el espacio. Numerosas familias me dicen eso mismo, a lo largo del tendido f\u00e9rreo existen cuevas que se intercomunican. Si el Tren Maya trae una maquinaria mucho m\u00e1s pesada, con mucho mayor velocidad, se supone que va va a venir a 150 kil\u00f3metros por hora en la mancha urbana\u2026 vamos a tener una cat\u00e1strofe\u201d, predice la se\u00f1ora. <\/p>\n<p>Hace 17 a\u00f1os, el actual tren que cruza por estas v\u00edas tuvo un accidente y se descarril\u00f3 a 30 kil\u00f3metros por hora. Seg\u00fan reportes de la prensa local se llev\u00f3 \u00e1rboles, carros y por poco a personas. Desde entonces, los vecinos de estas colonias pidieron al entonces presidente Vicente Fox que modificara la ruta de la v\u00eda.<\/p>\n<p>\u201cAhora quieren meter tres servicios por aqu\u00ed: el de pasajeros (local y tur\u00edstico), y el de carga. Mi pregunta es por qu\u00e9 aqu\u00ed s\u00ed van a estar los tres servicios y en M\u00e9rida no. All\u00e1, a 10 kil\u00f3metros antes de la ciudad hay un pueblo, un sitio que actualmente se est\u00e1n implementando como una central de carga. Ah\u00ed va a llegar el servicio de carga \u00bfPor qu\u00e9 no lo desv\u00edan aqu\u00ed as\u00ed tambi\u00e9n?\u201d.<\/p>\n<p><a href=\"https:\/\/piedepagina.mx\/sin-plan-ni-reubicacion-tren-maya-desplazara-300-hogares-en-campeche\/\" rel=\"noopener noreferrer\" target=\"_blank\">https:\/\/piedepagina.mx\/sin-plan-ni-reubicacion-tren-maya-desplazara-300-hogares-en-campeche\/<\/a><\/p>\n","protected":false},"excerpt":{"rendered":"<p>Arturo Contreras \/ Pie de P\u00e1gina \/Foto: Cortes\u00eda Guadalupe Guti\u00e9rrez C\u00e1ceres Guadalupe Guti\u00e9rrez C\u00e1ceres ha vivido toda su vida en la colonia Camino Real, en la ciudad de Campeche. As\u00ed &hellip; <a href=\"http:\/\/www.grieta.org.mx\/index.php\/2020\/05\/03\/sin-plan-ni-reubicacion-tren-maya-desplazara-300-hogares-en-campeche\/\" class=\"more-link\">Leer m\u00e1s<\/a><\/p>\n","protected":false},"author":2,"featured_media":48653,"comment_status":"closed","ping_status":"closed","sticky":false,"template":"","format":"standard","meta":{"ngg_post_thumbnail":0,"_jetpack_newsletter_access":"","_jetpack_dont_email_post_to_subs":false,"_jetpack_newsletter_tier_id":0,"_jetpack_memberships_contains_paywalled_content":false,"_jetpack_memberships_contains_paid_content":false,"footnotes":""},"categories":[11,80,3,922,926,944,952,2,28,1875,1876,1877,2026,36],"tags":[3337,1878],"class_list":["post-48652","post","type-post","status-publish","format-standard","has-post-thumbnail","hentry","category-campeche","category-cintillo","category-megaproyectos","category-megaproyectos-estados","category-mp-campeche","category-mp-quintana-roo","category-mp-yucatan","category-noticias-nacionales","category-quintana-roo","category-resistencia-al-tren-maya-en-la-peninsula-de-yucatan","category-resistencia-al-tren-maya-en-la-peninsula-de-yucatan-quintana-roo","category-resistencia-al-tren-maya-en-la-peninsula-de-yucatan-campeche","category-tren-maya","category-yucatan","tag-reubicacion","tag-tren-maya","entry"],"jetpack_featured_media_url":"http:\/\/www.grieta.org.mx\/wp-content\/uploads\/2020\/05\/trenmaya_campeche00-1-e1588784878770.jpg","jetpack_sharing_enabled":true,"jetpack_shortlink":"https:\/\/wp.me\/p7ZJR4-cEI","jetpack_likes_enabled":false,"jetpack-related-posts":[{"id":47874,"url":"http:\/\/www.grieta.org.mx\/index.php\/2020\/04\/13\/las-vias-torcidas-del-tren-maya-video\/","url_meta":{"origin":48652,"position":0},"title":"Las v\u00edas torcidas del tren maya (Video)","author":"grieta","date":"13 abril, 2020","format":false,"excerpt":"https:\/\/www.youtube.com\/watch?v=k8FRX9eT0YY","rel":"","context":"En &quot;16. Pueblo Maya&quot;","block_context":{"text":"16. Pueblo Maya","link":"http:\/\/www.grieta.org.mx\/index.php\/category\/espejos-de-la-resistencia\/16-pueblo-maya\/"},"img":{"alt_text":"","src":"https:\/\/i0.wp.com\/www.grieta.org.mx\/wp-content\/uploads\/2020\/04\/ViasTorcidasTrenMaya.png?resize=350%2C200","width":350,"height":200,"srcset":"https:\/\/i0.wp.com\/www.grieta.org.mx\/wp-content\/uploads\/2020\/04\/ViasTorcidasTrenMaya.png?resize=350%2C200 1x, https:\/\/i0.wp.com\/www.grieta.org.mx\/wp-content\/uploads\/2020\/04\/ViasTorcidasTrenMaya.png?resize=525%2C300 1.5x, https:\/\/i0.wp.com\/www.grieta.org.mx\/wp-content\/uploads\/2020\/04\/ViasTorcidasTrenMaya.png?resize=700%2C400 2x"},"classes":[]},{"id":35945,"url":"http:\/\/www.grieta.org.mx\/index.php\/2019\/07\/05\/expansion-de-megaproyectos-en-la-peninsula-de-yucatan-video\/","url_meta":{"origin":48652,"position":1},"title":"Expansi\u00f3n de Megaproyectos en la Pen\u00ednsula de Yucat\u00e1n (Video)","author":"grieta","date":"5 julio, 2019","format":false,"excerpt":"https:\/\/youtu.be\/qLBARIAaBsI","rel":"","context":"En &quot;Campeche&quot;","block_context":{"text":"Campeche","link":"http:\/\/www.grieta.org.mx\/index.php\/category\/noticias-nacionales\/campeche\/"},"img":{"alt_text":"","src":"https:\/\/i0.wp.com\/img.youtube.com\/vi\/qLBARIAaBsI\/0.jpg?resize=350%2C200","width":350,"height":200},"classes":[]},{"id":49173,"url":"http:\/\/www.grieta.org.mx\/index.php\/2020\/05\/11\/suspenden-reubicacion-de-pobladores-de-campeche-por-el-tren-maya\/","url_meta":{"origin":48652,"position":2},"title":"Suspenden reubicaci\u00f3n de pobladores de Campeche por el Tren Maya","author":"grieta","date":"11 mayo, 2020","format":false,"excerpt":"Informe Fracto La medida es temporal y el pr\u00f3ximo 15 de junio el Juzgado Primero de Distrito de Campeche deber\u00e1 decidir si la mantiene. El proceso de reubicaci\u00f3n de pobladores de la ciudad de Campeche por el proyecto del Tren Maya ser\u00e1 suspendido durante la contingencia del COVID-19 (coronavirus), inform\u00f3\u2026","rel":"","context":"En &quot;Campeche&quot;","block_context":{"text":"Campeche","link":"http:\/\/www.grieta.org.mx\/index.php\/category\/noticias-nacionales\/campeche\/"},"img":{"alt_text":"","src":"https:\/\/i0.wp.com\/www.grieta.org.mx\/wp-content\/uploads\/2020\/05\/ruta-del-tren-maya-especial-1_0_21_677_421-e1589495660951.jpeg?resize=350%2C200","width":350,"height":200,"srcset":"https:\/\/i0.wp.com\/www.grieta.org.mx\/wp-content\/uploads\/2020\/05\/ruta-del-tren-maya-especial-1_0_21_677_421-e1589495660951.jpeg?resize=350%2C200 1x, https:\/\/i0.wp.com\/www.grieta.org.mx\/wp-content\/uploads\/2020\/05\/ruta-del-tren-maya-especial-1_0_21_677_421-e1589495660951.jpeg?resize=525%2C300 1.5x, https:\/\/i0.wp.com\/www.grieta.org.mx\/wp-content\/uploads\/2020\/05\/ruta-del-tren-maya-especial-1_0_21_677_421-e1589495660951.jpeg?resize=700%2C400 2x"},"classes":[]},{"id":42990,"url":"http:\/\/www.grieta.org.mx\/index.php\/2020\/01\/09\/no-habra-indemnizacion-para-pobladores-de-china-solo-titulos-de-propiedad-campeche\/","url_meta":{"origin":48652,"position":3},"title":"No habr\u00e1 indemnizaci\u00f3n para pobladores de Chin\u00e1, s\u00f3lo t\u00edtulos de propiedad (Campeche)","author":"grieta","date":"9 enero, 2020","format":false,"excerpt":"Jairo Maga\u00f1a \/Foto: Fernando Eloy \/ La Jornada Maya San Francisco Maga\u00f1a Pobladores de Chin\u00e1, Campeche, manifestaron su inconformidad ante el proyecto del Tren Maya debido a que a\u00fan no saben cu\u00e1l ser\u00e1 el procedimiento respecto a los que podr\u00edan ser desalojados, si habr\u00e1 indemnizaci\u00f3n y que pasar\u00e1 con los\u2026","rel":"","context":"En &quot;Campeche&quot;","block_context":{"text":"Campeche","link":"http:\/\/www.grieta.org.mx\/index.php\/category\/noticias-nacionales\/campeche\/"},"img":{"alt_text":"","src":"https:\/\/i0.wp.com\/www.grieta.org.mx\/wp-content\/uploads\/2020\/01\/TrenMallaChina.jpg?resize=350%2C200","width":350,"height":200,"srcset":"https:\/\/i0.wp.com\/www.grieta.org.mx\/wp-content\/uploads\/2020\/01\/TrenMallaChina.jpg?resize=350%2C200 1x, https:\/\/i0.wp.com\/www.grieta.org.mx\/wp-content\/uploads\/2020\/01\/TrenMallaChina.jpg?resize=525%2C300 1.5x"},"classes":[]},{"id":45360,"url":"http:\/\/www.grieta.org.mx\/index.php\/2020\/02\/27\/no-estamos-peleando-la-suspension-provisional-del-tren-maya-sino-la-definitiva-cruz-rueda\/","url_meta":{"origin":48652,"position":4},"title":"&#8220;No estamos peleando la suspensi\u00f3n provisional del Tren Maya, sino la definitiva&#8221;: Cruz Rueda","author":"grieta","date":"27 febrero, 2020","format":false,"excerpt":"Impugnaci\u00f3n de Presidencia \"no nos quita el sue\u00f1o\" Abraham Bote \/Foto: Tomada de Twitter \/La Jornada Maya M\u00e9rida, Yucat\u00e1n Respecto a la impugnaci\u00f3n que realiz\u00f3 la Presidencia de la Rep\u00fablica y el apoderado de la Naci\u00f3n Financiera (Nafin), contra la suspensi\u00f3n provisional del proyecto de Tren Maya, la asesora jur\u00eddica\u2026","rel":"","context":"En &quot;16. Pueblo Maya&quot;","block_context":{"text":"16. Pueblo Maya","link":"http:\/\/www.grieta.org.mx\/index.php\/category\/espejos-de-la-resistencia\/16-pueblo-maya\/"},"img":{"alt_text":"","src":"https:\/\/i0.wp.com\/www.grieta.org.mx\/wp-content\/uploads\/2020\/02\/TrenMallaCampeche.png?resize=350%2C200","width":350,"height":200,"srcset":"https:\/\/i0.wp.com\/www.grieta.org.mx\/wp-content\/uploads\/2020\/02\/TrenMallaCampeche.png?resize=350%2C200 1x, https:\/\/i0.wp.com\/www.grieta.org.mx\/wp-content\/uploads\/2020\/02\/TrenMallaCampeche.png?resize=525%2C300 1.5x, https:\/\/i0.wp.com\/www.grieta.org.mx\/wp-content\/uploads\/2020\/02\/TrenMallaCampeche.png?resize=700%2C400 2x"},"classes":[]},{"id":66827,"url":"http:\/\/www.grieta.org.mx\/index.php\/2023\/04\/17\/urge-atender-amparos-contra-el-tramo-5-del-tren-maya\/","url_meta":{"origin":48652,"position":5},"title":"Urge atender amparos contra el tramo 5 del Tren Maya","author":"grieta","date":"17 abril, 2023","format":false,"excerpt":"Itzel Chan \/ Haz Ruido Habitantes de Quintana Roo protestaron afuera de los juzgados federales en M\u00e9rida, pues aseguran que este megaproyecto pone en riesgo del recurso h\u00eddrico de la Pen\u00ednsula. M\u00e9rida, Yucat\u00e1n, 17 de abril de 2023.-Habitantes de Quintana Roo protestaron en las instalaciones del Poder Judicial de la\u2026","rel":"","context":"En &quot;Campeche&quot;","block_context":{"text":"Campeche","link":"http:\/\/www.grieta.org.mx\/index.php\/category\/noticias-nacionales\/campeche\/"},"img":{"alt_text":"","src":"https:\/\/i0.wp.com\/www.grieta.org.mx\/wp-content\/uploads\/2023\/04\/Amparos-e1681848902541.jpg?resize=350%2C200","width":350,"height":200,"srcset":"https:\/\/i0.wp.com\/www.grieta.org.mx\/wp-content\/uploads\/2023\/04\/Amparos-e1681848902541.jpg?resize=350%2C200 1x, https:\/\/i0.wp.com\/www.grieta.org.mx\/wp-content\/uploads\/2023\/04\/Amparos-e1681848902541.jpg?resize=525%2C300 1.5x, https:\/\/i0.wp.com\/www.grieta.org.mx\/wp-content\/uploads\/2023\/04\/Amparos-e1681848902541.jpg?resize=700%2C400 2x"},"classes":[]}],"_links":{"self":[{"href":"http:\/\/www.grieta.org.mx\/index.php\/wp-json\/wp\/v2\/posts\/48652","targetHints":{"allow":["GET"]}}],"collection":[{"href":"http:\/\/www.grieta.org.mx\/index.php\/wp-json\/wp\/v2\/posts"}],"about":[{"href":"http:\/\/www.grieta.org.mx\/index.php\/wp-json\/wp\/v2\/types\/post"}],"author":[{"embeddable":true,"href":"http:\/\/www.grieta.org.mx\/index.php\/wp-json\/wp\/v2\/users\/2"}],"replies":[{"embeddable":true,"href":"http:\/\/www.grieta.org.mx\/index.php\/wp-json\/wp\/v2\/comments?post=48652"}],"version-history":[{"count":1,"href":"http:\/\/www.grieta.org.mx\/index.php\/wp-json\/wp\/v2\/posts\/48652\/revisions"}],"predecessor-version":[{"id":48658,"href":"http:\/\/www.grieta.org.mx\/index.php\/wp-json\/wp\/v2\/posts\/48652\/revisions\/48658"}],"wp:featuredmedia":[{"embeddable":true,"href":"http:\/\/www.grieta.org.mx\/index.php\/wp-json\/wp\/v2\/media\/48653"}],"wp:attachment":[{"href":"http:\/\/www.grieta.org.mx\/index.php\/wp-json\/wp\/v2\/media?parent=48652"}],"wp:term":[{"taxonomy":"category","embeddable":true,"href":"http:\/\/www.grieta.org.mx\/index.php\/wp-json\/wp\/v2\/categories?post=48652"},{"taxonomy":"post_tag","embeddable":true,"href":"http:\/\/www.grieta.org.mx\/index.php\/wp-json\/wp\/v2\/tags?post=48652"}],"curies":[{"name":"wp","href":"https:\/\/api.w.org\/{rel}","templated":true}]}}