{"id":4862,"date":"2016-03-17T22:06:53","date_gmt":"2016-03-17T22:06:53","guid":{"rendered":"http:\/\/50.22.11.12\/~grietaor\/?p=4862"},"modified":"2016-03-25T22:09:27","modified_gmt":"2016-03-25T22:09:27","slug":"monterrey-vi-no-se-cancela-jaime-rodriguez","status":"publish","type":"post","link":"http:\/\/www.grieta.org.mx\/index.php\/2016\/03\/17\/monterrey-vi-no-se-cancela-jaime-rodriguez\/","title":{"rendered":"Monterrey VI no se cancela: Jaime Rodr\u00edguez"},"content":{"rendered":"<p>El Horizonte<\/p>\n<p>El gobernador inform\u00f3 que el proyecto hidr\u00e1ulico, Monterrey VI no se cancela, pues se perder\u00edan $600 millones de pesos<\/p>\n<p>Rodolfo Garc\u00eda<\/p>\n<p>El gobernador del estado, Jaime Rodr\u00edguez Calder\u00f3n, asegur\u00f3 que si bien su administraci\u00f3n ha detenido el proyecto Monterrey VI,  debido a que no est\u00e1 de acuerdo con el mismo, se ha desestimado la opci\u00f3n de cancelarlo, porque le costar\u00eda al estado $600 millones de pesos.<\/p>\n<p>Abund\u00f3 que dar marcha atr\u00e1s al proyecto tambi\u00e9n afectar\u00e1 en garantizar tener una fuente amplia de abastecimiento de agua para la metr\u00f3poli que cada vez va en crecimiento.<\/p>\n<p>El ejecutivo estatal enfatiz\u00f3 que en caso de llegar a los tribunales el costo que se perder\u00edan por estudios y trabajos ser\u00eda de $600 millones de pesos, incluso superior a ese monto.<\/p>\n<p>\u201cHemos detenido el proyecto Monterrey VI porque no estamos de acuerdo, es para renegociar todo porque cancelar cuesta el estado $600 millones de pesos, $600 millones que no tenemos, prefiero avanzar en lo que hemos entregado para no perder la concesi\u00f3n del agua ni los recursos que la Federaci\u00f3n pueda disponer para todo ello y no estar tercos en algo que ha sido pol\u00e9mico\u201d, coment\u00f3 el mandatario estatal ante los dirigentes de la C\u00e1mara Nacional de Comercio de Monterrey.<\/p>\n<p>Posteriormente en entrevista, detall\u00f3 que \u201cen el caso de estos $600 millones de pesos es por trabajos realizados, estudios y proyectos, eso es parte de lo que yo considero que puede ser la pena que nos pongan si nos vamos a juicio, es un estimado que puede ser mayor, si seguimos teniendo y dejando que avancen sin tener acuerdos\u201d.<\/p>\n<p>El proyecto Monterrey VI que impuls\u00f3 la anterior administraci\u00f3n consiste en un acueducto de 372 kil\u00f3metros para traer agua del r\u00edo P\u00e1nuco a la presa Cerro Prieto en Nuevo Le\u00f3n y cuya construcci\u00f3n estaba estimada en un costo de $14,161 millones de pesos, m\u00e1s el de operaci\u00f3n de $46,979 millones de pesos.<\/p>\n<p>La idea de esta obra hidr\u00e1ulica contempla la capacidad de transportar seis metros c\u00fabicos de agua por segundo, para beneficiar a los 4.2 millones de habitantes del \u00e1rea metropolitana de Monterrey.<\/p>\n<p>Es de precisar que las empresas ganadoras de la licitaci\u00f3n fueron el consorcio formado por Concretos y Obra Civil del Pac\u00edfico S.A de C.V; Controladora de Operaciones de Infraestructura SA de CV. ; Recsa Concesiones; S.A.P.I de CV; Productos y Estructuras de Concreto SA de CV y Desarrollos Rogar SA de CV.<\/p>\n<p>Actualmente los trabajos est\u00e1n suspendidos a petici\u00f3n del gobierno de Nuevo Le\u00f3n ya que no cuenta con los recursos para poder realizar obras complementarias.<\/p>\n<p>Es de precisar que la suspensi\u00f3n vence el 26 de marzo, por lo que el gobierno del estado se encuentra a contra reloj para definir si continua o no con dicho proyecto.<\/p>\n<p>Ante todo este contexto, Rodr\u00edguez Calder\u00f3n subray\u00f3 que \u201cnosotros estamos m\u00e1s por el acuerdo, no quiero que se pierda la concesi\u00f3n del agua, porque es la \u00fanica fuente de abastecimiento que tenemos segura, ya exploramos la mayor\u00eda, hay algunas ideas que nos han planteado los del Consejo Nuevo Le\u00f3n, nos queremos tomar el tiempo para que si esas ideas se puedan convertir en realidad en base a estudios\u201d.<\/p>\n<p>Y a\u00f1adi\u00f3 que \u201chemos decidido invertirle algo de recursos de Agua y Drenaje, el Fondo de Agua Nuevo Le\u00f3n est\u00e1 dispuesto a invertirle para hacer estudios de viabilidad y si esos estudios dicen que si hay viabilidad de otras fuentes de abastecimiento que suplan la fuente de abastecimiento del P\u00e1nuco, pues estaremos en condiciones de hacerle un planteamiento a la federaci\u00f3n de todo el plan hidr\u00e1ulico y no s\u00f3lo de traer o no el agua\u201d.<\/p>\n<p>Es de mencionar que el estado tambi\u00e9n perder\u00eda los fondos que est\u00e1n disponibles para poder usar el traer agua a Nuevo Le\u00f3n que son $3,500 millones de pesos adicionales que del Fondo Nacional de Infraestructura (Fonadin).<\/p>\n<p>Es de precisar que la zona metropolitana regia, donde vive el 85% de los nuevoleoneses, tiene un consumo de 11,750 litros por segundo (l\/s) de agua y este crece a un ritmo anual de 250 l\/s, pero la capacidad de abasto es de 12,500, por lo que podr\u00eda sobrepasarse en tres a\u00f1os.<\/p>\n<p>Ante esta situaci\u00f3n las autoridades proyectaron diversos planes para el abastecimiento de agua denominados Monterrey, el proyecto Monterrey VI, es una fuente adicional de abastecimiento que complementar\u00e1 la infraestructura anterior: Monterrey I (1971-1973), Monterrey II (1976-1979), Monterrey III (1980-1984),Monterrey IV (1990-1994) y Monterrey V (2008-2010).<\/p>\n<p><a href=\"http:\/\/elhorizonte.mx\/monterrey\/politica\/626092\/monterrey-vi-no-se-cancela-jaime-rodriguez\" target=\"_blank\">http:\/\/elhorizonte.mx\/monterrey\/politica\/626092\/monterrey-vi-no-se-cancela-jaime-rodriguez<\/a><\/p>\n","protected":false},"excerpt":{"rendered":"<p>El Horizonte El gobernador inform\u00f3 que el proyecto hidr\u00e1ulico, Monterrey VI no se cancela, pues se perder\u00edan $600 millones de pesos Rodolfo Garc\u00eda El gobernador del estado, Jaime Rodr\u00edguez Calder\u00f3n, &hellip; <a href=\"http:\/\/www.grieta.org.mx\/index.php\/2016\/03\/17\/monterrey-vi-no-se-cancela-jaime-rodriguez\/\" class=\"more-link\">Leer m\u00e1s<\/a><\/p>\n","protected":false},"author":2,"featured_media":21928,"comment_status":"closed","ping_status":"open","sticky":false,"template":"","format":"standard","meta":{"ngg_post_thumbnail":0,"_jetpack_newsletter_access":"","_jetpack_dont_email_post_to_subs":false,"_jetpack_newsletter_tier_id":0,"_jetpack_memberships_contains_paywalled_content":false,"_jetpack_memberships_contains_paid_content":false,"footnotes":""},"categories":[80,202,38],"tags":[358],"class_list":["post-4862","post","type-post","status-publish","format-standard","has-post-thumbnail","hentry","category-cintillo","category-nuevo-leon","category-proyectos-hidricos","tag-monterrey-vi","entry"],"jetpack_featured_media_url":"http:\/\/www.grieta.org.mx\/wp-content\/uploads\/2018\/03\/14524434_1106112876131411_958039263622046936_o.jpg","jetpack_sharing_enabled":true,"jetpack_shortlink":"https:\/\/wp.me\/p7ZJR4-1gq","jetpack_likes_enabled":false,"jetpack-related-posts":[{"id":4700,"url":"http:\/\/www.grieta.org.mx\/index.php\/2015\/07\/07\/costara-14-millones-de-pesos-cancelar-proyecto-monterrey-vi\/","url_meta":{"origin":4862,"position":0},"title":"Costar\u00e1 14 millones de pesos cancelar proyecto Monterrey VI","author":"grieta","date":"7 julio, 2015","format":false,"excerpt":"El Financiero Directivos de Servicios de Agua y Drenaje de Monterrey se\u00f1alaron que el monto tendr\u00eda que pagarlo el gobierno de Nuevo Le\u00f3n, en caso de rescindir el contrato ya pactado. Juan Antonio Lara MONTERREY.- Servicios de Agua y Drenaje de Monterrey (SADM) se\u00f1al\u00f3 que el proyecto de Monterrey VI\u2026","rel":"","context":"En &quot;CINTILLO&quot;","block_context":{"text":"CINTILLO","link":"http:\/\/www.grieta.org.mx\/index.php\/category\/cintillo\/"},"img":{"alt_text":"","src":"https:\/\/i0.wp.com\/www.grieta.org.mx\/wp-content\/uploads\/2018\/03\/14524434_1106112876131411_958039263622046936_o.jpg?resize=350%2C200","width":350,"height":200,"srcset":"https:\/\/i0.wp.com\/www.grieta.org.mx\/wp-content\/uploads\/2018\/03\/14524434_1106112876131411_958039263622046936_o.jpg?resize=350%2C200 1x, https:\/\/i0.wp.com\/www.grieta.org.mx\/wp-content\/uploads\/2018\/03\/14524434_1106112876131411_958039263622046936_o.jpg?resize=525%2C300 1.5x, https:\/\/i0.wp.com\/www.grieta.org.mx\/wp-content\/uploads\/2018\/03\/14524434_1106112876131411_958039263622046936_o.jpg?resize=700%2C400 2x"},"classes":[]},{"id":4865,"url":"http:\/\/www.grieta.org.mx\/index.php\/2016\/03\/22\/juega-chueco-el-bronco-con-monterrey-vi-ccc\/","url_meta":{"origin":4862,"position":1},"title":"JUEGA CHUECO EL BRONCO CON MONTERREY VI.- CCC","author":"grieta","date":"22 marzo, 2016","format":false,"excerpt":"No a Monterrey VI Perla Mart\u00ednez Representantes de organismos civiles acusaron ayer al Gobernador Jaime Rodr\u00edguez de estar jugando \u201cchueco\u201d con el proyecto Monterrey VI, que prometi\u00f3 cancelar en campa\u00f1a. Daniel Butruille, integrante de Ciudadanos Contra la Corrupci\u00f3n, se\u00f1al\u00f3 que el Mandatario no tiene el valor para decirle al Presidente\u2026","rel":"","context":"En &quot;CINTILLO&quot;","block_context":{"text":"CINTILLO","link":"http:\/\/www.grieta.org.mx\/index.php\/category\/cintillo\/"},"img":{"alt_text":"","src":"https:\/\/i0.wp.com\/www.grieta.org.mx\/wp-content\/uploads\/2018\/03\/14524434_1106112876131411_958039263622046936_o.jpg?resize=350%2C200","width":350,"height":200,"srcset":"https:\/\/i0.wp.com\/www.grieta.org.mx\/wp-content\/uploads\/2018\/03\/14524434_1106112876131411_958039263622046936_o.jpg?resize=350%2C200 1x, https:\/\/i0.wp.com\/www.grieta.org.mx\/wp-content\/uploads\/2018\/03\/14524434_1106112876131411_958039263622046936_o.jpg?resize=525%2C300 1.5x, https:\/\/i0.wp.com\/www.grieta.org.mx\/wp-content\/uploads\/2018\/03\/14524434_1106112876131411_958039263622046936_o.jpg?resize=700%2C400 2x"},"classes":[]},{"id":4530,"url":"http:\/\/www.grieta.org.mx\/index.php\/2016\/09\/14\/proyecto-hidraulico-monterrey-vi\/","url_meta":{"origin":4862,"position":2},"title":"Proyecto Hidr\u00e1ulico Monterrey VI","author":"grieta","date":"14 septiembre, 2016","format":false,"excerpt":"13\/09\/16. Admite gobernador acuerdo con EPN sobre Monterrey VI'Milenio Monterrey 14\/08\/16. Proyecto de acueducto en Monterrey 'sigue vivo'El Economista 07\/07\/16. Exigen revisar alternativas a proyecto Monterrey VI Milenio Monterrey 18\/06\/16. Monterrey VI da\u00f1ar\u00eda a sectores productivos Milenio Tamaulipas 21\/05\/16. Planta gobernador a inconformes con Monterrey VI Milenio Monterrey 16\/05\/16. En\u2026","rel":"","context":"En &quot;NOTICIAS NACIONALES&quot;","block_context":{"text":"NOTICIAS NACIONALES","link":"http:\/\/www.grieta.org.mx\/index.php\/category\/noticias-nacionales\/"},"img":{"alt_text":"","src":"https:\/\/i0.wp.com\/www.grieta.org.mx\/wp-content\/uploads\/2018\/03\/14524434_1106112876131411_958039263622046936_o.jpg?resize=350%2C200","width":350,"height":200,"srcset":"https:\/\/i0.wp.com\/www.grieta.org.mx\/wp-content\/uploads\/2018\/03\/14524434_1106112876131411_958039263622046936_o.jpg?resize=350%2C200 1x, https:\/\/i0.wp.com\/www.grieta.org.mx\/wp-content\/uploads\/2018\/03\/14524434_1106112876131411_958039263622046936_o.jpg?resize=525%2C300 1.5x, https:\/\/i0.wp.com\/www.grieta.org.mx\/wp-content\/uploads\/2018\/03\/14524434_1106112876131411_958039263622046936_o.jpg?resize=700%2C400 2x"},"classes":[]},{"id":4538,"url":"http:\/\/www.grieta.org.mx\/index.php\/2015\/09\/15\/cancela-nl-la-construccion-del-acueducto-monterrey-vi\/","url_meta":{"origin":4862,"position":3},"title":"Cancela NL la construcci\u00f3n del acueducto Monterrey VI","author":"grieta","date":"15 septiembre, 2015","format":false,"excerpt":"La Jornada Erick Mu\u00f1iz Monterrey, NL. La administraci\u00f3n de Jaime Rodr\u00edguez, quien tomar\u00e1 protesta como gobernador el 4 de octubre, no emprender\u00e1 el proyecto hidr\u00e1ulico Monterrey VI porque carece de recursos, y las empresas involucradas ya est\u00e1n informadas de ello, asegur\u00f3 Fernando Elizondo, coordinador del \u00e1rea econ\u00f3mica del gobierno entrante.\u2026","rel":"","context":"En &quot;CINTILLO&quot;","block_context":{"text":"CINTILLO","link":"http:\/\/www.grieta.org.mx\/index.php\/category\/cintillo\/"},"img":{"alt_text":"","src":"https:\/\/i0.wp.com\/www.grieta.org.mx\/wp-content\/uploads\/2018\/03\/14524434_1106112876131411_958039263622046936_o.jpg?resize=350%2C200","width":350,"height":200,"srcset":"https:\/\/i0.wp.com\/www.grieta.org.mx\/wp-content\/uploads\/2018\/03\/14524434_1106112876131411_958039263622046936_o.jpg?resize=350%2C200 1x, https:\/\/i0.wp.com\/www.grieta.org.mx\/wp-content\/uploads\/2018\/03\/14524434_1106112876131411_958039263622046936_o.jpg?resize=525%2C300 1.5x, https:\/\/i0.wp.com\/www.grieta.org.mx\/wp-content\/uploads\/2018\/03\/14524434_1106112876131411_958039263622046936_o.jpg?resize=700%2C400 2x"},"classes":[]},{"id":21639,"url":"http:\/\/www.grieta.org.mx\/index.php\/2016\/09\/14\/admite-gobernador-acuerdo-con-epn-sobre-monterrey-vi\/","url_meta":{"origin":4862,"position":4},"title":"Admite gobernador acuerdo con EPN sobre Monterrey VI","author":"grieta","date":"14 septiembre, 2016","format":false,"excerpt":"Orlando Maldonado Rodr\u00edguez Jaime Rodr\u00edguez asegur\u00f3 que no ser\u00e1 el proyecto original pues tendr\u00e1 modificaciones, e indic\u00f3 que Pe\u00f1a Nieto le respet\u00f3 la idea de que sea \u00e9l como mandatario estatal el que decida las alternativas. Tras haber sostenido una encerrona con el Presidente Enrique Pe\u00f1a Nieto este lunes, el\u2026","rel":"","context":"En &quot;CINTILLO&quot;","block_context":{"text":"CINTILLO","link":"http:\/\/www.grieta.org.mx\/index.php\/category\/cintillo\/"},"img":{"alt_text":"","src":"https:\/\/i0.wp.com\/www.grieta.org.mx\/wp-content\/uploads\/2018\/03\/14524434_1106112876131411_958039263622046936_o.jpg?resize=350%2C200","width":350,"height":200,"srcset":"https:\/\/i0.wp.com\/www.grieta.org.mx\/wp-content\/uploads\/2018\/03\/14524434_1106112876131411_958039263622046936_o.jpg?resize=350%2C200 1x, https:\/\/i0.wp.com\/www.grieta.org.mx\/wp-content\/uploads\/2018\/03\/14524434_1106112876131411_958039263622046936_o.jpg?resize=525%2C300 1.5x, https:\/\/i0.wp.com\/www.grieta.org.mx\/wp-content\/uploads\/2018\/03\/14524434_1106112876131411_958039263622046936_o.jpg?resize=700%2C400 2x"},"classes":[]},{"id":4556,"url":"http:\/\/www.grieta.org.mx\/index.php\/2015\/07\/17\/piden-cancelar-monterrey-vi-sin-pagar-indemnizacion\/","url_meta":{"origin":4862,"position":5},"title":"Piden cancelar Monterrey VI sin pagar indemnizaci\u00f3n","author":"grieta","date":"17 julio, 2015","format":false,"excerpt":"El Financiero Dirigentes de organizaciones de la sociedad civil de Nuevo Le\u00f3n consideraron que el proyecto Monterrey VI se debe cancelar sin pagar ning\u00fan tipo de indemnizaci\u00f3n. Juan Antonio Lara MONTERREY.- El proyecto Monterrey VI se debe cancelar sin pagar ning\u00fan tipo de indemnizaci\u00f3n, se\u00f1alaron dirigentes de organizaciones de la\u2026","rel":"","context":"En &quot;CINTILLO&quot;","block_context":{"text":"CINTILLO","link":"http:\/\/www.grieta.org.mx\/index.php\/category\/cintillo\/"},"img":{"alt_text":"","src":"https:\/\/i0.wp.com\/www.grieta.org.mx\/wp-content\/uploads\/2018\/03\/14524434_1106112876131411_958039263622046936_o.jpg?resize=350%2C200","width":350,"height":200,"srcset":"https:\/\/i0.wp.com\/www.grieta.org.mx\/wp-content\/uploads\/2018\/03\/14524434_1106112876131411_958039263622046936_o.jpg?resize=350%2C200 1x, https:\/\/i0.wp.com\/www.grieta.org.mx\/wp-content\/uploads\/2018\/03\/14524434_1106112876131411_958039263622046936_o.jpg?resize=525%2C300 1.5x, https:\/\/i0.wp.com\/www.grieta.org.mx\/wp-content\/uploads\/2018\/03\/14524434_1106112876131411_958039263622046936_o.jpg?resize=700%2C400 2x"},"classes":[]}],"_links":{"self":[{"href":"http:\/\/www.grieta.org.mx\/index.php\/wp-json\/wp\/v2\/posts\/4862","targetHints":{"allow":["GET"]}}],"collection":[{"href":"http:\/\/www.grieta.org.mx\/index.php\/wp-json\/wp\/v2\/posts"}],"about":[{"href":"http:\/\/www.grieta.org.mx\/index.php\/wp-json\/wp\/v2\/types\/post"}],"author":[{"embeddable":true,"href":"http:\/\/www.grieta.org.mx\/index.php\/wp-json\/wp\/v2\/users\/2"}],"replies":[{"embeddable":true,"href":"http:\/\/www.grieta.org.mx\/index.php\/wp-json\/wp\/v2\/comments?post=4862"}],"version-history":[{"count":1,"href":"http:\/\/www.grieta.org.mx\/index.php\/wp-json\/wp\/v2\/posts\/4862\/revisions"}],"predecessor-version":[{"id":4863,"href":"http:\/\/www.grieta.org.mx\/index.php\/wp-json\/wp\/v2\/posts\/4862\/revisions\/4863"}],"wp:featuredmedia":[{"embeddable":true,"href":"http:\/\/www.grieta.org.mx\/index.php\/wp-json\/wp\/v2\/media\/21928"}],"wp:attachment":[{"href":"http:\/\/www.grieta.org.mx\/index.php\/wp-json\/wp\/v2\/media?parent=4862"}],"wp:term":[{"taxonomy":"category","embeddable":true,"href":"http:\/\/www.grieta.org.mx\/index.php\/wp-json\/wp\/v2\/categories?post=4862"},{"taxonomy":"post_tag","embeddable":true,"href":"http:\/\/www.grieta.org.mx\/index.php\/wp-json\/wp\/v2\/tags?post=4862"}],"curies":[{"name":"wp","href":"https:\/\/api.w.org\/{rel}","templated":true}]}}