{"id":48581,"date":"2020-04-23T20:34:33","date_gmt":"2020-04-24T01:34:33","guid":{"rendered":"http:\/\/www.grieta.org.mx\/?p=48581"},"modified":"2020-05-04T20:48:25","modified_gmt":"2020-05-05T01:48:25","slug":"perdidos-20-mil-empleos-formales-nayarit","status":"publish","type":"post","link":"http:\/\/www.grieta.org.mx\/index.php\/2020\/04\/23\/perdidos-20-mil-empleos-formales-nayarit\/","title":{"rendered":"Perdidos 20 mil empleos formales (Nayarit)"},"content":{"rendered":"<p><img loading=\"lazy\" decoding=\"async\" data-attachment-id=\"48582\" data-permalink=\"http:\/\/www.grieta.org.mx\/index.php\/2020\/04\/23\/perdidos-20-mil-empleos-formales-nayarit\/des-1-768x461\/\" data-orig-file=\"http:\/\/www.grieta.org.mx\/wp-content\/uploads\/2020\/05\/des-1-768x461.jpg\" data-orig-size=\"768,461\" data-comments-opened=\"0\" data-image-meta=\"{&quot;aperture&quot;:&quot;0&quot;,&quot;credit&quot;:&quot;&quot;,&quot;camera&quot;:&quot;&quot;,&quot;caption&quot;:&quot;&quot;,&quot;created_timestamp&quot;:&quot;0&quot;,&quot;copyright&quot;:&quot;&quot;,&quot;focal_length&quot;:&quot;0&quot;,&quot;iso&quot;:&quot;0&quot;,&quot;shutter_speed&quot;:&quot;0&quot;,&quot;title&quot;:&quot;&quot;,&quot;orientation&quot;:&quot;0&quot;}\" data-image-title=\"des-1-768&amp;#215;461\" data-image-description=\"\" data-image-caption=\"\" data-medium-file=\"http:\/\/www.grieta.org.mx\/wp-content\/uploads\/2020\/05\/des-1-768x461-300x180.jpg\" data-large-file=\"http:\/\/www.grieta.org.mx\/wp-content\/uploads\/2020\/05\/des-1-768x461.jpg\" class=\"aligncenter wp-image-48582\" src=\"http:\/\/www.grieta.org.mx\/wp-content\/uploads\/2020\/05\/des-1-768x461.jpg\" alt=\"\" width=\"800\" height=\"480\" srcset=\"http:\/\/www.grieta.org.mx\/wp-content\/uploads\/2020\/05\/des-1-768x461.jpg 768w, http:\/\/www.grieta.org.mx\/wp-content\/uploads\/2020\/05\/des-1-768x461-300x180.jpg 300w\" sizes=\"auto, (max-width: 800px) 100vw, 800px\" \/><\/p>\n<p>Imagen: Realidades de Nayarit<\/p>\n<p>La p\u00e9rdida de fuentes de trabajo va en picada en los \u00faltimos d\u00edas<\/p>\n<p>Ver\u00f3nica Ram\u00edrez \/ Realidades de Nayarit<\/p>\n<p>Tepic, Nayarit.- Jueves 23 de abril del 2020.- Desde el inicio de la contingencia sanitaria por el Covid-19, se han perdido \u2013hasta el momento-, alrededor de 20 mil empleos formales en Nayarit en diversos sectores econ\u00f3micos.<\/p>\n<p>El panorama no es nada halagador ya que la lucha contra la pandemia del coronavirus se alargar\u00e1 a\u00fan m\u00e1s de lo previsto, lo que generar\u00eda una severa crisis econ\u00f3mica en todo el pa\u00eds.<\/p>\n<p>Ser\u00e1 hasta finalizar el presente mes, cuando se conozca la cifra oficial que emite el Instituto Mexicano del Seguro Social (IMSS), sobre los empleos perdidos, dado que el conteo se cierra al concluir abril.<\/p>\n<p>Tan s\u00f3lo el mes pasado, se dio a conocer que la entidad contabilizaban 8 mil 24 empleos perdidos, cifra que al parecer se ha duplicado a escasos d\u00edas de culminar el mes en curso<\/p>\n<p>De acuerdo con el Secretario de Desarrollo Econ\u00f3mico, Ernesto Navarro, la p\u00e9rdida de fuentes de trabaja va en picada en los \u00faltimos d\u00edas.<\/p>\n<p>\u201cEn estos momentos, yo creo que unos 20 mil empleos, la cifra oficial sigue siendo la misma que ya les dije, al corte formal que son los fines de mes y al fin de marzo tuvimos 8 mil 24 p\u00e9rdidas, m\u00e1s lo que va de este mes que seguramente va a ser mayor que esa cifra\u201d.<\/p>\n<p>Yo creo que en estos momentos, unos 20 mil empleos que no es poca cosa, y lo que falta a\u00fan, es un trancazo enorme a la econom\u00eda local, recalc\u00f3 Ernesto Navarro.<\/p>\n<p>Y es que las actividades econ\u00f3micas consideradas como no esenciales est\u00e1n paralizadas desde finales del mes de marzo, pagando sueldos a sus empleados y los que no pudieron sostener, hicieron despidos y eso hoy se ve reflejados en la p\u00e9rdida de esos 20 mil empleos formales.<\/p>\n<p>Falta conocer un estudio serio sobre la perdida de empleos informales, lo cual est\u00e1 dif\u00edcil porque al no estar dados de alta, se desconoce con exactitud cu\u00e1ntos hay y cu\u00e1ntos fueron despedidos sin las prestaciones econ\u00f3micas de ley.<\/p>\n<p>Falta conocer el plan econ\u00f3mico emergente que ayude a los sectores productivos a salir de este bache registrado a ra\u00edz de esta pandemia que lleva 9 muertos en Nayarit y 50 casos confirmados de Covid-19.<\/p>\n<p><a href=\"http:\/\/realidadesperiodico.com\/local\/perdidos-20-mil-empleos-formales\/\">http:\/\/realidadesperiodico.com\/local\/perdidos-20-mil-empleos-formales\/<\/a><\/p>\n","protected":false},"excerpt":{"rendered":"<p>Imagen: Realidades de Nayarit La p\u00e9rdida de fuentes de trabajo va en picada en los \u00faltimos d\u00edas Ver\u00f3nica Ram\u00edrez \/ Realidades de Nayarit Tepic, Nayarit.- Jueves 23 de abril del &hellip; <a href=\"http:\/\/www.grieta.org.mx\/index.php\/2020\/04\/23\/perdidos-20-mil-empleos-formales-nayarit\/\" class=\"more-link\">Leer m\u00e1s<\/a><\/p>\n","protected":false},"author":2,"featured_media":48582,"comment_status":"closed","ping_status":"closed","sticky":false,"template":"","format":"standard","meta":{"ngg_post_thumbnail":0,"_jetpack_newsletter_access":"","_jetpack_dont_email_post_to_subs":false,"_jetpack_newsletter_tier_id":0,"_jetpack_memberships_contains_paywalled_content":false,"_jetpack_memberships_contains_paid_content":false,"footnotes":""},"categories":[80,3306,1025,910,23,2,83],"tags":[113,2105,2841],"class_list":["post-48581","post","type-post","status-publish","format-standard","has-post-thumbnail","hentry","category-cintillo","category-covid-19-en-nayarit","category-explotacion-laboral-en-nayarit","category-explotacion-y-precariedad-laboral","category-nayarit","category-noticias-nacionales","category-temas-nacionales","tag-conflictos-laborales","tag-despidos-masivos","tag-explotacion-y-precariedad-laboral","entry"],"jetpack_featured_media_url":"http:\/\/www.grieta.org.mx\/wp-content\/uploads\/2020\/05\/des-1-768x461.jpg","jetpack_sharing_enabled":true,"jetpack_shortlink":"https:\/\/wp.me\/p7ZJR4-cDz","jetpack_likes_enabled":false,"jetpack-related-posts":[{"id":47890,"url":"http:\/\/www.grieta.org.mx\/index.php\/2020\/04\/13\/8-mil-empleos-perdidos-en-nayarit-por-covid\/","url_meta":{"origin":48581,"position":0},"title":"8 mil empleos perdidos en Nayarit por Covid","author":"grieta","date":"13 abril, 2020","format":false,"excerpt":"Imagen: Realidades de Nayarit Mildra Ben\u00edtez Robledo \/ Realidades de Nayarit Tepic, Nayarit.- Lunes 13 de abril del 2020.- El Covid-19 , ya est\u00e1 provocando serios da\u00f1os econ\u00f3micos a Nayarit, pues a\u00fan cuando la Entidad tiene muy pocos empleos formales, estos comienza a perderse ante la contingencia. El titular del\u2026","rel":"","context":"En &quot;CINTILLO&quot;","block_context":{"text":"CINTILLO","link":"http:\/\/www.grieta.org.mx\/index.php\/category\/cintillo\/"},"img":{"alt_text":"","src":"https:\/\/i0.wp.com\/www.grieta.org.mx\/wp-content\/uploads\/2020\/04\/des-768x405.jpg?resize=350%2C200","width":350,"height":200,"srcset":"https:\/\/i0.wp.com\/www.grieta.org.mx\/wp-content\/uploads\/2020\/04\/des-768x405.jpg?resize=350%2C200 1x, https:\/\/i0.wp.com\/www.grieta.org.mx\/wp-content\/uploads\/2020\/04\/des-768x405.jpg?resize=525%2C300 1.5x, https:\/\/i0.wp.com\/www.grieta.org.mx\/wp-content\/uploads\/2020\/04\/des-768x405.jpg?resize=700%2C400 2x"},"classes":[]},{"id":50768,"url":"http:\/\/www.grieta.org.mx\/index.php\/2020\/06\/07\/alrededor-de-140-mil-empleos-se-han-perdido-en-nayarit\/","url_meta":{"origin":48581,"position":1},"title":"Alrededor de 140 mil empleos se han perdido en Nayarit","author":"grieta","date":"7 junio, 2020","format":false,"excerpt":"Foto: Cuartoscuro Crys Ben\u00edtez \/ El Occidental Tepic, Nayarit.- Desde que se implement\u00f3 la cuarentena en Nayarit y hasta la fecha, el desempleo se ha disparado considerablemente a ra\u00edz de los miles de negocios que han tenido que cerrar por ordenamiento gubernamental. El titular de la Secretar\u00eda de Econom\u00eda del\u2026","rel":"","context":"En &quot;CINTILLO&quot;","block_context":{"text":"CINTILLO","link":"http:\/\/www.grieta.org.mx\/index.php\/category\/cintillo\/"},"img":{"alt_text":"","src":"https:\/\/i0.wp.com\/www.grieta.org.mx\/wp-content\/uploads\/2020\/06\/Desempleo.jpg?resize=350%2C200","width":350,"height":200,"srcset":"https:\/\/i0.wp.com\/www.grieta.org.mx\/wp-content\/uploads\/2020\/06\/Desempleo.jpg?resize=350%2C200 1x, https:\/\/i0.wp.com\/www.grieta.org.mx\/wp-content\/uploads\/2020\/06\/Desempleo.jpg?resize=525%2C300 1.5x, https:\/\/i0.wp.com\/www.grieta.org.mx\/wp-content\/uploads\/2020\/06\/Desempleo.jpg?resize=700%2C400 2x"},"classes":[]},{"id":49322,"url":"http:\/\/www.grieta.org.mx\/index.php\/2020\/05\/10\/en-riesgo-trabajadores-suplentes-del-issste-nayarit\/","url_meta":{"origin":48581,"position":2},"title":"En riesgo trabajadores suplentes del ISSSTE (Nayarit)","author":"grieta","date":"10 mayo, 2020","format":false,"excerpt":"Foto: Realidades de Nayarit Denuncian que los mandan a trabajar sin ninguna protecci\u00f3n a lugares donde hay m\u00e1s riesgo de contraer el COVID-19 y adem\u00e1s, no cuentan con ninguna prestaci\u00f3n de Ley, vaya, ni siquiera tienen ISSSTE y les fallan con el pago de sus quincenas Arcelia Garc\u00eda Ortega \/\u2026","rel":"","context":"En &quot;CINTILLO&quot;","block_context":{"text":"CINTILLO","link":"http:\/\/www.grieta.org.mx\/index.php\/category\/cintillo\/"},"img":{"alt_text":"","src":"https:\/\/i0.wp.com\/www.grieta.org.mx\/wp-content\/uploads\/2020\/05\/ISSSTE-Tepic-768x576.jpg?resize=350%2C200","width":350,"height":200,"srcset":"https:\/\/i0.wp.com\/www.grieta.org.mx\/wp-content\/uploads\/2020\/05\/ISSSTE-Tepic-768x576.jpg?resize=350%2C200 1x, https:\/\/i0.wp.com\/www.grieta.org.mx\/wp-content\/uploads\/2020\/05\/ISSSTE-Tepic-768x576.jpg?resize=525%2C300 1.5x, https:\/\/i0.wp.com\/www.grieta.org.mx\/wp-content\/uploads\/2020\/05\/ISSSTE-Tepic-768x576.jpg?resize=700%2C400 2x"},"classes":[]},{"id":55984,"url":"http:\/\/www.grieta.org.mx\/index.php\/2020\/12\/23\/retrasaran-maestros-regreso-a-clases-por-falta-de-aguinaldos-en-nayarit\/","url_meta":{"origin":48581,"position":3},"title":"Retrasar\u00e1n maestros regreso a clases por falta de aguinaldos en Nayarit","author":"grieta","date":"23 diciembre, 2020","format":false,"excerpt":"Foto: Realidades de Nayarit Seguir\u00e1n manifest\u00e1ndose y exigiendo sus derechos Crys Ben\u00edtez \/ El Occidental TEPIC, Nayarit (OEM-Informex). -Maestros de la Secci\u00f3n 49 del Sindicato Nacional de Trabajadores de la Educaci\u00f3n (SNTE) en Nayarit, han manifestado que tomar\u00e1n acciones dr\u00e1sticas, ante la falta de pagos correspondientes a los aguinaldos y\u2026","rel":"","context":"En &quot;CINTILLO&quot;","block_context":{"text":"CINTILLO","link":"http:\/\/www.grieta.org.mx\/index.php\/category\/cintillo\/"},"img":{"alt_text":"","src":"https:\/\/i0.wp.com\/www.grieta.org.mx\/wp-content\/uploads\/2020\/12\/verde-1-636x420-1.jpg?resize=350%2C200","width":350,"height":200,"srcset":"https:\/\/i0.wp.com\/www.grieta.org.mx\/wp-content\/uploads\/2020\/12\/verde-1-636x420-1.jpg?resize=350%2C200 1x, https:\/\/i0.wp.com\/www.grieta.org.mx\/wp-content\/uploads\/2020\/12\/verde-1-636x420-1.jpg?resize=525%2C300 1.5x"},"classes":[]},{"id":51688,"url":"http:\/\/www.grieta.org.mx\/index.php\/2020\/07\/07\/jubilados-de-la-uan-reclaman-pagos-pendientes-nayarit\/","url_meta":{"origin":48581,"position":4},"title":"Jubilados de la UAN reclaman pagos pendientes (Nayarit)","author":"grieta","date":"7 julio, 2020","format":false,"excerpt":"Imagen: Realidades de Nayarit Javier Rojo Fregoso \/ Realidades de Nayarit Tepic, Nayarit.- Martes 07 de julio del 2020.- Siguen miles de docentes, academicos de la Universidad Aut\u00f3noma de Nayarit (UAN) activos, jubilados y pensionados, molestos con la parte patronal pero tambi\u00e9n con su llamado dirigente sindical, Francisco Haro, l\u00edder\u2026","rel":"","context":"En &quot;CINTILLO&quot;","block_context":{"text":"CINTILLO","link":"http:\/\/www.grieta.org.mx\/index.php\/category\/cintillo\/"},"img":{"alt_text":"","src":"https:\/\/i0.wp.com\/www.grieta.org.mx\/wp-content\/uploads\/2020\/07\/monedas.jpg?resize=350%2C200","width":350,"height":200,"srcset":"https:\/\/i0.wp.com\/www.grieta.org.mx\/wp-content\/uploads\/2020\/07\/monedas.jpg?resize=350%2C200 1x, https:\/\/i0.wp.com\/www.grieta.org.mx\/wp-content\/uploads\/2020\/07\/monedas.jpg?resize=525%2C300 1.5x, https:\/\/i0.wp.com\/www.grieta.org.mx\/wp-content\/uploads\/2020\/07\/monedas.jpg?resize=700%2C400 2x"},"classes":[]},{"id":49728,"url":"http:\/\/www.grieta.org.mx\/index.php\/2020\/05\/19\/gobernador-incumplio-con-la-entrega-de-despensas-a-choferes-de-urbanos-nayarit\/","url_meta":{"origin":48581,"position":5},"title":"Gobernador incumpli\u00f3 con la entrega de despensas a choferes de urbanos (Nayarit)","author":"grieta","date":"19 mayo, 2020","format":false,"excerpt":"Foto: Realidades de Nayarit Prometi\u00f3 que cada semana les iba a entregar una y desde que inici\u00f3 la contingencia s\u00f3lo les dio una vez Javier Rojo Fregoso \/ Realidades de Nayarit Tepic, Nayarit.- Martes 19 de mayo del 2020.- Son cientos de trabajadores del volante secci\u00f3n urbanos que dicen estar\u2026","rel":"","context":"En &quot;CINTILLO&quot;","block_context":{"text":"CINTILLO","link":"http:\/\/www.grieta.org.mx\/index.php\/category\/cintillo\/"},"img":{"alt_text":"","src":"https:\/\/i0.wp.com\/www.grieta.org.mx\/wp-content\/uploads\/2020\/05\/camion-753x420.jpg?resize=350%2C200","width":350,"height":200,"srcset":"https:\/\/i0.wp.com\/www.grieta.org.mx\/wp-content\/uploads\/2020\/05\/camion-753x420.jpg?resize=350%2C200 1x, https:\/\/i0.wp.com\/www.grieta.org.mx\/wp-content\/uploads\/2020\/05\/camion-753x420.jpg?resize=525%2C300 1.5x, https:\/\/i0.wp.com\/www.grieta.org.mx\/wp-content\/uploads\/2020\/05\/camion-753x420.jpg?resize=700%2C400 2x"},"classes":[]}],"_links":{"self":[{"href":"http:\/\/www.grieta.org.mx\/index.php\/wp-json\/wp\/v2\/posts\/48581","targetHints":{"allow":["GET"]}}],"collection":[{"href":"http:\/\/www.grieta.org.mx\/index.php\/wp-json\/wp\/v2\/posts"}],"about":[{"href":"http:\/\/www.grieta.org.mx\/index.php\/wp-json\/wp\/v2\/types\/post"}],"author":[{"embeddable":true,"href":"http:\/\/www.grieta.org.mx\/index.php\/wp-json\/wp\/v2\/users\/2"}],"replies":[{"embeddable":true,"href":"http:\/\/www.grieta.org.mx\/index.php\/wp-json\/wp\/v2\/comments?post=48581"}],"version-history":[{"count":1,"href":"http:\/\/www.grieta.org.mx\/index.php\/wp-json\/wp\/v2\/posts\/48581\/revisions"}],"predecessor-version":[{"id":48583,"href":"http:\/\/www.grieta.org.mx\/index.php\/wp-json\/wp\/v2\/posts\/48581\/revisions\/48583"}],"wp:featuredmedia":[{"embeddable":true,"href":"http:\/\/www.grieta.org.mx\/index.php\/wp-json\/wp\/v2\/media\/48582"}],"wp:attachment":[{"href":"http:\/\/www.grieta.org.mx\/index.php\/wp-json\/wp\/v2\/media?parent=48581"}],"wp:term":[{"taxonomy":"category","embeddable":true,"href":"http:\/\/www.grieta.org.mx\/index.php\/wp-json\/wp\/v2\/categories?post=48581"},{"taxonomy":"post_tag","embeddable":true,"href":"http:\/\/www.grieta.org.mx\/index.php\/wp-json\/wp\/v2\/tags?post=48581"}],"curies":[{"name":"wp","href":"https:\/\/api.w.org\/{rel}","templated":true}]}}