{"id":48475,"date":"2020-03-05T12:06:22","date_gmt":"2020-03-05T18:06:22","guid":{"rendered":"http:\/\/www.grieta.org.mx\/?p=48475"},"modified":"2020-05-03T12:10:49","modified_gmt":"2020-05-03T17:10:49","slug":"ecologistas-en-accion-exige-a-enagas-su-retirada-del-megaproyecto-gasistico-de-morelos","status":"publish","type":"post","link":"http:\/\/www.grieta.org.mx\/index.php\/2020\/03\/05\/ecologistas-en-accion-exige-a-enagas-su-retirada-del-megaproyecto-gasistico-de-morelos\/","title":{"rendered":"Ecologistas en Acci\u00f3n exige a Enag\u00e1s su retirada del megaproyecto gas\u00edstico de Morelos"},"content":{"rendered":"<p><a href=\"http:\/\/www.grieta.org.mx\/wp-content\/uploads\/2020\/05\/esswajxwsaezj4r.jpg\"><img loading=\"lazy\" decoding=\"async\" data-attachment-id=\"48476\" data-permalink=\"http:\/\/www.grieta.org.mx\/index.php\/2020\/03\/05\/ecologistas-en-accion-exige-a-enagas-su-retirada-del-megaproyecto-gasistico-de-morelos\/esswajxwsaezj4r\/\" data-orig-file=\"http:\/\/www.grieta.org.mx\/wp-content\/uploads\/2020\/05\/esswajxwsaezj4r.jpg\" data-orig-size=\"1600,1200\" data-comments-opened=\"0\" data-image-meta=\"{&quot;aperture&quot;:&quot;0&quot;,&quot;credit&quot;:&quot;&quot;,&quot;camera&quot;:&quot;&quot;,&quot;caption&quot;:&quot;&quot;,&quot;created_timestamp&quot;:&quot;0&quot;,&quot;copyright&quot;:&quot;&quot;,&quot;focal_length&quot;:&quot;0&quot;,&quot;iso&quot;:&quot;0&quot;,&quot;shutter_speed&quot;:&quot;0&quot;,&quot;title&quot;:&quot;&quot;,&quot;orientation&quot;:&quot;0&quot;}\" data-image-title=\"esswajxwsaezj4r\" data-image-description=\"\" data-image-caption=\"\" data-medium-file=\"http:\/\/www.grieta.org.mx\/wp-content\/uploads\/2020\/05\/esswajxwsaezj4r-300x225.jpg\" data-large-file=\"http:\/\/www.grieta.org.mx\/wp-content\/uploads\/2020\/05\/esswajxwsaezj4r-1024x768.jpg\" class=\"aligncenter wp-image-48476\" src=\"http:\/\/www.grieta.org.mx\/wp-content\/uploads\/2020\/05\/esswajxwsaezj4r-1024x768.jpg\" alt=\"\" width=\"800\" height=\"600\" srcset=\"http:\/\/www.grieta.org.mx\/wp-content\/uploads\/2020\/05\/esswajxwsaezj4r-1024x768.jpg 1024w, http:\/\/www.grieta.org.mx\/wp-content\/uploads\/2020\/05\/esswajxwsaezj4r-300x225.jpg 300w, http:\/\/www.grieta.org.mx\/wp-content\/uploads\/2020\/05\/esswajxwsaezj4r-768x576.jpg 768w, http:\/\/www.grieta.org.mx\/wp-content\/uploads\/2020\/05\/esswajxwsaezj4r-667x500.jpg 667w, http:\/\/www.grieta.org.mx\/wp-content\/uploads\/2020\/05\/esswajxwsaezj4r.jpg 1600w\" sizes=\"auto, (max-width: 800px) 100vw, 800px\" \/><\/a><\/p>\n<p>Redacci\u00f3n \/ Tercera Informaci\u00f3n<\/p>\n<p>&#8211; Ecologistas en Acci\u00f3n acompa\u00f1a estos d\u00edas a tres activistas mexicanas que denuncian el megaproyecto gas\u00edstico Proyecto Integral Morelos, en el que se han producido graves violaciones de derechos humanos.<br \/>\n&#8211; La organizaci\u00f3n ecologista, junto a los OMAL- Observatorio de Multinacionales en Am\u00e9rica Latina, CEDOZ, Y Retiemble, La Villana de Vallekas y Tierra y Territorio, se manifest\u00f3 ayer con las representantes del  Frente de Pueblos en Defensa de la Tierra y Agua Morelos, Puebla, Tlaxcala (FPDTA-MPT) frente a la sede de Enag\u00e1s para exigir a esta empresa que se retire del proyecto.<br \/>\n&#8211; El pasado 20 de febrero se cumpli\u00f3 un a\u00f1o del asesinato de Samir Flores, ind\u00edgena nahua, campesino y comunicador popular de la comunidad originaria de Amilcingo, muy activo en la oposici\u00f3n al Proyecto Integral Morelos y conocido por denunciar los impactos de esta infraestructura.<\/p>\n<p> Ecologistas en Acci\u00f3n est\u00e1 acompa\u00f1ando estos d\u00edas a Teresa Castellanos Ruiz, Samantha Cesar Vargas y Alejandro Torres Chocolatl, representantes del Frente de Pueblos en Defensa de la Tierra y Agua Morelos, Puebla, Tlaxcala (FPDTA-MPT), en su gira europea. Durante varias semanas visitar\u00e1n diversas ciudades europeas donde se reunir\u00e1n con colectivos, asociaciones e instituciones p\u00fablicas.<\/p>\n<p>El objetivo de esta gira es visibilizar su lucha en defensa del territorio frente al Proyecto Integral Morelos, un megaproyecto en el que han participado las empresas espa\u00f1olas Abengoa, Enag\u00e1s y Elecnor, las dos \u00faltimas con financiaci\u00f3n p\u00fablica a trav\u00e9s del Fondo de Internacionalizaci\u00f3n de la Empresa Espa\u00f1ola (FIEM).<\/p>\n<p>A su paso por Espa\u00f1a, las activistas socioambientales han realizado una protesta junto a Ecologistas en Acci\u00f3n, OMAL-Observatorio de Multinacionales en Am\u00e9rica Latina, CEDOZ, Y Retiemble, La Villana de Vallekas y Tierra y Territorio, frente a la sede de Enag\u00e1s en Madrid para denunciar la participaci\u00f3n de esta empresa en el Proyecto Integral Morelos. Este megaproyecto energ\u00e9tico incluye la construcci\u00f3n de dos centrales termoel\u00e9ctricas, un acueducto, una l\u00ednea el\u00e9ctrica y un gasoducto de 160 km que atraviesa los estados de Tlaxcala, Puebla y Morelos y que afectar\u00e1 a m\u00e1s de 80 comunidades.<\/p>\n<div class=\"jetpack-video-wrapper\"><iframe loading=\"lazy\" title=\"Entramado Comunitario Amilcingo\" width=\"1170\" height=\"658\" src=\"https:\/\/www.youtube.com\/embed\/UPUz5CUuRlQ?feature=oembed\" frameborder=\"0\" allow=\"accelerometer; autoplay; clipboard-write; encrypted-media; gyroscope; picture-in-picture\" allowfullscreen><\/iframe><\/div>\n<p> En el Proyecto Integral Morelos participan las empresas espa\u00f1olas Abengoa, Elecnor, y Enag\u00e1s. Las dos \u00faltimas recibieron financiaci\u00f3n p\u00fablica a trav\u00e9s del Fondo de Internacionalizaci\u00f3n de la Empresa espa\u00f1ola (FIEM) gestionado por la Secretar\u00eda de Estado de Comercio. En concreto, Elecnor y Enag\u00e1s recibieron en 2012 un cr\u00e9dito por valor de 39,7 millones de euros.<\/p>\n<p>En teor\u00eda, el FIEM exige a los adjudicatarios de la financiaci\u00f3n que certifiquen el cumplimiento de los tratados firmados por Espa\u00f1a en materia de derechos humanos, medioambientales y laborales. No obstante, Ecologistas en Acci\u00f3n ha denunciado que en el desarrollo de la obra se han producido graves violaciones de los derechos humanos y se est\u00e1 poniendo en riesgo la vida de muchas personas.<\/p>\n<p>Iniciado en 2011, el Proyecto Integral Morelos ha contado desde el principio con una fuerte oposici\u00f3n de las comunidades afectadas, que se han movilizado en defensa de su territorio y medios de vida tradicionales en un contexto muy complicado de criminalizaci\u00f3n de la protesta, amenazas, detenciones arbitrarias, represi\u00f3n e incluso, como en el caso de Samir Flores, asesinatos.<\/p>\n<p>Para Tom Kucharz, portavoz de Ecologistas en Acci\u00f3n, &#8220;es inadmisible que se financien con dinero p\u00fablico proyectos como este, que destruyen el territorio y agravan la crisis clim\u00e1tica, y en los que no se garantiza el respeto a los derechos humanos. Tanto las empresas como las administraciones implicadas deben asumir responsabilidades&#8221;.<\/p>\n<p>En el marco de esta campa\u00f1a, m\u00e1s de 60 organizaciones espa\u00f1olas entre las que se encuentra Ecologistas en Acci\u00f3n, tambi\u00e9n enviaron en el mes de febrero una carta a Elecnor y Enag\u00e1s, al Gobierno espa\u00f1ol, a gobiernos auton\u00f3micos del Estado espa\u00f1ol y al Estado mexicano, exigiendo la retirada de las empresas del proyecto, la suspensi\u00f3n de la financiaci\u00f3n p\u00fablica a trav\u00e9s del FIEM y la paralizaci\u00f3n definitiva del proyecto, entre otras demandas.<\/p>\n<p>La organizaci\u00f3n ecologista denuncia la creciente criminalizaci\u00f3n de las personas Defensoras de la Tierra y los derechos humanos en todo el mundo y sobre todo en Am\u00e9rica Latina, donde m\u00e1s de 200 personas fueron asesinadas en 2019 por defender la vida frente a proyectos extractiv<\/p>\n<p>os e infraestructuras. Adem\u00e1s, recuerda -coincidiendo con una semana de reivindicaciones feministas- que las mujeres sufren especialmente las consecuencias de conflictos socioecol\u00f3gicos como el causado por el Proyecto Integral Morelos.<\/p>\n<p><a href=\"https:\/\/tercerainformacion.es\/articulo\/actualidad\/2020\/03\/05\/ecologistas-en-accion-exige-a-enagas-su-retirada-del-megaproyecto-gasistico-de-morelos-mexico\">https:\/\/tercerainformacion.es\/articulo\/actualidad\/2020\/03\/05\/ecologistas-en-accion-exige-a-enagas-su-retirada-del-megaproyecto-gasistico-de-morelos-mexico<\/a><\/p>\n","protected":false},"excerpt":{"rendered":"<p>Redacci\u00f3n \/ Tercera Informaci\u00f3n &#8211; Ecologistas en Acci\u00f3n acompa\u00f1a estos d\u00edas a tres activistas mexicanas que denuncian el megaproyecto gas\u00edstico Proyecto Integral Morelos, en el que se han producido graves &hellip; <a href=\"http:\/\/www.grieta.org.mx\/index.php\/2020\/03\/05\/ecologistas-en-accion-exige-a-enagas-su-retirada-del-megaproyecto-gasistico-de-morelos\/\" class=\"more-link\">Leer m\u00e1s<\/a><\/p>\n","protected":false},"author":1,"featured_media":48476,"comment_status":"closed","ping_status":"closed","sticky":false,"template":"","format":"standard","meta":{"ngg_post_thumbnail":0,"_jetpack_newsletter_access":"","_jetpack_dont_email_post_to_subs":false,"_jetpack_newsletter_tier_id":0,"_jetpack_memberships_contains_paywalled_content":false,"_jetpack_memberships_contains_paid_content":false,"footnotes":""},"categories":[80,3,22,2,44,3067],"tags":[2087,2086],"class_list":["post-48475","post","type-post","status-publish","format-standard","has-post-thumbnail","hentry","category-cintillo","category-megaproyectos","category-morelos","category-noticias-nacionales","category-proyecto-integral-morelos","category-rechazo-a-mineria-en-morelos","tag-rechazo-a-la-termoelectrica-en-huexca","tag-rechazo-al-proyecto-integral-morelos","entry"],"jetpack_featured_media_url":"http:\/\/www.grieta.org.mx\/wp-content\/uploads\/2020\/05\/esswajxwsaezj4r.jpg","jetpack_sharing_enabled":true,"jetpack_shortlink":"https:\/\/wp.me\/p7ZJR4-cBR","jetpack_likes_enabled":false,"jetpack-related-posts":[{"id":31118,"url":"http:\/\/www.grieta.org.mx\/index.php\/2019\/03\/20\/se-exige-que-se-aclare-el-papel-de-empresas-espanolas-en-el-asesinato-de-samir-flores-morelos\/","url_meta":{"origin":48475,"position":0},"title":"Se exige que se aclare el papel de empresas espa\u00f1olas en el asesinato de Samir Flores (Morelos)","author":"grieta","date":"20 marzo, 2019","format":false,"excerpt":"Redacci\u00f3n \/ tercerainformaci\u00f3n.es - A un mes del asesinato del activista mexicano Samir Flores, Ecologistas en Acci\u00f3n exige que se aclare la implicaci\u00f3n de las empresas espa\u00f1olas vinculadas al Proyecto Integral Morelos (PIM). - Este defensor de los derechos humanos se opon\u00eda al PIM, un plan de infraestructuras de gran\u2026","rel":"","context":"En &quot;10. Huexca&quot;","block_context":{"text":"10. Huexca","link":"http:\/\/www.grieta.org.mx\/index.php\/category\/espejos-de-la-resistencia\/10-huexca\/"},"img":{"alt_text":"","src":"https:\/\/i0.wp.com\/www.grieta.org.mx\/wp-content\/uploads\/2019\/03\/direct-7.jpg?resize=350%2C200","width":350,"height":200,"srcset":"https:\/\/i0.wp.com\/www.grieta.org.mx\/wp-content\/uploads\/2019\/03\/direct-7.jpg?resize=350%2C200 1x, https:\/\/i0.wp.com\/www.grieta.org.mx\/wp-content\/uploads\/2019\/03\/direct-7.jpg?resize=525%2C300 1.5x"},"classes":[]},{"id":31071,"url":"http:\/\/www.grieta.org.mx\/index.php\/2019\/03\/21\/ong-exige-investigar-posible-implicacion-de-tres-empresas-espanolas-en-el-crimen-de-samir-flores-morelos\/","url_meta":{"origin":48475,"position":1},"title":"ONG exige investigar posible implicaci\u00f3n de tres empresas espa\u00f1olas en el crimen de Samir Flores (Morelos)","author":"grieta","date":"21 marzo, 2019","format":false,"excerpt":"Alejandro Guti\u00e9rrez \/ Proceso MADRID (apro).- La organizaci\u00f3n Ecologistas en Acci\u00f3n exigi\u00f3 al gobierno mexicano que se investigue y aclare la posible implicaci\u00f3n de las empresas espa\u00f1olas Abengoa, Elecnor y Enagas, en el asesinato del activista Samir Flores. A un mes del asesinato de Flores, Ecologistas en Acci\u00f3n pone la\u2026","rel":"","context":"En &quot;10. Huexca&quot;","block_context":{"text":"10. Huexca","link":"http:\/\/www.grieta.org.mx\/index.php\/category\/espejos-de-la-resistencia\/10-huexca\/"},"img":{"alt_text":"","src":"https:\/\/i0.wp.com\/www.grieta.org.mx\/wp-content\/uploads\/2019\/03\/samir3-1078x808.jpg?resize=350%2C200","width":350,"height":200,"srcset":"https:\/\/i0.wp.com\/www.grieta.org.mx\/wp-content\/uploads\/2019\/03\/samir3-1078x808.jpg?resize=350%2C200 1x, https:\/\/i0.wp.com\/www.grieta.org.mx\/wp-content\/uploads\/2019\/03\/samir3-1078x808.jpg?resize=525%2C300 1.5x, https:\/\/i0.wp.com\/www.grieta.org.mx\/wp-content\/uploads\/2019\/03\/samir3-1078x808.jpg?resize=700%2C400 2x, https:\/\/i0.wp.com\/www.grieta.org.mx\/wp-content\/uploads\/2019\/03\/samir3-1078x808.jpg?resize=1050%2C600 3x"},"classes":[]},{"id":47049,"url":"http:\/\/www.grieta.org.mx\/index.php\/2020\/04\/01\/frente-de-pueblos-exige-reunion-con-enagas-por-gasoducto-morelos-puebla-morelos\/","url_meta":{"origin":48475,"position":2},"title":"Frente de Pueblos exige reuni\u00f3n con Enagas por gasoducto Morelos (Puebla, Morelos)","author":"Admin","date":"1 abril, 2020","format":false,"excerpt":"Redacci\u00f3n \/ \u00c1ngulo 7 El Frente de Pueblos en Defensa de la Tierra y Agua Morelos, Puebla, Tlaxcala (Fpdtampt) exigi\u00f3, por segunda vez, a la espa\u00f1ola Enagas, una reuni\u00f3n para pedir que desista al Proyecto Integral Morelos (PIM), pues el gasoducto significar\u00eda una violaci\u00f3n grave a los derechos humanos. La\u2026","rel":"","context":"En &quot;CINTILLO&quot;","block_context":{"text":"CINTILLO","link":"http:\/\/www.grieta.org.mx\/index.php\/category\/cintillo\/"},"img":{"alt_text":"","src":"https:\/\/i0.wp.com\/www.grieta.org.mx\/wp-content\/uploads\/2020\/04\/ductos-proyecto-integral-morelos-gasoducto.jpg?resize=350%2C200","width":350,"height":200,"srcset":"https:\/\/i0.wp.com\/www.grieta.org.mx\/wp-content\/uploads\/2020\/04\/ductos-proyecto-integral-morelos-gasoducto.jpg?resize=350%2C200 1x, https:\/\/i0.wp.com\/www.grieta.org.mx\/wp-content\/uploads\/2020\/04\/ductos-proyecto-integral-morelos-gasoducto.jpg?resize=525%2C300 1.5x"},"classes":[]},{"id":43751,"url":"http:\/\/www.grieta.org.mx\/index.php\/2019\/11\/18\/pretenden-llenar-al-pais-de-gasoductos-y-termoelectricas-juan-carlos-flores-del-frente-de-pueblos-de-morelos-puebla-y-tlaxcala-podcast\/","url_meta":{"origin":48475,"position":3},"title":"\u201cPretenden llenar al pa\u00eds de gasoductos y termoel\u00e9ctricas\u201d: Juan Carlos Flores, del Frente de Pueblos de Morelos, Puebla y Tlaxcala (PODCAST)","author":"grieta","date":"18 noviembre, 2019","format":false,"excerpt":"Redacci\u00f3n \/ Radio UdeG Guadalajara Juan Carlos Flores y otros integrantes del Frente de Pueblos en Defensa de la Tierra y el Agua de Morelos, Puebla y Tlaxcala (FPDTA), quienes mantienen una defensa en contra del Proyecto Integral Morelos (PIM), visitaron Juanacatl\u00e1n (Jalisco) donde la poblaci\u00f3n tambi\u00e9n resiste la imposici\u00f3n\u2026","rel":"","context":"En &quot;CINTILLO&quot;","block_context":{"text":"CINTILLO","link":"http:\/\/www.grieta.org.mx\/index.php\/category\/cintillo\/"},"img":{"alt_text":"","src":"https:\/\/i0.wp.com\/www.grieta.org.mx\/wp-content\/uploads\/2020\/01\/images-1.jpg?resize=350%2C200","width":350,"height":200,"srcset":"https:\/\/i0.wp.com\/www.grieta.org.mx\/wp-content\/uploads\/2020\/01\/images-1.jpg?resize=350%2C200 1x, https:\/\/i0.wp.com\/www.grieta.org.mx\/wp-content\/uploads\/2020\/01\/images-1.jpg?resize=525%2C300 1.5x"},"classes":[]},{"id":37578,"url":"http:\/\/www.grieta.org.mx\/index.php\/2019\/07\/09\/frente-unido-todos-somos-cacalotepec-pedira-replica-a-amlo-contra-el-proyecto-integral-morelos\/","url_meta":{"origin":48475,"position":4},"title":"Frente Unido Todos Somos Cacalotepec pedir\u00e1 r\u00e9plica a AMLO contra el Proyecto Integral Morelos","author":"grieta","date":"9 julio, 2019","format":false,"excerpt":"Israel Tepox \/ Desde Puebla \u201cEl d\u00eda 8 de julio usted (AMLO) anunci\u00f3 que hablar\u00e1 con los afectados del PIM (Proyecto Integral Morelos) que nos va a ir a ver de manera directa y que nos explicar\u00e1 las cifras del proyecto, que buscar\u00e1 convencernos que el proyecto se tiene que\u2026","rel":"","context":"En &quot;10. Huexca&quot;","block_context":{"text":"10. Huexca","link":"http:\/\/www.grieta.org.mx\/index.php\/category\/espejos-de-la-resistencia\/10-huexca\/"},"img":{"alt_text":"","src":"https:\/\/i0.wp.com\/www.grieta.org.mx\/wp-content\/uploads\/2019\/08\/FB_IMG_1562710460892.jpg?resize=350%2C200","width":350,"height":200,"srcset":"https:\/\/i0.wp.com\/www.grieta.org.mx\/wp-content\/uploads\/2019\/08\/FB_IMG_1562710460892.jpg?resize=350%2C200 1x, https:\/\/i0.wp.com\/www.grieta.org.mx\/wp-content\/uploads\/2019\/08\/FB_IMG_1562710460892.jpg?resize=525%2C300 1.5x"},"classes":[]},{"id":39461,"url":"http:\/\/www.grieta.org.mx\/index.php\/2019\/08\/20\/exigen-que-asesinato-del-activista-samir-flores-lo-investigue-fgr-morelos\/","url_meta":{"origin":48475,"position":5},"title":"Exigen que asesinato del activista Samir Flores lo investigue FGR (Morelos)","author":"grieta","date":"20 agosto, 2019","format":false,"excerpt":"Redacci\u00f3n \/ \u00c1ngulo 7 A seis meses del asesinato del opositor del Proyecto Integral Morelos (PIM), Samir Flores Soberanes, el Frente de Pueblos en Defensa de la Tierra y el Agua (Fpdta) exigi\u00f3 que el asesinato de sea investigado por la FGR, ya que acusan de ineficiente a la de\u2026","rel":"","context":"En &quot;10. Huexca&quot;","block_context":{"text":"10. Huexca","link":"http:\/\/www.grieta.org.mx\/index.php\/category\/espejos-de-la-resistencia\/10-huexca\/"},"img":{"alt_text":"","src":"https:\/\/i0.wp.com\/www.grieta.org.mx\/wp-content\/uploads\/2019\/09\/https-_www.angulo7.com_.mx_wp-content_uploads_2019_02_activista-Samir-Flores-Soberanes-PIM-1.jpg?resize=350%2C200","width":350,"height":200,"srcset":"https:\/\/i0.wp.com\/www.grieta.org.mx\/wp-content\/uploads\/2019\/09\/https-_www.angulo7.com_.mx_wp-content_uploads_2019_02_activista-Samir-Flores-Soberanes-PIM-1.jpg?resize=350%2C200 1x, https:\/\/i0.wp.com\/www.grieta.org.mx\/wp-content\/uploads\/2019\/09\/https-_www.angulo7.com_.mx_wp-content_uploads_2019_02_activista-Samir-Flores-Soberanes-PIM-1.jpg?resize=525%2C300 1.5x"},"classes":[]}],"_links":{"self":[{"href":"http:\/\/www.grieta.org.mx\/index.php\/wp-json\/wp\/v2\/posts\/48475","targetHints":{"allow":["GET"]}}],"collection":[{"href":"http:\/\/www.grieta.org.mx\/index.php\/wp-json\/wp\/v2\/posts"}],"about":[{"href":"http:\/\/www.grieta.org.mx\/index.php\/wp-json\/wp\/v2\/types\/post"}],"author":[{"embeddable":true,"href":"http:\/\/www.grieta.org.mx\/index.php\/wp-json\/wp\/v2\/users\/1"}],"replies":[{"embeddable":true,"href":"http:\/\/www.grieta.org.mx\/index.php\/wp-json\/wp\/v2\/comments?post=48475"}],"version-history":[{"count":1,"href":"http:\/\/www.grieta.org.mx\/index.php\/wp-json\/wp\/v2\/posts\/48475\/revisions"}],"predecessor-version":[{"id":48477,"href":"http:\/\/www.grieta.org.mx\/index.php\/wp-json\/wp\/v2\/posts\/48475\/revisions\/48477"}],"wp:featuredmedia":[{"embeddable":true,"href":"http:\/\/www.grieta.org.mx\/index.php\/wp-json\/wp\/v2\/media\/48476"}],"wp:attachment":[{"href":"http:\/\/www.grieta.org.mx\/index.php\/wp-json\/wp\/v2\/media?parent=48475"}],"wp:term":[{"taxonomy":"category","embeddable":true,"href":"http:\/\/www.grieta.org.mx\/index.php\/wp-json\/wp\/v2\/categories?post=48475"},{"taxonomy":"post_tag","embeddable":true,"href":"http:\/\/www.grieta.org.mx\/index.php\/wp-json\/wp\/v2\/tags?post=48475"}],"curies":[{"name":"wp","href":"https:\/\/api.w.org\/{rel}","templated":true}]}}