{"id":48469,"date":"2020-05-03T00:18:29","date_gmt":"2020-05-03T05:18:29","guid":{"rendered":"http:\/\/www.grieta.org.mx\/?p=48469"},"modified":"2020-05-03T00:18:29","modified_gmt":"2020-05-03T05:18:29","slug":"cancelan-servicios-funerarios-en-tijuana-por-ausencia-de-medidas-sanitarias-y-altos-precios-baja-california","status":"publish","type":"post","link":"http:\/\/www.grieta.org.mx\/index.php\/2020\/05\/03\/cancelan-servicios-funerarios-en-tijuana-por-ausencia-de-medidas-sanitarias-y-altos-precios-baja-california\/","title":{"rendered":"Cancelan servicios funerarios en Tijuana por ausencia de medidas sanitarias y altos precios  (Baja California)"},"content":{"rendered":"<p>Lindero Norte \/ Antonio Heras.<\/p>\n<p>*Una empresa ten\u00eda ata\u00fades de cart\u00f3n a difuntos por Covid-19 en el piso.<\/p>\n<p><img loading=\"lazy\" decoding=\"async\" src=\"https:\/\/i2.wp.com\/linderonorte.com\/wp-content\/uploads\/2020\/05\/IMG-20200430-WA0118.jpg?w=1280&#038;ssl=1\" width=\"1280\" height=\"960\" class=\"alignnone size-full\" \/><\/p>\n<p>Mexicali.- Una docena de funerarias de Tijuana incumplen con requisitos m\u00ednimos de operaci\u00f3n y de medidas sanitarias por lo que se proceder\u00e1 a la cancelaci\u00f3n de permisos, de acuerdo a fuentes del gobierno municipal.<\/p>\n<p><img loading=\"lazy\" decoding=\"async\" src=\"https:\/\/i2.wp.com\/linderonorte.com\/wp-content\/uploads\/2020\/05\/img-20200428-wa0129979536309031083785.jpg?w=1280&#038;ssl=1\" width=\"1280\" height=\"960\" class=\"alignnone size-full\" \/><\/p>\n<p>En un operativo en el que participan representantes de los tres \u00f3rdenes de gobierno se detect\u00f3 que cuentan con permisos autorizados fuera de normatividad; es el caso de la funeraria Monte Arat del centro de esta ciudad fronteriza, cuya actividad fue suspendida el 30 de abril.<\/p>\n<p>El establecimiento operaba en un segundo piso de la calle Sexta, la cual se convirti\u00f3 en un referente de fiesta nocturna en Tijuana, en la que por la ma\u00f1ana operan diversos comercios, entre ellos de venta de carne.<\/p>\n<p>Los inspectores de la Comisi\u00f3n Fedetal para la Atenci\u00f3n de Riesgos Sanitarios (Cofepris) descubrieron este jueves los cad\u00e1veres de difuntos a causa del coronavirus en ata\u00fades de cart\u00f3n dispersos en el piso y sin ninguna medida sanitaria.<\/p>\n<p>Estos negocios de inhumaci\u00f3n y servicios funerarios carecen de medidas sanitarias e incluso de crematorios para los cuerpos, a pesar que los incluyen entre sus servicios. La cremaci\u00f3n la contratan con otras empresas de ese giro.<\/p>\n<p>Es la segunda funeraria en ser clausurada durante este programa de supervisi\u00f3n de la manera en que operan estos establecimientos. La primera fue el 29 de abril y se trat\u00f3 de la Funeraria San Gabriel, en la colonia \u00c1lamos, donde se cobraban 35 mil pesos por el servicio de velaci\u00f3n y cremaci\u00f3n de personas, el cual carec\u00eda adem\u00e1s del Programa Interno de Proteccion Civil, seg\u00fan la Direcci\u00f3n de Inspecci\u00f3n y Vigilancia del ayuntamiento tijuanense.<\/p>\n<p>En una reuni\u00f3n con propietarios de ese giro, la delegaci\u00f3n local de la Procuraduria Federal del Consumidor impuso un precio de 7 mil pesos por los servicios funerarios en la ciudad y se acord\u00f3 exentarlos de impuestos municipales y estatales para apoyar a ese sector comercial.<\/p>\n<p>Adem\u00e1s se inst\u00f3 a los familiares a optar por la exhumaci\u00f3n de sus difuntos, en lugar de la cremaci\u00f3n. <\/p>\n<p>Un informe interno se\u00f1ala que estos negocios proliferaron en la ciudad, cobijados en la corrupci\u00f3n, ya que no cumplen con requisitos m\u00ednimos sanitarios, de protecci\u00f3n civil, adecuaci\u00f3n de espacios y de la totalidad de servicios que ofertan a los deudos.<\/p>\n<p><a href=\"https:\/\/linderonorte.com\/2020\/05\/01\/cancelan-servicios-funerarios-en-tijuana-por-ausencia-de-medidas-sanitarias-y-altos-precios\/\" rel=\"noopener noreferrer\" target=\"_blank\">https:\/\/linderonorte.com\/2020\/05\/01\/cancelan-servicios-funerarios-en-tijuana-por-ausencia-de-medidas-sanitarias-y-altos-precios\/<\/a><\/p>\n","protected":false},"excerpt":{"rendered":"<p>Lindero Norte \/ Antonio Heras. *Una empresa ten\u00eda ata\u00fades de cart\u00f3n a difuntos por Covid-19 en el piso. Mexicali.- Una docena de funerarias de Tijuana incumplen con requisitos m\u00ednimos de &hellip; <a href=\"http:\/\/www.grieta.org.mx\/index.php\/2020\/05\/03\/cancelan-servicios-funerarios-en-tijuana-por-ausencia-de-medidas-sanitarias-y-altos-precios-baja-california\/\" class=\"more-link\">Leer m\u00e1s<\/a><\/p>\n","protected":false},"author":2,"featured_media":21928,"comment_status":"closed","ping_status":"closed","sticky":false,"template":"","format":"standard","meta":{"ngg_post_thumbnail":0,"_jetpack_newsletter_access":"","_jetpack_dont_email_post_to_subs":false,"_jetpack_newsletter_tier_id":0,"_jetpack_memberships_contains_paywalled_content":false,"_jetpack_memberships_contains_paid_content":false,"footnotes":""},"categories":[5,80,3263,2],"tags":[],"class_list":["post-48469","post","type-post","status-publish","format-standard","has-post-thumbnail","hentry","category-baja-california","category-cintillo","category-crisis-covid-19-en-baja-california","category-noticias-nacionales","entry"],"jetpack_featured_media_url":"http:\/\/www.grieta.org.mx\/wp-content\/uploads\/2018\/03\/14524434_1106112876131411_958039263622046936_o.jpg","jetpack_sharing_enabled":true,"jetpack_shortlink":"https:\/\/wp.me\/p7ZJR4-cBL","jetpack_likes_enabled":false,"jetpack-related-posts":[{"id":48664,"url":"http:\/\/www.grieta.org.mx\/index.php\/2020\/05\/06\/reanudaron-operaciones-maquiladoras-sin-permisos-oficiales-nadie-se-responsabiliza-sibatrem-mx-baja-california\/","url_meta":{"origin":48469,"position":0},"title":"Reanudaron operaciones maquiladoras sin permisos oficiales, nadie se responsabiliza: Sibatrem MX (Baja California)","author":"grieta","date":"6 mayo, 2020","format":false,"excerpt":"Lindero Norte \/ Antonio Heras *Denuncian despidos injustificados, trabajo obligatorio a madres lactantes e incumplimiento de sana distancia Mexicali.- Organizaciones sindicales denunciaron presi\u00f3n de empresas maquiladoras que reanudaron actividades para despedir a quienes se manifestaron en contra de las condiciones de trabajo y su operaci\u00f3n sin ser actividades esenciales. Otra\u2026","rel":"","context":"En &quot;Baja California&quot;","block_context":{"text":"Baja California","link":"http:\/\/www.grieta.org.mx\/index.php\/category\/noticias-nacionales\/baja-california\/"},"img":{"alt_text":"","src":"https:\/\/i0.wp.com\/www.grieta.org.mx\/wp-content\/uploads\/2018\/03\/14524434_1106112876131411_958039263622046936_o.jpg?resize=350%2C200","width":350,"height":200,"srcset":"https:\/\/i0.wp.com\/www.grieta.org.mx\/wp-content\/uploads\/2018\/03\/14524434_1106112876131411_958039263622046936_o.jpg?resize=350%2C200 1x, https:\/\/i0.wp.com\/www.grieta.org.mx\/wp-content\/uploads\/2018\/03\/14524434_1106112876131411_958039263622046936_o.jpg?resize=525%2C300 1.5x, https:\/\/i0.wp.com\/www.grieta.org.mx\/wp-content\/uploads\/2018\/03\/14524434_1106112876131411_958039263622046936_o.jpg?resize=700%2C400 2x"},"classes":[]},{"id":60851,"url":"http:\/\/www.grieta.org.mx\/index.php\/2021\/06\/25\/uhacinacion-riesgo-de-contagio-a-covid-sin-medidas-de-seguridad-y-sanitarias-asi-viven-miles-en-el-chaparral-baja-california\/","url_meta":{"origin":48469,"position":1},"title":"uHacinaci\u00f3n, riesgo de contagio a Covid, sin medidas de seguridad y sanitarias; as\u00ed viven miles en El Chaparral (Baja California)","author":"grieta","date":"25 junio, 2021","format":false,"excerpt":"4 Vientos \/ Redacci\u00f3n Tras reconocer el hacinamiento en que se encuentran las personas migrantes, la falta de instalaciones sanitarias, el riesgo de contagio del virus SARS-CoV2 y el riesgo de abuso sexual y falta de alimento en que se encuentran cerca de mil ni\u00f1os, es una gran preocupaci\u00f3n para\u2026","rel":"","context":"En &quot;Baja California&quot;","block_context":{"text":"Baja California","link":"http:\/\/www.grieta.org.mx\/index.php\/category\/noticias-nacionales\/baja-california\/"},"img":{"alt_text":"","src":"https:\/\/i0.wp.com\/www.grieta.org.mx\/wp-content\/uploads\/2021\/08\/B.jpg?resize=350%2C200","width":350,"height":200,"srcset":"https:\/\/i0.wp.com\/www.grieta.org.mx\/wp-content\/uploads\/2021\/08\/B.jpg?resize=350%2C200 1x, https:\/\/i0.wp.com\/www.grieta.org.mx\/wp-content\/uploads\/2021\/08\/B.jpg?resize=525%2C300 1.5x, https:\/\/i0.wp.com\/www.grieta.org.mx\/wp-content\/uploads\/2021\/08\/B.jpg?resize=700%2C400 2x"},"classes":[]},{"id":47596,"url":"http:\/\/www.grieta.org.mx\/index.php\/2020\/04\/03\/mexicali-el-mas-afectado-por-covid19-en-bc-curva-de-contagio-similar-a-la-de-wuhan-china-isesalud-baja-california\/","url_meta":{"origin":48469,"position":2},"title":"Mexicali, el m\u00e1s afectado por COVID19 en BC; curva de contagio similar a la de Wuhan, China: Isesalud (Baja California)","author":"grieta","date":"3 abril, 2020","format":false,"excerpt":"Lindero Norte \/ Jorge Heras. Mexicali.- Con 2 muertos y 32 personas contagiadas por COVID-19, el municipio de Mexicali es el que representa mayor problema y preocupaci\u00f3n para las autoridades sanitarias de Baja California. En la video conferencia matutina del Gobierno del Estado, el secretario de Salud, Alonso P\u00e9rez Rico\u2026","rel":"","context":"En &quot;Baja California&quot;","block_context":{"text":"Baja California","link":"http:\/\/www.grieta.org.mx\/index.php\/category\/noticias-nacionales\/baja-california\/"},"img":{"alt_text":"","src":"https:\/\/i0.wp.com\/www.grieta.org.mx\/wp-content\/uploads\/2018\/03\/14524434_1106112876131411_958039263622046936_o.jpg?resize=350%2C200","width":350,"height":200,"srcset":"https:\/\/i0.wp.com\/www.grieta.org.mx\/wp-content\/uploads\/2018\/03\/14524434_1106112876131411_958039263622046936_o.jpg?resize=350%2C200 1x, https:\/\/i0.wp.com\/www.grieta.org.mx\/wp-content\/uploads\/2018\/03\/14524434_1106112876131411_958039263622046936_o.jpg?resize=525%2C300 1.5x, https:\/\/i0.wp.com\/www.grieta.org.mx\/wp-content\/uploads\/2018\/03\/14524434_1106112876131411_958039263622046936_o.jpg?resize=700%2C400 2x"},"classes":[]},{"id":48132,"url":"http:\/\/www.grieta.org.mx\/index.php\/2020\/04\/22\/baja-california-suma-60-contagios-de-covid-19-en-trabajadores-de-maquilas-en-tijuana-baja-california\/","url_meta":{"origin":48469,"position":3},"title":"Baja California suma 60 contagios de COVID-19 en trabajadores de maquilas en Tijuana","author":"grieta","date":"22 abril, 2020","format":false,"excerpt":"Sin Embargo \/ Redacci\u00f3n. Las personas contagiadas laboran en empresas instaladas en Tijuana. Foto: Zeta. Los 60 trabajadores enfermos laboran en empresas instaladas en el municipio de Tijuana, mismas ya que son supervisadas. Por Isabel Mercado. Tijuana, Baja California, 22 de abril (Zeta).\u2013 El n\u00famero contagiaos por COVID-19 en m\u00e9dicos\u2026","rel":"","context":"En &quot;Baja California&quot;","block_context":{"text":"Baja California","link":"http:\/\/www.grieta.org.mx\/index.php\/category\/noticias-nacionales\/baja-california\/"},"img":{"alt_text":"","src":"https:\/\/i0.wp.com\/www.grieta.org.mx\/wp-content\/uploads\/2020\/04\/photo4974342478853417218-1.jpg?resize=350%2C200","width":350,"height":200,"srcset":"https:\/\/i0.wp.com\/www.grieta.org.mx\/wp-content\/uploads\/2020\/04\/photo4974342478853417218-1.jpg?resize=350%2C200 1x, https:\/\/i0.wp.com\/www.grieta.org.mx\/wp-content\/uploads\/2020\/04\/photo4974342478853417218-1.jpg?resize=525%2C300 1.5x, https:\/\/i0.wp.com\/www.grieta.org.mx\/wp-content\/uploads\/2020\/04\/photo4974342478853417218-1.jpg?resize=700%2C400 2x, https:\/\/i0.wp.com\/www.grieta.org.mx\/wp-content\/uploads\/2020\/04\/photo4974342478853417218-1.jpg?resize=1050%2C600 3x"},"classes":[]},{"id":49851,"url":"http:\/\/www.grieta.org.mx\/index.php\/2020\/05\/24\/los-hospitales-de-mexicali-estan-al-tope-reconoce-baja-california\/","url_meta":{"origin":48469,"position":4},"title":"Los hospitales de Mexicali est\u00e1n al tope, reconoce Baja California","author":"grieta","date":"24 mayo, 2020","format":false,"excerpt":"Proceso \/ Jesusa Cervantes. Alfonso P\u00e9rez Rico, secretario de Salud de Baja California en el gobierno de Jaime Bonilla. MEXICALI, BC.- Los hospitales de la capital bajacaliforniana est\u00e1n al tope y superan incluso a Tijuana en n\u00famero hospitalizaciones, as\u00ed como en casos acumulados y activos de covid-19, admiti\u00f3 el secretario\u2026","rel":"","context":"En &quot;Baja California&quot;","block_context":{"text":"Baja California","link":"http:\/\/www.grieta.org.mx\/index.php\/category\/noticias-nacionales\/baja-california\/"},"img":{"alt_text":"","src":"https:\/\/i0.wp.com\/www.grieta.org.mx\/wp-content\/uploads\/2020\/05\/baja_california_covid19_mexicali-870x522.jpg?resize=350%2C200","width":350,"height":200,"srcset":"https:\/\/i0.wp.com\/www.grieta.org.mx\/wp-content\/uploads\/2020\/05\/baja_california_covid19_mexicali-870x522.jpg?resize=350%2C200 1x, https:\/\/i0.wp.com\/www.grieta.org.mx\/wp-content\/uploads\/2020\/05\/baja_california_covid19_mexicali-870x522.jpg?resize=525%2C300 1.5x, https:\/\/i0.wp.com\/www.grieta.org.mx\/wp-content\/uploads\/2020\/05\/baja_california_covid19_mexicali-870x522.jpg?resize=700%2C400 2x"},"classes":[]},{"id":47974,"url":"http:\/\/www.grieta.org.mx\/index.php\/2020\/04\/11\/una-zona-de-guerra-hospitales-de-tijuana-abrumados-por-pacientes-con-coronavirus-baja-california\/","url_meta":{"origin":48469,"position":5},"title":"Una zona de guerra: hospitales de Tijuana abrumados por pacientes con coronavirus (Baja California)","author":"grieta","date":"11 abril, 2020","format":false,"excerpt":"Tomado de The San Diego Union-Tribune \/ Por Vanguardia Por WENDY FRY \/ ALEXANDRA MENDOZA","rel":"","context":"En &quot;CINTILLO&quot;","block_context":{"text":"CINTILLO","link":"http:\/\/www.grieta.org.mx\/index.php\/category\/cintillo\/"},"img":{"alt_text":"","src":"https:\/\/i0.wp.com\/www.grieta.org.mx\/wp-content\/uploads\/2018\/03\/14524434_1106112876131411_958039263622046936_o.jpg?resize=350%2C200","width":350,"height":200,"srcset":"https:\/\/i0.wp.com\/www.grieta.org.mx\/wp-content\/uploads\/2018\/03\/14524434_1106112876131411_958039263622046936_o.jpg?resize=350%2C200 1x, https:\/\/i0.wp.com\/www.grieta.org.mx\/wp-content\/uploads\/2018\/03\/14524434_1106112876131411_958039263622046936_o.jpg?resize=525%2C300 1.5x, https:\/\/i0.wp.com\/www.grieta.org.mx\/wp-content\/uploads\/2018\/03\/14524434_1106112876131411_958039263622046936_o.jpg?resize=700%2C400 2x"},"classes":[]}],"_links":{"self":[{"href":"http:\/\/www.grieta.org.mx\/index.php\/wp-json\/wp\/v2\/posts\/48469","targetHints":{"allow":["GET"]}}],"collection":[{"href":"http:\/\/www.grieta.org.mx\/index.php\/wp-json\/wp\/v2\/posts"}],"about":[{"href":"http:\/\/www.grieta.org.mx\/index.php\/wp-json\/wp\/v2\/types\/post"}],"author":[{"embeddable":true,"href":"http:\/\/www.grieta.org.mx\/index.php\/wp-json\/wp\/v2\/users\/2"}],"replies":[{"embeddable":true,"href":"http:\/\/www.grieta.org.mx\/index.php\/wp-json\/wp\/v2\/comments?post=48469"}],"version-history":[{"count":1,"href":"http:\/\/www.grieta.org.mx\/index.php\/wp-json\/wp\/v2\/posts\/48469\/revisions"}],"predecessor-version":[{"id":48470,"href":"http:\/\/www.grieta.org.mx\/index.php\/wp-json\/wp\/v2\/posts\/48469\/revisions\/48470"}],"wp:featuredmedia":[{"embeddable":true,"href":"http:\/\/www.grieta.org.mx\/index.php\/wp-json\/wp\/v2\/media\/21928"}],"wp:attachment":[{"href":"http:\/\/www.grieta.org.mx\/index.php\/wp-json\/wp\/v2\/media?parent=48469"}],"wp:term":[{"taxonomy":"category","embeddable":true,"href":"http:\/\/www.grieta.org.mx\/index.php\/wp-json\/wp\/v2\/categories?post=48469"},{"taxonomy":"post_tag","embeddable":true,"href":"http:\/\/www.grieta.org.mx\/index.php\/wp-json\/wp\/v2\/tags?post=48469"}],"curies":[{"name":"wp","href":"https:\/\/api.w.org\/{rel}","templated":true}]}}