{"id":48366,"date":"2020-04-05T01:48:30","date_gmt":"2020-04-05T07:48:30","guid":{"rendered":"http:\/\/www.grieta.org.mx\/?p=48366"},"modified":"2020-04-30T01:54:03","modified_gmt":"2020-04-30T06:54:03","slug":"despide-fabrica-a-todos-sus-trabajadores-en-plena-emergencia-sanitaria-por-coronavirus-puebla","status":"publish","type":"post","link":"http:\/\/www.grieta.org.mx\/index.php\/2020\/04\/05\/despide-fabrica-a-todos-sus-trabajadores-en-plena-emergencia-sanitaria-por-coronavirus-puebla\/","title":{"rendered":"Despide f\u00e1brica a todos sus trabajadores en plena emergencia sanitaria por coronavirus (Puebla)"},"content":{"rendered":"<figure id=\"attachment_48367\" aria-describedby=\"caption-attachment-48367\" style=\"width: 768px\" class=\"wp-caption aligncenter\"><a href=\"http:\/\/www.grieta.org.mx\/wp-content\/uploads\/2020\/04\/Lorpen_CMYK.jpg\"><img loading=\"lazy\" decoding=\"async\" data-attachment-id=\"48367\" data-permalink=\"http:\/\/www.grieta.org.mx\/index.php\/2020\/04\/05\/despide-fabrica-a-todos-sus-trabajadores-en-plena-emergencia-sanitaria-por-coronavirus-puebla\/lorpen_cmyk\/\" data-orig-file=\"http:\/\/www.grieta.org.mx\/wp-content\/uploads\/2020\/04\/Lorpen_CMYK.jpg\" data-orig-size=\"768,479\" data-comments-opened=\"0\" data-image-meta=\"{&quot;aperture&quot;:&quot;0&quot;,&quot;credit&quot;:&quot;&quot;,&quot;camera&quot;:&quot;&quot;,&quot;caption&quot;:&quot;&quot;,&quot;created_timestamp&quot;:&quot;0&quot;,&quot;copyright&quot;:&quot;&quot;,&quot;focal_length&quot;:&quot;0&quot;,&quot;iso&quot;:&quot;0&quot;,&quot;shutter_speed&quot;:&quot;0&quot;,&quot;title&quot;:&quot;&quot;,&quot;orientation&quot;:&quot;0&quot;}\" data-image-title=\"Lorpen_CMYK\" data-image-description=\"\" data-image-caption=\"&lt;p&gt;Foto: Javier P\u00e9rez \/ El Sol de Puebla&lt;\/p&gt;\n\" data-medium-file=\"http:\/\/www.grieta.org.mx\/wp-content\/uploads\/2020\/04\/Lorpen_CMYK-300x187.jpg\" data-large-file=\"http:\/\/www.grieta.org.mx\/wp-content\/uploads\/2020\/04\/Lorpen_CMYK.jpg\" src=\"http:\/\/www.grieta.org.mx\/wp-content\/uploads\/2020\/04\/Lorpen_CMYK.jpg\" alt=\"\" width=\"768\" height=\"479\" class=\"size-full wp-image-48367\" srcset=\"http:\/\/www.grieta.org.mx\/wp-content\/uploads\/2020\/04\/Lorpen_CMYK.jpg 768w, http:\/\/www.grieta.org.mx\/wp-content\/uploads\/2020\/04\/Lorpen_CMYK-300x187.jpg 300w\" sizes=\"auto, (max-width: 768px) 100vw, 768px\" \/><\/a><figcaption id=\"caption-attachment-48367\" class=\"wp-caption-text\">Foto: Javier P\u00e9rez \/ El Sol de Puebla<br \/><\/figcaption><\/figure>\n<blockquote><p>Trabajadores con m\u00e1s de 10 a\u00f1os de antig\u00fcedad aseguran que s\u00f3lo los quieren liquidar con  10 mil pesos<\/p><\/blockquote>\n<p>Alba Espejel \/ El Sol de Puebla<\/p>\n<p>La ma\u00f1ana de este 4 de abril la empresa Lorpen M\u00e9xico despidi\u00f3 injustificadamente a sus 32 trabajadores, argumentando bajas ventas a ra\u00edz del coronavirus. La mayor\u00eda de los trabajadores llevaban m\u00e1s de 10 a\u00f1os laborando en este establecimiento y los quieren liquidar s\u00f3lo con 10 mil pesos.<\/p>\n<p>En entrevista con este medio, una trabajadora que no quiso dar su nombre por miedo a represalias, comparti\u00f3 que cuando llegaron a su trabajo la ma\u00f1ana del s\u00e1bado, los directivos estaban acompa\u00f1ados de abogados y les notificaron que todos ser\u00edan dados de baja. Al preguntarles si ser\u00edan finiquitados con el recurso justo, les respondieron que a cada uno les iban a dar 10 mil pesos y esa era la \u00fanica opci\u00f3n, si se negaban a recibir dicha cantidad, no les iban a dar \u201cni las gracias\u201d.<\/p>\n<p>Diez personas aceptaron dicha liquidaci\u00f3n pero el resto se mostr\u00f3 en contra, mencionando que esa cantidad no es suficiente para hacer frente a la contingencia sanitaria y en suma, es muy complicado encontrar otro trabajo en estos momentos.<\/p>\n<p>Nos reunieron a todos y estaban con dos abogados, nos dijeron que ya no hab\u00eda dinero y que si quer\u00edamos nuestra liquidaci\u00f3n bien y sino pues no hab\u00eda otra opci\u00f3n. Se nos hace injusto que nos quieran dar solo 10 mil pesos por mas 10 a\u00f1os de antig\u00fcedad y ahora estaremos aqu\u00ed en la empresa hasta que nos solucionen, no nos vamos a ir dijo.<\/p>\n<p>La empresa se dedica a elaborar calcetines y su principal cliente era el pa\u00eds vecino de Estados Unidos, por tal motivo, los trabajadores consideran que los patrones tuvieron que haber tomado sus medidas desde que se registraron los primeros brotes de coronavirus, ya que ahora por la contingencia la venta baj\u00f3 considerablemente. \u201cNo sabemos con quien acudir, nos agarraron sin respaldo y ellos como empresa tuvieron que haber tomado sus previsiones porque ahora van a dejar a muchas familias sin el sustento \u201d, agreg\u00f3.<\/p>\n<p>Como fueron pasando las horas de la ma\u00f1ana del s\u00e1bado, los trabajadores notaron que llegaron camiones para desalojar el lugar y llevarse todos los productos, pero al existir el temor de que los encargados huyeran y no les pagaran lo justo, no permitieron que se llevaran las cosas.<\/p>\n<p>Al cierre de esta edici\u00f3n los colaboradores segu\u00edan en la empresa sin ninguna soluci\u00f3n, por lo que pidieron al titular de la Secretar\u00eda del Trabajo, Abelardo Cuellar, ayudarlos ante esta situaci\u00f3n y al gobernador, Luis Miguel Barbosa Huerta, le pidieron que exhorte a los empresarios para que no despidan al personal mientras dure la contingencia.<\/p>\n<p><a href=\"https:\/\/www.elsoldepuebla.com.mx\/finanzas\/despide-fabrica-a-todos-sus-trabajadores-en-plena-emergencia-sanitaria-por-coronavirus-puebla-covid-19-5061555.html\">https:\/\/www.elsoldepuebla.com.mx\/finanzas\/despide-fabrica-a-todos-sus-trabajadores-en-plena-emergencia-sanitaria-por-coronavirus-puebla-covid-19-5061555.html<\/a><\/p>\n","protected":false},"excerpt":{"rendered":"<p>Trabajadores con m\u00e1s de 10 a\u00f1os de antig\u00fcedad aseguran que s\u00f3lo los quieren liquidar con 10 mil pesos Alba Espejel \/ El Sol de Puebla La ma\u00f1ana de este 4 &hellip; <a href=\"http:\/\/www.grieta.org.mx\/index.php\/2020\/04\/05\/despide-fabrica-a-todos-sus-trabajadores-en-plena-emergencia-sanitaria-por-coronavirus-puebla\/\" class=\"more-link\">Leer m\u00e1s<\/a><\/p>\n","protected":false},"author":1,"featured_media":48367,"comment_status":"closed","ping_status":"closed","sticky":false,"template":"","format":"standard","meta":{"ngg_post_thumbnail":0,"_jetpack_newsletter_access":"","_jetpack_dont_email_post_to_subs":false,"_jetpack_newsletter_tier_id":0,"_jetpack_memberships_contains_paywalled_content":false,"_jetpack_memberships_contains_paid_content":false,"footnotes":""},"categories":[80,3273,910,2123,2,26,83],"tags":[3241,2841],"class_list":["post-48366","post","type-post","status-publish","format-standard","has-post-thumbnail","hentry","category-cintillo","category-covid-19-en-puebla","category-explotacion-y-precariedad-laboral","category-explotacion-y-precariedad-laboral-en-puebla","category-noticias-nacionales","category-puebla","category-temas-nacionales","tag-covid-19","tag-explotacion-y-precariedad-laboral","entry"],"jetpack_featured_media_url":"http:\/\/www.grieta.org.mx\/wp-content\/uploads\/2020\/04\/Lorpen_CMYK.jpg","jetpack_sharing_enabled":true,"jetpack_shortlink":"https:\/\/wp.me\/p7ZJR4-cA6","jetpack_likes_enabled":false,"jetpack-related-posts":[{"id":71973,"url":"http:\/\/www.grieta.org.mx\/index.php\/2025\/07\/09\/paro-laboral-en-alpura-por-presuntos-abusos-trabajadores-denuncian-violaciones-a-derechos\/","url_meta":{"origin":48366,"position":0},"title":"Paro laboral en Alpura por presuntos abusos; trabajadores denuncian violaciones a derechos","author":"grieta","date":"9 julio, 2025","format":false,"excerpt":"Redacci\u00f3n Fortuna y poder En Puebla iniciar\u00edan huelga el 4 de agosto de no llegar a acuerdos con la empresa Trabajadores de la empresa\u00a0Alpura\u00a0llevaron a cabo un\u00a0paro de labores\u00a0en varias de las plantas productoras de la compa\u00f1\u00eda. En Cuautitl\u00e1n Izcalli y Los Reyes La Paz (Estado de M\u00e9xico), as\u00ed como\u2026","rel":"","context":"En &quot;CINTILLO&quot;","block_context":{"text":"CINTILLO","link":"http:\/\/www.grieta.org.mx\/index.php\/category\/cintillo\/"},"img":{"alt_text":"","src":"https:\/\/i0.wp.com\/www.grieta.org.mx\/wp-content\/uploads\/2025\/07\/Captura-de-pantalla-2025-07-09-000854.png?resize=350%2C200","width":350,"height":200,"srcset":"https:\/\/i0.wp.com\/www.grieta.org.mx\/wp-content\/uploads\/2025\/07\/Captura-de-pantalla-2025-07-09-000854.png?resize=350%2C200 1x, https:\/\/i0.wp.com\/www.grieta.org.mx\/wp-content\/uploads\/2025\/07\/Captura-de-pantalla-2025-07-09-000854.png?resize=525%2C300 1.5x, https:\/\/i0.wp.com\/www.grieta.org.mx\/wp-content\/uploads\/2025\/07\/Captura-de-pantalla-2025-07-09-000854.png?resize=700%2C400 2x"},"classes":[]},{"id":27825,"url":"http:\/\/www.grieta.org.mx\/index.php\/2018\/12\/01\/acusan-explotacion-infantil-en-maquiladora-de-tehuacan-puebla\/","url_meta":{"origin":48366,"position":1},"title":"Acusan explotaci\u00f3n infantil en maquiladora de Tehuac\u00e1n (Puebla)","author":"Admin","date":"1 diciembre, 2018","format":false,"excerpt":"Iv\u00e1n Rodr\u00edguez \/ El Sol de Puebla Trabajadores de la maquiladora Jamir acusaron una serie de irregularidades que van desde la contrataci\u00f3n de menores de edad, evasi\u00f3n de impuestos y abuso laboral, por lo que pidieron la intervenci\u00f3n de dependencias estatales y federales para que tomen cartas en el asunto.\u2026","rel":"","context":"En &quot;CINTILLO&quot;","block_context":{"text":"CINTILLO","link":"http:\/\/www.grieta.org.mx\/index.php\/category\/cintillo\/"},"img":{"alt_text":"","src":"https:\/\/i0.wp.com\/www.grieta.org.mx\/wp-content\/uploads\/2018\/12\/PRIMERA-MAQUILADORA-TH.jpg?resize=350%2C200","width":350,"height":200,"srcset":"https:\/\/i0.wp.com\/www.grieta.org.mx\/wp-content\/uploads\/2018\/12\/PRIMERA-MAQUILADORA-TH.jpg?resize=350%2C200 1x, https:\/\/i0.wp.com\/www.grieta.org.mx\/wp-content\/uploads\/2018\/12\/PRIMERA-MAQUILADORA-TH.jpg?resize=525%2C300 1.5x, https:\/\/i0.wp.com\/www.grieta.org.mx\/wp-content\/uploads\/2018\/12\/PRIMERA-MAQUILADORA-TH.jpg?resize=700%2C400 2x"},"classes":[]},{"id":46893,"url":"http:\/\/www.grieta.org.mx\/index.php\/2020\/03\/26\/172-mil-trabajadores-en-colima-sufren-pobreza-laboral\/","url_meta":{"origin":48366,"position":2},"title":"172 mil trabajadores en Colima sufren pobreza laboral","author":"grieta","date":"26 marzo, 2020","format":false,"excerpt":"Foto: Diario Avanzada Heidi de Le\u00f3n Guti\u00e9rrez \/ Diario Avanzada Colima, M\u00e9xico, Avanzada (26\/03\/2020).- En Colima, el 23 por ciento de la poblaci\u00f3n registra un ingreso laboral inferior al costo de la canasta b\u00e1sica, seg\u00fan la medici\u00f3n realizada por el Consejo Nacional de Evaluaci\u00f3n (Coneval), durante el cuarto trimestre de\u2026","rel":"","context":"En &quot;CINTILLO&quot;","block_context":{"text":"CINTILLO","link":"http:\/\/www.grieta.org.mx\/index.php\/category\/cintillo\/"},"img":{"alt_text":"","src":"https:\/\/i0.wp.com\/www.grieta.org.mx\/wp-content\/uploads\/2020\/03\/Colima-tierra-de-pobres.png?resize=350%2C200","width":350,"height":200,"srcset":"https:\/\/i0.wp.com\/www.grieta.org.mx\/wp-content\/uploads\/2020\/03\/Colima-tierra-de-pobres.png?resize=350%2C200 1x, https:\/\/i0.wp.com\/www.grieta.org.mx\/wp-content\/uploads\/2020\/03\/Colima-tierra-de-pobres.png?resize=525%2C300 1.5x, https:\/\/i0.wp.com\/www.grieta.org.mx\/wp-content\/uploads\/2020\/03\/Colima-tierra-de-pobres.png?resize=700%2C400 2x"},"classes":[]},{"id":17156,"url":"http:\/\/www.grieta.org.mx\/index.php\/2016\/08\/25\/trabajadores-de-vw-puebla-rechazan-nuevo-plan-laboral\/","url_meta":{"origin":48366,"position":3},"title":"Conflictos laborales en la industria automotriz en Puebla","author":"grieta","date":"25 agosto, 2016","format":false,"excerpt":"25\/08\/16. Audi Puebla despide a dos ejecutivos por presunto fraude Proceso 18\/08\/16. Audi: Segundo bloqueo de trabajadores sucontratados, por falta de pago (Puebla) La Jornada de Oriente 17\/08\/16. VW conjura huelga; aumentar\u00e1 4% directo al salario de trabajadores en Puebla El Financiero 17\/08\/16. Sin avance la negociaci\u00f3n para evitar una\u2026","rel":"","context":"En &quot;NOTICIAS NACIONALES&quot;","block_context":{"text":"NOTICIAS NACIONALES","link":"http:\/\/www.grieta.org.mx\/index.php\/category\/noticias-nacionales\/"},"img":{"alt_text":"","src":"https:\/\/i0.wp.com\/www.grieta.org.mx\/wp-content\/uploads\/2018\/03\/14524434_1106112876131411_958039263622046936_o.jpg?resize=350%2C200","width":350,"height":200,"srcset":"https:\/\/i0.wp.com\/www.grieta.org.mx\/wp-content\/uploads\/2018\/03\/14524434_1106112876131411_958039263622046936_o.jpg?resize=350%2C200 1x, https:\/\/i0.wp.com\/www.grieta.org.mx\/wp-content\/uploads\/2018\/03\/14524434_1106112876131411_958039263622046936_o.jpg?resize=525%2C300 1.5x, https:\/\/i0.wp.com\/www.grieta.org.mx\/wp-content\/uploads\/2018\/03\/14524434_1106112876131411_958039263622046936_o.jpg?resize=700%2C400 2x"},"classes":[]},{"id":36050,"url":"http:\/\/www.grieta.org.mx\/index.php\/2019\/07\/03\/paran-labores-en-servicios-publicos-denuncian-acoso-laboral-del-gobierno-de-claudia-rivera-vivanco\/","url_meta":{"origin":48366,"position":4},"title":"Paran labores en servicios p\u00fablicos: denuncian acoso laboral del gobierno de Claudia Rivera Vivanco (Puebla)","author":"Admin","date":"3 julio, 2019","format":false,"excerpt":"Yadira Llaven Anzures \/ LA JORNADA DE ORIENTE Personal sindicalizado del \u00e1rea de servicios p\u00fablicos del ayuntamiento de Puebla efectu\u00f3 este martes un paro de labores en demanda de mejores condiciones de trabajo, y para denunciar acoso laboral por parte del gobierno de Claudia Rivera Vivanco. Los inconformes del Departamento\u2026","rel":"","context":"En &quot;CINTILLO&quot;","block_context":{"text":"CINTILLO","link":"http:\/\/www.grieta.org.mx\/index.php\/category\/cintillo\/"},"img":{"alt_text":"","src":"https:\/\/i0.wp.com\/www.grieta.org.mx\/wp-content\/uploads\/2019\/07\/6098-extra-03a.jpg?resize=350%2C200","width":350,"height":200,"srcset":"https:\/\/i0.wp.com\/www.grieta.org.mx\/wp-content\/uploads\/2019\/07\/6098-extra-03a.jpg?resize=350%2C200 1x, https:\/\/i0.wp.com\/www.grieta.org.mx\/wp-content\/uploads\/2019\/07\/6098-extra-03a.jpg?resize=525%2C300 1.5x, https:\/\/i0.wp.com\/www.grieta.org.mx\/wp-content\/uploads\/2019\/07\/6098-extra-03a.jpg?resize=700%2C400 2x, https:\/\/i0.wp.com\/www.grieta.org.mx\/wp-content\/uploads\/2019\/07\/6098-extra-03a.jpg?resize=1050%2C600 3x"},"classes":[]},{"id":66387,"url":"http:\/\/www.grieta.org.mx\/index.php\/2023\/03\/01\/el-27-de-los-trabajadores-en-colima-se-encuentran-en-una-situacion-agravada-de-pobreza-extrema-laboral\/","url_meta":{"origin":48366,"position":5},"title":"El 27 % de los trabajadores en Colima se encuentran en una situaci\u00f3n agravada de pobreza extrema laboral","author":"grieta","date":"1 marzo, 2023","format":false,"excerpt":"Imagen: Diario Avanzada Heidi de Le\u00f3n Guti\u00e9rrez \/ Diario Avanzada Colima, M\u00e9xico, Comunicado (01\/02\/2023).- En Colima, el 27 por ciento de la poblaci\u00f3n que trabajaba no recibe ni un salario m\u00ednimo por la labor que desempe\u00f1a, lo que ubica a la entidad en una situaci\u00f3n inferior a la l\u00ednea de\u2026","rel":"","context":"En &quot;CINTILLO&quot;","block_context":{"text":"CINTILLO","link":"http:\/\/www.grieta.org.mx\/index.php\/category\/cintillo\/"},"img":{"alt_text":"","src":"https:\/\/i0.wp.com\/www.grieta.org.mx\/wp-content\/uploads\/2023\/03\/Justicia.jpg?resize=350%2C200","width":350,"height":200,"srcset":"https:\/\/i0.wp.com\/www.grieta.org.mx\/wp-content\/uploads\/2023\/03\/Justicia.jpg?resize=350%2C200 1x, https:\/\/i0.wp.com\/www.grieta.org.mx\/wp-content\/uploads\/2023\/03\/Justicia.jpg?resize=525%2C300 1.5x"},"classes":[]}],"_links":{"self":[{"href":"http:\/\/www.grieta.org.mx\/index.php\/wp-json\/wp\/v2\/posts\/48366","targetHints":{"allow":["GET"]}}],"collection":[{"href":"http:\/\/www.grieta.org.mx\/index.php\/wp-json\/wp\/v2\/posts"}],"about":[{"href":"http:\/\/www.grieta.org.mx\/index.php\/wp-json\/wp\/v2\/types\/post"}],"author":[{"embeddable":true,"href":"http:\/\/www.grieta.org.mx\/index.php\/wp-json\/wp\/v2\/users\/1"}],"replies":[{"embeddable":true,"href":"http:\/\/www.grieta.org.mx\/index.php\/wp-json\/wp\/v2\/comments?post=48366"}],"version-history":[{"count":1,"href":"http:\/\/www.grieta.org.mx\/index.php\/wp-json\/wp\/v2\/posts\/48366\/revisions"}],"predecessor-version":[{"id":48368,"href":"http:\/\/www.grieta.org.mx\/index.php\/wp-json\/wp\/v2\/posts\/48366\/revisions\/48368"}],"wp:featuredmedia":[{"embeddable":true,"href":"http:\/\/www.grieta.org.mx\/index.php\/wp-json\/wp\/v2\/media\/48367"}],"wp:attachment":[{"href":"http:\/\/www.grieta.org.mx\/index.php\/wp-json\/wp\/v2\/media?parent=48366"}],"wp:term":[{"taxonomy":"category","embeddable":true,"href":"http:\/\/www.grieta.org.mx\/index.php\/wp-json\/wp\/v2\/categories?post=48366"},{"taxonomy":"post_tag","embeddable":true,"href":"http:\/\/www.grieta.org.mx\/index.php\/wp-json\/wp\/v2\/tags?post=48366"}],"curies":[{"name":"wp","href":"https:\/\/api.w.org\/{rel}","templated":true}]}}