{"id":4833,"date":"2016-02-19T19:26:07","date_gmt":"2016-02-19T19:26:07","guid":{"rendered":"http:\/\/50.22.11.12\/~grietaor\/?p=4833"},"modified":"2016-03-25T19:28:00","modified_gmt":"2016-03-25T19:28:00","slug":"avanzaba-mty-vi-sin-bases","status":"publish","type":"post","link":"http:\/\/www.grieta.org.mx\/index.php\/2016\/02\/19\/avanzaba-mty-vi-sin-bases\/","title":{"rendered":"AVANZABA MTY VI\u2026 SIN BASES"},"content":{"rendered":"<p>No a Monterrey VI<\/p>\n<p>Advierte ASF anomal\u00edas. Se\u00f1alan que proyecto se promovi\u00f3 en 2014 sin acreditar viabilidad t\u00e9cnica y financiera<\/p>\n<p>Ver\u00f3nica Ayala<\/p>\n<p>M\u00c9XICO.- El proyecto hidr\u00e1ulico Monterrey VI fue impulsado por la pasada Administraci\u00f3n estatal sin contar con un esquema financiero viable ni un an\u00e1lisis t\u00e9cnico que sustentaran la obra, de acuerdo con la Auditor\u00eda Superior de la Federaci\u00f3n (ASF).<\/p>\n<p>Y, contrario a la informaci\u00f3n p\u00fablica del entonces Gobierno, el proyecto s\u00ed contemplaba un aumento en las tarifas de agua.<\/p>\n<p>En su Informe de la Cuenta P\u00fablica 2014, difundido el mi\u00e9rcoles, la ASF incluy\u00f3 una auditor\u00eda al pol\u00e9mico plan se\u00f1alando diversas irregularidades, como la falta de transparencia en la informaci\u00f3n y no haber respaldado que el plazo para pagar el proyecto sea el adecuado y no implique riesgos financieros.<\/p>\n<p>Tambi\u00e9n se se\u00f1ala que no se sustent\u00f3 que se haya hecho un adecuado an\u00e1lisis de las propuestas para la adjudicaci\u00f3n y contrataci\u00f3n del proyecto ni se justific\u00f3 por qu\u00e9 se solicit\u00f3 una pr\u00f3rroga para utilizar una bolsa federal.<\/p>\n<p>\u201c(Agua y Drenaje de Monterrey) no acredit\u00f3 que los an\u00e1lisis de riesgo t\u00e9cnicos y financieros demuestren que el plazo considerado para la recuperaci\u00f3n de la inversi\u00f3n est\u00e9n debidamente soportados para garantizar que el periodo de 27 a\u00f1os\u2026 es el m\u00e1s conveniente para el Gobierno de Nuevo Le\u00f3n\u201d, se\u00f1ala el reporte.<\/p>\n<p>De acuerdo con el proyecto original de Monterrey VI, promovido por el Gobierno que encabez\u00f3 el priista Rodrigo Medina, en ese plazo de 27 a\u00f1os se contemplaba pagar 62 mil millones de pesos por la obra, que traer\u00eda agua del R\u00edo P\u00e1nuco a la Presa Cerro Prieto.<\/p>\n<p>Adem\u00e1s, para justificar la viabilidad de la obra, el informe revela que, en base a un oficio enviado por la actual Administraci\u00f3n y a diferencia de lo que se hab\u00eda manejado oficialmente, el proyecto s\u00ed contempla incrementos en las tarifas para usuarios industriales y dom\u00e9sticos.<\/p>\n<p>\u201c(Incluye) an\u00e1lisis de impacto en las tarifas con un escenario de incremento de 12.68 por ciento con un ajuste del 1.00 por ciento mensual de enero a diciembre para el \u00e1rea metropolitana de Monterrey para usuarios dom\u00e9sticos\u201d, dice en referencia a un oficio del 10 de noviembre.<\/p>\n<p>Otro de los se\u00f1alamientos de la ASF indica que la paraestatal tampoco justific\u00f3 una pr\u00f3rroga que present\u00f3 desde diciembre del 2013 y que ha venido ampliando hasta marzo pasado para la utilizaci\u00f3n de 2 mil 966 millones de pesos provenientes del Fonadin.<\/p>\n<p>\u201cNo logr\u00f3 acreditar las razones por las que solicita la pr\u00f3rroga, ni la autorizaci\u00f3n por parte de Banobras para la utilizaci\u00f3n del recurso proveniente del Fonadin\u201d, establece en sus resolutivos.<\/p>\n<p>Otra anomal\u00eda se\u00f1alada fue la falta de una evaluaci\u00f3n y seguimiento del impacto de los proyectos de asociaci\u00f3n p\u00fablico-privada en las finanzas p\u00fablicas.<\/p>\n<p>El informe tambi\u00e9n revela que, unos 10 d\u00edas antes de concluir la Administraci\u00f3n de Medina, el 23 de septiembre, se aprob\u00f3 una pr\u00f3rroga de seis meses para el cumplimiento del contrato, que vencer\u00e1 en marzo pr\u00f3ximo.<\/p>\n<p><a href=\"http:\/\/noamonterreyvi.com\/2016\/02\/20\/avanzaba-mty-vi-sin-bases-el-norte\/\" target=\"_blank\">http:\/\/noamonterreyvi.com\/2016\/02\/20\/avanzaba-mty-vi-sin-bases-el-norte\/<\/a><\/p>\n<p>Nota publicada el 19 de febrero de 2016 en El Norte.<\/p>\n","protected":false},"excerpt":{"rendered":"<p>No a Monterrey VI Advierte ASF anomal\u00edas. Se\u00f1alan que proyecto se promovi\u00f3 en 2014 sin acreditar viabilidad t\u00e9cnica y financiera Ver\u00f3nica Ayala M\u00c9XICO.- El proyecto hidr\u00e1ulico Monterrey VI fue impulsado &hellip; <a href=\"http:\/\/www.grieta.org.mx\/index.php\/2016\/02\/19\/avanzaba-mty-vi-sin-bases\/\" class=\"more-link\">Leer m\u00e1s<\/a><\/p>\n","protected":false},"author":2,"featured_media":21928,"comment_status":"closed","ping_status":"open","sticky":false,"template":"","format":"standard","meta":{"ngg_post_thumbnail":0,"_jetpack_newsletter_access":"","_jetpack_dont_email_post_to_subs":false,"_jetpack_newsletter_tier_id":0,"_jetpack_memberships_contains_paywalled_content":false,"_jetpack_memberships_contains_paid_content":false,"footnotes":""},"categories":[80,202,38],"tags":[358],"class_list":["post-4833","post","type-post","status-publish","format-standard","has-post-thumbnail","hentry","category-cintillo","category-nuevo-leon","category-proyectos-hidricos","tag-monterrey-vi","entry"],"jetpack_featured_media_url":"http:\/\/www.grieta.org.mx\/wp-content\/uploads\/2018\/03\/14524434_1106112876131411_958039263622046936_o.jpg","jetpack_sharing_enabled":true,"jetpack_shortlink":"https:\/\/wp.me\/p7ZJR4-1fX","jetpack_likes_enabled":false,"jetpack-related-posts":[{"id":4530,"url":"http:\/\/www.grieta.org.mx\/index.php\/2016\/09\/14\/proyecto-hidraulico-monterrey-vi\/","url_meta":{"origin":4833,"position":0},"title":"Proyecto Hidr\u00e1ulico Monterrey VI","author":"grieta","date":"14 septiembre, 2016","format":false,"excerpt":"13\/09\/16. Admite gobernador acuerdo con EPN sobre Monterrey VI'Milenio Monterrey 14\/08\/16. Proyecto de acueducto en Monterrey 'sigue vivo'El Economista 07\/07\/16. Exigen revisar alternativas a proyecto Monterrey VI Milenio Monterrey 18\/06\/16. Monterrey VI da\u00f1ar\u00eda a sectores productivos Milenio Tamaulipas 21\/05\/16. Planta gobernador a inconformes con Monterrey VI Milenio Monterrey 16\/05\/16. En\u2026","rel":"","context":"En &quot;NOTICIAS NACIONALES&quot;","block_context":{"text":"NOTICIAS NACIONALES","link":"http:\/\/www.grieta.org.mx\/index.php\/category\/noticias-nacionales\/"},"img":{"alt_text":"","src":"https:\/\/i0.wp.com\/www.grieta.org.mx\/wp-content\/uploads\/2018\/03\/14524434_1106112876131411_958039263622046936_o.jpg?resize=350%2C200","width":350,"height":200,"srcset":"https:\/\/i0.wp.com\/www.grieta.org.mx\/wp-content\/uploads\/2018\/03\/14524434_1106112876131411_958039263622046936_o.jpg?resize=350%2C200 1x, https:\/\/i0.wp.com\/www.grieta.org.mx\/wp-content\/uploads\/2018\/03\/14524434_1106112876131411_958039263622046936_o.jpg?resize=525%2C300 1.5x, https:\/\/i0.wp.com\/www.grieta.org.mx\/wp-content\/uploads\/2018\/03\/14524434_1106112876131411_958039263622046936_o.jpg?resize=700%2C400 2x"},"classes":[]},{"id":13452,"url":"http:\/\/www.grieta.org.mx\/index.php\/2016\/05\/16\/en-riesgo-la-privatizacion-del-agua-con-acueducto-monterrey-vi-regios-pagaran-hasta-500-mas-por-el-liquido\/","url_meta":{"origin":4833,"position":1},"title":"En riesgo la privatizaci\u00f3n del agua; con Acueducto Monterrey VI, regios pagar\u00e1n hasta 500% m\u00e1s por el l\u00edquido","author":"grieta","date":"16 mayo, 2016","format":false,"excerpt":"Cecilia Balderas (16 de mayo, 2016. Revoluci\u00f3n TRESPUNTOCERO).- De concretarse el proyecto denominado Acueducto Monterrey VI, que transitar\u00e1 por los estados de Veracruz, Tamaulipas, San Luis Potos\u00ed y Nuevo Le\u00f3n, \u201cse van a presentar much\u00edsimos problemas sociales\u201d, advirti\u00f3 el pasado abril Celerino Cruz Garc\u00eda, director general de Auditor\u00eda de Inversiones\u2026","rel":"","context":"En &quot;CINTILLO&quot;","block_context":{"text":"CINTILLO","link":"http:\/\/www.grieta.org.mx\/index.php\/category\/cintillo\/"},"img":{"alt_text":"","src":"https:\/\/i0.wp.com\/www.grieta.org.mx\/wp-content\/uploads\/2018\/03\/14524434_1106112876131411_958039263622046936_o.jpg?resize=350%2C200","width":350,"height":200,"srcset":"https:\/\/i0.wp.com\/www.grieta.org.mx\/wp-content\/uploads\/2018\/03\/14524434_1106112876131411_958039263622046936_o.jpg?resize=350%2C200 1x, https:\/\/i0.wp.com\/www.grieta.org.mx\/wp-content\/uploads\/2018\/03\/14524434_1106112876131411_958039263622046936_o.jpg?resize=525%2C300 1.5x, https:\/\/i0.wp.com\/www.grieta.org.mx\/wp-content\/uploads\/2018\/03\/14524434_1106112876131411_958039263622046936_o.jpg?resize=700%2C400 2x"},"classes":[]},{"id":4715,"url":"http:\/\/www.grieta.org.mx\/index.php\/2015\/04\/07\/el-proyecto-monterrey-vi-factores-para-su-cancelacion\/","url_meta":{"origin":4833,"position":2},"title":"El proyecto Monterrey VI: factores para su cancelaci\u00f3n","author":"grieta","date":"7 abril, 2015","format":false,"excerpt":"\u00a0No a Monterrey VI 7 abril, 2015 Les compartimos esta galer\u00eda multimedia publicada por elnorte.com el 7 de abril de 2015 en la que explican diversos factores por los que desde todos los \u00e1mbitos de la sociedad se exige la cancelaci\u00f3n del proyecto Monterrey VI. \u201cMientras el Gobierno de NL\u2026","rel":"","context":"En &quot;CINTILLO&quot;","block_context":{"text":"CINTILLO","link":"http:\/\/www.grieta.org.mx\/index.php\/category\/cintillo\/"},"img":{"alt_text":"","src":"https:\/\/i0.wp.com\/www.grieta.org.mx\/wp-content\/uploads\/2018\/03\/14524434_1106112876131411_958039263622046936_o.jpg?resize=350%2C200","width":350,"height":200,"srcset":"https:\/\/i0.wp.com\/www.grieta.org.mx\/wp-content\/uploads\/2018\/03\/14524434_1106112876131411_958039263622046936_o.jpg?resize=350%2C200 1x, https:\/\/i0.wp.com\/www.grieta.org.mx\/wp-content\/uploads\/2018\/03\/14524434_1106112876131411_958039263622046936_o.jpg?resize=525%2C300 1.5x, https:\/\/i0.wp.com\/www.grieta.org.mx\/wp-content\/uploads\/2018\/03\/14524434_1106112876131411_958039263622046936_o.jpg?resize=700%2C400 2x"},"classes":[]},{"id":4556,"url":"http:\/\/www.grieta.org.mx\/index.php\/2015\/07\/17\/piden-cancelar-monterrey-vi-sin-pagar-indemnizacion\/","url_meta":{"origin":4833,"position":3},"title":"Piden cancelar Monterrey VI sin pagar indemnizaci\u00f3n","author":"grieta","date":"17 julio, 2015","format":false,"excerpt":"El Financiero Dirigentes de organizaciones de la sociedad civil de Nuevo Le\u00f3n consideraron que el proyecto Monterrey VI se debe cancelar sin pagar ning\u00fan tipo de indemnizaci\u00f3n. Juan Antonio Lara MONTERREY.- El proyecto Monterrey VI se debe cancelar sin pagar ning\u00fan tipo de indemnizaci\u00f3n, se\u00f1alaron dirigentes de organizaciones de la\u2026","rel":"","context":"En &quot;CINTILLO&quot;","block_context":{"text":"CINTILLO","link":"http:\/\/www.grieta.org.mx\/index.php\/category\/cintillo\/"},"img":{"alt_text":"","src":"https:\/\/i0.wp.com\/www.grieta.org.mx\/wp-content\/uploads\/2018\/03\/14524434_1106112876131411_958039263622046936_o.jpg?resize=350%2C200","width":350,"height":200,"srcset":"https:\/\/i0.wp.com\/www.grieta.org.mx\/wp-content\/uploads\/2018\/03\/14524434_1106112876131411_958039263622046936_o.jpg?resize=350%2C200 1x, https:\/\/i0.wp.com\/www.grieta.org.mx\/wp-content\/uploads\/2018\/03\/14524434_1106112876131411_958039263622046936_o.jpg?resize=525%2C300 1.5x, https:\/\/i0.wp.com\/www.grieta.org.mx\/wp-content\/uploads\/2018\/03\/14524434_1106112876131411_958039263622046936_o.jpg?resize=700%2C400 2x"},"classes":[]},{"id":14564,"url":"http:\/\/www.grieta.org.mx\/index.php\/2016\/06\/19\/afectaciones-en-tamaulipas-por-proyecto-monterrey-vi\/","url_meta":{"origin":4833,"position":4},"title":"Afectaciones en Tamaulipas por proyecto Monterrey VI","author":"grieta","date":"19 junio, 2016","format":false,"excerpt":"18\/06\/16. Monterrey VI da\u00f1ar\u00eda a sectores productivosMilenio Tamaulipas","rel":"","context":"En &quot;NOTICIAS NACIONALES&quot;","block_context":{"text":"NOTICIAS NACIONALES","link":"http:\/\/www.grieta.org.mx\/index.php\/category\/noticias-nacionales\/"},"img":{"alt_text":"","src":"https:\/\/i0.wp.com\/www.grieta.org.mx\/wp-content\/uploads\/2018\/03\/14524434_1106112876131411_958039263622046936_o.jpg?resize=350%2C200","width":350,"height":200,"srcset":"https:\/\/i0.wp.com\/www.grieta.org.mx\/wp-content\/uploads\/2018\/03\/14524434_1106112876131411_958039263622046936_o.jpg?resize=350%2C200 1x, https:\/\/i0.wp.com\/www.grieta.org.mx\/wp-content\/uploads\/2018\/03\/14524434_1106112876131411_958039263622046936_o.jpg?resize=525%2C300 1.5x, https:\/\/i0.wp.com\/www.grieta.org.mx\/wp-content\/uploads\/2018\/03\/14524434_1106112876131411_958039263622046936_o.jpg?resize=700%2C400 2x"},"classes":[]},{"id":4567,"url":"http:\/\/www.grieta.org.mx\/index.php\/2015\/07\/08\/monterrey-vi-cronica-de-una-obra-polemica\/","url_meta":{"origin":4833,"position":5},"title":"Monterrey VI, cr\u00f3nica de una obra pol\u00e9mica","author":"grieta","date":"8 julio, 2015","format":false,"excerpt":"Milenio Eduardo Mendieta Monterrey, NL. Pese a que el proyecto Monterrey VI ha sido considerado desde hace un par de a\u00f1os en los planes de mandatarios estatales y federales, el acueducto ha creado pol\u00e9mica en la sociedad regiomontana casi desde su planteamiento. De acuerdo a reportes period\u00edsticos, el presidente Enrique\u2026","rel":"","context":"En &quot;CINTILLO&quot;","block_context":{"text":"CINTILLO","link":"http:\/\/www.grieta.org.mx\/index.php\/category\/cintillo\/"},"img":{"alt_text":"","src":"https:\/\/i0.wp.com\/www.grieta.org.mx\/wp-content\/uploads\/2018\/03\/14524434_1106112876131411_958039263622046936_o.jpg?resize=350%2C200","width":350,"height":200,"srcset":"https:\/\/i0.wp.com\/www.grieta.org.mx\/wp-content\/uploads\/2018\/03\/14524434_1106112876131411_958039263622046936_o.jpg?resize=350%2C200 1x, https:\/\/i0.wp.com\/www.grieta.org.mx\/wp-content\/uploads\/2018\/03\/14524434_1106112876131411_958039263622046936_o.jpg?resize=525%2C300 1.5x, https:\/\/i0.wp.com\/www.grieta.org.mx\/wp-content\/uploads\/2018\/03\/14524434_1106112876131411_958039263622046936_o.jpg?resize=700%2C400 2x"},"classes":[]}],"_links":{"self":[{"href":"http:\/\/www.grieta.org.mx\/index.php\/wp-json\/wp\/v2\/posts\/4833","targetHints":{"allow":["GET"]}}],"collection":[{"href":"http:\/\/www.grieta.org.mx\/index.php\/wp-json\/wp\/v2\/posts"}],"about":[{"href":"http:\/\/www.grieta.org.mx\/index.php\/wp-json\/wp\/v2\/types\/post"}],"author":[{"embeddable":true,"href":"http:\/\/www.grieta.org.mx\/index.php\/wp-json\/wp\/v2\/users\/2"}],"replies":[{"embeddable":true,"href":"http:\/\/www.grieta.org.mx\/index.php\/wp-json\/wp\/v2\/comments?post=4833"}],"version-history":[{"count":1,"href":"http:\/\/www.grieta.org.mx\/index.php\/wp-json\/wp\/v2\/posts\/4833\/revisions"}],"predecessor-version":[{"id":4835,"href":"http:\/\/www.grieta.org.mx\/index.php\/wp-json\/wp\/v2\/posts\/4833\/revisions\/4835"}],"wp:featuredmedia":[{"embeddable":true,"href":"http:\/\/www.grieta.org.mx\/index.php\/wp-json\/wp\/v2\/media\/21928"}],"wp:attachment":[{"href":"http:\/\/www.grieta.org.mx\/index.php\/wp-json\/wp\/v2\/media?parent=4833"}],"wp:term":[{"taxonomy":"category","embeddable":true,"href":"http:\/\/www.grieta.org.mx\/index.php\/wp-json\/wp\/v2\/categories?post=4833"},{"taxonomy":"post_tag","embeddable":true,"href":"http:\/\/www.grieta.org.mx\/index.php\/wp-json\/wp\/v2\/tags?post=4833"}],"curies":[{"name":"wp","href":"https:\/\/api.w.org\/{rel}","templated":true}]}}