{"id":48318,"date":"2020-04-02T23:27:28","date_gmt":"2020-04-03T05:27:28","guid":{"rendered":"http:\/\/www.grieta.org.mx\/?p=48318"},"modified":"2020-04-28T23:32:00","modified_gmt":"2020-04-29T04:32:00","slug":"reducen-suministro-de-agua-en-ecatepec-durante-emergencia-por-covid-19-estado-de-mexico","status":"publish","type":"post","link":"http:\/\/www.grieta.org.mx\/index.php\/2020\/04\/02\/reducen-suministro-de-agua-en-ecatepec-durante-emergencia-por-covid-19-estado-de-mexico\/","title":{"rendered":"Reducen suministro de agua en Ecatepec durante emergencia por Covid-19 (Estado de M\u00e9xico)"},"content":{"rendered":"<p><img loading=\"lazy\" decoding=\"async\" data-attachment-id=\"48319\" data-permalink=\"http:\/\/www.grieta.org.mx\/index.php\/2020\/04\/02\/reducen-suministro-de-agua-en-ecatepec-durante-emergencia-por-covid-19-estado-de-mexico\/reducen-suministro-de-agua-en-ecatepec-durante-emergencia-por-covid-19-edomex-abr\/\" data-orig-file=\"http:\/\/www.grieta.org.mx\/wp-content\/uploads\/2020\/04\/Reducen-suministro-de-agua-en-Ecatepec-durante-emergencia-por-Covid-19-edomex-abr.jpg\" data-orig-size=\"664,498\" data-comments-opened=\"0\" data-image-meta=\"{&quot;aperture&quot;:&quot;0&quot;,&quot;credit&quot;:&quot;&quot;,&quot;camera&quot;:&quot;&quot;,&quot;caption&quot;:&quot;&quot;,&quot;created_timestamp&quot;:&quot;0&quot;,&quot;copyright&quot;:&quot;&quot;,&quot;focal_length&quot;:&quot;0&quot;,&quot;iso&quot;:&quot;0&quot;,&quot;shutter_speed&quot;:&quot;0&quot;,&quot;title&quot;:&quot;&quot;,&quot;orientation&quot;:&quot;0&quot;}\" data-image-title=\"Reducen suministro de agua en Ecatepec durante emergencia por Covid-19 edomex abr\" data-image-description=\"\" data-image-caption=\"\" data-medium-file=\"http:\/\/www.grieta.org.mx\/wp-content\/uploads\/2020\/04\/Reducen-suministro-de-agua-en-Ecatepec-durante-emergencia-por-Covid-19-edomex-abr-300x225.jpg\" data-large-file=\"http:\/\/www.grieta.org.mx\/wp-content\/uploads\/2020\/04\/Reducen-suministro-de-agua-en-Ecatepec-durante-emergencia-por-Covid-19-edomex-abr.jpg\" class=\"aligncenter  wp-image-48319\" src=\"http:\/\/www.grieta.org.mx\/wp-content\/uploads\/2020\/04\/Reducen-suministro-de-agua-en-Ecatepec-durante-emergencia-por-Covid-19-edomex-abr.jpg\" alt=\"\" width=\"571\" height=\"428\" srcset=\"http:\/\/www.grieta.org.mx\/wp-content\/uploads\/2020\/04\/Reducen-suministro-de-agua-en-Ecatepec-durante-emergencia-por-Covid-19-edomex-abr.jpg 664w, http:\/\/www.grieta.org.mx\/wp-content\/uploads\/2020\/04\/Reducen-suministro-de-agua-en-Ecatepec-durante-emergencia-por-Covid-19-edomex-abr-300x225.jpg 300w\" sizes=\"auto, (max-width: 571px) 100vw, 571px\" \/><br \/>\n<em>Foto: Cuartoscuro<\/em><\/p>\n<p>Mar\u00eda de los \u00c1ngeles Velasco \/ Excelsior<\/p>\n<blockquote><p>Los habitantes de la Quinta Zona son los m\u00e1s afectados por esta reducci\u00f3n que impacta a m\u00e1s de 600 mil personas<\/p><\/blockquote>\n<p>En plena contingencia por el coronavirus, disminuy\u00f3 alrededor del 19 por ciento el suministro de agua potable en Ecatepec, lo que afecta a m\u00e1s de 600 mil habitantes de la quinta zona de este municipio<\/p>\n<p>El alcalde Fernando Vilchiz Contreras inform\u00f3 que la Comisi\u00f3n de Agua del Estado de M\u00e9xico (CAEM) y el Organismo de Cuenca de Aguas del Valle de Mexico (OCAVM) redujeron el suministro, sin informar las causas y en plena contingencia por el Covid-19.<\/p>\n<p>La dependencia estatal redujo parcialmente el suministro e incluso dej\u00f3 sin agua potable a colonias que hist\u00f3ricamente han padecido la falta de este importante servicio, muchas de ellas en la denominada Quinta Zona, es decir en comunidades ubicadas entre el R\u00edo de los Remedios y el Canal de la Draga.<\/p>\n<p>El presidente municipal de Ecatepec explic\u00f3 que la quinta zona depende casi al 100 por ciento del volumen de agua que la CAEM y el OCAVM entregan al municipio, por lo que la reducci\u00f3n impacta severamente en el servicio que reciben m\u00e1s de 600 mil habitantes de dichas colonias.<\/p>\n<p>Vilchis Contreras a\u00f1adi\u00f3 que su gobierno actualmente perfora cinco pozos de agua y se cuenta con el proyecto para 10 m\u00e1s, los cuales podr\u00edan estar listos en lo que resta del a\u00f1o, con el fin de aumentar las fuentes de abastecimiento propias y depender menos de organismos externos.<\/p>\n<p>El recorte tambi\u00e9n afect\u00f3 a colonias localizadas en las partes altas del municipio, como Izcalli Ecatepec, La Joya, Tierra Blanca y Cerro Gordo, adem\u00e1s de comunidades de gran tama\u00f1o como Ciudad Cuauht\u00e9moc y San Carlos, entre otras.<\/p>\n<p>La situaci\u00f3n es alarmante, toda vez que el municipio, al igual que el pa\u00eds, atraviesa una crisis sanitaria derivada de la pandemia del coronavirus, que obliga a las personas a permanecer m\u00e1s tiempo en sus hogares, por lo que ocupan mayor cantidad de agua para sus necesidades y en seguir las recomendaciones de las autoridades de salud para prevenir contagios.<\/p>\n<p>La reducci\u00f3n del 19 por ciento del caudal representa alrededor de 340 litros por segundo menos suministrados a la red que abastece a estas comunidades. Es decir, de los mil 746 litros por segundo proporcionados por la CAEM, s\u00f3lo se est\u00e1n suministrando mil 406 litros por segundo.<\/p>\n<p><a href=\"https:\/\/www.excelsior.com.mx\/comunidad\/reducen-suministro-de-agua-en-ecatepec-durante-emergencia-por-covid-19\/1373764\" target=\"_blank\" rel=\"noopener noreferrer\">https:\/\/www.excelsior.com.mx\/comunidad\/reducen-suministro-de-agua-en-ecatepec-durante-emergencia-por-covid-19\/1373764<\/a><\/p>\n","protected":false},"excerpt":{"rendered":"<p>Foto: Cuartoscuro Mar\u00eda de los \u00c1ngeles Velasco \/ Excelsior Los habitantes de la Quinta Zona son los m\u00e1s afectados por esta reducci\u00f3n que impacta a m\u00e1s de 600 mil personas &hellip; <a href=\"http:\/\/www.grieta.org.mx\/index.php\/2020\/04\/02\/reducen-suministro-de-agua-en-ecatepec-durante-emergencia-por-covid-19-estado-de-mexico\/\" class=\"more-link\">Leer m\u00e1s<\/a><\/p>\n","protected":false},"author":2,"featured_media":48319,"comment_status":"closed","ping_status":"closed","sticky":false,"template":"","format":"standard","meta":{"ngg_post_thumbnail":0,"_jetpack_newsletter_access":"","_jetpack_dont_email_post_to_subs":false,"_jetpack_newsletter_tier_id":0,"_jetpack_memberships_contains_paywalled_content":false,"_jetpack_memberships_contains_paid_content":false,"footnotes":""},"categories":[80,1571,3270,914,3034,16,2,83],"tags":[3241,2403,2378],"class_list":["post-48318","post","type-post","status-publish","format-standard","has-post-thumbnail","hentry","category-cintillo","category-conflictos-por-falta-de-agua-en-el-estado-de-mexico","category-covid-19-en-estado-de-mexico","category-privatizacion-del-agua","category-crisis-del-agua-en-el-estado-de-mexico","category-estado-de-mexico","category-noticias-nacionales","category-temas-nacionales","tag-covid-19","tag-crisis-del-agua","tag-desabasto-agua","entry"],"jetpack_featured_media_url":"http:\/\/www.grieta.org.mx\/wp-content\/uploads\/2020\/04\/Reducen-suministro-de-agua-en-Ecatepec-durante-emergencia-por-Covid-19-edomex-abr.jpg","jetpack_sharing_enabled":true,"jetpack_shortlink":"https:\/\/wp.me\/p7ZJR4-czk","jetpack_likes_enabled":false,"jetpack-related-posts":[{"id":49012,"url":"http:\/\/www.grieta.org.mx\/index.php\/2020\/05\/12\/vecinos-de-ecatepec-piden-agua-afuera-de-palacio-nacional-estado-de-mexico\/","url_meta":{"origin":48318,"position":0},"title":"Vecinos de Ecatepec piden agua afuera de Palacio Nacional (Estado de M\u00e9xico)","author":"grieta","date":"12 mayo, 2020","format":false,"excerpt":"Foto: Jos\u00e9 Antonio Garc\u00eda Jos\u00e9 Antonio Garc\u00eda \/ Excelsior Piden les sea reinstalado el suministro de agua potable a trav\u00e9s de la red hidr\u00e1ulica ya que desde hace 30 d\u00edas no hay servicio Vecinos de las colonias Florida, Alborada de Arag\u00f3n, Parques de Arag\u00f3n, Villas Cosmos y Fuentes, todas del\u2026","rel":"","context":"En &quot;CINTILLO&quot;","block_context":{"text":"CINTILLO","link":"http:\/\/www.grieta.org.mx\/index.php\/category\/cintillo\/"},"img":{"alt_text":"","src":"https:\/\/i0.wp.com\/www.grieta.org.mx\/wp-content\/uploads\/2020\/05\/Vecinos-de-Ecatepec-piden-agua-afuera-de-Palacio-Nacional-edomex-may.jpg?resize=350%2C200","width":350,"height":200,"srcset":"https:\/\/i0.wp.com\/www.grieta.org.mx\/wp-content\/uploads\/2020\/05\/Vecinos-de-Ecatepec-piden-agua-afuera-de-Palacio-Nacional-edomex-may.jpg?resize=350%2C200 1x, https:\/\/i0.wp.com\/www.grieta.org.mx\/wp-content\/uploads\/2020\/05\/Vecinos-de-Ecatepec-piden-agua-afuera-de-Palacio-Nacional-edomex-may.jpg?resize=525%2C300 1.5x"},"classes":[]},{"id":48321,"url":"http:\/\/www.grieta.org.mx\/index.php\/2020\/04\/24\/sin-agua-en-sus-casas-los-mexicanos-mas-pobres-luchan-contra-propagacion-del-coronavirus\/","url_meta":{"origin":48318,"position":1},"title":"Sin agua en sus casas, los mexicanos m\u00e1s pobres luchan contra propagaci\u00f3n del coronavirus","author":"grieta","date":"24 abril, 2020","format":false,"excerpt":"Un cami\u00f3n cisterna distribuye agua gratis a las casas como parte de los esfuerzos del gobierno local en el barrio Tablas del Pozo, donde la escasez del l\u00edquido complica la lucha por contener la propagaci\u00f3n del coronavirus, en el municipio Ecatepec, en el Estado de M\u00e9xico. 16 de abril de\u2026","rel":"","context":"En &quot;CINTILLO&quot;","block_context":{"text":"CINTILLO","link":"http:\/\/www.grieta.org.mx\/index.php\/category\/cintillo\/"},"img":{"alt_text":"","src":"https:\/\/i0.wp.com\/www.grieta.org.mx\/wp-content\/uploads\/2020\/04\/Sin-agua-en-sus-casas-los-mexicanos-m%C3%A1s-pobres-luchan-contra-propagaci%C3%B3n-del-coronavirus-cdmx-edomex-abr.jpg?resize=350%2C200","width":350,"height":200},"classes":[]},{"id":56473,"url":"http:\/\/www.grieta.org.mx\/index.php\/2021\/01\/24\/denuncian-desabasto-de-agua-en-san-lorenzo-coacalco-en-metepec-estado-de-mexico\/","url_meta":{"origin":48318,"position":2},"title":"Denuncian desabasto de agua en San Lorenzo Coacalco en Metepec (Estado de M\u00e9xico)","author":"grieta","date":"24 enero, 2021","format":false,"excerpt":"Foto: Comisi\u00f3n del Agua del Estado de M\u00e9xico Elizabeth R\u00edos \/ El Sol de Toluca El problema se agudiz\u00f3 desde el inicio de la pandemia, lo que dificulta seguir algunas de las medidas de prevenci\u00f3n contra el nuevo coronavirus, entre ellas el lavado de manos de manera constante Vecinos de\u2026","rel":"","context":"En &quot;CINTILLO&quot;","block_context":{"text":"CINTILLO","link":"http:\/\/www.grieta.org.mx\/index.php\/category\/cintillo\/"},"img":{"alt_text":"","src":"https:\/\/i0.wp.com\/www.grieta.org.mx\/wp-content\/uploads\/2021\/01\/Denuncian-desabasto-de-agua-en-San-Lorenzo-Coacalco-en-Metepec-edomex-ene.jpg?resize=350%2C200","width":350,"height":200,"srcset":"https:\/\/i0.wp.com\/www.grieta.org.mx\/wp-content\/uploads\/2021\/01\/Denuncian-desabasto-de-agua-en-San-Lorenzo-Coacalco-en-Metepec-edomex-ene.jpg?resize=350%2C200 1x, https:\/\/i0.wp.com\/www.grieta.org.mx\/wp-content\/uploads\/2021\/01\/Denuncian-desabasto-de-agua-en-San-Lorenzo-Coacalco-en-Metepec-edomex-ene.jpg?resize=525%2C300 1.5x, https:\/\/i0.wp.com\/www.grieta.org.mx\/wp-content\/uploads\/2021\/01\/Denuncian-desabasto-de-agua-en-San-Lorenzo-Coacalco-en-Metepec-edomex-ene.jpg?resize=700%2C400 2x"},"classes":[]},{"id":43394,"url":"http:\/\/www.grieta.org.mx\/index.php\/2020\/01\/23\/control-por-el-agua-desata-tension-en-poblado-de-ixtapaluca-estado-de-mexico\/","url_meta":{"origin":48318,"position":3},"title":"Control por el agua desata tensi\u00f3n en poblado de Ixtapaluca (Estado de M\u00e9xico)","author":"grieta","date":"23 enero, 2020","format":false,"excerpt":"Manuel L\u00f3pez \/ Hoy Estado Habitantes del pueblo de Ayotla, en el municipio de Ixtapaluca, se congregaron en el centro de la comunidad para exigir la destituci\u00f3n del actual Comit\u00e9 de Agua Potable dirigido por Guillermo D\u00edaz Mena, quien desde hace 30 a\u00f1os ha permanecido en el poder. De acuerdo\u2026","rel":"","context":"En &quot;CINTILLO&quot;","block_context":{"text":"CINTILLO","link":"http:\/\/www.grieta.org.mx\/index.php\/category\/cintillo\/"},"img":{"alt_text":"","src":"https:\/\/i0.wp.com\/www.grieta.org.mx\/wp-content\/uploads\/2020\/01\/Control-por-el-agua-desata-tensi%C3%B3n-en-poblado-de-Ixtapaluca-edomex-ene.jpg?resize=350%2C200","width":350,"height":200},"classes":[]},{"id":48315,"url":"http:\/\/www.grieta.org.mx\/index.php\/2020\/04\/26\/habitantes-de-fraccionamientos-piden-agua-de-calidad-estado-de-mexico\/","url_meta":{"origin":48318,"position":4},"title":"Habitantes de fraccionamientos piden &#8220;agua de calidad&#8221; (Estado de M\u00e9xico)","author":"grieta","date":"26 abril, 2020","format":false,"excerpt":"Foto: Luis rodr\u00edguez \/ El Sol de Toluca Rodrigo Miranda \/ El Sol de Toluca Vecinos de Misiones y Villa Toscana aseguran que el l\u00edquido que actualmente reciben est\u00e1 contaminado seg\u00fan un estudio Miles de familias que habitan los fraccionamientos Misiones y Villa Toscana, ubicados frente al Parque Industrial Toluca\u2026","rel":"","context":"En &quot;CINTILLO&quot;","block_context":{"text":"CINTILLO","link":"http:\/\/www.grieta.org.mx\/index.php\/category\/cintillo\/"},"img":{"alt_text":"","src":"http:\/\/www.grieta.org.mx\/wp-content\/uploads\/2020\/04\/Habitantes-de-fraccionamientos-piden-agua-de-calidad-edomex-abr.jpe","width":350,"height":200,"srcset":"http:\/\/www.grieta.org.mx\/wp-content\/uploads\/2020\/04\/Habitantes-de-fraccionamientos-piden-agua-de-calidad-edomex-abr.jpe 1x, http:\/\/www.grieta.org.mx\/wp-content\/uploads\/2020\/04\/Habitantes-de-fraccionamientos-piden-agua-de-calidad-edomex-abr.jpe 1.5x, http:\/\/www.grieta.org.mx\/wp-content\/uploads\/2020\/04\/Habitantes-de-fraccionamientos-piden-agua-de-calidad-edomex-abr.jpe 2x"},"classes":[]},{"id":68977,"url":"http:\/\/www.grieta.org.mx\/index.php\/2024\/05\/24\/enfrentan-habitantes-de-nextlalpan-problemas-graves-de-suministro-de-agua-estado-de-mexico\/","url_meta":{"origin":48318,"position":5},"title":"Enfrentan habitantes de Nextlalpan problemas graves de suministro de agua (Estado de M\u00e9xico)","author":"grieta","date":"24 mayo, 2024","format":false,"excerpt":"Por \u00a0H Grupo Editorial Foto tomada de: hgrupoeditorial.com\/ Habitantes del municipio de Nextlalpan manifestaron que por a\u00f1os han padecido de falta de agua, con las obras de interconexi\u00f3n de acceso al Aeropuerto Internacional Felipe \u00c1ngeles (AIFA), el desabasto empeor\u00f3 y para colmo un adeudo de 10 millones de pesos a\u2026","rel":"","context":"En &quot;CINTILLO&quot;","block_context":{"text":"CINTILLO","link":"http:\/\/www.grieta.org.mx\/index.php\/category\/cintillo\/"},"img":{"alt_text":"","src":"https:\/\/i0.wp.com\/www.grieta.org.mx\/wp-content\/uploads\/2024\/05\/Enfrentan-habitantes-de-Nextlalpan-problemas-graves-de-suministro-de-agua.jpg?resize=350%2C200","width":350,"height":200,"srcset":"https:\/\/i0.wp.com\/www.grieta.org.mx\/wp-content\/uploads\/2024\/05\/Enfrentan-habitantes-de-Nextlalpan-problemas-graves-de-suministro-de-agua.jpg?resize=350%2C200 1x, https:\/\/i0.wp.com\/www.grieta.org.mx\/wp-content\/uploads\/2024\/05\/Enfrentan-habitantes-de-Nextlalpan-problemas-graves-de-suministro-de-agua.jpg?resize=525%2C300 1.5x, https:\/\/i0.wp.com\/www.grieta.org.mx\/wp-content\/uploads\/2024\/05\/Enfrentan-habitantes-de-Nextlalpan-problemas-graves-de-suministro-de-agua.jpg?resize=700%2C400 2x"},"classes":[]}],"_links":{"self":[{"href":"http:\/\/www.grieta.org.mx\/index.php\/wp-json\/wp\/v2\/posts\/48318","targetHints":{"allow":["GET"]}}],"collection":[{"href":"http:\/\/www.grieta.org.mx\/index.php\/wp-json\/wp\/v2\/posts"}],"about":[{"href":"http:\/\/www.grieta.org.mx\/index.php\/wp-json\/wp\/v2\/types\/post"}],"author":[{"embeddable":true,"href":"http:\/\/www.grieta.org.mx\/index.php\/wp-json\/wp\/v2\/users\/2"}],"replies":[{"embeddable":true,"href":"http:\/\/www.grieta.org.mx\/index.php\/wp-json\/wp\/v2\/comments?post=48318"}],"version-history":[{"count":1,"href":"http:\/\/www.grieta.org.mx\/index.php\/wp-json\/wp\/v2\/posts\/48318\/revisions"}],"predecessor-version":[{"id":48320,"href":"http:\/\/www.grieta.org.mx\/index.php\/wp-json\/wp\/v2\/posts\/48318\/revisions\/48320"}],"wp:featuredmedia":[{"embeddable":true,"href":"http:\/\/www.grieta.org.mx\/index.php\/wp-json\/wp\/v2\/media\/48319"}],"wp:attachment":[{"href":"http:\/\/www.grieta.org.mx\/index.php\/wp-json\/wp\/v2\/media?parent=48318"}],"wp:term":[{"taxonomy":"category","embeddable":true,"href":"http:\/\/www.grieta.org.mx\/index.php\/wp-json\/wp\/v2\/categories?post=48318"},{"taxonomy":"post_tag","embeddable":true,"href":"http:\/\/www.grieta.org.mx\/index.php\/wp-json\/wp\/v2\/tags?post=48318"}],"curies":[{"name":"wp","href":"https:\/\/api.w.org\/{rel}","templated":true}]}}