{"id":48293,"date":"2020-04-26T20:22:34","date_gmt":"2020-04-27T01:22:34","guid":{"rendered":"http:\/\/www.grieta.org.mx\/?p=48293"},"modified":"2020-04-27T23:40:37","modified_gmt":"2020-04-28T04:40:37","slug":"situacion-critica-de-indigenas-cucapa-por-resultados-en-temporada-de-pesca-baja-california","status":"publish","type":"post","link":"http:\/\/www.grieta.org.mx\/index.php\/2020\/04\/26\/situacion-critica-de-indigenas-cucapa-por-resultados-en-temporada-de-pesca-baja-california\/","title":{"rendered":"Situaci\u00f3n cr\u00edtica de ind\u00edgenas Cucap\u00e1 por resultados en temporada de pesca (Baja California)"},"content":{"rendered":"<p>Lindero Norte \/ Antonio Heras.<\/p>\n<p><img loading=\"lazy\" decoding=\"async\" src=\"https:\/\/i2.wp.com\/linderonorte.com\/wp-content\/uploads\/2020\/04\/IMG-20200425-WA0021.jpg?w=1077&#038;ssl=1\" width=\"1077\" height=\"606\" class=\"alignnone size-full\" \/><\/p>\n<p>*Comercializadoras aprovecharon pandemia para comprar barata la curvina a pescadores ind\u00edgenas.<\/p>\n<p>Mexicali.- Los cucapas estamos en una situaci\u00f3n muy cr\u00edtica porque hubo pescado en las mareas pero nos lo compraron muy barato, se\u00f1ala en entrevista la dirigente de la Sociedad Cooperativa Pueblo Indigena Cucapa, Hilda Hurtado.<\/p>\n<p>Abusaron porque vendimos el kilo de corvina golfina a 8 o 9 pesos, hubo quien lo vendi\u00f3 a 6, y las empresas comercializadoras lo vendieron cinco veces m\u00e1s caro, comenta al referirse que ellos redujeron el precio a la mitad.<\/p>\n<p>Aprovecharon la emergencia por este virus para tener precios muy bajos, explica, adem\u00e1s de lo que cuesta la gasolina y el traslado a los puntos de venta.<\/p>\n<p>Hubo mucho trabajo pero poco dinero, estamos en una situaci\u00f3n cr\u00edtica y hay que ver cu\u00e1les son los apoyos para los pescadores que anunci\u00f3 el gobierno de L\u00f3pez Obrador, se\u00f1ala Hilda Hurtado.<\/p>\n<p>Hace unos d\u00edas, el 22 de abril, se emiti\u00f3 el Decreto presidencial en el que se emiten las medidas de austeridad ante el Covid-19, mediante el cual se pospusieron las acciones y el gasto del gobierno, con excepci\u00f3n de 38 programas prioritarios. El programa 15 corresponde al apoyo a pescadores.<\/p>\n<p>Asegura que todav\u00eda la segunda semana de abril entraron a pescar al Mar de Cortez, pero ya pararon actividades y analizan si, ante la necesidad, regresan a principios de mayo para capturar corvina la siguiente marea. Elel problema es que ya estar\u00eda la veda para esa actividad.<\/p>\n<p>Ante esta situaci\u00f3n, los cucapa analizan si el pr\u00f3ximo a\u00f1o venden directo la curvina golfina, sin intermediarios.<\/p>\n<p>Precariedad <\/p>\n<p>Precaria es la situaci\u00f3n econ\u00f3mica de este pueblo originario de la pen\u00ednsula de Baja California, toda vez que vive de la pesca que atraen las mareas que se registran en la Reserva de la Bi\u00f3sfera del Alto Golfo de California, en cuya zona n\u00facleo est\u00e1 prohibida la captura de peces y solo se permite una vez al a\u00f1o cuando la curvina golfina se traslada por todo el Golfo para reproducirse.<\/p>\n<p>Desde el gobierno de Carlos Salinas empez\u00f3 su lucha porque les prohibieron pescar en una zona de captura milenaria de los cucapa. En las administraciones de Ernesti Zedillo, Vicente Fox, Felipe Calder\u00f3n y Enrique Pe\u00f1a fueron desoidas sus propuestas hasta que se fij\u00f3 un tope de captura durante seis mareas que salen a pescar.<\/p>\n<p>Todos los presidentes han sido tajantes en la negativa de reconocer sus derechos y sobre todo su actividad milenaria. No, espet\u00f3 Vicente Fox, hay que cuidar a los animalitos. \u00ab\u00bfY anosotros quien nos cuida?\u00bb, fue la respuesta que dej\u00f3 sin argumentos al panista en voz del entonces jefe cucap\u00e1 On\u00e9simo Gonz\u00e1lez.<\/p>\n<p>Hilda Hurtado reitera que esta temporada de pesca fue muy mala, adem\u00e1s que en Semana Santa cerraron el mercado de La Viga en la Ciudad de M\u00e9xico por incumplir con la sana distancia. Ese lugar es donde se expende su producto: \u00abpescamos s\u00ed, hubo pescado, pero sin ganancia\u00bb, reitera.<\/p>\n<p>Con una poblaci\u00f3n que apenas supera los 600 habitantes en Mexicali, aunque hay cucapas en San Luis R\u00edo Colorado en Sonora y en Sommerton en Yuma, Arizona, sus pobladores participan en tres sociedades cooperativas de pesca. La que dirige Hilda Hurtado tiene 61 socios ind\u00edgenas, de los cuales 33 son mujeres que durante las mareas se dirigen a la zona de El Zanj\u00f3n donde se concentran sus lanchas y artes de pesca. Ella vive en el ejido Ind\u00edgena Oviedo Mota El Indiviso y otra parte de la comunidad cucap\u00e1 habita en El Mayor. <\/p>\n<p>Nos dedicamos a la pesca, acota, aqu\u00ed vivimos y sobrevivimos con lo que tenemos.<\/p>\n<p>https:\/\/linderonorte.com\/2020\/04\/26\/situacion-critica-de-indigenas-cucapa-por-resultados-en-temporada-de-pesca\/<\/p>\n","protected":false},"excerpt":{"rendered":"<p>Lindero Norte \/ Antonio Heras. *Comercializadoras aprovecharon pandemia para comprar barata la curvina a pescadores ind\u00edgenas. Mexicali.- Los cucapas estamos en una situaci\u00f3n muy cr\u00edtica porque hubo pescado en las &hellip; <a href=\"http:\/\/www.grieta.org.mx\/index.php\/2020\/04\/26\/situacion-critica-de-indigenas-cucapa-por-resultados-en-temporada-de-pesca-baja-california\/\" class=\"more-link\">Leer m\u00e1s<\/a><\/p>\n","protected":false},"author":2,"featured_media":21928,"comment_status":"closed","ping_status":"closed","sticky":false,"template":"","format":"standard","meta":{"ngg_post_thumbnail":0,"_jetpack_newsletter_access":"","_jetpack_dont_email_post_to_subs":false,"_jetpack_newsletter_tier_id":0,"_jetpack_memberships_contains_paywalled_content":false,"_jetpack_memberships_contains_paid_content":false,"footnotes":""},"categories":[5,80,1096,3263,2],"tags":[],"class_list":["post-48293","post","type-post","status-publish","format-standard","has-post-thumbnail","hentry","category-baja-california","category-cintillo","category-criminalizacion-de-pesca-la-artesanal-en-baja-california","category-crisis-covid-19-en-baja-california","category-noticias-nacionales","entry"],"jetpack_featured_media_url":"http:\/\/www.grieta.org.mx\/wp-content\/uploads\/2018\/03\/14524434_1106112876131411_958039263622046936_o.jpg","jetpack_sharing_enabled":true,"jetpack_shortlink":"https:\/\/wp.me\/p7ZJR4-cyV","jetpack_likes_enabled":false,"jetpack-related-posts":[{"id":47234,"url":"http:\/\/www.grieta.org.mx\/index.php\/2020\/04\/02\/la-emergencia-sanitaria-pone-en-riesgo-la-pesca-de-indigenas-cucapa-baja-california\/","url_meta":{"origin":48293,"position":0},"title":"La emergencia sanitaria pone en riesgo la pesca de ind\u00edgenas Cucap\u00e1 (Baja California)","author":"grieta","date":"2 abril, 2020","format":false,"excerpt":"Pi\u00e9 de P\u00e1gina \/ Texto Daniela Pastrana, Foto Ximena Natera \/ Archivo Los 300 ind\u00edgenas que quedan de este pueblo milenario viven de la pesca durante la temporada de la Cuaresma cat\u00f3lica. Pero este a\u00f1o, el precio de compra de su pescado amenaza su \u00fanica actividad comercial. Los cucap\u00e1s hacen\u2026","rel":"","context":"En &quot;Baja California&quot;","block_context":{"text":"Baja California","link":"http:\/\/www.grieta.org.mx\/index.php\/category\/noticias-nacionales\/baja-california\/"},"img":{"alt_text":"","src":"https:\/\/i0.wp.com\/www.grieta.org.mx\/wp-content\/uploads\/2020\/04\/I.jpg?resize=350%2C200","width":350,"height":200,"srcset":"https:\/\/i0.wp.com\/www.grieta.org.mx\/wp-content\/uploads\/2020\/04\/I.jpg?resize=350%2C200 1x, https:\/\/i0.wp.com\/www.grieta.org.mx\/wp-content\/uploads\/2020\/04\/I.jpg?resize=525%2C300 1.5x, https:\/\/i0.wp.com\/www.grieta.org.mx\/wp-content\/uploads\/2020\/04\/I.jpg?resize=700%2C400 2x, https:\/\/i0.wp.com\/www.grieta.org.mx\/wp-content\/uploads\/2020\/04\/I.jpg?resize=1050%2C600 3x"},"classes":[]},{"id":31220,"url":"http:\/\/www.grieta.org.mx\/index.php\/2017\/02\/27\/recrudecen-acciones-de-bloqueo-federal-a-la-pesca-para-los-cucapa-baja-california\/","url_meta":{"origin":48293,"position":1},"title":"Recrudecen acciones de bloqueo federal a la pesca para los cucap\u00e1 (Baja California)","author":"grieta","date":"27 febrero, 2017","format":false,"excerpt":"4 Vientos. Hilda Hurtado Valenzuela, presidente de la Sociedad Cooperativa Pueblo Ind\u00edgena Cucapa Chapay Seis Jihurrat Cucapa, denunci\u00f3 que la sobrevivencia alimentaria y econ\u00f3mica de la comunidad ind\u00edgena nativa del valle de Mexicali fue puesta una vez m\u00e1s en peligro por disposiciones \u201cabsurdas\u201d del gobierno federal mexicano, que ahora, a\u2026","rel":"","context":"En &quot;Baja California&quot;","block_context":{"text":"Baja California","link":"http:\/\/www.grieta.org.mx\/index.php\/category\/noticias-nacionales\/baja-california\/"},"img":{"alt_text":"","src":"https:\/\/i0.wp.com\/www.grieta.org.mx\/wp-content\/uploads\/2018\/03\/14524434_1106112876131411_958039263622046936_o.jpg?resize=350%2C200","width":350,"height":200,"srcset":"https:\/\/i0.wp.com\/www.grieta.org.mx\/wp-content\/uploads\/2018\/03\/14524434_1106112876131411_958039263622046936_o.jpg?resize=350%2C200 1x, https:\/\/i0.wp.com\/www.grieta.org.mx\/wp-content\/uploads\/2018\/03\/14524434_1106112876131411_958039263622046936_o.jpg?resize=525%2C300 1.5x, https:\/\/i0.wp.com\/www.grieta.org.mx\/wp-content\/uploads\/2018\/03\/14524434_1106112876131411_958039263622046936_o.jpg?resize=700%2C400 2x"},"classes":[]},{"id":8757,"url":"http:\/\/www.grieta.org.mx\/index.php\/2015\/04\/01\/temporada-de-pesca-de-la-tribu-cucapa\/","url_meta":{"origin":48293,"position":2},"title":"Temporada de pesca de la Tribu Cucap\u00e1","author":"grieta","date":"1 abril, 2015","format":false,"excerpt":"01\/04\/15. Una milenaria tradici\u00f3n amenazada, la pesquer\u00eda de curvina de la tribu Cucap\u00e1 en M\u00e9xico Oximity 02\/03\/15. Mujeres, parte fundamental en la temporada de pesca Cucap\u00e1 Lindero Norte 27\/02\/15. Preocupa a cucap\u00e1s falta de acuerdo escrito sobre libertad de pesca sin cuotas La Jornada BC","rel":"","context":"En &quot;Baja California&quot;","block_context":{"text":"Baja California","link":"http:\/\/www.grieta.org.mx\/index.php\/category\/noticias-nacionales\/baja-california\/"},"img":{"alt_text":"","src":"https:\/\/i0.wp.com\/www.grieta.org.mx\/wp-content\/uploads\/2018\/03\/14524434_1106112876131411_958039263622046936_o.jpg?resize=350%2C200","width":350,"height":200,"srcset":"https:\/\/i0.wp.com\/www.grieta.org.mx\/wp-content\/uploads\/2018\/03\/14524434_1106112876131411_958039263622046936_o.jpg?resize=350%2C200 1x, https:\/\/i0.wp.com\/www.grieta.org.mx\/wp-content\/uploads\/2018\/03\/14524434_1106112876131411_958039263622046936_o.jpg?resize=525%2C300 1.5x, https:\/\/i0.wp.com\/www.grieta.org.mx\/wp-content\/uploads\/2018\/03\/14524434_1106112876131411_958039263622046936_o.jpg?resize=700%2C400 2x"},"classes":[]},{"id":31874,"url":"http:\/\/www.grieta.org.mx\/index.php\/2019\/04\/06\/cucapa-mujeres-de-agua-y-fuego-baja-california\/","url_meta":{"origin":48293,"position":3},"title":"Cucap\u00e1, mujeres de agua y fuego (Baja California)","author":"grieta","date":"6 abril, 2019","format":false,"excerpt":"Pi\u00e9 de P\u00e1gina. Texto: Jos\u00e9 Ignacio De Alba Foto: Ximena Natera, De los 22 mil ind\u00edgenas que habitaban la regi\u00f3n del r\u00edo Colorado hace cuatro siglos, hoy quedan mil en la Reserva India Cucapah, al suroeste de Arizona, y unos 300 en M\u00e9xico, dispersos en los estados de Baja California\u2026","rel":"","context":"En &quot;Baja California&quot;","block_context":{"text":"Baja California","link":"http:\/\/www.grieta.org.mx\/index.php\/category\/noticias-nacionales\/baja-california\/"},"img":{"alt_text":"","src":"https:\/\/i0.wp.com\/www.grieta.org.mx\/wp-content\/uploads\/2019\/04\/cucapa-noche-de-la-pesca-2.jpg?resize=350%2C200","width":350,"height":200,"srcset":"https:\/\/i0.wp.com\/www.grieta.org.mx\/wp-content\/uploads\/2019\/04\/cucapa-noche-de-la-pesca-2.jpg?resize=350%2C200 1x, https:\/\/i0.wp.com\/www.grieta.org.mx\/wp-content\/uploads\/2019\/04\/cucapa-noche-de-la-pesca-2.jpg?resize=525%2C300 1.5x, https:\/\/i0.wp.com\/www.grieta.org.mx\/wp-content\/uploads\/2019\/04\/cucapa-noche-de-la-pesca-2.jpg?resize=700%2C400 2x, https:\/\/i0.wp.com\/www.grieta.org.mx\/wp-content\/uploads\/2019\/04\/cucapa-noche-de-la-pesca-2.jpg?resize=1050%2C600 3x"},"classes":[]},{"id":346,"url":"http:\/\/www.grieta.org.mx\/index.php\/2016\/08\/04\/megaproyecto-de-energia-fotovoltaica-en-sierra-cucapa\/","url_meta":{"origin":48293,"position":4},"title":"Megaproyecto en Sierra Cucap\u00e1","author":"grieta","date":"4 agosto, 2016","format":false,"excerpt":"04\/08\/16. Protestan en Semarnat en contra de EcozoneMx La Jornada Baja California 04\/07\/16. Ecozone requiere de acompa\u00f1amiento ciudadano Unimexicali 26\/03\/16. Activistas se manifiestan en contra del proyecto Ecozone La Jornada Baja California 09\/03\/16. Cucap\u00e1s insisten en da\u00f1os que causar\u00eda EcozoneMX La Jornada Baja California 26\/02\/16. Promueven frente ambientalista contra megaproyecto\u2026","rel":"","context":"En &quot;Baja California&quot;","block_context":{"text":"Baja California","link":"http:\/\/www.grieta.org.mx\/index.php\/category\/noticias-nacionales\/baja-california\/"},"img":{"alt_text":"","src":"https:\/\/i0.wp.com\/www.grieta.org.mx\/wp-content\/uploads\/2018\/03\/14524434_1106112876131411_958039263622046936_o.jpg?resize=350%2C200","width":350,"height":200,"srcset":"https:\/\/i0.wp.com\/www.grieta.org.mx\/wp-content\/uploads\/2018\/03\/14524434_1106112876131411_958039263622046936_o.jpg?resize=350%2C200 1x, https:\/\/i0.wp.com\/www.grieta.org.mx\/wp-content\/uploads\/2018\/03\/14524434_1106112876131411_958039263622046936_o.jpg?resize=525%2C300 1.5x, https:\/\/i0.wp.com\/www.grieta.org.mx\/wp-content\/uploads\/2018\/03\/14524434_1106112876131411_958039263622046936_o.jpg?resize=700%2C400 2x"},"classes":[]},{"id":8760,"url":"http:\/\/www.grieta.org.mx\/index.php\/2015\/04\/01\/una-milenaria-tradicion-amenazada-la-pesqueria-de-curvina-de-la-tribu-cucapa-en-mexico\/","url_meta":{"origin":48293,"position":5},"title":"Una milenaria tradici\u00f3n amenazada, la pesquer\u00eda de curvina de la tribu Cucap\u00e1 en M\u00e9xico","author":"grieta","date":"1 abril, 2015","format":false,"excerpt":"C\u00e9sar Angulo, El Zaj\u00f3n, BC El pueblo ind\u00edgena cucap\u00e1 sobrevive y lucha para seguir con su milenaria pesca rivere\u00f1a en una de las regiones naturales que ha sido radicalmente modificada debido a la acci\u00f3n del hombre y a fen\u00f3menos naturales: el delta del R\u00edo Colorado, entre los estados de Baja\u2026","rel":"","context":"En &quot;CINTILLO&quot;","block_context":{"text":"CINTILLO","link":"http:\/\/www.grieta.org.mx\/index.php\/category\/cintillo\/"},"img":{"alt_text":"","src":"https:\/\/i0.wp.com\/www.grieta.org.mx\/wp-content\/uploads\/2018\/03\/14524434_1106112876131411_958039263622046936_o.jpg?resize=350%2C200","width":350,"height":200,"srcset":"https:\/\/i0.wp.com\/www.grieta.org.mx\/wp-content\/uploads\/2018\/03\/14524434_1106112876131411_958039263622046936_o.jpg?resize=350%2C200 1x, https:\/\/i0.wp.com\/www.grieta.org.mx\/wp-content\/uploads\/2018\/03\/14524434_1106112876131411_958039263622046936_o.jpg?resize=525%2C300 1.5x, https:\/\/i0.wp.com\/www.grieta.org.mx\/wp-content\/uploads\/2018\/03\/14524434_1106112876131411_958039263622046936_o.jpg?resize=700%2C400 2x"},"classes":[]}],"_links":{"self":[{"href":"http:\/\/www.grieta.org.mx\/index.php\/wp-json\/wp\/v2\/posts\/48293","targetHints":{"allow":["GET"]}}],"collection":[{"href":"http:\/\/www.grieta.org.mx\/index.php\/wp-json\/wp\/v2\/posts"}],"about":[{"href":"http:\/\/www.grieta.org.mx\/index.php\/wp-json\/wp\/v2\/types\/post"}],"author":[{"embeddable":true,"href":"http:\/\/www.grieta.org.mx\/index.php\/wp-json\/wp\/v2\/users\/2"}],"replies":[{"embeddable":true,"href":"http:\/\/www.grieta.org.mx\/index.php\/wp-json\/wp\/v2\/comments?post=48293"}],"version-history":[{"count":1,"href":"http:\/\/www.grieta.org.mx\/index.php\/wp-json\/wp\/v2\/posts\/48293\/revisions"}],"predecessor-version":[{"id":48294,"href":"http:\/\/www.grieta.org.mx\/index.php\/wp-json\/wp\/v2\/posts\/48293\/revisions\/48294"}],"wp:featuredmedia":[{"embeddable":true,"href":"http:\/\/www.grieta.org.mx\/index.php\/wp-json\/wp\/v2\/media\/21928"}],"wp:attachment":[{"href":"http:\/\/www.grieta.org.mx\/index.php\/wp-json\/wp\/v2\/media?parent=48293"}],"wp:term":[{"taxonomy":"category","embeddable":true,"href":"http:\/\/www.grieta.org.mx\/index.php\/wp-json\/wp\/v2\/categories?post=48293"},{"taxonomy":"post_tag","embeddable":true,"href":"http:\/\/www.grieta.org.mx\/index.php\/wp-json\/wp\/v2\/tags?post=48293"}],"curies":[{"name":"wp","href":"https:\/\/api.w.org\/{rel}","templated":true}]}}