{"id":48250,"date":"2020-04-25T15:47:15","date_gmt":"2020-04-25T20:47:15","guid":{"rendered":"http:\/\/www.grieta.org.mx\/?p=48250"},"modified":"2020-04-26T08:04:14","modified_gmt":"2020-04-26T13:04:14","slug":"el-tren-maya-va-pese-a-amparo-y-rechazo-indigena-que-alerta-por-dano-ambiental-y-el-coronavirus","status":"publish","type":"post","link":"http:\/\/www.grieta.org.mx\/index.php\/2020\/04\/25\/el-tren-maya-va-pese-a-amparo-y-rechazo-indigena-que-alerta-por-dano-ambiental-y-el-coronavirus\/","title":{"rendered":"El Tren Maya va pese a amparo y rechazo ind\u00edgena, que alerta por da\u00f1o ambiental y el coronavirus"},"content":{"rendered":"<p><img loading=\"lazy\" decoding=\"async\" data-attachment-id=\"48251\" data-permalink=\"http:\/\/www.grieta.org.mx\/index.php\/2020\/04\/25\/el-tren-maya-va-pese-a-amparo-y-rechazo-indigena-que-alerta-por-dano-ambiental-y-el-coronavirus\/tren-maya-covid\/\" data-orig-file=\"http:\/\/www.grieta.org.mx\/wp-content\/uploads\/2020\/04\/tren-maya-covid-e1587905666421.jpg\" data-orig-size=\"800,422\" data-comments-opened=\"0\" data-image-meta=\"{&quot;aperture&quot;:&quot;0&quot;,&quot;credit&quot;:&quot;&quot;,&quot;camera&quot;:&quot;&quot;,&quot;caption&quot;:&quot;&quot;,&quot;created_timestamp&quot;:&quot;0&quot;,&quot;copyright&quot;:&quot;&quot;,&quot;focal_length&quot;:&quot;0&quot;,&quot;iso&quot;:&quot;0&quot;,&quot;shutter_speed&quot;:&quot;0&quot;,&quot;title&quot;:&quot;&quot;,&quot;orientation&quot;:&quot;0&quot;}\" data-image-title=\"tren-maya-covid\" data-image-description=\"\" data-image-caption=\"\" data-medium-file=\"http:\/\/www.grieta.org.mx\/wp-content\/uploads\/2020\/04\/tren-maya-covid-300x158.jpg\" data-large-file=\"http:\/\/www.grieta.org.mx\/wp-content\/uploads\/2020\/04\/tren-maya-covid-1024x540.jpg\" src=\"http:\/\/www.grieta.org.mx\/wp-content\/uploads\/2020\/04\/tren-maya-covid-e1587905666421.jpg\" alt=\"\" width=\"800\" height=\"422\" class=\"aligncenter size-full wp-image-48251\" \/><br \/>\nDulce Olvera \/ Sin Embargo<\/p>\n<p>Mientras la suspensi\u00f3n contra un tramo del Tren Maya obtenida por Xpujil est\u00e1 pausada por la emergencia sanitaria, la construcci\u00f3n de la obra insignia del sexenio sigue, a pesar del riesgo por el coronavirus, acusaron organizaciones mayas, que preparan m\u00e1s recursos jur\u00eddicos.<\/p>\n<p>Ciudad de M\u00e9xico, 25 de abril (SinEmbargo).\u2013 Durante la fase 3 del COVID-19, el Gobierno federal contin\u00faa con el proyecto del Tren Maya, a pesar de que la comunidad de Xpujil, Campeche, obtuvo una suspensi\u00f3n contra un tramo de la obra de infraestructura m\u00e1s importante del sexenio, y mayas alistan m\u00e1s recursos jur\u00eddicos por la violaci\u00f3n a est\u00e1ndares internacionales sobre su derecho a la consulta ind\u00edgena, por su alto impacto ambiental en una zona rica en diversidad biol\u00f3gica y cultural, y ahora por el riesgo a los trabajadores y comunidades debido a la pandemia.<\/p>\n<p>    \u201cSe va a continuar con esta cuesti\u00f3n jur\u00eddica desde diferentes pueblos de la Pen\u00ednsula de Yucat\u00e1n para seguir defendiendo el territorio y la vida buscando frenar este megaproyecto que est\u00e1 violentando sistem\u00e1ticamente nuestros derechos. Seguramente muy pronto vamos a tener nuevos amparos\u201d, dijo \u00c1ngel Sulub, defensor en Quintana Roo. \u201cNo existe una Manifestaci\u00f3n de Impacto Ambiental del proyecto en general, no contamos con esa informaci\u00f3n. Lo que se presenta es vago\u201d.<\/p>\n<p>Naayeli Ram\u00edrez, de la Red de Litigio Estrat\u00e9gico en favor de Comunidades Ind\u00edgenas y Campesinas de la Pen\u00ednsula de Yucat\u00e1n, no descart\u00f3 que surjan nuevas solicitudes de amparo, pero no hay suficientes abogados para apoyar a las comunidades campesinas e ind\u00edgenas, matiz\u00f3. Desde la publicaci\u00f3n de su pronunciamiento contra el Tren Maya han sido contactados en b\u00fasqueda de apoyo.<\/p>\n<p>\u201cAlgunos quejosos afirman que las personas que hacen los censos entran a sus predios sin permisos y otras quejas de comunidades agrarias son porque la Procuradur\u00eda Agraria pide asambleas para otorgar poderes de dominio y administraci\u00f3n a los comisarios, los cuales no se pueden otorgar. Promueven ambiente de ilegalidad e impunidad. Y el avance del amparo en Xpujil ha sido muy lento; no los est\u00e1n dejando ahora interponer quejas ni presenciar evidencia. Todo est\u00e1 detenido por la pandemia, mientras el Tren sigue. Es muy penoso\u201d, expuso Ram\u00edrez.<\/p>\n<p><img loading=\"lazy\" decoding=\"async\" data-attachment-id=\"48252\" data-permalink=\"http:\/\/www.grieta.org.mx\/index.php\/2020\/04\/25\/el-tren-maya-va-pese-a-amparo-y-rechazo-indigena-que-alerta-por-dano-ambiental-y-el-coronavirus\/amlo-trenmaya\/\" data-orig-file=\"http:\/\/www.grieta.org.mx\/wp-content\/uploads\/2020\/04\/amlo-trenmaya.jpg\" data-orig-size=\"700,388\" data-comments-opened=\"0\" data-image-meta=\"{&quot;aperture&quot;:&quot;0&quot;,&quot;credit&quot;:&quot;&quot;,&quot;camera&quot;:&quot;&quot;,&quot;caption&quot;:&quot;&quot;,&quot;created_timestamp&quot;:&quot;0&quot;,&quot;copyright&quot;:&quot;&quot;,&quot;focal_length&quot;:&quot;0&quot;,&quot;iso&quot;:&quot;0&quot;,&quot;shutter_speed&quot;:&quot;0&quot;,&quot;title&quot;:&quot;&quot;,&quot;orientation&quot;:&quot;0&quot;}\" data-image-title=\"amlo-trenmaya\" data-image-description=\"\" data-image-caption=\"\" data-medium-file=\"http:\/\/www.grieta.org.mx\/wp-content\/uploads\/2020\/04\/amlo-trenmaya-300x166.jpg\" data-large-file=\"http:\/\/www.grieta.org.mx\/wp-content\/uploads\/2020\/04\/amlo-trenmaya.jpg\" src=\"http:\/\/www.grieta.org.mx\/wp-content\/uploads\/2020\/04\/amlo-trenmaya.jpg\" alt=\"\" width=\"700\" height=\"388\" class=\"aligncenter size-full wp-image-48252\" srcset=\"http:\/\/www.grieta.org.mx\/wp-content\/uploads\/2020\/04\/amlo-trenmaya.jpg 700w, http:\/\/www.grieta.org.mx\/wp-content\/uploads\/2020\/04\/amlo-trenmaya-300x166.jpg 300w\" sizes=\"auto, (max-width: 700px) 100vw, 700px\" \/><br \/>\nPese a todo, el Presidente Andr\u00e9s Manuel L\u00f3pez Obrador insiste en construir el Tren Maya. Foto: Cuartoscuro.<\/p>\n<p>Desde el 6 de abril est\u00e1 publicado en el Diario Oficial de la Federaci\u00f3n que todas las actividades de producci\u00f3n de acero, cemento y vidrio que tengan contratos vigentes con el Gobierno federal deber\u00e1n continuar para cumplir con los compromisos a corto plazo de los proyectos Dos Bocas, el Aeropuerto Felipe \u00c1ngeles, el Corredor Trans\u00edstmico y este tren.<\/p>\n<p>Esta semana el consorcio Mota-Engil, en convenio con China Communications Construction Company LTD, Grupo Cosh, V Eyasa y Gavil Ingenier\u00eda, gan\u00f3 un contrato por 15 mil 538 millones de pesos para el tramo I de Palenque, Chiapas, a Esc\u00e1rcega, Campeche, inform\u00f3 el Fondo Nacional de Fomento al Turismo (Fonatur). En estos 232 kil\u00f3metros se van a rehabilitar y mejorar v\u00edas existentes del Ferrocarril Chiapas-Mayab.<\/p>\n<p>Y del 13 al 20 de abril, entonces con m\u00e1s de 8 mil casos de coronavirus, ONU-Habitat \u2013en coordinaci\u00f3n con Fonatur y el Gobierno de Campeche\u2013 realiz\u00f3 entrevistas telef\u00f3nicas o personales de casi una hora \u201ccon medidas de seguridad sanitaria\u201d a residentes aleda\u00f1os a las v\u00edas del tren, en las colonias Camino Real, Bellavista, La Ermita y Santa Luc\u00eda, para conocer opciones preferenciales ante una posible relocalizaci\u00f3n. Adem\u00e1s el 53 por ciento de tierra del trazo del Tren Maya se encuentra sobre terrenos ejidales. \u201cLos censos y las entrevistas son parte de un programa de trabajo que ten\u00edan dise\u00f1ado, pero no hemos encontrado ning\u00fan sustento legal ni tampoco la prohibici\u00f3n expl\u00edcita\u201d, dijo Naayeli Ram\u00edrez.<\/p>\n<p>Sulub agreg\u00f3 que \u201cNaciones Unidas tendr\u00eda que mostrar una postura conforme a los derechos en todas sus oficinas. La creaci\u00f3n de nuevos \u2018polos urbanos de desarrollo\u2019 a lo largo de las estaciones del Tren constituyen una gran amenaza para las comunidades; a\u00fan no est\u00e1n resueltos los problemas de rellenos sanitarios ni manejo de residuos s\u00f3lidos\u2026\u201d.<\/p>\n<p>Y las Asambleas Informativas han sido canceladas, justo por la pandemia. Para Pedro Uc, de la Asamblea de Defensores del Territorio Maya M\u00fauch\u2019 X\u00edinbal, con localidades por donde estar\u00e1n las estaciones, da lo mismo porque m\u00e1s que informaci\u00f3n clara, \u201ces propaganda\u201d.<\/p>\n<p>PIDEN SUSPENDER HASTA UNA CONSULTA REAL<\/p>\n<p>La Red de Litigio Estrat\u00e9gico en favor de Comunidades Ind\u00edgenas y Campesinas de la Pen\u00ednsula de Yucat\u00e1n manifest\u00f3 que resulta \u201cpreocupante\u201d que frente a la emergencia sanitaria a nivel mundial el Gobierno federal pretenda mantener las actividades relacionadas con el Tren Maya, a pesar de que la construcci\u00f3n de m\u00e1s de mil kil\u00f3metros en cinco estados y el desalojo de personas \u201cno es esencial\u201d en el contexto de la actual pandemia.<\/p>\n<p>    \u201cEsta determinaci\u00f3n pone en riesgo la salud y la vida de las y los trabajadores que tendr\u00e1n que continuar con las obras derivadas del proyecto, as\u00ed como de la poblaci\u00f3n, mayoritariamente ind\u00edgena, afectada por el mismo\u201d, acusaron las organizaciones, colectivos y comunidades conformantes de la Red de poblados de Canc\u00fan hasta Palenque, de Bacalar a Esc\u00e1rcega.<\/p>\n<p>La justificaci\u00f3n de Fonatur para seguir es que la construcci\u00f3n de los primeros cinco tramos generar\u00e1 cerca de 80 mil empleos en lo que queda del 2020 para la regi\u00f3n del sureste de M\u00e9xico.<\/p>\n<p>\u201cHasta el momento hay informaci\u00f3n de que beneficiar\u00e1 preferentemente a empresarios de la construcci\u00f3n y del turismo, generando despojo del territorio para las comunidades, desalojo de la poblaci\u00f3n y si acaso generar\u00eda empleos precarios, mal pagados y sin garant\u00edas de seguridad social\u201d, reculan las organizaciones y llaman al Presidente Andr\u00e9s Manuel L\u00f3pez Obrador a suspender la obra y, con posterioridad a la emergencia sanitaria, iniciar un proceso de di\u00e1logo real, serio, informado y equitativo que garantice los derechos a la informaci\u00f3n, y que cumpla con el Convenio 169 de la OIT, Declaraciones de la ONU y de la OEA con respecto a la participaci\u00f3n, al medio ambiente sano, al territorio y a la libre determinaci\u00f3n de las comunidades afectadas.<\/p>\n<p>Tambi\u00e9n urgieron a la Comisi\u00f3n Nacional de Derechos Humanos (CNDH) a emitir las medidas cautelares pertinentes para solicitar que se salvaguarden esos derechos que est\u00e1n en riesgo por la continuaci\u00f3n del proyecto.<\/p>\n<p>\u201cEL GOBIERNO SE APROVECHA PARA AVANZAR\u201d<\/p>\n<p>Continuar con la construcci\u00f3n del Tren Maya, manifiesta la Red de Litigio, genera un estado de indefensi\u00f3n hacia aquellas personas y comunidades que han manifestado su rechazo u oposici\u00f3n al proyecto. Ante la falta de normalidad en el funcionamiento de los tribunales, se debe garantizar la posibilidad real de que las personas, comunidades o colectivos puedan ejercer su acceso a la justicia para impugnar cualquier acto u omisi\u00f3n del proyecto.<\/p>\n<p>    \u201cEl Gobierno federal se aprovecha de la actual coyuntura para avanzar, sin el riesgo de oposici\u00f3n, en la continuaci\u00f3n de un proyecto que ha sido cuestionado por diversos sectores y cuya opacidad incluso ha generado la emisi\u00f3n de una orden de suspensi\u00f3n por parte de una Jueza Federal ante un amparo presentado por comunidades de Calakmul (Xpujil) y Candelaria\u201d, acusan.<\/p>\n<p>En enero una Jueza otorg\u00f3 al Consejo Regional Ind\u00edgena y Popular de Xpujil (CRIPX) una suspensi\u00f3n por el amparo 12\/2020 solicitado en Campeche que pidi\u00f3 frenar avances en toda la obra, por los incumplimientos del proceso de consulta ind\u00edgena con el Convenio 169 de la Organizaci\u00f3n Internacional del Trabajo (OIT). El proceso participativo realizado por el Gobierno federal a diversas comunidades ind\u00edgenas afectadas por el proyecto, entre el 15 de noviembre y el 15 de diciembre del a\u00f1o pasado, no fue una consulta libre, previa, informada, culturalmente adecuada y de buena fe, e incluso fue cuestionado por la Oficina en M\u00e9xico del Alto Comisionado de las Naciones Unidas para los Derechos Humanos (ONU-DH).<\/p>\n<p>\u201cEsta consulta no es vinculante y es una garant\u00eda endeble. Peleamos para que se respeten nuestros derechos de vivir en un medio ambiente sano, que nosotros podamos tomar nuestras propias decisiones entorno a las formas de desarrollo que queremos en nuestro territorio y eso salvaguarde nuestra lengua y formas de vida\u201d, asegur\u00f3 el defensor maya Pedro Uc, quien recibi\u00f3 a su celular amenazas de muerte un d\u00eda despu\u00e9s de esta consulta de finales de 2019.<\/p>\n<p>Pero Fonatur impugn\u00f3 ante el Tribunal Colegiado, por lo que se acotaron los alcances del recurso jur\u00eddico: \u201cla suspensi\u00f3n anterior afectaba cualquier obra en los casi mil 500 kil\u00f3metros de la ruta. Ahora, la jueza acot\u00f3 la suspensi\u00f3n solo a obras nuevas en los l\u00edmites geogr\u00e1ficos de la comunidad de Xpujil [donde habitan los 18 solicitantes]\u201d.<\/p>\n<p><img loading=\"lazy\" decoding=\"async\" data-attachment-id=\"48253\" data-permalink=\"http:\/\/www.grieta.org.mx\/index.php\/2020\/04\/25\/el-tren-maya-va-pese-a-amparo-y-rechazo-indigena-que-alerta-por-dano-ambiental-y-el-coronavirus\/apoyo-chiapas\/\" data-orig-file=\"http:\/\/www.grieta.org.mx\/wp-content\/uploads\/2020\/04\/apoyo-chiapas.jpg\" data-orig-size=\"700,467\" data-comments-opened=\"0\" data-image-meta=\"{&quot;aperture&quot;:&quot;0&quot;,&quot;credit&quot;:&quot;&quot;,&quot;camera&quot;:&quot;&quot;,&quot;caption&quot;:&quot;&quot;,&quot;created_timestamp&quot;:&quot;0&quot;,&quot;copyright&quot;:&quot;&quot;,&quot;focal_length&quot;:&quot;0&quot;,&quot;iso&quot;:&quot;0&quot;,&quot;shutter_speed&quot;:&quot;0&quot;,&quot;title&quot;:&quot;&quot;,&quot;orientation&quot;:&quot;0&quot;}\" data-image-title=\"apoyo-chiapas\" data-image-description=\"\" data-image-caption=\"\" data-medium-file=\"http:\/\/www.grieta.org.mx\/wp-content\/uploads\/2020\/04\/apoyo-chiapas-300x200.jpg\" data-large-file=\"http:\/\/www.grieta.org.mx\/wp-content\/uploads\/2020\/04\/apoyo-chiapas.jpg\" src=\"http:\/\/www.grieta.org.mx\/wp-content\/uploads\/2020\/04\/apoyo-chiapas.jpg\" alt=\"\" width=\"700\" height=\"467\" class=\"aligncenter size-full wp-image-48253\" srcset=\"http:\/\/www.grieta.org.mx\/wp-content\/uploads\/2020\/04\/apoyo-chiapas.jpg 700w, http:\/\/www.grieta.org.mx\/wp-content\/uploads\/2020\/04\/apoyo-chiapas-300x200.jpg 300w\" sizes=\"auto, (max-width: 700px) 100vw, 700px\" \/><br \/>\nM\u00e1s de 12 mil firmas de Chiapas apoyan el amparo presentado por la comunidad de Campeche. Foto: Cuartoscuro.<\/p>\n<p>D\u00edas despu\u00e9s en marzo, m\u00e1s de 12 mil firmas de pobladores de 15 municipios de Chiapas respaldaron el amparo del Consejo Regional Ind\u00edgena y Popular de Xpujil. Sin embargo, las audiencias se han suspendido por la presencia del coronavirus.<\/p>\n<p>\u201cConfiamos en que se demuestre con las pruebas presentadas la violaci\u00f3n al derecho de consulta ind\u00edgena que se realiz\u00f3 con un proceso ciudadano en diciembre\u201d, dijo \u00c1ngel Sulub, defensor en Quintana Roo. \u201cEs un grave error porque el amparo se present\u00f3 en contra de toda la implementaci\u00f3n del proyecto en todos los tramos, no solo uno, por lo que se est\u00e1n violentando sistem\u00e1ticamente los derechos de los pueblos originarios\u201d.<\/p>\n<p>Asimismo, acusan, es imposible realizar solicitudes de informaci\u00f3n con respecto al avance del proyecto debido a la suspensi\u00f3n de plazos ante los institutos estatales y el Instituto Nacional de Transparencia, Acceso a la Informaci\u00f3n y Protecci\u00f3n de Datos Personales (INAI) por lo que se suma a la opacidad y falta de informaci\u00f3n con la cual \u201cel Gobierno federal ha manejado esta obra\u201d.<\/p>\n<p>DEFORESTACI\u00d3N Y DESABASTO DE AGUA<\/p>\n<p>Las organizaciones han insistido en la ausencia de informaci\u00f3n sobre los impactos ambientales, econ\u00f3micos y sociales que el Tren Maya acarrear\u00e1 para la poblaci\u00f3n, particularmente para las comunidades mayas.<\/p>\n<p>El proyecto del Tren Maya se planea en una zona con selvas, manglares, sabanas, petenes, cenotes y dunas costeras, hogar de flora y fauna en alg\u00fan riesgo. Por ello, su construcci\u00f3n implica la deforestaci\u00f3n de 2 mil 500 hect\u00e1reas de selvas h\u00famedas y secas, alert\u00f3 el Centro Mexicano de Derecho Ambiental (CEMDA).<\/p>\n<p>Las comunidades de Calakmul padecer\u00e1n bastante. Xpujil, donde viven los amparados, son la cabecera de este municipio de Campeche. Se prev\u00e9 desabasto de agua, no tienen servicio de recolecci\u00f3n de residuos, por lo que se acumular\u00edan y vivir\u00e1 presi\u00f3n a la zona arqueol\u00f3gica por incremento de visitantes de 40 mil a 3 millones estimado.<\/p>\n<p><img loading=\"lazy\" decoding=\"async\" data-attachment-id=\"48254\" data-permalink=\"http:\/\/www.grieta.org.mx\/index.php\/2020\/04\/25\/el-tren-maya-va-pese-a-amparo-y-rechazo-indigena-que-alerta-por-dano-ambiental-y-el-coronavirus\/zona-tren-maya\/\" data-orig-file=\"http:\/\/www.grieta.org.mx\/wp-content\/uploads\/2020\/04\/zona-tren-maya.jpg\" data-orig-size=\"700,465\" data-comments-opened=\"0\" data-image-meta=\"{&quot;aperture&quot;:&quot;0&quot;,&quot;credit&quot;:&quot;&quot;,&quot;camera&quot;:&quot;&quot;,&quot;caption&quot;:&quot;&quot;,&quot;created_timestamp&quot;:&quot;0&quot;,&quot;copyright&quot;:&quot;&quot;,&quot;focal_length&quot;:&quot;0&quot;,&quot;iso&quot;:&quot;0&quot;,&quot;shutter_speed&quot;:&quot;0&quot;,&quot;title&quot;:&quot;&quot;,&quot;orientation&quot;:&quot;0&quot;}\" data-image-title=\"zona-tren-maya\" data-image-description=\"\" data-image-caption=\"\" data-medium-file=\"http:\/\/www.grieta.org.mx\/wp-content\/uploads\/2020\/04\/zona-tren-maya-300x199.jpg\" data-large-file=\"http:\/\/www.grieta.org.mx\/wp-content\/uploads\/2020\/04\/zona-tren-maya.jpg\" src=\"http:\/\/www.grieta.org.mx\/wp-content\/uploads\/2020\/04\/zona-tren-maya.jpg\" alt=\"\" width=\"700\" height=\"465\" class=\"aligncenter size-full wp-image-48254\" srcset=\"http:\/\/www.grieta.org.mx\/wp-content\/uploads\/2020\/04\/zona-tren-maya.jpg 700w, http:\/\/www.grieta.org.mx\/wp-content\/uploads\/2020\/04\/zona-tren-maya-300x199.jpg 300w\" sizes=\"auto, (max-width: 700px) 100vw, 700px\" \/><br \/>\nLa zona por donde se planea que pase el Tren Maya es rica en biodiversidad. Foto: CEMDA.<\/p>\n<p>El CEMDA tambi\u00e9n advierte sobre la generaci\u00f3n de ruido que puede afectar particularmente la orientaci\u00f3n de los murci\u00e9lagos, un impacto en \u00c1reas Naturales Protegidas y p\u00e9rdida de h\u00e1bitat, fragmentaci\u00f3n, atropellamiento y bloqueos de paso de fauna.<\/p>\n<p>La Corte Interamericana de Derechos Humanos (CIDH), al emitir su opini\u00f3n consultiva OC-23\/17, determin\u00f3 que los Estados poseen obligaciones procesales, como garantizar el acceso a la informaci\u00f3n relacionada con posibles da\u00f1os ambientales, asegurar el derecho a la participaci\u00f3n p\u00fablica en los procesos de toma de decisiones sobre el impacto ambiental y asegurar el derecho de acceso a la justicia para hacer cumplir las obligaciones estatales relacionadas con el medio ambiente, situaciones que, hasta la fecha, no se han satisfecho en el proyecto denominado Tren Maya y cuyo cumplimiento se hace imposible en las actuales circunstancias de contingencia sanitaria.<\/p>\n<p><a href=\"https:\/\/www.sinembargo.mx\/25-04-2020\/3773246\" rel=\"noopener noreferrer\" target=\"_blank\">https:\/\/www.sinembargo.mx\/25-04-2020\/3773246<\/a><\/p>\n","protected":false},"excerpt":{"rendered":"<p>Dulce Olvera \/ Sin Embargo Mientras la suspensi\u00f3n contra un tramo del Tren Maya obtenida por Xpujil est\u00e1 pausada por la emergencia sanitaria, la construcci\u00f3n de la obra insignia del &hellip; <a href=\"http:\/\/www.grieta.org.mx\/index.php\/2020\/04\/25\/el-tren-maya-va-pese-a-amparo-y-rechazo-indigena-que-alerta-por-dano-ambiental-y-el-coronavirus\/\" class=\"more-link\">Leer m\u00e1s<\/a><\/p>\n","protected":false},"author":2,"featured_media":48251,"comment_status":"closed","ping_status":"closed","sticky":false,"template":"","format":"standard","meta":{"ngg_post_thumbnail":0,"_jetpack_newsletter_access":"","_jetpack_dont_email_post_to_subs":false,"_jetpack_newsletter_tier_id":0,"_jetpack_memberships_contains_paywalled_content":false,"_jetpack_memberships_contains_paid_content":false,"footnotes":""},"categories":[60,69,11,80,3280,3279,3272,958,976,984,1,954,3,922,926,944,952,2,28,1876,1877,1875,2026,36],"tags":[3241,1878],"class_list":["post-48250","post","type-post","status-publish","format-standard","has-post-thumbnail","hentry","category-16-pueblo-maya","category-25-xpujil","category-campeche","category-cintillo","category-cocid-19-en-campeche","category-covid-19-en-quintana-roo","category-covid-19-en-yucatan","category-esp-campeche","category-esp-quintana-roo","category-esp-yucatan","category-espejos-de-la-resistencia","category-espejos-estados","category-megaproyectos","category-megaproyectos-estados","category-mp-campeche","category-mp-quintana-roo","category-mp-yucatan","category-noticias-nacionales","category-quintana-roo","category-resistencia-al-tren-maya-en-la-peninsula-de-yucatan-quintana-roo","category-resistencia-al-tren-maya-en-la-peninsula-de-yucatan-campeche","category-resistencia-al-tren-maya-en-la-peninsula-de-yucatan","category-tren-maya","category-yucatan","tag-covid-19","tag-tren-maya","entry"],"jetpack_featured_media_url":"http:\/\/www.grieta.org.mx\/wp-content\/uploads\/2020\/04\/tren-maya-covid-e1587905666421.jpg","jetpack_sharing_enabled":true,"jetpack_shortlink":"https:\/\/wp.me\/p7ZJR4-cye","jetpack_likes_enabled":false,"jetpack-related-posts":[{"id":47874,"url":"http:\/\/www.grieta.org.mx\/index.php\/2020\/04\/13\/las-vias-torcidas-del-tren-maya-video\/","url_meta":{"origin":48250,"position":0},"title":"Las v\u00edas torcidas del tren maya (Video)","author":"grieta","date":"13 abril, 2020","format":false,"excerpt":"https:\/\/www.youtube.com\/watch?v=k8FRX9eT0YY","rel":"","context":"En &quot;16. Pueblo Maya&quot;","block_context":{"text":"16. Pueblo Maya","link":"http:\/\/www.grieta.org.mx\/index.php\/category\/espejos-de-la-resistencia\/16-pueblo-maya\/"},"img":{"alt_text":"","src":"https:\/\/i0.wp.com\/www.grieta.org.mx\/wp-content\/uploads\/2020\/04\/ViasTorcidasTrenMaya.png?resize=350%2C200","width":350,"height":200,"srcset":"https:\/\/i0.wp.com\/www.grieta.org.mx\/wp-content\/uploads\/2020\/04\/ViasTorcidasTrenMaya.png?resize=350%2C200 1x, https:\/\/i0.wp.com\/www.grieta.org.mx\/wp-content\/uploads\/2020\/04\/ViasTorcidasTrenMaya.png?resize=525%2C300 1.5x, https:\/\/i0.wp.com\/www.grieta.org.mx\/wp-content\/uploads\/2020\/04\/ViasTorcidasTrenMaya.png?resize=700%2C400 2x"},"classes":[]},{"id":35945,"url":"http:\/\/www.grieta.org.mx\/index.php\/2019\/07\/05\/expansion-de-megaproyectos-en-la-peninsula-de-yucatan-video\/","url_meta":{"origin":48250,"position":1},"title":"Expansi\u00f3n de Megaproyectos en la Pen\u00ednsula de Yucat\u00e1n (Video)","author":"grieta","date":"5 julio, 2019","format":false,"excerpt":"https:\/\/youtu.be\/qLBARIAaBsI","rel":"","context":"En &quot;Campeche&quot;","block_context":{"text":"Campeche","link":"http:\/\/www.grieta.org.mx\/index.php\/category\/noticias-nacionales\/campeche\/"},"img":{"alt_text":"","src":"https:\/\/i0.wp.com\/img.youtube.com\/vi\/qLBARIAaBsI\/0.jpg?resize=350%2C200","width":350,"height":200},"classes":[]},{"id":45360,"url":"http:\/\/www.grieta.org.mx\/index.php\/2020\/02\/27\/no-estamos-peleando-la-suspension-provisional-del-tren-maya-sino-la-definitiva-cruz-rueda\/","url_meta":{"origin":48250,"position":2},"title":"&#8220;No estamos peleando la suspensi\u00f3n provisional del Tren Maya, sino la definitiva&#8221;: Cruz Rueda","author":"grieta","date":"27 febrero, 2020","format":false,"excerpt":"Impugnaci\u00f3n de Presidencia \"no nos quita el sue\u00f1o\" Abraham Bote \/Foto: Tomada de Twitter \/La Jornada Maya M\u00e9rida, Yucat\u00e1n Respecto a la impugnaci\u00f3n que realiz\u00f3 la Presidencia de la Rep\u00fablica y el apoderado de la Naci\u00f3n Financiera (Nafin), contra la suspensi\u00f3n provisional del proyecto de Tren Maya, la asesora jur\u00eddica\u2026","rel":"","context":"En &quot;16. Pueblo Maya&quot;","block_context":{"text":"16. Pueblo Maya","link":"http:\/\/www.grieta.org.mx\/index.php\/category\/espejos-de-la-resistencia\/16-pueblo-maya\/"},"img":{"alt_text":"","src":"https:\/\/i0.wp.com\/www.grieta.org.mx\/wp-content\/uploads\/2020\/02\/TrenMallaCampeche.png?resize=350%2C200","width":350,"height":200,"srcset":"https:\/\/i0.wp.com\/www.grieta.org.mx\/wp-content\/uploads\/2020\/02\/TrenMallaCampeche.png?resize=350%2C200 1x, https:\/\/i0.wp.com\/www.grieta.org.mx\/wp-content\/uploads\/2020\/02\/TrenMallaCampeche.png?resize=525%2C300 1.5x, https:\/\/i0.wp.com\/www.grieta.org.mx\/wp-content\/uploads\/2020\/02\/TrenMallaCampeche.png?resize=700%2C400 2x"},"classes":[]},{"id":48940,"url":"http:\/\/www.grieta.org.mx\/index.php\/2020\/05\/11\/interponen-queja-ante-la-cndh-contra-obras-del-tren-maya\/","url_meta":{"origin":48250,"position":3},"title":"Interponen queja ante la CNDH contra obras del Tren Maya","author":"grieta","date":"11 mayo, 2020","format":false,"excerpt":"Lilia Balam \/ Informe Fracto Colectivos ind\u00edgenas y organizaciones civiles argumentaron que continuar con la construcci\u00f3n del proyecto durante la pandemia vulnera los derechos de los pobladores de la regi\u00f3n. Colectivos ind\u00edgenas y organizaciones civiles de la Pen\u00ednsula de Yucat\u00e1n interpusieron una queja ante la Comisi\u00f3n Nacional de los Derechos\u2026","rel":"","context":"En &quot;Campeche&quot;","block_context":{"text":"Campeche","link":"http:\/\/www.grieta.org.mx\/index.php\/category\/noticias-nacionales\/campeche\/"},"img":{"alt_text":"","src":"https:\/\/i0.wp.com\/www.grieta.org.mx\/wp-content\/uploads\/2020\/05\/tren_maya.jpg1_-640x360-1-e1589284542406.jpg?resize=350%2C200","width":350,"height":200,"srcset":"https:\/\/i0.wp.com\/www.grieta.org.mx\/wp-content\/uploads\/2020\/05\/tren_maya.jpg1_-640x360-1-e1589284542406.jpg?resize=350%2C200 1x, https:\/\/i0.wp.com\/www.grieta.org.mx\/wp-content\/uploads\/2020\/05\/tren_maya.jpg1_-640x360-1-e1589284542406.jpg?resize=525%2C300 1.5x, https:\/\/i0.wp.com\/www.grieta.org.mx\/wp-content\/uploads\/2020\/05\/tren_maya.jpg1_-640x360-1-e1589284542406.jpg?resize=700%2C400 2x"},"classes":[]},{"id":50050,"url":"http:\/\/www.grieta.org.mx\/index.php\/2020\/05\/31\/los-derechos-indigenas-son-pisoteados-con-impunidad-presidencial-y-sin-recato-dicen-mayas-a-amlo\/","url_meta":{"origin":48250,"position":4},"title":"Los derechos ind\u00edgenas \u201cson pisoteados con impunidad presidencial y sin recato\u201d, dicen mayas a AMLO","author":"grieta","date":"31 mayo, 2020","format":false,"excerpt":"Redacci\u00f3n \/ Sin Embargo \u201cSr. L\u00f3pez, viene usted a Yucat\u00e1n, la tierra donde los malos gobiernos (de los tres niveles) se ponen sin decencia ni recato al servicio de megaproyectos de alma podrida, sembrando discordia y conflictos sociales en nuestras comunidades. Llega usted, Sr. L\u00f3pez, al Yucat\u00e1n donde la ilegalidad,\u2026","rel":"","context":"En &quot;16. Pueblo Maya&quot;","block_context":{"text":"16. Pueblo Maya","link":"http:\/\/www.grieta.org.mx\/index.php\/category\/espejos-de-la-resistencia\/16-pueblo-maya\/"},"img":{"alt_text":"","src":"https:\/\/i0.wp.com\/www.grieta.org.mx\/wp-content\/uploads\/2020\/05\/amloco-tirano-rex-e1590968383995.jpg?resize=350%2C200","width":350,"height":200,"srcset":"https:\/\/i0.wp.com\/www.grieta.org.mx\/wp-content\/uploads\/2020\/05\/amloco-tirano-rex-e1590968383995.jpg?resize=350%2C200 1x, https:\/\/i0.wp.com\/www.grieta.org.mx\/wp-content\/uploads\/2020\/05\/amloco-tirano-rex-e1590968383995.jpg?resize=525%2C300 1.5x, https:\/\/i0.wp.com\/www.grieta.org.mx\/wp-content\/uploads\/2020\/05\/amloco-tirano-rex-e1590968383995.jpg?resize=700%2C400 2x"},"classes":[]},{"id":67059,"url":"http:\/\/www.grieta.org.mx\/index.php\/2023\/05\/03\/caravana-el-sur-resiste-pide-a-la-sedena-suspender-obras-en-el-tramo-7-del-tren-maya-campeche\/","url_meta":{"origin":48250,"position":5},"title":"Caravana El Sur Resiste pide a la Sedena suspender obras en el Tramo 7 del Tren Maya (Campeche)","author":"grieta","date":"3 mayo, 2023","format":false,"excerpt":"Cambio 22 XPUJIL, CAMPECHE, 3 de mayo.- Los integrantes del movimiento Caravana El Sur Resiste llegaron al campamento de la Secretar\u00eda de la Defensa Nacional (Sedena) en Xpujil, municipio de Calakmul, Campeche, para hacer entrega a los ingenieros militares de documentos que acreditan que el Tramo 7 del Tren Maya\u2026","rel":"","context":"En &quot;25. Xpujil&quot;","block_context":{"text":"25. Xpujil","link":"http:\/\/www.grieta.org.mx\/index.php\/category\/espejos-de-la-resistencia\/25-xpujil\/"},"img":{"alt_text":"","src":"https:\/\/i0.wp.com\/www.grieta.org.mx\/wp-content\/uploads\/2023\/06\/SurResiste-e1687537548743.jpg?resize=350%2C200","width":350,"height":200,"srcset":"https:\/\/i0.wp.com\/www.grieta.org.mx\/wp-content\/uploads\/2023\/06\/SurResiste-e1687537548743.jpg?resize=350%2C200 1x, https:\/\/i0.wp.com\/www.grieta.org.mx\/wp-content\/uploads\/2023\/06\/SurResiste-e1687537548743.jpg?resize=525%2C300 1.5x, https:\/\/i0.wp.com\/www.grieta.org.mx\/wp-content\/uploads\/2023\/06\/SurResiste-e1687537548743.jpg?resize=700%2C400 2x"},"classes":[]}],"_links":{"self":[{"href":"http:\/\/www.grieta.org.mx\/index.php\/wp-json\/wp\/v2\/posts\/48250","targetHints":{"allow":["GET"]}}],"collection":[{"href":"http:\/\/www.grieta.org.mx\/index.php\/wp-json\/wp\/v2\/posts"}],"about":[{"href":"http:\/\/www.grieta.org.mx\/index.php\/wp-json\/wp\/v2\/types\/post"}],"author":[{"embeddable":true,"href":"http:\/\/www.grieta.org.mx\/index.php\/wp-json\/wp\/v2\/users\/2"}],"replies":[{"embeddable":true,"href":"http:\/\/www.grieta.org.mx\/index.php\/wp-json\/wp\/v2\/comments?post=48250"}],"version-history":[{"count":1,"href":"http:\/\/www.grieta.org.mx\/index.php\/wp-json\/wp\/v2\/posts\/48250\/revisions"}],"predecessor-version":[{"id":48255,"href":"http:\/\/www.grieta.org.mx\/index.php\/wp-json\/wp\/v2\/posts\/48250\/revisions\/48255"}],"wp:featuredmedia":[{"embeddable":true,"href":"http:\/\/www.grieta.org.mx\/index.php\/wp-json\/wp\/v2\/media\/48251"}],"wp:attachment":[{"href":"http:\/\/www.grieta.org.mx\/index.php\/wp-json\/wp\/v2\/media?parent=48250"}],"wp:term":[{"taxonomy":"category","embeddable":true,"href":"http:\/\/www.grieta.org.mx\/index.php\/wp-json\/wp\/v2\/categories?post=48250"},{"taxonomy":"post_tag","embeddable":true,"href":"http:\/\/www.grieta.org.mx\/index.php\/wp-json\/wp\/v2\/tags?post=48250"}],"curies":[{"name":"wp","href":"https:\/\/api.w.org\/{rel}","templated":true}]}}