{"id":48223,"date":"2020-04-24T20:33:54","date_gmt":"2020-04-25T01:33:54","guid":{"rendered":"http:\/\/www.grieta.org.mx\/?p=48223"},"modified":"2020-04-25T20:40:03","modified_gmt":"2020-04-26T01:40:03","slug":"personal-medico-protesta-frente-a-palacio-de-gobierno-en-zacatecas","status":"publish","type":"post","link":"http:\/\/www.grieta.org.mx\/index.php\/2020\/04\/24\/personal-medico-protesta-frente-a-palacio-de-gobierno-en-zacatecas\/","title":{"rendered":"Personal m\u00e9dico protesta frente a palacio de gobierno en Zacatecas"},"content":{"rendered":"<blockquote><p>El personal m\u00e9dico exige una mejora salarial e insumos apropiados para enfrentar los casos de coronavirus dentro de los hospitales del estado.<\/p><\/blockquote>\n<figure id=\"attachment_48224\" aria-describedby=\"caption-attachment-48224\" style=\"width: 800px\" class=\"wp-caption aligncenter\"><img loading=\"lazy\" decoding=\"async\" data-attachment-id=\"48224\" data-permalink=\"http:\/\/www.grieta.org.mx\/index.php\/2020\/04\/24\/personal-medico-protesta-frente-a-palacio-de-gobierno-en-zacatecas\/enfermeras-exigen-aumento-salarial-manuel\/\" data-orig-file=\"http:\/\/www.grieta.org.mx\/wp-content\/uploads\/2020\/04\/enfermeras-exigen-aumento-salarial-manuel.jpeg\" data-orig-size=\"958,539\" data-comments-opened=\"0\" data-image-meta=\"{&quot;aperture&quot;:&quot;0&quot;,&quot;credit&quot;:&quot;&quot;,&quot;camera&quot;:&quot;&quot;,&quot;caption&quot;:&quot;&quot;,&quot;created_timestamp&quot;:&quot;0&quot;,&quot;copyright&quot;:&quot;&quot;,&quot;focal_length&quot;:&quot;0&quot;,&quot;iso&quot;:&quot;0&quot;,&quot;shutter_speed&quot;:&quot;0&quot;,&quot;title&quot;:&quot;&quot;,&quot;orientation&quot;:&quot;0&quot;}\" data-image-title=\"enfermeras-exigen-aumento-salarial-manuel\" data-image-description=\"\" data-image-caption=\"&lt;p&gt;Foto tomada de Mileno.com&lt;\/p&gt;\n\" data-medium-file=\"http:\/\/www.grieta.org.mx\/wp-content\/uploads\/2020\/04\/enfermeras-exigen-aumento-salarial-manuel-300x169.jpeg\" data-large-file=\"http:\/\/www.grieta.org.mx\/wp-content\/uploads\/2020\/04\/enfermeras-exigen-aumento-salarial-manuel.jpeg\" class=\"wp-image-48224\" src=\"http:\/\/www.grieta.org.mx\/wp-content\/uploads\/2020\/04\/enfermeras-exigen-aumento-salarial-manuel.jpeg\" alt=\"\" width=\"800\" height=\"450\" srcset=\"http:\/\/www.grieta.org.mx\/wp-content\/uploads\/2020\/04\/enfermeras-exigen-aumento-salarial-manuel.jpeg 958w, http:\/\/www.grieta.org.mx\/wp-content\/uploads\/2020\/04\/enfermeras-exigen-aumento-salarial-manuel-300x169.jpeg 300w, http:\/\/www.grieta.org.mx\/wp-content\/uploads\/2020\/04\/enfermeras-exigen-aumento-salarial-manuel-768x432.jpeg 768w, http:\/\/www.grieta.org.mx\/wp-content\/uploads\/2020\/04\/enfermeras-exigen-aumento-salarial-manuel-889x500.jpeg 889w\" sizes=\"auto, (max-width: 800px) 100vw, 800px\" \/><figcaption id=\"caption-attachment-48224\" class=\"wp-caption-text\">Foto tomada de Mileno.com<\/figcaption><\/figure>\n<p>Manuel Chac\u00f3n<br \/>\nZacatecas \/ 24.04.2020 17:50:40<\/p>\n<p>Un grupo de trabajadores, personal m\u00e9dico y enfermeras de los Hospitales Generales de Zona de Fresnillo y Zacatecas, protestaron frente a las instalaciones del Palacio de Gobierno en el Centro Hist\u00f3rico de la capital, para exigir un incremento salarial, mejores condiciones de trabajo e insumos m\u00e9dicos de calidad para enfrentar la contingencia del coronavirus.<\/p>\n<p>El personal del sector salud denunci\u00f3 que solo les han otorgado contratos temporales sin garant\u00edas y sin seguridad social, adem\u00e1s de que laboran en horarios y jornadas extenuantes, aunado a un clima de inseguridad en torno al trabajo de m\u00e9dicos, enfermeras y personal de servicios generales en los centros hospitalarios del estado de Zacatecas.<\/p>\n<p>Los manifestantes fueron recibidos por personal adscrito a la secretaria general del gobierno zacatecano sin que hasta el momento se informe sobre los acuerdos. Los m\u00e9dicos y enfermeras portaban pancartas con consignas en contra de la pol\u00edtica de salud del gobernador Tello.<\/p>\n<p><a href=\"https:\/\/www.milenio.com\/estados\/coronavirus-personal-medico-protesta-frente-palacio-zacatecas\">https:\/\/www.milenio.com\/estados\/coronavirus-personal-medico-protesta-frente-palacio-zacatecas<\/a><\/p>\n","protected":false},"excerpt":{"rendered":"<p>El personal m\u00e9dico exige una mejora salarial e insumos apropiados para enfrentar los casos de coronavirus dentro de los hospitales del estado. Manuel Chac\u00f3n Zacatecas \/ 24.04.2020 17:50:40 Un grupo &hellip; <a href=\"http:\/\/www.grieta.org.mx\/index.php\/2020\/04\/24\/personal-medico-protesta-frente-a-palacio-de-gobierno-en-zacatecas\/\" class=\"more-link\">Leer m\u00e1s<\/a><\/p>\n","protected":false},"author":2,"featured_media":48224,"comment_status":"closed","ping_status":"closed","sticky":false,"template":"","format":"standard","meta":{"ngg_post_thumbnail":0,"_jetpack_newsletter_access":"","_jetpack_dont_email_post_to_subs":false,"_jetpack_newsletter_tier_id":0,"_jetpack_memberships_contains_paywalled_content":false,"_jetpack_memberships_contains_paid_content":false,"footnotes":""},"categories":[80,2312,3249,3250,76],"tags":[2250,3241,2367,2841,747,3265],"class_list":["post-48223","post","type-post","status-publish","format-standard","has-post-thumbnail","hentry","category-cintillo","category-conflictos-laborales-del-sector-salud-en-zacatecas","category-covid-19-en-zacatecas","category-crisis-en-el-sector-salud-en-zacatedas","category-zacatecas","tag-conflictos-laborales-en-el-sector-publico","tag-covid-19","tag-crisis-en-el-sector-salud","tag-explotacion-y-precariedad-laboral","tag-movilizaciones-medicos","tag-protestas-de-medicos-y-enfermeras","entry"],"jetpack_featured_media_url":"http:\/\/www.grieta.org.mx\/wp-content\/uploads\/2020\/04\/enfermeras-exigen-aumento-salarial-manuel.jpeg","jetpack_sharing_enabled":true,"jetpack_shortlink":"https:\/\/wp.me\/p7ZJR4-cxN","jetpack_likes_enabled":false,"jetpack-related-posts":[{"id":53264,"url":"http:\/\/www.grieta.org.mx\/index.php\/2020\/09\/03\/medicos-denuncian-despidos-tras-evidenciar-falta-de-equipo-medico\/","url_meta":{"origin":48223,"position":0},"title":"M\u00e9dicos denuncian despidos tras evidenciar falta de equipo m\u00e9dico","author":"grieta","date":"3 septiembre, 2020","format":false,"excerpt":"Redacci\u00f3n de La Silla Rota, 03 de septiembre de 2020 Despu\u00e9s de 27 a\u00f1os de servicio, el 3 de agosto el IMSS de Zacatecas hizo efectiva la rescisi\u00f3n del contrato de Armando Rosales, m\u00e9dico neurocirujano, quien denunci\u00f3 las carencias del hospital para su personal. Trabajadores de la salud han denunciando\u2026","rel":"","context":"En &quot;CINTILLO&quot;","block_context":{"text":"CINTILLO","link":"http:\/\/www.grieta.org.mx\/index.php\/category\/cintillo\/"},"img":{"alt_text":"","src":"https:\/\/i0.wp.com\/www.grieta.org.mx\/wp-content\/uploads\/2020\/09\/medicos-focus-0-0-983-557.jpg?resize=350%2C200","width":350,"height":200,"srcset":"https:\/\/i0.wp.com\/www.grieta.org.mx\/wp-content\/uploads\/2020\/09\/medicos-focus-0-0-983-557.jpg?resize=350%2C200 1x, https:\/\/i0.wp.com\/www.grieta.org.mx\/wp-content\/uploads\/2020\/09\/medicos-focus-0-0-983-557.jpg?resize=525%2C300 1.5x, https:\/\/i0.wp.com\/www.grieta.org.mx\/wp-content\/uploads\/2020\/09\/medicos-focus-0-0-983-557.jpg?resize=700%2C400 2x"},"classes":[]},{"id":49462,"url":"http:\/\/www.grieta.org.mx\/index.php\/2020\/05\/12\/personal-del-imss-zacatecas-protesta-en-demanda-de-material-para-covid-19\/","url_meta":{"origin":48223,"position":1},"title":"Personal del IMSS Zacatecas protesta en demanda de material para COVID-19","author":"grieta","date":"12 mayo, 2020","format":false,"excerpt":"M\u00e9dicos y enfermeras del Hospital General No.1 del Instituto Mexicano del Seguro Social (IMSS) en Zacatecas se manifestaron este martes para denunciar que a\u00fan no reciben el material necesario para atender a pacientes con el nuevo coronavirus COVID-19. Omar Hern\u00e1ndez \/ unoTV, 12 de mayo de 2020. \u00a0 El hospital\u2026","rel":"","context":"En &quot;CINTILLO&quot;","block_context":{"text":"CINTILLO","link":"http:\/\/www.grieta.org.mx\/index.php\/category\/cintillo\/"},"img":{"alt_text":"","src":"https:\/\/i0.wp.com\/www.grieta.org.mx\/wp-content\/uploads\/2020\/05\/226617-Principal.jpg?resize=350%2C200","width":350,"height":200,"srcset":"https:\/\/i0.wp.com\/www.grieta.org.mx\/wp-content\/uploads\/2020\/05\/226617-Principal.jpg?resize=350%2C200 1x, https:\/\/i0.wp.com\/www.grieta.org.mx\/wp-content\/uploads\/2020\/05\/226617-Principal.jpg?resize=525%2C300 1.5x, https:\/\/i0.wp.com\/www.grieta.org.mx\/wp-content\/uploads\/2020\/05\/226617-Principal.jpg?resize=700%2C400 2x"},"classes":[]},{"id":51842,"url":"http:\/\/www.grieta.org.mx\/index.php\/2020\/07\/01\/medico-del-imss-acusa-que-sin-proteccion-en-zacatecas-se-atienden-casos-de-coronavirus\/","url_meta":{"origin":48223,"position":2},"title":"M\u00e9dico del IMSS acusa que sin protecci\u00f3n, en Zacatecas se atienden casos de coronavirus","author":"grieta","date":"1 julio, 2020","format":false,"excerpt":"Armando Rosales, neurocirujano del Hospital General Zona 1 de Zacatecas, realiz\u00f3 una protesta virtual para se\u00f1alar las carencias que enfrentan al atender pacientes durante la pandemia. Blanca Valadez \/ Milenio, 01 de julio de 2020 Ciudad de M\u00e9xico \/ Un neurocirujano del Hospital General Zona 1, del IMSS Zacatecas, exigi\u00f3\u2026","rel":"","context":"En &quot;CINTILLO&quot;","block_context":{"text":"CINTILLO","link":"http:\/\/www.grieta.org.mx\/index.php\/category\/cintillo\/"},"img":{"alt_text":"","src":"https:\/\/i0.wp.com\/www.grieta.org.mx\/wp-content\/uploads\/2020\/07\/aspectos-personal-medico-atiende-pacientes_0_1_1200_746.jpg?resize=350%2C200","width":350,"height":200,"srcset":"https:\/\/i0.wp.com\/www.grieta.org.mx\/wp-content\/uploads\/2020\/07\/aspectos-personal-medico-atiende-pacientes_0_1_1200_746.jpg?resize=350%2C200 1x, https:\/\/i0.wp.com\/www.grieta.org.mx\/wp-content\/uploads\/2020\/07\/aspectos-personal-medico-atiende-pacientes_0_1_1200_746.jpg?resize=525%2C300 1.5x, https:\/\/i0.wp.com\/www.grieta.org.mx\/wp-content\/uploads\/2020\/07\/aspectos-personal-medico-atiende-pacientes_0_1_1200_746.jpg?resize=700%2C400 2x"},"classes":[]},{"id":52681,"url":"http:\/\/www.grieta.org.mx\/index.php\/2020\/08\/07\/protestan-contra-despido-de-medico-del-imss-zacatecas\/","url_meta":{"origin":48223,"position":3},"title":"Protestan contra despido de m\u00e9dico del IMSS (Zacatecas)","author":"grieta","date":"7 agosto, 2020","format":false,"excerpt":"Zacatecasonline, 07 de Agosto de 2020 Zacatecas, Zac.- Luego de dar una conferencia de prensa en la que el neurocirujano Armando Rosales Torres anunci\u00f3 que presentar\u00e1 una demanda por despido injustificado, se realiz\u00f3 una manifestaci\u00f3n pac\u00edfica en la avenida Gonz\u00e1lez Ortega con apoyo de miembros de sindicatos que lo apoyan.\u2026","rel":"","context":"En &quot;CINTILLO&quot;","block_context":{"text":"CINTILLO","link":"http:\/\/www.grieta.org.mx\/index.php\/category\/cintillo\/"},"img":{"alt_text":"","src":"https:\/\/i0.wp.com\/www.grieta.org.mx\/wp-content\/uploads\/2018\/03\/14524434_1106112876131411_958039263622046936_o.jpg?resize=350%2C200","width":350,"height":200,"srcset":"https:\/\/i0.wp.com\/www.grieta.org.mx\/wp-content\/uploads\/2018\/03\/14524434_1106112876131411_958039263622046936_o.jpg?resize=350%2C200 1x, https:\/\/i0.wp.com\/www.grieta.org.mx\/wp-content\/uploads\/2018\/03\/14524434_1106112876131411_958039263622046936_o.jpg?resize=525%2C300 1.5x, https:\/\/i0.wp.com\/www.grieta.org.mx\/wp-content\/uploads\/2018\/03\/14524434_1106112876131411_958039263622046936_o.jpg?resize=700%2C400 2x"},"classes":[]},{"id":47138,"url":"http:\/\/www.grieta.org.mx\/index.php\/2020\/03\/31\/muere-medico-del-imss-con-covid-19-en-zacatecas\/","url_meta":{"origin":48223,"position":4},"title":"Muere m\u00e9dico del IMSS con Covid-19 en Zacatecas","author":"grieta","date":"31 marzo, 2020","format":false,"excerpt":"Redacci\u00f3n \/ Aristegui Noticias, 31 de marzo de 2020 El Instituto Mexicano del Seguro Social (IMSS) lament\u00f3 el \u201clamentable fallecimiento del m\u00e9dico familiar \u201cRJRM\u201d, de 38 a\u00f1os de edad, que laboraba en la Unidad de Medicina Familiar (UMF) No. 57, de Zacatecas, ocurrido la noche de este lunes 30 de\u2026","rel":"","context":"En &quot;CINTILLO&quot;","block_context":{"text":"CINTILLO","link":"http:\/\/www.grieta.org.mx\/index.php\/category\/cintillo\/"},"img":{"alt_text":"","src":"https:\/\/i0.wp.com\/www.grieta.org.mx\/wp-content\/uploads\/2020\/04\/UNIDAD_IMSS-482x220.jpg?resize=350%2C200","width":350,"height":200},"classes":[]},{"id":48661,"url":"http:\/\/www.grieta.org.mx\/index.php\/2020\/04\/27\/personal-suplente-del-hospital-general-de-jerez-exige-retabulacion\/","url_meta":{"origin":48223,"position":5},"title":"Personal suplente del Hospital General de Jerez exige retabulaci\u00f3n","author":"grieta","date":"27 abril, 2020","format":false,"excerpt":"Denuncian que les pagan 180 pesos diarios Ruth Soriano ? El Sol de Zacatecas, 27 de abril de 2020 La ma\u00f1ana de este lunes trabajadores y trabajadoras suplentes de enfermer\u00eda del Hospital General Jerez (HGJ) se manifestaron frente al nosocomio con varias cartulinas con leyendas tales como: \u201cEnfermer\u00eda merece respeto\u201d,\u2026","rel":"","context":"En &quot;CINTILLO&quot;","block_context":{"text":"CINTILLO","link":"http:\/\/www.grieta.org.mx\/index.php\/category\/cintillo\/"},"img":{"alt_text":"","src":"https:\/\/i0.wp.com\/www.grieta.org.mx\/wp-content\/uploads\/2020\/05\/2020042721.jpg?resize=350%2C200","width":350,"height":200,"srcset":"https:\/\/i0.wp.com\/www.grieta.org.mx\/wp-content\/uploads\/2020\/05\/2020042721.jpg?resize=350%2C200 1x, https:\/\/i0.wp.com\/www.grieta.org.mx\/wp-content\/uploads\/2020\/05\/2020042721.jpg?resize=525%2C300 1.5x, https:\/\/i0.wp.com\/www.grieta.org.mx\/wp-content\/uploads\/2020\/05\/2020042721.jpg?resize=700%2C400 2x"},"classes":[]}],"_links":{"self":[{"href":"http:\/\/www.grieta.org.mx\/index.php\/wp-json\/wp\/v2\/posts\/48223","targetHints":{"allow":["GET"]}}],"collection":[{"href":"http:\/\/www.grieta.org.mx\/index.php\/wp-json\/wp\/v2\/posts"}],"about":[{"href":"http:\/\/www.grieta.org.mx\/index.php\/wp-json\/wp\/v2\/types\/post"}],"author":[{"embeddable":true,"href":"http:\/\/www.grieta.org.mx\/index.php\/wp-json\/wp\/v2\/users\/2"}],"replies":[{"embeddable":true,"href":"http:\/\/www.grieta.org.mx\/index.php\/wp-json\/wp\/v2\/comments?post=48223"}],"version-history":[{"count":1,"href":"http:\/\/www.grieta.org.mx\/index.php\/wp-json\/wp\/v2\/posts\/48223\/revisions"}],"predecessor-version":[{"id":48225,"href":"http:\/\/www.grieta.org.mx\/index.php\/wp-json\/wp\/v2\/posts\/48223\/revisions\/48225"}],"wp:featuredmedia":[{"embeddable":true,"href":"http:\/\/www.grieta.org.mx\/index.php\/wp-json\/wp\/v2\/media\/48224"}],"wp:attachment":[{"href":"http:\/\/www.grieta.org.mx\/index.php\/wp-json\/wp\/v2\/media?parent=48223"}],"wp:term":[{"taxonomy":"category","embeddable":true,"href":"http:\/\/www.grieta.org.mx\/index.php\/wp-json\/wp\/v2\/categories?post=48223"},{"taxonomy":"post_tag","embeddable":true,"href":"http:\/\/www.grieta.org.mx\/index.php\/wp-json\/wp\/v2\/tags?post=48223"}],"curies":[{"name":"wp","href":"https:\/\/api.w.org\/{rel}","templated":true}]}}