{"id":48143,"date":"2020-04-18T20:30:59","date_gmt":"2020-04-19T01:30:59","guid":{"rendered":"http:\/\/www.grieta.org.mx\/?p=48143"},"modified":"2020-04-24T00:35:21","modified_gmt":"2020-04-24T05:35:21","slug":"jornaleros-agricolas-en-riesgo-de-contagio-de-covid-19-por-condiciones-de-vivienda-y-movilidad-el-colef","status":"publish","type":"post","link":"http:\/\/www.grieta.org.mx\/index.php\/2020\/04\/18\/jornaleros-agricolas-en-riesgo-de-contagio-de-covid-19-por-condiciones-de-vivienda-y-movilidad-el-colef\/","title":{"rendered":"Jornaleros agr\u00edcolas en riesgo de contagio de COVID-19 por condiciones de vivienda y movilidad: El Colef"},"content":{"rendered":"<p>Lindero Norte \/ Antonio Heras.<\/p>\n<p><img loading=\"lazy\" decoding=\"async\" data-attachment-id=\"48144\" data-permalink=\"http:\/\/www.grieta.org.mx\/index.php\/2020\/04\/18\/jornaleros-agricolas-en-riesgo-de-contagio-de-covid-19-por-condiciones-de-vivienda-y-movilidad-el-colef\/images-2020-04-18t110217-064\/\" data-orig-file=\"http:\/\/www.grieta.org.mx\/wp-content\/uploads\/2020\/04\/images-2020-04-18T110217.064.jpeg\" data-orig-size=\"500,333\" data-comments-opened=\"0\" data-image-meta=\"{&quot;aperture&quot;:&quot;0&quot;,&quot;credit&quot;:&quot;&quot;,&quot;camera&quot;:&quot;&quot;,&quot;caption&quot;:&quot;&quot;,&quot;created_timestamp&quot;:&quot;0&quot;,&quot;copyright&quot;:&quot;&quot;,&quot;focal_length&quot;:&quot;0&quot;,&quot;iso&quot;:&quot;0&quot;,&quot;shutter_speed&quot;:&quot;0&quot;,&quot;title&quot;:&quot;&quot;,&quot;orientation&quot;:&quot;0&quot;}\" data-image-title=\"images-2020-04-18T110217.064\" data-image-description=\"\" data-image-caption=\"\" data-medium-file=\"http:\/\/www.grieta.org.mx\/wp-content\/uploads\/2020\/04\/images-2020-04-18T110217.064-300x200.jpeg\" data-large-file=\"http:\/\/www.grieta.org.mx\/wp-content\/uploads\/2020\/04\/images-2020-04-18T110217.064.jpeg\" class=\"aligncenter wp-image-48144\" src=\"http:\/\/www.grieta.org.mx\/wp-content\/uploads\/2020\/04\/images-2020-04-18T110217.064.jpeg\" alt=\"\" width=\"800\" height=\"533\" srcset=\"http:\/\/www.grieta.org.mx\/wp-content\/uploads\/2020\/04\/images-2020-04-18T110217.064.jpeg 500w, http:\/\/www.grieta.org.mx\/wp-content\/uploads\/2020\/04\/images-2020-04-18T110217.064-300x200.jpeg 300w\" sizes=\"auto, (max-width: 800px) 100vw, 800px\" \/><\/p>\n<p>Mexicali.- Son m\u00e1s de 200 mil y se encuentran en riesgo por las condiciones de vulnerabilidad en su trabajo, traslado en los campos de cultivo y el rezago en la atenci\u00f3n de salud.<\/p>\n<p>En el norte de M\u00e9xico trabajan m\u00e1s de 200 mil jornaleros jornaleros, de los cuales ocho de cada 10 se concentra en el noroeste: en los dos estados de la pen\u00ednsula de Baja California, en Sonora y Sinaloa.<\/p>\n<p>Con grandes rezagos en en el acceso al sistema de salud y debido a sus condiciones salariales y laborales, los jornaleros agr\u00edcolas pertenecen a una poblaci\u00f3n vulnerable ante el Covid-19, toda vez que se mantienen activos laboralmente por su participaci\u00f3n en las cadenas de producci\u00f3n de alimentos, de acuerdo a una investigaci\u00f3n de El Colegio de la Frontera Norte (El Colef).<\/p>\n<p>En el estudio destaca la detecci\u00f3n de los jornaleros agr\u00edcolas entre los sectores m\u00e1s vulnerables y grupos de riesgo, para lo cual se requiere instrumentar medidas que frenen el contagio en el pa\u00eds y eviten una mayor tasa de mortalidad.<\/p>\n<p>Una fuente de vulnerabilidad y de expansi\u00f3n del contagio a los que est\u00e1n expuestos estos trabajadores del agro es la movilidad y las condiciones de su traslado por diferentes puntos del pa\u00eds.<\/p>\n<p>Otro riesgo de contagio es el hacinamiento que trae consigo son los campamentos donde viven donde se exponen no solo los jornaleros sino tambi\u00e9n, en ocasiones, sus familias.<\/p>\n<p>De acuerdo a la investigaci\u00f3n<\/p>\n<p>\u201cPoblaciones vulnerables ante el Covid-19. Los jornaleros agr\u00edcolas\u201d que coordinaron Laura Velasco, Marie Laure Coub\u00e9s y Oscar F. Contreras, con la colaboraci\u00f3n de Ietza Boj\u00f3rquez, Camilo Contreras, Hilda Garc\u00eda, Carlos Hern\u00e1ndez, Francisco Lares y Eduardo Rodr\u00edguez, es urgente y necesario garantizar el acceso a los servicios de salud de los jornaleros agr\u00edcolas debido a la alta movilidad de esta poblaci\u00f3n a lo largo del pa\u00eds.<\/p>\n<p>Al regresar enfermos a sus comunidades existe mayor riesgo de propagaci\u00f3n del virus entre los sectores de la poblaci\u00f3n m\u00e1s pobres y marginados del pa\u00eds, advierten los investigadores.<\/p>\n<p>Proponen monitorear los contagios en campamentos y dar atenci\u00f3n oportuna a la prevenci\u00f3n y a los casos de infecci\u00f3n y enfermedad grave, a trav\u00e9s de un programa de las autoridades sanitarias de brigadas de salud.<\/p>\n<p>Adem\u00e1s garantizar una distancia m\u00ednima entre los trabajadores en campamentos y en viviendas separadas, as\u00ed como en la organizaci\u00f3n del trabajo en el campo.<\/p>\n<p>El documento propone otras acciones para reducir la vulnerabilidad de este grupo poblacional, recomendaciones a los campamentos y un llamado a las instancias de salud para que implementen acciones espec\u00edficas para mitigar la presencia del Covid 19 entre los jornaleros agr\u00edcolas.<\/p>\n<p><a href=\"https:\/\/linderonorte.com\/2020\/04\/18\/jornaleros-agricolas-en-riesgo-de-contagio-de-covid-19-por-condiciones-de-vivienda-y-movilidad-el-colef\/\" target=\"_blank\" rel=\"noopener noreferrer\">https:\/\/linderonorte.com\/2020\/04\/18\/jornaleros-agricolas-en-riesgo-de-contagio-de-covid-19-por-condiciones-de-vivienda-y-movilidad-el-colef\/<\/a><\/p>\n","protected":false},"excerpt":{"rendered":"<p>Lindero Norte \/ Antonio Heras. Mexicali.- Son m\u00e1s de 200 mil y se encuentran en riesgo por las condiciones de vulnerabilidad en su trabajo, traslado en los campos de cultivo &hellip; <a href=\"http:\/\/www.grieta.org.mx\/index.php\/2020\/04\/18\/jornaleros-agricolas-en-riesgo-de-contagio-de-covid-19-por-condiciones-de-vivienda-y-movilidad-el-colef\/\" class=\"more-link\">Leer m\u00e1s<\/a><\/p>\n","protected":false},"author":2,"featured_media":48144,"comment_status":"closed","ping_status":"closed","sticky":false,"template":"","format":"standard","meta":{"ngg_post_thumbnail":0,"_jetpack_newsletter_access":"","_jetpack_dont_email_post_to_subs":false,"_jetpack_newsletter_tier_id":0,"_jetpack_memberships_contains_paywalled_content":false,"_jetpack_memberships_contains_paid_content":false,"footnotes":""},"categories":[5,80,1207,3263,369,2323,2],"tags":[],"class_list":["post-48143","post","type-post","status-publish","format-standard","has-post-thumbnail","hentry","category-baja-california","category-cintillo","category-conflictos-laborales-en-baja-california","category-crisis-covid-19-en-baja-california","category-jornaleros-analisis","category-jornaleros-en-baja-california","category-noticias-nacionales","entry"],"jetpack_featured_media_url":"http:\/\/www.grieta.org.mx\/wp-content\/uploads\/2020\/04\/images-2020-04-18T110217.064.jpeg","jetpack_sharing_enabled":true,"jetpack_shortlink":"https:\/\/wp.me\/p7ZJR4-cwv","jetpack_likes_enabled":false,"jetpack-related-posts":[{"id":47969,"url":"http:\/\/www.grieta.org.mx\/index.php\/2020\/04\/08\/coronavirus-denuncian-riesgo-de-jornaleros-agricolas-a-covid-19\/","url_meta":{"origin":48143,"position":0},"title":"Coronavirus: Denuncian riesgo de jornaleros agr\u00edcolas a COVID-19","author":"grieta","date":"8 abril, 2020","format":false,"excerpt":"En M\u00e9xico, al menos 2 millones de personas migran de su lugar de origen a los campos agr\u00edcolas para emplearse como jornaleras agr\u00edcolas Alina Escobedo, Plumas at\u00f3micas \/8 de abril de 2020 En M\u00e9xico, al menos 2 millones de personas migran de su lugar de origen a los campos agr\u00edcolas\u2026","rel":"","context":"En &quot;Baja California&quot;","block_context":{"text":"Baja California","link":"http:\/\/www.grieta.org.mx\/index.php\/category\/noticias-nacionales\/baja-california\/"},"img":{"alt_text":"","src":"https:\/\/i0.wp.com\/www.grieta.org.mx\/wp-content\/uploads\/2020\/04\/JornalerosCOVID.jpg?resize=350%2C200","width":350,"height":200,"srcset":"https:\/\/i0.wp.com\/www.grieta.org.mx\/wp-content\/uploads\/2020\/04\/JornalerosCOVID.jpg?resize=350%2C200 1x, https:\/\/i0.wp.com\/www.grieta.org.mx\/wp-content\/uploads\/2020\/04\/JornalerosCOVID.jpg?resize=525%2C300 1.5x, https:\/\/i0.wp.com\/www.grieta.org.mx\/wp-content\/uploads\/2020\/04\/JornalerosCOVID.jpg?resize=700%2C400 2x, https:\/\/i0.wp.com\/www.grieta.org.mx\/wp-content\/uploads\/2020\/04\/JornalerosCOVID.jpg?resize=1050%2C600 3x"},"classes":[]},{"id":35471,"url":"http:\/\/www.grieta.org.mx\/index.php\/2019\/06\/27\/jornaleros-agricolas-de-oaxaca-fueron-esclavizados-en-rancho-constitucion-baja-california\/","url_meta":{"origin":48143,"position":1},"title":"Jornaleros agr\u00edcolas de Oaxaca fueron esclavizados en Rancho Constituci\u00f3n, Baja California","author":"grieta","date":"27 junio, 2019","format":false,"excerpt":"Jaime Guerrero \/ P\u00e1gina 3. Oaxaca.- Cerca de 45 jornaleros migrantes de Oaxaca viv\u00edan en condiciones de esclavizaci\u00f3n en Rancho Constituci\u00f3n, ubicado en Baja California. Las personas se encontraban hacinadas en insalubres cuartos de l\u00e1mina, con una paga m\u00ednima de 4 pesos por bote y sin seguridad social. Por las\u2026","rel":"","context":"En &quot;Baja California&quot;","block_context":{"text":"Baja California","link":"http:\/\/www.grieta.org.mx\/index.php\/category\/noticias-nacionales\/baja-california\/"},"img":{"alt_text":"","src":"https:\/\/i0.wp.com\/www.grieta.org.mx\/wp-content\/uploads\/2019\/06\/ninosjornaleros.jpg?resize=350%2C200","width":350,"height":200,"srcset":"https:\/\/i0.wp.com\/www.grieta.org.mx\/wp-content\/uploads\/2019\/06\/ninosjornaleros.jpg?resize=350%2C200 1x, https:\/\/i0.wp.com\/www.grieta.org.mx\/wp-content\/uploads\/2019\/06\/ninosjornaleros.jpg?resize=525%2C300 1.5x"},"classes":[]},{"id":22307,"url":"http:\/\/www.grieta.org.mx\/index.php\/2018\/03\/17\/se-manifiestan-jornaleros-de-san-quintin-a-tres-anos-de-su-levantamiento-baja-california\/","url_meta":{"origin":48143,"position":2},"title":"Se manifiestan jornaleros de San Quint\u00edn a tres a\u00f1os de su levantamiento (Baja California)","author":"grieta","date":"17 marzo, 2018","format":false,"excerpt":"San Quint\u00edn, 17 de marzo.- Jornaleros del Valle de San Quint\u00edn se manifestaron al cumplirse el tercer aniversario del movimiento que protagonizaron el 17 de marzo de 2015 para exigir mejoras en sus condiciones laborales. Alrededor de 60 personas, integrantes del Sindicato Nacional de Jornaleros Agr\u00edcolas (Sindja) se plantaron en\u2026","rel":"","context":"En &quot;Baja California&quot;","block_context":{"text":"Baja California","link":"http:\/\/www.grieta.org.mx\/index.php\/category\/noticias-nacionales\/baja-california\/"},"img":{"alt_text":"","src":"https:\/\/i0.wp.com\/www.grieta.org.mx\/wp-content\/uploads\/2018\/03\/sq_0.jpeg?resize=350%2C200","width":350,"height":200,"srcset":"https:\/\/i0.wp.com\/www.grieta.org.mx\/wp-content\/uploads\/2018\/03\/sq_0.jpeg?resize=350%2C200 1x, https:\/\/i0.wp.com\/www.grieta.org.mx\/wp-content\/uploads\/2018\/03\/sq_0.jpeg?resize=525%2C300 1.5x"},"classes":[]},{"id":52238,"url":"http:\/\/www.grieta.org.mx\/index.php\/2020\/07\/08\/covid-19-broto-entre-jornaleros-agricolas-y-sus-familias-en-4-estados-y-hay-dos-muertos-red\/","url_meta":{"origin":48143,"position":3},"title":"COVID-19 brot\u00f3 entre jornaleros agr\u00edcolas y sus familias en 4 estados, y hay dos muertos: Red","author":"grieta","date":"8 julio, 2020","format":false,"excerpt":"Entre hacinamiento, explotaci\u00f3n infantil, desregulaci\u00f3n de transporte de una zona a otra y sin seguridad social, la COVID-19 brot\u00f3 entre jornaleros agr\u00edcolas y sus familias, a pesar de las gu\u00edas de medidas sanitarias distribuidas por la Secretar\u00eda del Trabajo a las empresas productoras. Dulce Olvera \/ Sinembargo, 08 de julio\u2026","rel":"","context":"En &quot;Baja California&quot;","block_context":{"text":"Baja California","link":"http:\/\/www.grieta.org.mx\/index.php\/category\/noticias-nacionales\/baja-california\/"},"img":{"alt_text":"","src":"https:\/\/i0.wp.com\/www.grieta.org.mx\/wp-content\/uploads\/2020\/08\/jornaleros-guerrero.jpg?resize=350%2C200","width":350,"height":200,"srcset":"https:\/\/i0.wp.com\/www.grieta.org.mx\/wp-content\/uploads\/2020\/08\/jornaleros-guerrero.jpg?resize=350%2C200 1x, https:\/\/i0.wp.com\/www.grieta.org.mx\/wp-content\/uploads\/2020\/08\/jornaleros-guerrero.jpg?resize=525%2C300 1.5x, https:\/\/i0.wp.com\/www.grieta.org.mx\/wp-content\/uploads\/2020\/08\/jornaleros-guerrero.jpg?resize=700%2C400 2x, https:\/\/i0.wp.com\/www.grieta.org.mx\/wp-content\/uploads\/2020\/08\/jornaleros-guerrero.jpg?resize=1050%2C600 3x"},"classes":[]},{"id":35274,"url":"http:\/\/www.grieta.org.mx\/index.php\/2019\/06\/21\/alertan-por-fraude-a-jornaleros-mixtecos-oaxaca-y-baja-california\/","url_meta":{"origin":48143,"position":4},"title":"Alertan por fraude a jornaleros mixtecos (Oaxaca y Baja California)","author":"grieta","date":"21 junio, 2019","format":false,"excerpt":"Noticias. Lesli Aguilar Fueron expuestas situaciones de hacinamiento y m\u00ednimos servicios en los que habitaban jornaleros agr\u00edcolas en el rancho Constituci\u00f3n, en Baja California. HUAJUAPAN DE LE\u00d3N, Oaxaca.- La directora del Instituto Oaxaque\u00f1o de Atenci\u00f3n al Migrante (IOAM), A\u00edda Ruiz Garc\u00eda, alert\u00f3 a los jornaleros agr\u00edcolas de la regi\u00f3n Mixteca\u2026","rel":"","context":"En &quot;Baja California&quot;","block_context":{"text":"Baja California","link":"http:\/\/www.grieta.org.mx\/index.php\/category\/noticias-nacionales\/baja-california\/"},"img":{"alt_text":"","src":"https:\/\/i0.wp.com\/www.grieta.org.mx\/wp-content\/uploads\/2019\/06\/image_24_396.jpg?resize=350%2C200","width":350,"height":200,"srcset":"https:\/\/i0.wp.com\/www.grieta.org.mx\/wp-content\/uploads\/2019\/06\/image_24_396.jpg?resize=350%2C200 1x, https:\/\/i0.wp.com\/www.grieta.org.mx\/wp-content\/uploads\/2019\/06\/image_24_396.jpg?resize=525%2C300 1.5x, https:\/\/i0.wp.com\/www.grieta.org.mx\/wp-content\/uploads\/2019\/06\/image_24_396.jpg?resize=700%2C400 2x, https:\/\/i0.wp.com\/www.grieta.org.mx\/wp-content\/uploads\/2019\/06\/image_24_396.jpg?resize=1050%2C600 3x"},"classes":[]},{"id":4223,"url":"http:\/\/www.grieta.org.mx\/index.php\/2015\/04\/14\/denuncian-abusos-a-jornaleros-agricolas\/","url_meta":{"origin":48143,"position":5},"title":"Denuncian abusos a jornaleros agr\u00edcolas","author":"grieta","date":"14 abril, 2015","format":false,"excerpt":"Redacci\u00f3n\/El Sol de Nayarit Los denunciantes precisaron que en Nayarit los casos se dan con mayor frecuencia en municipios de la zona norte del estado. Ante instancias nacionales, defensores de los derechos de los jornaleros agr\u00edcolas denunciaron la explotaci\u00f3n generalizada a la que son sometidos los ind\u00edgenas que cada a\u00f1o\u2026","rel":"","context":"En &quot;CINTILLO&quot;","block_context":{"text":"CINTILLO","link":"http:\/\/www.grieta.org.mx\/index.php\/category\/cintillo\/"},"img":{"alt_text":"","src":"https:\/\/i0.wp.com\/www.grieta.org.mx\/wp-content\/uploads\/2018\/03\/14524434_1106112876131411_958039263622046936_o.jpg?resize=350%2C200","width":350,"height":200,"srcset":"https:\/\/i0.wp.com\/www.grieta.org.mx\/wp-content\/uploads\/2018\/03\/14524434_1106112876131411_958039263622046936_o.jpg?resize=350%2C200 1x, https:\/\/i0.wp.com\/www.grieta.org.mx\/wp-content\/uploads\/2018\/03\/14524434_1106112876131411_958039263622046936_o.jpg?resize=525%2C300 1.5x, https:\/\/i0.wp.com\/www.grieta.org.mx\/wp-content\/uploads\/2018\/03\/14524434_1106112876131411_958039263622046936_o.jpg?resize=700%2C400 2x"},"classes":[]}],"_links":{"self":[{"href":"http:\/\/www.grieta.org.mx\/index.php\/wp-json\/wp\/v2\/posts\/48143","targetHints":{"allow":["GET"]}}],"collection":[{"href":"http:\/\/www.grieta.org.mx\/index.php\/wp-json\/wp\/v2\/posts"}],"about":[{"href":"http:\/\/www.grieta.org.mx\/index.php\/wp-json\/wp\/v2\/types\/post"}],"author":[{"embeddable":true,"href":"http:\/\/www.grieta.org.mx\/index.php\/wp-json\/wp\/v2\/users\/2"}],"replies":[{"embeddable":true,"href":"http:\/\/www.grieta.org.mx\/index.php\/wp-json\/wp\/v2\/comments?post=48143"}],"version-history":[{"count":1,"href":"http:\/\/www.grieta.org.mx\/index.php\/wp-json\/wp\/v2\/posts\/48143\/revisions"}],"predecessor-version":[{"id":48145,"href":"http:\/\/www.grieta.org.mx\/index.php\/wp-json\/wp\/v2\/posts\/48143\/revisions\/48145"}],"wp:featuredmedia":[{"embeddable":true,"href":"http:\/\/www.grieta.org.mx\/index.php\/wp-json\/wp\/v2\/media\/48144"}],"wp:attachment":[{"href":"http:\/\/www.grieta.org.mx\/index.php\/wp-json\/wp\/v2\/media?parent=48143"}],"wp:term":[{"taxonomy":"category","embeddable":true,"href":"http:\/\/www.grieta.org.mx\/index.php\/wp-json\/wp\/v2\/categories?post=48143"},{"taxonomy":"post_tag","embeddable":true,"href":"http:\/\/www.grieta.org.mx\/index.php\/wp-json\/wp\/v2\/tags?post=48143"}],"curies":[{"name":"wp","href":"https:\/\/api.w.org\/{rel}","templated":true}]}}