{"id":48121,"date":"2020-04-21T01:37:06","date_gmt":"2020-04-21T06:37:06","guid":{"rendered":"http:\/\/www.grieta.org.mx\/?p=48121"},"modified":"2020-04-23T01:45:00","modified_gmt":"2020-04-23T06:45:00","slug":"al-covid-19-se-suman-las-enfermedades-respiratorias-en-san-juan-del-rio-queretaro","status":"publish","type":"post","link":"http:\/\/www.grieta.org.mx\/index.php\/2020\/04\/21\/al-covid-19-se-suman-las-enfermedades-respiratorias-en-san-juan-del-rio-queretaro\/","title":{"rendered":"Al Covid-19, se suman las enfermedades respiratorias en San Juan del R\u00edo (Quer\u00e9taro)"},"content":{"rendered":"<p><img loading=\"lazy\" decoding=\"async\" data-attachment-id=\"48122\" data-permalink=\"http:\/\/www.grieta.org.mx\/index.php\/2020\/04\/21\/al-covid-19-se-suman-las-enfermedades-respiratorias-en-san-juan-del-rio-queretaro\/al-covid-19-se-suman-las-enfermedades-respiratorias-en-san-juan-del-rio-qro-abr\/\" data-orig-file=\"http:\/\/www.grieta.org.mx\/wp-content\/uploads\/2020\/04\/Al-Covid-19-se-suman-las-enfermedades-respiratorias-en-San-Juan-del-R\u00edo-qro-abr.jpg\" data-orig-size=\"259,194\" data-comments-opened=\"0\" data-image-meta=\"{&quot;aperture&quot;:&quot;0&quot;,&quot;credit&quot;:&quot;&quot;,&quot;camera&quot;:&quot;&quot;,&quot;caption&quot;:&quot;&quot;,&quot;created_timestamp&quot;:&quot;0&quot;,&quot;copyright&quot;:&quot;&quot;,&quot;focal_length&quot;:&quot;0&quot;,&quot;iso&quot;:&quot;0&quot;,&quot;shutter_speed&quot;:&quot;0&quot;,&quot;title&quot;:&quot;&quot;,&quot;orientation&quot;:&quot;0&quot;}\" data-image-title=\"Al Covid-19, se suman las enfermedades respiratorias en San Juan del R\u00edo qro abr\" data-image-description=\"\" data-image-caption=\"\" data-medium-file=\"http:\/\/www.grieta.org.mx\/wp-content\/uploads\/2020\/04\/Al-Covid-19-se-suman-las-enfermedades-respiratorias-en-San-Juan-del-R\u00edo-qro-abr.jpg\" data-large-file=\"http:\/\/www.grieta.org.mx\/wp-content\/uploads\/2020\/04\/Al-Covid-19-se-suman-las-enfermedades-respiratorias-en-San-Juan-del-R\u00edo-qro-abr.jpg\" class=\"aligncenter size-full wp-image-48122\" src=\"http:\/\/www.grieta.org.mx\/wp-content\/uploads\/2020\/04\/Al-Covid-19-se-suman-las-enfermedades-respiratorias-en-San-Juan-del-R\u00edo-qro-abr.jpg\" alt=\"\" width=\"259\" height=\"194\" \/><br \/>\n<em>Imagen tomada de: rotativo.com.mx<\/em><\/p>\n<p>Mart\u00edn Garc\u00eda Chavero \/ Rotativo<\/p>\n<p>San Juan del R\u00edo, 21 Abril 2020.- En medio de la contingencia por el Civid-19 y el anuncio de la fase 3 de las medidas de contenci\u00f3n de la epidemia, las enfermedades degenerativas y respiratorias, se han incrementado.<\/p>\n<p>Lo anterior se desprende de la gran cantidad de gente que se aglomera diariamente en las unidades de medicina familiar y cl\u00ednicas de salud, para que puedan obtener una consulta o recibir atenci\u00f3n m\u00e9dica.<\/p>\n<p>El personal de salud que atiende en la cl\u00ednica del IMSS en el Boulevard Hidalgo, en San Juan del R\u00edo, refiere que incluso las gripas fuertes o diagn\u00f3sticos respiratorios, se llegan a confundir con la portaci\u00f3n del virus del Covid-19, si los pacientes no se han realizado la prueba.<\/p>\n<p>Una de las problem\u00e1ticas a las que se enfrenta una gran cantidad de gente, son las consultas y abastecimiento de medicamentos, al referir que muchas veces el m\u00e9dico les extiende la receta pero en farmacia no tienen las medicinas.<\/p>\n<p><img loading=\"lazy\" decoding=\"async\" data-attachment-id=\"48124\" data-permalink=\"http:\/\/www.grieta.org.mx\/index.php\/2020\/04\/21\/al-covid-19-se-suman-las-enfermedades-respiratorias-en-san-juan-del-rio-queretaro\/covid-19-enfermedades-respiratorias-imss\/\" data-orig-file=\"http:\/\/www.grieta.org.mx\/wp-content\/uploads\/2020\/04\/covid-19-enfermedades-respiratorias-imss.jpeg\" data-orig-size=\"1000,750\" data-comments-opened=\"0\" data-image-meta=\"{&quot;aperture&quot;:&quot;0&quot;,&quot;credit&quot;:&quot;&quot;,&quot;camera&quot;:&quot;&quot;,&quot;caption&quot;:&quot;&quot;,&quot;created_timestamp&quot;:&quot;0&quot;,&quot;copyright&quot;:&quot;&quot;,&quot;focal_length&quot;:&quot;0&quot;,&quot;iso&quot;:&quot;0&quot;,&quot;shutter_speed&quot;:&quot;0&quot;,&quot;title&quot;:&quot;&quot;,&quot;orientation&quot;:&quot;0&quot;}\" data-image-title=\"covid-19-enfermedades-respiratorias-imss\" data-image-description=\"\" data-image-caption=\"\" data-medium-file=\"http:\/\/www.grieta.org.mx\/wp-content\/uploads\/2020\/04\/covid-19-enfermedades-respiratorias-imss-300x225.jpeg\" data-large-file=\"http:\/\/www.grieta.org.mx\/wp-content\/uploads\/2020\/04\/covid-19-enfermedades-respiratorias-imss.jpeg\" class=\"aligncenter  wp-image-48124\" src=\"http:\/\/www.grieta.org.mx\/wp-content\/uploads\/2020\/04\/covid-19-enfermedades-respiratorias-imss.jpeg\" alt=\"\" width=\"598\" height=\"448\" srcset=\"http:\/\/www.grieta.org.mx\/wp-content\/uploads\/2020\/04\/covid-19-enfermedades-respiratorias-imss.jpeg 1000w, http:\/\/www.grieta.org.mx\/wp-content\/uploads\/2020\/04\/covid-19-enfermedades-respiratorias-imss-300x225.jpeg 300w, http:\/\/www.grieta.org.mx\/wp-content\/uploads\/2020\/04\/covid-19-enfermedades-respiratorias-imss-768x576.jpeg 768w, http:\/\/www.grieta.org.mx\/wp-content\/uploads\/2020\/04\/covid-19-enfermedades-respiratorias-imss-667x500.jpeg 667w\" sizes=\"auto, (max-width: 598px) 100vw, 598px\" \/><br \/>\n<em>Imagen tomada de: rotativo.com.mx<\/em><\/p>\n<p>Es precisamente en estos lugares donde existe un alto riesgo de contagio al covid-19, debido a que la mayor\u00eda de la gente es de condici\u00f3n baja y no tiene los recursos para poder obtener por lo menos el cubrebocas, debido a que tambi\u00e9n se trata de un productos que est\u00e1 agotados en muchos lugares y en otros el precio se ha elevado desproporcionalmente.<\/p>\n<p>\u201cC\u00f3mo vamos a traer cubrebocas si no hay en las farmacias y dicen que muchos venden en internet pero los precios son muy caros, no tenemos trabajo y apenas alcanza para el pasaje\u201d, dijo una mujer que llevaba en brazos a su hijo y que pretend\u00eda ingresar a la cl\u00ednica del IMSS para que lo vacunaran.<\/p>\n<p>Las filas diariamente son grandes, en algunos lugares tienen que acudir desde varios d\u00edas antes para que les toque cita y si se trata de una emergencia, no hay atenci\u00f3n porque el personal m\u00e9dico est\u00e1 ocupado en atender los casos de Covid-19.<\/p>\n<p><a href=\"https:\/\/rotativo.com.mx\/2020\/04\/21\/noticias\/locales\/san-juan-del-rio\/al-covid-19-se-suman-las-enfermedades-respiratorias-en-san-juan-del-rio-834778\/\" target=\"_blank\" rel=\"noopener noreferrer\">https:\/\/rotativo.com.mx\/2020\/04\/21\/noticias\/locales\/san-juan-del-rio\/al-covid-19-se-suman-las-enfermedades-respiratorias-en-san-juan-del-rio-834778\/<\/a><\/p>\n","protected":false},"excerpt":{"rendered":"<p>Imagen tomada de: rotativo.com.mx Mart\u00edn Garc\u00eda Chavero \/ Rotativo San Juan del R\u00edo, 21 Abril 2020.- En medio de la contingencia por el Civid-19 y el anuncio de la fase &hellip; <a href=\"http:\/\/www.grieta.org.mx\/index.php\/2020\/04\/21\/al-covid-19-se-suman-las-enfermedades-respiratorias-en-san-juan-del-rio-queretaro\/\" class=\"more-link\">Leer m\u00e1s<\/a><\/p>\n","protected":false},"author":2,"featured_media":48122,"comment_status":"closed","ping_status":"closed","sticky":false,"template":"","format":"standard","meta":{"ngg_post_thumbnail":0,"_jetpack_newsletter_access":"","_jetpack_dont_email_post_to_subs":false,"_jetpack_newsletter_tier_id":0,"_jetpack_memberships_contains_paywalled_content":false,"_jetpack_memberships_contains_paid_content":false,"footnotes":""},"categories":[80,3298,918,2482,910,1510,3031,2,27,83],"tags":[3241,3133,2366,1068],"class_list":["post-48121","post","type-post","status-publish","format-standard","has-post-thumbnail","hentry","category-cintillo","category-covid-19-en-queretaro","category-privatizacion-del-sector-salud","category-crisis-del-sector-salud-en-queretaro","category-explotacion-y-precariedad-laboral","category-explotacion-y-precariedad-laboral-en-queretaro","category-incremento-del-costo-de-la-vida-en-queretaro","category-noticias-nacionales","category-queretaro","category-temas-nacionales","tag-covid-19","tag-crisis-del-sector-salud","tag-desabasto-de-medicinas","tag-incremento-en-el-costo-de-la-vida","entry"],"jetpack_featured_media_url":"http:\/\/www.grieta.org.mx\/wp-content\/uploads\/2020\/04\/Al-Covid-19-se-suman-las-enfermedades-respiratorias-en-San-Juan-del-R\u00edo-qro-abr.jpg","jetpack_sharing_enabled":true,"jetpack_shortlink":"https:\/\/wp.me\/p7ZJR4-cw9","jetpack_likes_enabled":false,"jetpack-related-posts":[{"id":50815,"url":"http:\/\/www.grieta.org.mx\/index.php\/2020\/06\/09\/enfermeras-y-doctores-exigen-mejores-insumos-medicos-queretaro\/","url_meta":{"origin":48121,"position":0},"title":"Enfermeras y Doctores exigen mejores insumos m\u00e9dicos (Quer\u00e9taro)","author":"grieta","date":"9 junio, 2020","format":false,"excerpt":"Foto: www.facebook.com\/InboxPolitico Inbox Pol\u00edtico Este martes se llevaron acabo dos manifestaciones -en la capital del Estado de Quer\u00e9taro- ambas integradas por personal m\u00e9dico. En la primera, Enfermeras del Hospital de Especialidades del Ni\u00f1o y la Mujer, en Plaza de Armas, exigieron insumos de calidad para atender a pacientes Covid. En\u2026","rel":"","context":"En &quot;CINTILLO&quot;","block_context":{"text":"CINTILLO","link":"http:\/\/www.grieta.org.mx\/index.php\/category\/cintillo\/"},"img":{"alt_text":"","src":"https:\/\/i0.wp.com\/www.grieta.org.mx\/wp-content\/uploads\/2020\/06\/Enfermeras-y-Doctores-exigen-mejores-insumos-m%C3%A9dicos-qro-jun.jpg?resize=350%2C200","width":350,"height":200,"srcset":"https:\/\/i0.wp.com\/www.grieta.org.mx\/wp-content\/uploads\/2020\/06\/Enfermeras-y-Doctores-exigen-mejores-insumos-m%C3%A9dicos-qro-jun.jpg?resize=350%2C200 1x, https:\/\/i0.wp.com\/www.grieta.org.mx\/wp-content\/uploads\/2020\/06\/Enfermeras-y-Doctores-exigen-mejores-insumos-m%C3%A9dicos-qro-jun.jpg?resize=525%2C300 1.5x, https:\/\/i0.wp.com\/www.grieta.org.mx\/wp-content\/uploads\/2020\/06\/Enfermeras-y-Doctores-exigen-mejores-insumos-m%C3%A9dicos-qro-jun.jpg?resize=700%2C400 2x"},"classes":[]},{"id":42191,"url":"http:\/\/www.grieta.org.mx\/index.php\/2019\/12\/14\/denuncian-la-falta-de-limpieza-de-las-clinicas-del-imss-en-san-juan-del-rio-urge-personal-de-intendencia-queretaro\/","url_meta":{"origin":48121,"position":1},"title":"Denuncian la falta de limpieza de las cl\u00ednicas del IMSS en San Juan del R\u00edo; urge personal de intendencia (Quer\u00e9taro)","author":"grieta","date":"14 diciembre, 2019","format":false,"excerpt":"Marisol Barbosa Rodr\u00edguez \/ Noticias de Quer\u00e9taro Derechohabientes que acuden a las cl\u00ednicas del Seguro Social (IMSS) en San Juan del R\u00edo, denunciaron la falta de higiene en las \u00e1reas de consulta, en los ba\u00f1os, laboratorios y urgencias; situaci\u00f3n que genera un foco de infecci\u00f3n por la cantidad de personas\u2026","rel":"","context":"En &quot;CINTILLO&quot;","block_context":{"text":"CINTILLO","link":"http:\/\/www.grieta.org.mx\/index.php\/category\/cintillo\/"},"img":{"alt_text":"","src":"https:\/\/i0.wp.com\/www.grieta.org.mx\/wp-content\/uploads\/2019\/12\/Denuncian-la-falta-de-limpieza-de-las-cl%C3%ADnicas-del-IMSS-en-San-Juan-del-R%C3%ADo-urge-personal-de-intendencia-qro-dic.jpg?resize=350%2C200","width":350,"height":200,"srcset":"https:\/\/i0.wp.com\/www.grieta.org.mx\/wp-content\/uploads\/2019\/12\/Denuncian-la-falta-de-limpieza-de-las-cl%C3%ADnicas-del-IMSS-en-San-Juan-del-R%C3%ADo-urge-personal-de-intendencia-qro-dic.jpg?resize=350%2C200 1x, https:\/\/i0.wp.com\/www.grieta.org.mx\/wp-content\/uploads\/2019\/12\/Denuncian-la-falta-de-limpieza-de-las-cl%C3%ADnicas-del-IMSS-en-San-Juan-del-R%C3%ADo-urge-personal-de-intendencia-qro-dic.jpg?resize=525%2C300 1.5x, https:\/\/i0.wp.com\/www.grieta.org.mx\/wp-content\/uploads\/2019\/12\/Denuncian-la-falta-de-limpieza-de-las-cl%C3%ADnicas-del-IMSS-en-San-Juan-del-R%C3%ADo-urge-personal-de-intendencia-qro-dic.jpg?resize=700%2C400 2x, https:\/\/i0.wp.com\/www.grieta.org.mx\/wp-content\/uploads\/2019\/12\/Denuncian-la-falta-de-limpieza-de-las-cl%C3%ADnicas-del-IMSS-en-San-Juan-del-R%C3%ADo-urge-personal-de-intendencia-qro-dic.jpg?resize=1050%2C600 3x"},"classes":[]},{"id":47582,"url":"http:\/\/www.grieta.org.mx\/index.php\/2020\/04\/08\/pobladores-de-santiago-mexquititlan-denuncian-acoso-de-autoridades-municipales-y-llaman-a-la-solidariad-de-la-ciudadania-queretaro\/","url_meta":{"origin":48121,"position":2},"title":"POBLADORES DE SANTIAGO MEXQUITITL\u00c1N DENUNCIAN ACOSO DE AUTORIDADES MUNICIPALES Y LLAMAN A LA SOLIDARIAD DE LA CIUDADAN\u00cdA (Quer\u00e9taro)","author":"grieta","date":"8 abril, 2020","format":false,"excerpt":"Imagen tomada de: sanpanchotv.wordpress.com TV San Pancho Pese a la cuarentena declarada para mitigar la expansi\u00f3n del COVID-19, la comunidad de Santiago Mexquititl\u00e1n contin\u00faa organizando su Concejo comunitario, donde adem\u00e1s de construir mecanismos comunitarios para atender la seguridad, la educaci\u00f3n y el comercio, tambi\u00e9n apuestan a la salud comunitaria. En\u2026","rel":"","context":"En &quot;Abuso policiaco y tortura en Quer\u00e9taro&quot;","block_context":{"text":"Abuso policiaco y tortura en Quer\u00e9taro","link":"http:\/\/www.grieta.org.mx\/index.php\/category\/noticias-nacionales\/queretaro\/abuso-policiaco-y-tortura-en-queretaro\/"},"img":{"alt_text":"","src":"https:\/\/i0.wp.com\/www.grieta.org.mx\/wp-content\/uploads\/2020\/04\/POBLADORES-DE-SANTIAGO-MEXQUITITL%C3%81N-DENUNCIAN-ACOSO-DE-AUTORIDADES-MUNICIPALES-Y-LLAMAN-A-LA-SOLIDARIAD-DE-LA-CIUDADAN%C3%8DA-qro-abr.jpg?resize=350%2C200","width":350,"height":200,"srcset":"https:\/\/i0.wp.com\/www.grieta.org.mx\/wp-content\/uploads\/2020\/04\/POBLADORES-DE-SANTIAGO-MEXQUITITL%C3%81N-DENUNCIAN-ACOSO-DE-AUTORIDADES-MUNICIPALES-Y-LLAMAN-A-LA-SOLIDARIAD-DE-LA-CIUDADAN%C3%8DA-qro-abr.jpg?resize=350%2C200 1x, https:\/\/i0.wp.com\/www.grieta.org.mx\/wp-content\/uploads\/2020\/04\/POBLADORES-DE-SANTIAGO-MEXQUITITL%C3%81N-DENUNCIAN-ACOSO-DE-AUTORIDADES-MUNICIPALES-Y-LLAMAN-A-LA-SOLIDARIAD-DE-LA-CIUDADAN%C3%8DA-qro-abr.jpg?resize=525%2C300 1.5x, https:\/\/i0.wp.com\/www.grieta.org.mx\/wp-content\/uploads\/2020\/04\/POBLADORES-DE-SANTIAGO-MEXQUITITL%C3%81N-DENUNCIAN-ACOSO-DE-AUTORIDADES-MUNICIPALES-Y-LLAMAN-A-LA-SOLIDARIAD-DE-LA-CIUDADAN%C3%8DA-qro-abr.jpg?resize=700%2C400 2x"},"classes":[]},{"id":42670,"url":"http:\/\/www.grieta.org.mx\/index.php\/2019\/12\/26\/trabajadores-del-seguro-popular-acusan-incertidumbre-juridica-laboral-queretaro\/","url_meta":{"origin":48121,"position":3},"title":"Trabajadores del Seguro Popular acusan incertidumbre jur\u00eddica laboral (Quer\u00e9taro)","author":"grieta","date":"26 diciembre, 2019","format":false,"excerpt":"Esmeralda Trueba \/ C\u00f3digo Quer\u00e9taro Los afectados dicen que no se les ha informado si se dar\u00e1 continuidad a sus servicios en el Insabi, o bien, si ser\u00e1n liquidados ante su despido y cierre laboral del Seguro Popular el pr\u00f3ximo 31 de diciembre Son 173 trabajadores del Seguro Popular a\u2026","rel":"","context":"En &quot;CINTILLO&quot;","block_context":{"text":"CINTILLO","link":"http:\/\/www.grieta.org.mx\/index.php\/category\/cintillo\/"},"img":{"alt_text":"","src":"https:\/\/i0.wp.com\/www.grieta.org.mx\/wp-content\/uploads\/2020\/01\/Trabajadores-del-Seguro-Popular-acusan-incertidumbre-jur%C3%ADdica-laboral-qro-ene.jpg?resize=350%2C200","width":350,"height":200,"srcset":"https:\/\/i0.wp.com\/www.grieta.org.mx\/wp-content\/uploads\/2020\/01\/Trabajadores-del-Seguro-Popular-acusan-incertidumbre-jur%C3%ADdica-laboral-qro-ene.jpg?resize=350%2C200 1x, https:\/\/i0.wp.com\/www.grieta.org.mx\/wp-content\/uploads\/2020\/01\/Trabajadores-del-Seguro-Popular-acusan-incertidumbre-jur%C3%ADdica-laboral-qro-ene.jpg?resize=525%2C300 1.5x, https:\/\/i0.wp.com\/www.grieta.org.mx\/wp-content\/uploads\/2020\/01\/Trabajadores-del-Seguro-Popular-acusan-incertidumbre-jur%C3%ADdica-laboral-qro-ene.jpg?resize=700%2C400 2x, https:\/\/i0.wp.com\/www.grieta.org.mx\/wp-content\/uploads\/2020\/01\/Trabajadores-del-Seguro-Popular-acusan-incertidumbre-jur%C3%ADdica-laboral-qro-ene.jpg?resize=1050%2C600 3x"},"classes":[]},{"id":49762,"url":"http:\/\/www.grieta.org.mx\/index.php\/2020\/05\/17\/enfermeras-se-dicen-en-riesgo-queretaro\/","url_meta":{"origin":48121,"position":4},"title":"Enfermeras se dicen en riesgo (Quer\u00e9taro)","author":"grieta","date":"17 mayo, 2020","format":false,"excerpt":"Foto: Hugo Arciniega \/ Diario de Quer\u00e9taro Alejandro Pay\u00e1n \/ Diario de Quer\u00e9taro Se quejan de falta de protocolos contra el Covid-19 y se\u00f1alan casos sospechosos de contagio Enfermeras del Hospital de Especialidades del Ni\u00f1o y la Mujer denunciaron la falta de protocolos en para detectar pacientes con Covid-19, incluso\u2026","rel":"","context":"En &quot;CINTILLO&quot;","block_context":{"text":"CINTILLO","link":"http:\/\/www.grieta.org.mx\/index.php\/category\/cintillo\/"},"img":{"alt_text":"","src":"https:\/\/i0.wp.com\/www.grieta.org.mx\/wp-content\/uploads\/2020\/05\/Enfermeras-se-dicen-en-riesgo-qro-may.jpg?resize=350%2C200","width":350,"height":200,"srcset":"https:\/\/i0.wp.com\/www.grieta.org.mx\/wp-content\/uploads\/2020\/05\/Enfermeras-se-dicen-en-riesgo-qro-may.jpg?resize=350%2C200 1x, https:\/\/i0.wp.com\/www.grieta.org.mx\/wp-content\/uploads\/2020\/05\/Enfermeras-se-dicen-en-riesgo-qro-may.jpg?resize=525%2C300 1.5x, https:\/\/i0.wp.com\/www.grieta.org.mx\/wp-content\/uploads\/2020\/05\/Enfermeras-se-dicen-en-riesgo-qro-may.jpg?resize=700%2C400 2x"},"classes":[]},{"id":43082,"url":"http:\/\/www.grieta.org.mx\/index.php\/2020\/01\/13\/denuncian-escasez-de-medicamentos-y-materiales-en-imss-de-san-juan-del-rio-queretaro\/","url_meta":{"origin":48121,"position":5},"title":"Denuncian escasez de medicamentos y materiales en IMSS de San Juan del R\u00edo (Quer\u00e9taro)","author":"grieta","date":"13 enero, 2020","format":false,"excerpt":"Derechohabientes de la Unidad de Medicina Familiar N\u00ba 7 del IMSS en San Juan del R\u00edo, denunciaron la falta de medicamentos y materiales para ser atendidos. Cris Mesa Ram\u00edrez \/ Rotativo San Juan del R\u00edo, 13 Enero 2019.- Derechohabientes de la Unidad de Medicina Familiar (UMF), N\u00ba 7 del Instituto\u2026","rel":"","context":"En &quot;CINTILLO&quot;","block_context":{"text":"CINTILLO","link":"http:\/\/www.grieta.org.mx\/index.php\/category\/cintillo\/"},"img":{"alt_text":"","src":"https:\/\/i0.wp.com\/www.grieta.org.mx\/wp-content\/uploads\/2020\/01\/Denuncian-escasez-de-medicamentos-y-materiales-en-IMSS-de-San-Juan-del-R%C3%ADo-qro-ene.jpg?resize=350%2C200","width":350,"height":200,"srcset":"https:\/\/i0.wp.com\/www.grieta.org.mx\/wp-content\/uploads\/2020\/01\/Denuncian-escasez-de-medicamentos-y-materiales-en-IMSS-de-San-Juan-del-R%C3%ADo-qro-ene.jpg?resize=350%2C200 1x, https:\/\/i0.wp.com\/www.grieta.org.mx\/wp-content\/uploads\/2020\/01\/Denuncian-escasez-de-medicamentos-y-materiales-en-IMSS-de-San-Juan-del-R%C3%ADo-qro-ene.jpg?resize=525%2C300 1.5x"},"classes":[]}],"_links":{"self":[{"href":"http:\/\/www.grieta.org.mx\/index.php\/wp-json\/wp\/v2\/posts\/48121","targetHints":{"allow":["GET"]}}],"collection":[{"href":"http:\/\/www.grieta.org.mx\/index.php\/wp-json\/wp\/v2\/posts"}],"about":[{"href":"http:\/\/www.grieta.org.mx\/index.php\/wp-json\/wp\/v2\/types\/post"}],"author":[{"embeddable":true,"href":"http:\/\/www.grieta.org.mx\/index.php\/wp-json\/wp\/v2\/users\/2"}],"replies":[{"embeddable":true,"href":"http:\/\/www.grieta.org.mx\/index.php\/wp-json\/wp\/v2\/comments?post=48121"}],"version-history":[{"count":1,"href":"http:\/\/www.grieta.org.mx\/index.php\/wp-json\/wp\/v2\/posts\/48121\/revisions"}],"predecessor-version":[{"id":48125,"href":"http:\/\/www.grieta.org.mx\/index.php\/wp-json\/wp\/v2\/posts\/48121\/revisions\/48125"}],"wp:featuredmedia":[{"embeddable":true,"href":"http:\/\/www.grieta.org.mx\/index.php\/wp-json\/wp\/v2\/media\/48122"}],"wp:attachment":[{"href":"http:\/\/www.grieta.org.mx\/index.php\/wp-json\/wp\/v2\/media?parent=48121"}],"wp:term":[{"taxonomy":"category","embeddable":true,"href":"http:\/\/www.grieta.org.mx\/index.php\/wp-json\/wp\/v2\/categories?post=48121"},{"taxonomy":"post_tag","embeddable":true,"href":"http:\/\/www.grieta.org.mx\/index.php\/wp-json\/wp\/v2\/tags?post=48121"}],"curies":[{"name":"wp","href":"https:\/\/api.w.org\/{rel}","templated":true}]}}