{"id":4796,"date":"2014-12-04T19:00:30","date_gmt":"2014-12-04T19:00:30","guid":{"rendered":"http:\/\/50.22.11.12\/~grietaor\/?p=4796"},"modified":"2016-03-25T19:02:04","modified_gmt":"2016-03-25T19:02:04","slug":"el-acueducto-monterrey-vi-un-nuevo-fracking-para-pena-nieto","status":"publish","type":"post","link":"http:\/\/www.grieta.org.mx\/index.php\/2014\/12\/04\/el-acueducto-monterrey-vi-un-nuevo-fracking-para-pena-nieto\/","title":{"rendered":"El acueducto Monterrey VI, un nuevo fracking para Pe\u00f1a Nieto"},"content":{"rendered":"<p>Econom\u00eda Hoy<\/p>\n<p>Juan Armando Hinojosa, due\u00f1o de Grupo Higa y quien ayud\u00f3 a la pareja presidencial a comprar la denominada \u201ccasa blanca\u201d, entra de lleno a un nuevo conflicto, un proyecto hidr\u00e1ulico del que se sospecha que su finalidad es la pr\u00e1ctica del fracking para la extracci\u00f3n del gas shale en la regi\u00f3n.<\/p>\n<p>Nuevo Le\u00f3n es el segundo estado en importancia econ\u00f3mica del pa\u00eds. En 2012 como candidato presidencial, Enrique Pe\u00f1a Nieto hizo varias promesas, entre ellas reforzar los cuerpos polic\u00edacos, construir las l\u00edneas 3 y 4 del Sistema Metropolitano de Transporte Colectivo Metro y lograr una de las m\u00e1ximas obras para la regi\u00f3n, la construcci\u00f3n del acueducto Monterrey VI.<\/p>\n<p>A dos a\u00f1os de su promesa, el gobierno federal, a trav\u00e9s de la Secretar\u00eda de Comunicaciones y Transportes (SCT) y en colaboraci\u00f3n con el gobierno del estado, encabezado por el gobernador Rodrigo Medina, dio el fallo para la licitaci\u00f3n de la obra por la que se pagar\u00e1n 47,000 millones de pesos durante los pr\u00f3ximos 27 a\u00f1os.<\/p>\n<p>La Direcci\u00f3n de Servicios de Agua y Drenaje de Monterrey inform\u00f3 que una vez entregada la obra, la paraestatal pagar\u00e1 mensualmente 124 millones 99,167 pesos a una tasa fija de 6.25 por ciento<\/p>\n<p>En respuesta, diversos sectores de la sociedad civil neoleonesa han denunciado \u201cfavoritismo y posible corrupci\u00f3n\u201d y organismos sociales solicitaron al gobierno estatal realizar una mesa de di\u00e1logo para que se informen sobre los detalles jur\u00eddicos y econ\u00f3micos del proyecto.<\/p>\n<p>Adem\u00e1s, organizaciones civiles revelaron que la verdadera finalidad del plan es la extracci\u00f3n del gas shale a trav\u00e9s de la pr\u00e1ctica conocida como fracking.<\/p>\n<p>Los ciudadanos afirman que la sobredemanda del l\u00edquido no tiene un objetivo potable, sino que estar\u00eda dirigido a la fractura hidr\u00e1ulica del material rocoso en la regi\u00f3n.<\/p>\n<p>El proyecto<br \/>\nEste mega proyecto consiste en la construcci\u00f3n de un acueducto de 372 kil\u00f3metros de longitud y 2.13 metros de di\u00e1metro para extraer agua del R\u00edo P\u00e1nuco y que se interconectar\u00e1 con el Acueducto existente Cerro Prieto-Monterrey.<\/p>\n<p>A decir de las autoridades, su objetivo es conducir el agua hasta la planta Potabilizadora San Roque y distribuirla a la zona conurbada regiomontana a trav\u00e9s de los dos anillos de transferencia ya existentes.<\/p>\n<p>El acueducto tendr\u00eda su origen en San Luis Potos\u00ed y atravesar\u00eda los estados de Veracruz y Tamaulipas hasta llegar al municipio de Linares, Nuevo Le\u00f3n.<\/p>\n<p>La obra traer\u00eda un caudal medio de cinco metros c\u00fabicos por segundo, contando con seis estaciones de bombeo y obras complementarias.<\/p>\n<p>Especialistas de Evoluci\u00f3n Mexicana, Academia Nacional de Arquitectura, Colegio de Abogados de Nuevo Le\u00f3n, Movimiento de Activaci\u00f3n Ciudadana, Mundo Sustentable, El Narval y \u00c1nima Urbis, elaboraron un estudio donde se se\u00f1ala que la disponibilidad actual de 1,000 litros por segundo es suficiente para cubrir la demanda de los pr\u00f3ximos ocho a\u00f1os.<\/p>\n<p>En tanto, afirmaron que hacerlo pr\u00e1cticamente desde el nivel del mar hasta la ciudad de Monterrey utilizar\u00eda una gran cantidad de energ\u00eda el\u00e9ctrica y resaltaron las consecuencias ambientales, sociales y econ\u00f3micas en la poblaci\u00f3n.<\/p>\n<p>\u201cEst\u00e1 sobreestimada la demanda futura de agua de la ciudadan\u00eda, porque es una obra que no es para cubrir las necesidades de la ciudad de Monterrey y porque es para cubrir necesidades de grupos industriales no conectados a la red\u201d, dice el an\u00e1lisis.<\/p>\n<p>Seg\u00fan datos oficiales de Comisi\u00f3n Nacional del Agua y de la Secretar\u00eda de Agua y Drenaje de Monterrey, tienen una capacidad de suministro de 12,500 litros por segundo y el promedio de agua potable que recibe la zona conurbada en la actualidad, es de 11,750 litros por segundo (1.75 metros c\u00fabicos) con un incremento anual de 250 litros por segundo.<\/p>\n<p>Hace algunos meses, las propias autoridades estatales declararon que dicha cantidad de agua era suficiente para asegurar que tendr\u00edamos asegurado el vital l\u00edquido hasta por 15 a\u00f1os, pero repentinamente ahora el Estado dice que s\u00f3lo alcanzar\u00eda para tres.<\/p>\n<p>El empresario favorito<br \/>\nGrupo Higa pertenece a Juan Armando Hinojosa Cant\u00fa, un empresario vinculado a Enrique Pe\u00f1a Nieto y su esposa Ang\u00e9lica Rivera desde que era gobernador del Estado de M\u00e9xico, cuando edific\u00f3 obras millonarias y alquil\u00f3 aeronaves al Partido Revolucionario Institucional (PRI) para la campa\u00f1a presidencial de 2012, a trav\u00e9s de su filial Eolo Plus.<\/p>\n<p>Hace algunas semanas, una investigaci\u00f3n realizada por el sitio Aristegui Noticias detall\u00f3 a\u00fan m\u00e1s la relaci\u00f3n entre ambos, al dar a conocer una casa localizada en Lomas de Chapultepec, registrada a nombre de Ingenier\u00eda Inmobiliaria del Centro, filial de Grupo Higa con valor de 7 millones de d\u00f3lares.<\/p>\n<p>Adem\u00e1s de la \u201ccasa blanca\u201d, Pe\u00f1a Nieto utiliz\u00f3 otro inmueble de Hinojosa Cant\u00fa como oficina durante su campa\u00f1a presidencial y el periodo de transici\u00f3n.<\/p>\n<p>Armando Hinojosa forma parte del consorcio al que inicialmente el Gobierno federal adjudic\u00f3 la licitaci\u00f3n para construir el tren de alta velocidad M\u00e9xico-Quer\u00e9taro, con una inversi\u00f3n de 50,820 millones de pesos y que fue cancelada por el propio presidente tras m\u00faltiples acusaciones por las sospechas de favoritismo y posible conflicto de inter\u00e9s.<\/p>\n<p>Recientemente, la C\u00e1mara de Diputados acord\u00f3 formar una comisi\u00f3n para investigar el contrato del tren bala de 3,700 millones de d\u00f3lares que fue cancelado d\u00edas despu\u00e9s de que fue otorgado a un consorcio encabezado por una firma china y que inclu\u00eda a Constructora Teya SA, una filial de Grupo Higa.<\/p>\n<p>Al respecto, varios legisladores solicitaron a la contralor\u00eda que investigue todos los contratos que obtuvieron las empresas de Hinojosa a partir de 2010, pues los contratos de Hinojosa han profundizado las dudas que tienen muchos mexicanos sobre la apertura del sector energ\u00e9tico, sin mencionar a empresas extranjeras que esperan participar en el proceso.<\/p>\n<p>Al igual que con el tren de alta velocidad, varios gigantes internacionales de la construcci\u00f3n como la espa\u00f1ola Abengoa fue descalificada por razones t\u00e9cnicas.<\/p>\n<p>Esta semana, el diario WSJ se\u00f1al\u00f3 que Hinojosa Cant\u00fa, tambi\u00e9n ha sido beneficiado con un contrato por 460 millones de d\u00f3lares para un nuevo museo en la ciudad de Puebla, adem\u00e1s de varios contratos m\u00e1s que incluyen autopistas, un plan sin licitaci\u00f3n para remodelar el hangar presidencial en el Aeropuerto Internacional de Ciudad de M\u00e9xico y acuerdos para trasladar funcionarios del gobierno en aviones privado.<\/p>\n<p>\u00bfQu\u00e9 dicen los analistas?<br \/>\nDe acuerdo con un an\u00e1lisis de Grupo Monex, el Acueducto de Monterrey VI representa 2 meses de Backlog, una inversi\u00f3n equivalente al 20.1% de los Ingresos U12m y una posible TIR del proyecto de 16.9%. Es importante se\u00f1alar que la obra beneficiar\u00e1 a la empresa en un primer momento a nivel de construcci\u00f3n y en un segundo momento a nivel de concesi\u00f3n (30 a\u00f1os).<\/p>\n<p>En tanto, el grupo mantiene su recomendaci\u00f3n de compra y PO de $28.0 para 2014: Consideramos que el proyecto resultar\u00e1 positivo para ICA, debido a que favorecer\u00e1 los crecimientos en los pr\u00f3ximos a\u00f1os, entre otros. Tomando en cuenta el proyecto y una revisi\u00f3n a la valuaci\u00f3n de la emisora, reiteramos recomendaci\u00f3n de Compra con un PO de $28.0 para finales de 2014.<\/p>\n<p><a href=\"http:\/\/www.economiahoy.mx\/economia-eAm-mexico\/noticias\/6301392\/12\/14\/El-acueducto-Monterrey-VI-un-nuevo-fracking-para-Pena-Nieto.html#.Kku8X3jBrpF6rZf\" target=\"_blank\">www.economiahoy.mx\/economia-eAm-mexico\/noticias\/6301392\/12\/14\/El-acueducto-Monterrey-VI-un-nuevo-fracking-para-Pena-Nieto.html#.Kku8X3jBrpF6rZf<\/a><\/p>\n","protected":false},"excerpt":{"rendered":"<p>Econom\u00eda Hoy Juan Armando Hinojosa, due\u00f1o de Grupo Higa y quien ayud\u00f3 a la pareja presidencial a comprar la denominada \u201ccasa blanca\u201d, entra de lleno a un nuevo conflicto, un &hellip; <a href=\"http:\/\/www.grieta.org.mx\/index.php\/2014\/12\/04\/el-acueducto-monterrey-vi-un-nuevo-fracking-para-pena-nieto\/\" class=\"more-link\">Leer m\u00e1s<\/a><\/p>\n","protected":false},"author":2,"featured_media":21928,"comment_status":"closed","ping_status":"open","sticky":false,"template":"","format":"standard","meta":{"ngg_post_thumbnail":0,"_jetpack_newsletter_access":"","_jetpack_dont_email_post_to_subs":false,"_jetpack_newsletter_tier_id":0,"_jetpack_memberships_contains_paywalled_content":false,"_jetpack_memberships_contains_paid_content":false,"footnotes":""},"categories":[80,202,38],"tags":[358],"class_list":["post-4796","post","type-post","status-publish","format-standard","has-post-thumbnail","hentry","category-cintillo","category-nuevo-leon","category-proyectos-hidricos","tag-monterrey-vi","entry"],"jetpack_featured_media_url":"http:\/\/www.grieta.org.mx\/wp-content\/uploads\/2018\/03\/14524434_1106112876131411_958039263622046936_o.jpg","jetpack_sharing_enabled":true,"jetpack_shortlink":"https:\/\/wp.me\/p7ZJR4-1fm","jetpack_likes_enabled":false,"jetpack-related-posts":[{"id":4530,"url":"http:\/\/www.grieta.org.mx\/index.php\/2016\/09\/14\/proyecto-hidraulico-monterrey-vi\/","url_meta":{"origin":4796,"position":0},"title":"Proyecto Hidr\u00e1ulico Monterrey VI","author":"grieta","date":"14 septiembre, 2016","format":false,"excerpt":"13\/09\/16. Admite gobernador acuerdo con EPN sobre Monterrey VI'Milenio Monterrey 14\/08\/16. Proyecto de acueducto en Monterrey 'sigue vivo'El Economista 07\/07\/16. Exigen revisar alternativas a proyecto Monterrey VI Milenio Monterrey 18\/06\/16. Monterrey VI da\u00f1ar\u00eda a sectores productivos Milenio Tamaulipas 21\/05\/16. Planta gobernador a inconformes con Monterrey VI Milenio Monterrey 16\/05\/16. En\u2026","rel":"","context":"En &quot;NOTICIAS NACIONALES&quot;","block_context":{"text":"NOTICIAS NACIONALES","link":"http:\/\/www.grieta.org.mx\/index.php\/category\/noticias-nacionales\/"},"img":{"alt_text":"","src":"https:\/\/i0.wp.com\/www.grieta.org.mx\/wp-content\/uploads\/2018\/03\/14524434_1106112876131411_958039263622046936_o.jpg?resize=350%2C200","width":350,"height":200,"srcset":"https:\/\/i0.wp.com\/www.grieta.org.mx\/wp-content\/uploads\/2018\/03\/14524434_1106112876131411_958039263622046936_o.jpg?resize=350%2C200 1x, https:\/\/i0.wp.com\/www.grieta.org.mx\/wp-content\/uploads\/2018\/03\/14524434_1106112876131411_958039263622046936_o.jpg?resize=525%2C300 1.5x, https:\/\/i0.wp.com\/www.grieta.org.mx\/wp-content\/uploads\/2018\/03\/14524434_1106112876131411_958039263622046936_o.jpg?resize=700%2C400 2x"},"classes":[]},{"id":4773,"url":"http:\/\/www.grieta.org.mx\/index.php\/2015\/02\/09\/el-controvertido-acueducto-monterrey-vi-inician-las-protestas\/","url_meta":{"origin":4796,"position":1},"title":"El controvertido Acueducto Monterrey VI; inician las protestas","author":"grieta","date":"9 febrero, 2015","format":false,"excerpt":"Econom\u00eda Hoy DAVID ORDAZ M\u00e1s de 300 ciudadanos e integrantes de organismos no gubernamentales se manifestaron frente al Palacio de Gobierno de Monterrey, Nuevo Le\u00f3n para exigir la cancelaci\u00f3n del proyecto hidr\u00e1ulico Monterrey VI, a cargo de constructoras encabezadas por el Grupo Higa, consorcio de Juan Armando Hinojosa Cant\u00fa. Asociaciones\u2026","rel":"","context":"En &quot;CINTILLO&quot;","block_context":{"text":"CINTILLO","link":"http:\/\/www.grieta.org.mx\/index.php\/category\/cintillo\/"},"img":{"alt_text":"","src":"https:\/\/i0.wp.com\/www.grieta.org.mx\/wp-content\/uploads\/2018\/03\/14524434_1106112876131411_958039263622046936_o.jpg?resize=350%2C200","width":350,"height":200,"srcset":"https:\/\/i0.wp.com\/www.grieta.org.mx\/wp-content\/uploads\/2018\/03\/14524434_1106112876131411_958039263622046936_o.jpg?resize=350%2C200 1x, https:\/\/i0.wp.com\/www.grieta.org.mx\/wp-content\/uploads\/2018\/03\/14524434_1106112876131411_958039263622046936_o.jpg?resize=525%2C300 1.5x, https:\/\/i0.wp.com\/www.grieta.org.mx\/wp-content\/uploads\/2018\/03\/14524434_1106112876131411_958039263622046936_o.jpg?resize=700%2C400 2x"},"classes":[]},{"id":4883,"url":"http:\/\/www.grieta.org.mx\/index.php\/2016\/09\/06\/fracturacion-hidraulica-en-nuevo-leon\/","url_meta":{"origin":4796,"position":2},"title":"Fracking en Nuevo Le\u00f3n","author":"grieta","date":"6 septiembre, 2016","format":false,"excerpt":"06\/09\/16. Organizaciones demandan investigar relaci\u00f3n de sismo en Nuevo Le\u00f3n con frackingSomos el medio 20\/09\/15. Experto: \u2018fracking\u2019 pone en riesgo a Monterrey El Universal 28\/03\/15. El Fracking Vieja pr\u00e1ctica en Nuevo Le\u00f3n 2 de abril Puebla Directo 10\/03\/15. Alienta Ley de Aguas el \u2018fracking\u2019, acusan No a Monterrey VI","rel":"","context":"En &quot;NOTICIAS NACIONALES&quot;","block_context":{"text":"NOTICIAS NACIONALES","link":"http:\/\/www.grieta.org.mx\/index.php\/category\/noticias-nacionales\/"},"img":{"alt_text":"","src":"https:\/\/i0.wp.com\/www.grieta.org.mx\/wp-content\/uploads\/2018\/03\/14524434_1106112876131411_958039263622046936_o.jpg?resize=350%2C200","width":350,"height":200,"srcset":"https:\/\/i0.wp.com\/www.grieta.org.mx\/wp-content\/uploads\/2018\/03\/14524434_1106112876131411_958039263622046936_o.jpg?resize=350%2C200 1x, https:\/\/i0.wp.com\/www.grieta.org.mx\/wp-content\/uploads\/2018\/03\/14524434_1106112876131411_958039263622046936_o.jpg?resize=525%2C300 1.5x, https:\/\/i0.wp.com\/www.grieta.org.mx\/wp-content\/uploads\/2018\/03\/14524434_1106112876131411_958039263622046936_o.jpg?resize=700%2C400 2x"},"classes":[]},{"id":4792,"url":"http:\/\/www.grieta.org.mx\/index.php\/2015\/01\/29\/piden-ong-cancelar-proyecto-hidraulico-monterrey-vi-de-consorcio-de-higa\/","url_meta":{"origin":4796,"position":3},"title":"Piden ONG cancelar proyecto hidr\u00e1ulico Monterrey VI de consorcio de Higa","author":"grieta","date":"29 enero, 2015","format":false,"excerpt":"La Jornada Por Erick Mu\u00f1iz Monterrey, NL. Organismos civiles de Nuevo Le\u00f3n solicitaron, a trav\u00e9s de desplegados publicados en Monterrey y la ciudad de M\u00e9xico, cancelar el proyecto hidr\u00e1ulico Monterrey VI, que consiste en trasladar agua del r\u00edo P\u00e1nuco, en Veracruz, a la presa Cerro Prieto, en Monterrey. La petici\u00f3n\u2026","rel":"","context":"En &quot;CINTILLO&quot;","block_context":{"text":"CINTILLO","link":"http:\/\/www.grieta.org.mx\/index.php\/category\/cintillo\/"},"img":{"alt_text":"","src":"https:\/\/i0.wp.com\/www.grieta.org.mx\/wp-content\/uploads\/2018\/03\/14524434_1106112876131411_958039263622046936_o.jpg?resize=350%2C200","width":350,"height":200,"srcset":"https:\/\/i0.wp.com\/www.grieta.org.mx\/wp-content\/uploads\/2018\/03\/14524434_1106112876131411_958039263622046936_o.jpg?resize=350%2C200 1x, https:\/\/i0.wp.com\/www.grieta.org.mx\/wp-content\/uploads\/2018\/03\/14524434_1106112876131411_958039263622046936_o.jpg?resize=525%2C300 1.5x, https:\/\/i0.wp.com\/www.grieta.org.mx\/wp-content\/uploads\/2018\/03\/14524434_1106112876131411_958039263622046936_o.jpg?resize=700%2C400 2x"},"classes":[]},{"id":4531,"url":"http:\/\/www.grieta.org.mx\/index.php\/2016\/01\/13\/reviven-en-nuevo-leon-proyecto-monterrey-vi\/","url_meta":{"origin":4796,"position":4},"title":"Reviven en Nuevo Le\u00f3n proyecto Monterrey VI","author":"grieta","date":"13 enero, 2016","format":false,"excerpt":"El Economista Aunque el gobernador aclara que s\u00f3lo ser\u00e1 en nombre, tambi\u00e9n llevar\u00e1 agua desde SLP. Lourdes Flores Realizar\u00e1n reestructura o ajustes al original El mandatario dijo que se encuentran analizando todas las posturas porque el l\u00edquido es necesario. Monterrey, NL. El gobernador de Nuevo Le\u00f3n, Jaime Rodr\u00edguez, dijo que\u2026","rel":"","context":"En &quot;CINTILLO&quot;","block_context":{"text":"CINTILLO","link":"http:\/\/www.grieta.org.mx\/index.php\/category\/cintillo\/"},"img":{"alt_text":"","src":"https:\/\/i0.wp.com\/www.grieta.org.mx\/wp-content\/uploads\/2018\/03\/14524434_1106112876131411_958039263622046936_o.jpg?resize=350%2C200","width":350,"height":200,"srcset":"https:\/\/i0.wp.com\/www.grieta.org.mx\/wp-content\/uploads\/2018\/03\/14524434_1106112876131411_958039263622046936_o.jpg?resize=350%2C200 1x, https:\/\/i0.wp.com\/www.grieta.org.mx\/wp-content\/uploads\/2018\/03\/14524434_1106112876131411_958039263622046936_o.jpg?resize=525%2C300 1.5x, https:\/\/i0.wp.com\/www.grieta.org.mx\/wp-content\/uploads\/2018\/03\/14524434_1106112876131411_958039263622046936_o.jpg?resize=700%2C400 2x"},"classes":[]},{"id":4538,"url":"http:\/\/www.grieta.org.mx\/index.php\/2015\/09\/15\/cancela-nl-la-construccion-del-acueducto-monterrey-vi\/","url_meta":{"origin":4796,"position":5},"title":"Cancela NL la construcci\u00f3n del acueducto Monterrey VI","author":"grieta","date":"15 septiembre, 2015","format":false,"excerpt":"La Jornada Erick Mu\u00f1iz Monterrey, NL. La administraci\u00f3n de Jaime Rodr\u00edguez, quien tomar\u00e1 protesta como gobernador el 4 de octubre, no emprender\u00e1 el proyecto hidr\u00e1ulico Monterrey VI porque carece de recursos, y las empresas involucradas ya est\u00e1n informadas de ello, asegur\u00f3 Fernando Elizondo, coordinador del \u00e1rea econ\u00f3mica del gobierno entrante.\u2026","rel":"","context":"En &quot;CINTILLO&quot;","block_context":{"text":"CINTILLO","link":"http:\/\/www.grieta.org.mx\/index.php\/category\/cintillo\/"},"img":{"alt_text":"","src":"https:\/\/i0.wp.com\/www.grieta.org.mx\/wp-content\/uploads\/2018\/03\/14524434_1106112876131411_958039263622046936_o.jpg?resize=350%2C200","width":350,"height":200,"srcset":"https:\/\/i0.wp.com\/www.grieta.org.mx\/wp-content\/uploads\/2018\/03\/14524434_1106112876131411_958039263622046936_o.jpg?resize=350%2C200 1x, https:\/\/i0.wp.com\/www.grieta.org.mx\/wp-content\/uploads\/2018\/03\/14524434_1106112876131411_958039263622046936_o.jpg?resize=525%2C300 1.5x, https:\/\/i0.wp.com\/www.grieta.org.mx\/wp-content\/uploads\/2018\/03\/14524434_1106112876131411_958039263622046936_o.jpg?resize=700%2C400 2x"},"classes":[]}],"_links":{"self":[{"href":"http:\/\/www.grieta.org.mx\/index.php\/wp-json\/wp\/v2\/posts\/4796","targetHints":{"allow":["GET"]}}],"collection":[{"href":"http:\/\/www.grieta.org.mx\/index.php\/wp-json\/wp\/v2\/posts"}],"about":[{"href":"http:\/\/www.grieta.org.mx\/index.php\/wp-json\/wp\/v2\/types\/post"}],"author":[{"embeddable":true,"href":"http:\/\/www.grieta.org.mx\/index.php\/wp-json\/wp\/v2\/users\/2"}],"replies":[{"embeddable":true,"href":"http:\/\/www.grieta.org.mx\/index.php\/wp-json\/wp\/v2\/comments?post=4796"}],"version-history":[{"count":1,"href":"http:\/\/www.grieta.org.mx\/index.php\/wp-json\/wp\/v2\/posts\/4796\/revisions"}],"predecessor-version":[{"id":4798,"href":"http:\/\/www.grieta.org.mx\/index.php\/wp-json\/wp\/v2\/posts\/4796\/revisions\/4798"}],"wp:featuredmedia":[{"embeddable":true,"href":"http:\/\/www.grieta.org.mx\/index.php\/wp-json\/wp\/v2\/media\/21928"}],"wp:attachment":[{"href":"http:\/\/www.grieta.org.mx\/index.php\/wp-json\/wp\/v2\/media?parent=4796"}],"wp:term":[{"taxonomy":"category","embeddable":true,"href":"http:\/\/www.grieta.org.mx\/index.php\/wp-json\/wp\/v2\/categories?post=4796"},{"taxonomy":"post_tag","embeddable":true,"href":"http:\/\/www.grieta.org.mx\/index.php\/wp-json\/wp\/v2\/tags?post=4796"}],"curies":[{"name":"wp","href":"https:\/\/api.w.org\/{rel}","templated":true}]}}